{"paginacao":{"atual":1,"proxima":0,"anterior":0,"total_registros":9,"total_paginas":1},"itens":[{"id":11,"titulo":"Orgulho Local: Produto de Nossa Senhora da Gl\u00f3ria com o Primeiro Selo de Inspe\u00e7\u00e3o Municipal \u00e9 Premiado na SEALBA SHOW e vence concurso de queijos!","thumb":"http:\/\/i.ytimg.com\/vi\/jP07MR7HJfE\/default.jpg,http:\/\/i.ytimg.com\/vi\/jP07MR7HJfE\/mqdefault.jpg,http:\/\/i.ytimg.com\/vi\/jP07MR7HJfE\/hqdefault.jpg,http:\/\/i.ytimg.com\/vi\/jP07MR7HJfE\/sddefault.jpg,http:\/\/i.ytimg.com\/vi\/jP07MR7HJfE\/maxresdefault.jpg","embed":"https:\/\/www.youtube.com\/embed\/jP07MR7HJfE","embedauto":"https:\/\/www.youtube.com\/embed\/jP07MR7HJfE?autoplay=1;mute=1","slug":"orgulho-local-produto-de-nossa-senhora-da-gloria-com-o-primeiro-selo-de-inspecao-municipal-e-premiado-na-sealba-show-e-vence-concurso-de-queijos","descricao":"Um Dia para a Hist\u00f3ria: No dia 02\/02, na cidade de Itabaiana, o Produto Local de Nossa Senhora da Gl\u00f3ria, ostentando o Primeiro Selo de Inspe\u00e7\u00e3o Municipal, alcan\u00e7ou novos patamares. Foi um evento marcante que contou com a participa\u00e7\u00e3o dos estados de Sergipe, Alagoas e Bahia, al\u00e9m da presen\u00e7a ilustre de produtores e figuras p\u00fablicas. O produto foi n\u00e3o s\u00f3 premiado na SEALBA SHOW, mas tamb\u00e9m dominou o Concurso de Queijos, trazendo orgulho e reconhecimento para a nossa regi\u00e3o!","codigo":"jP07MR7HJfE","local":"youtube","tags":"sim,agricultura,pecu\u00e1ria,sealba","foto":"regina_628dbdc6756951b3572cef9.png","foto_link":"\/img\/video\/regina_628dbdc6756951b3572cef9.png,\/img\/video\/media_regina_628dbdc6756951b3572cef9.png,\/img\/video\/thumb_regina_628dbdc6756951b3572cef9.png,\/img\/video\/thumb_fix_regina_628dbdc6756951b3572cef9.png","criado":"2024-02-09 11:34:18","alterado":"2024-02-09 11:34:18"},{"id":8,"titulo":"Pague seu IPTU em dia e contribua para o crescimento da Capital Sergipana do Leite","thumb":"GuAo_E4Nx-Y","embed":"https:\/\/www.facebook.com\/plugins\/video.php?href=GuAo_E4Nx-Y\u0026show_text=false\u0026width=734\u0026height=411\u0026appId","embedauto":"https:\/\/www.facebook.com\/plugins\/video.php?href=GuAo_E4Nx-Y\u0026show_text=false\u0026width=734\u0026height=411\u0026appId\u0026autoplay=1","slug":"pague-seu-iptu-em-dia-e-contribua-para-o-crescimento-da-capital-sergipana-do-leite","descricao":"Com seu IPTU o munic\u00edpio cresce, desenvolve e cria as bases para a prosperidade da nossa gente.\r\n\r\nN\u00e3o perca tempo, se ainda n\u00e3o pagou o tributo, corra e contribua para que sua cidade fique cada vez mais linda! \r\n\r\nObs: Para as pessoas que n\u00e3o receberam o boleto em sua resid\u00eancia, dirija-se ao setor de tributos, localizado no pr\u00e9dio da Prefeitura Municipal.\r\n\r\nPrefeitura Municipal de Nossa Senhora da Gl\u00f3ria\r\nConstruindo o Futuro da Nossa Gente!","codigo":"GuAo_E4Nx-Y","local":"facebook","tags":"IPTU","foto":"estudanteemauel111111_1250e0f2956e1798139c31.jpg","foto_link":"\/img\/video\/estudanteemauel111111_1250e0f2956e1798139c31.jpg,\/img\/video\/media_estudanteemauel111111_1250e0f2956e1798139c31.jpg,\/img\/video\/thumb_estudanteemauel111111_1250e0f2956e1798139c31.jpg,\/img\/video\/thumb_fix_estudanteemauel111111_1250e0f2956e1798139c31.jpg","criado":"2022-11-07 10:13:07","alterado":"2022-11-07 10:15:20"},{"id":7,"titulo":"1\u00aa Edi\u00e7\u00e3o SEALBA Agroshow","thumb":"http:\/\/i.ytimg.com\/vi\/Qq43c57V7nc\/default.jpg,http:\/\/i.ytimg.com\/vi\/Qq43c57V7nc\/mqdefault.jpg,http:\/\/i.ytimg.com\/vi\/Qq43c57V7nc\/hqdefault.jpg,http:\/\/i.ytimg.com\/vi\/Qq43c57V7nc\/sddefault.jpg,http:\/\/i.ytimg.com\/vi\/Qq43c57V7nc\/maxresdefault.jpg","embed":"https:\/\/www.youtube.com\/embed\/Qq43c57V7nc","embedauto":"https:\/\/www.youtube.com\/embed\/Qq43c57V7nc?autoplay=1;mute=1","slug":"1a-edicao-sealba-agroshow","descricao":"A Capital do Leite foi destaque durante a realiza\u00e7\u00e3o da SEALBA Agroshow, realizada de 10 a 12 de fevereiro em Itabaiana. O evento ocorreu no Parque Cunha Menezes e recebeu visitantes e expositores de todos os cantos e em tr\u00eas dias, mais de 50 milh\u00f5es foram movimentados em neg\u00f3cios, comercializa\u00e7\u00e3o de produtos e muito mais.\r\n\r\nO munic\u00edpio de Nossa Senhora da Gl\u00f3ria se fez presente neste grande evento com um grande volume de neg\u00f3cios, com a exposi\u00e7\u00e3o em um estande montado pela gest\u00e3o \u201cConstruindo o Futuro da Nossa Gente\u201d com elementos da cultura gloriense e do potencial econ\u00f4mico do munic\u00edpio, o Ouro Branco, o leite.\r\n\r\nO SEALBA Agroshow \u00e9 uma realiza\u00e7\u00e3o da Federa\u00e7\u00e3o de Agricultura e Pecu\u00e1ria de Sergipe (Faese), junto com o Servi\u00e7o Nacional de Aprendizagem Rural, o Senar\/Sergipe. O evento conta com o apoio do Governo do Estado de Sergipe, atrav\u00e9s da Secretaria de Estado da Agricultura, Desenvolvimento Agr\u00e1rio e da Pesca (Seagri).\r\n\r\nPrefeitura Municipal de Nossa Senhora da Gl\u00f3ria\r\nConstruindo o Futuro da Nossa Gente!","codigo":"Qq43c57V7nc","local":"youtube","tags":"#SealbaAgroshow","foto":"luana-sealba001_eade1b2908561c6be40151e.jpg","foto_link":"\/img\/video\/luana-sealba001_eade1b2908561c6be40151e.jpg,\/img\/video\/media_luana-sealba001_eade1b2908561c6be40151e.jpg,\/img\/video\/thumb_luana-sealba001_eade1b2908561c6be40151e.jpg,\/img\/video\/thumb_fix_luana-sealba001_eade1b2908561c6be40151e.jpg","criado":"2022-02-22 09:42:10","alterado":"2022-02-22 09:42:10"},{"id":6,"titulo":"Belezas art\u00edsticas, culturais e naturais da Capital do Sert\u00e3o","thumb":"http:\/\/i.ytimg.com\/vi\/v_VD4dYJHLE\/default.jpg,http:\/\/i.ytimg.com\/vi\/v_VD4dYJHLE\/mqdefault.jpg,http:\/\/i.ytimg.com\/vi\/v_VD4dYJHLE\/hqdefault.jpg,http:\/\/i.ytimg.com\/vi\/v_VD4dYJHLE\/sddefault.jpg,http:\/\/i.ytimg.com\/vi\/v_VD4dYJHLE\/maxresdefault.jpg","embed":"https:\/\/www.youtube.com\/embed\/v_VD4dYJHLE","embedauto":"https:\/\/www.youtube.com\/embed\/v_VD4dYJHLE?autoplay=1;mute=1","slug":"belezas-artisticas-culturais-e-naturais-da-capital-do-sertao","descricao":"Nossas riquezas, nossa terra tem o melhor para ser visto. Nossa cultura e turismo cresce a cada dia.","codigo":"v_VD4dYJHLE","local":"youtube","tags":"Cultura,Artesanato,Turismo,Belezas Naturais","foto":"0001_e38b2f4e212fa8f2bc1c9b.jpg","foto_link":"\/img\/video\/0001_e38b2f4e212fa8f2bc1c9b.jpg,\/img\/video\/media_0001_e38b2f4e212fa8f2bc1c9b.jpg,\/img\/video\/thumb_0001_e38b2f4e212fa8f2bc1c9b.jpg,\/img\/video\/thumb_fix_0001_e38b2f4e212fa8f2bc1c9b.jpg","criado":"2021-08-10 10:11:35","alterado":"2021-08-10 10:11:35"},{"id":5,"titulo":"Belezas art\u00edsticas, culturais e naturais da Capital do Sert\u00e3o","thumb":"http:\/\/i.ytimg.com\/vi\/v_VD4dYJHLE\/default.jpg,http:\/\/i.ytimg.com\/vi\/v_VD4dYJHLE\/mqdefault.jpg,http:\/\/i.ytimg.com\/vi\/v_VD4dYJHLE\/hqdefault.jpg,http:\/\/i.ytimg.com\/vi\/v_VD4dYJHLE\/sddefault.jpg,http:\/\/i.ytimg.com\/vi\/v_VD4dYJHLE\/maxresdefault.jpg","embed":"https:\/\/www.youtube.com\/embed\/v_VD4dYJHLE","embedauto":"https:\/\/www.youtube.com\/embed\/v_VD4dYJHLE?autoplay=1;mute=1","slug":"belezas-artisticas-culturais-e-naturais-da-capital-do-sertao","descricao":"Nossas riquezas, nossa terra tem o melhor para ser visto. Nossa cultura e turismo cresce a cada dia.","codigo":"v_VD4dYJHLE","local":"youtube","tags":"Cultura,Artesanato,Turismo,Belezas Naturais","foto":"0001_bd755e607712308e13de56.jpg","foto_link":"\/img\/video\/0001_bd755e607712308e13de56.jpg,\/img\/video\/media_0001_bd755e607712308e13de56.jpg,\/img\/video\/thumb_0001_bd755e607712308e13de56.jpg,\/img\/video\/thumb_fix_0001_bd755e607712308e13de56.jpg","criado":"2021-08-10 10:11:34","alterado":"2021-08-10 10:11:34"},{"id":4,"titulo":"Recep\u00e7\u00e3o a comitiva da Embratur e da Codevasf para apresentar o potencial tur\u00edstico do munic\u00edpio","thumb":"http:\/\/i.ytimg.com\/vi\/F3xG3j3HKyA\/default.jpg,http:\/\/i.ytimg.com\/vi\/F3xG3j3HKyA\/mqdefault.jpg,http:\/\/i.ytimg.com\/vi\/F3xG3j3HKyA\/hqdefault.jpg,http:\/\/i.ytimg.com\/vi\/F3xG3j3HKyA\/sddefault.jpg,http:\/\/i.ytimg.com\/vi\/F3xG3j3HKyA\/maxresdefault.jpg","embed":"https:\/\/www.youtube.com\/embed\/F3xG3j3HKyA","embedauto":"https:\/\/www.youtube.com\/embed\/F3xG3j3HKyA?autoplay=1;mute=1","slug":"recepcao-a-comitiva-da-embratur-e-da-codevasf-para-apresentar-o-potencial-turistico-do-municipio","descricao":"O Munic\u00edpio de Nossa Senhora da Gl\u00f3ria recebeu na tarde da \u00faltima quinta-feira, 05, em um evento realizado no Boteco do Sert\u00e3o, a visita  de uma comitiva com representantes da Ag\u00eancia Brasileira de Promo\u00e7\u00e3o Internacional do Turismo (EMBRATUR) e da Companhia de Desenvolvimento dos Vales do S\u00e3o Francisco e do Parna\u00edba (CODEVASF). Na ocasi\u00e3o, a gest\u00e3o municipal apresentou um projeto futur\u00edstico que dever\u00e1 fomentar, ainda mais, o turismo na Capital do Sert\u00e3o.","codigo":"F3xG3j3HKyA","local":"youtube","tags":"Cultura,Artesanato,Turismo,Belezas Naturais","foto":"0002_9e81da2bef5d5208954b4d338.jpg","foto_link":"\/img\/video\/0002_9e81da2bef5d5208954b4d338.jpg,\/img\/video\/media_0002_9e81da2bef5d5208954b4d338.jpg,\/img\/video\/thumb_0002_9e81da2bef5d5208954b4d338.jpg,\/img\/video\/thumb_fix_0002_9e81da2bef5d5208954b4d338.jpg","criado":"2021-08-10 10:11:33","alterado":"2021-08-10 10:59:23"},{"id":3,"titulo":"V\u00eddeo da inaugura\u00e7\u00e3o da Unidade Provis\u00f3ria de Fisioterapia","thumb":"http:\/\/i.ytimg.com\/vi\/smiU_QRF_Ik\/default.jpg,http:\/\/i.ytimg.com\/vi\/smiU_QRF_Ik\/mqdefault.jpg,http:\/\/i.ytimg.com\/vi\/smiU_QRF_Ik\/hqdefault.jpg,http:\/\/i.ytimg.com\/vi\/smiU_QRF_Ik\/sddefault.jpg,http:\/\/i.ytimg.com\/vi\/smiU_QRF_Ik\/maxresdefault.jpg","embed":"https:\/\/www.youtube.com\/embed\/smiU_QRF_Ik","embedauto":"https:\/\/www.youtube.com\/embed\/smiU_QRF_Ik?autoplay=1;mute=1","slug":"video-da-inauguracao-da-unidade-provisoria-de-fisioterapia","codigo":"smiU_QRF_Ik","local":"youtube","foto":"inaugcentrofisiotera_18a8d0ad98d0701892c1.jpeg","foto_link":"\/img\/video\/inaugcentrofisiotera_18a8d0ad98d0701892c1.jpeg,\/img\/video\/media_inaugcentrofisiotera_18a8d0ad98d0701892c1.jpeg,\/img\/video\/thumb_inaugcentrofisiotera_18a8d0ad98d0701892c1.jpeg,\/img\/video\/thumb_fix_inaugcentrofisiotera_18a8d0ad98d0701892c1.jpeg","criado":"2021-08-02 10:40:42","alterado":"2021-08-02 10:42:59"},{"id":2,"titulo":"O trabalho n\u00e3o para!","thumb":"http:\/\/i.ytimg.com\/vi\/oLkusz2iOWA\/default.jpg,http:\/\/i.ytimg.com\/vi\/oLkusz2iOWA\/mqdefault.jpg,http:\/\/i.ytimg.com\/vi\/oLkusz2iOWA\/hqdefault.jpg,http:\/\/i.ytimg.com\/vi\/oLkusz2iOWA\/sddefault.jpg,http:\/\/i.ytimg.com\/vi\/oLkusz2iOWA\/maxresdefault.jpg","embed":"https:\/\/www.youtube.com\/embed\/oLkusz2iOWA","embedauto":"https:\/\/www.youtube.com\/embed\/oLkusz2iOWA?autoplay=1;mute=1","slug":"o-trabalho-nao-para","descricao":"Foi pensando na melhoria da qualidade de vida e na fluidez do tr\u00e2nsito em nossa Cidade, a Prefeitura Municipal de Nossa Senhora da Gl\u00f3ria, atrav\u00e9s da Superintend\u00eancia Municipal de Transporte e Tr\u00e2nsito (SMTT), realizou mudan\u00e7as na dire\u00e7\u00e3o do tr\u00e1fego em algumas ruas da Capital do Sert\u00e3o.\r\n\r\nPrefeitura Municipal de Nossa Senhora da Gl\u00f3ria, construindo o futuro da nossa gente!","codigo":"oLkusz2iOWA","local":"youtube","foto":"capturar_cf7f5b67d19c6714b7251b9f413fd.jpg","foto_link":"\/img\/video\/capturar_cf7f5b67d19c6714b7251b9f413fd.jpg,\/img\/video\/media_capturar_cf7f5b67d19c6714b7251b9f413fd.jpg,\/img\/video\/thumb_capturar_cf7f5b67d19c6714b7251b9f413fd.jpg,\/img\/video\/thumb_fix_capturar_cf7f5b67d19c6714b7251b9f413fd.jpg","criado":"2021-06-14 14:48:50","alterado":"2021-06-14 14:48:50"},{"id":1,"titulo":"A PREFEITURA N\u00c3O PARA","thumb":"http:\/\/i.ytimg.com\/vi\/3vTIGV2UY3s\/default.jpg,http:\/\/i.ytimg.com\/vi\/3vTIGV2UY3s\/mqdefault.jpg,http:\/\/i.ytimg.com\/vi\/3vTIGV2UY3s\/hqdefault.jpg,http:\/\/i.ytimg.com\/vi\/3vTIGV2UY3s\/sddefault.jpg,http:\/\/i.ytimg.com\/vi\/3vTIGV2UY3s\/maxresdefault.jpg","embed":"https:\/\/www.youtube.com\/embed\/3vTIGV2UY3s","embedauto":"https:\/\/www.youtube.com\/embed\/3vTIGV2UY3s?autoplay=1;mute=1","slug":"a-prefeitura-nao-para","descricao":"Atrav\u00e9s da Secretaria Municipal de Obras, a gest\u00e3o da prefeitura Luana Oliveira, tem realizado diversas a\u00e7\u00f5es para melhorar as vias p\u00fablicas, seja na zona rural ou urbana do munic\u00edpio.\r\n\r\nPensando no escoamento da produ\u00e7\u00e3o de produtos l\u00e1cteos da capital do sert\u00e3o, desde a coleta do leite a distribui\u00e7\u00e3o dos derivados, a prefeitura tem realizado melhorias em estradas vicinais e ruas da cidade.\r\n\r\nO que antes causava transtornos para moradores e motoristas que trafegam pelas vias, Avenida Manoel El\u00edgio da Mota, Avenida Roque e Rua Jos\u00e9 Hamilton G\u00f3is, atualmente est\u00e1 sendo realizado uma reposi\u00e7\u00e3o de asfalto em concreto, em pontos que o cal\u00e7amento n\u00e3o suportava a transi\u00e7\u00e3o de ve\u00edculos de cargas, gerando danifica\u00e7\u00f5es no solo.\r\n\r\nAinda de acordo com o secret\u00e1rio de obras, Philipe Porto, a rede de esgoto que teve in\u00edcio na gest\u00e3o anterior, foi devidamente finalizada, uma a\u00e7\u00e3o que trar\u00e1 mais qualidade de vida para os residentes.\r\n\r\nASCOM\/GL\u00d3RIA","codigo":"3vTIGV2UY3s","local":"youtube","criado":"2021-06-02 10:36:29","alterado":"2021-06-02 10:43:10"}]}