{"categorias":[{"id":8,"nome":"A\u00c7\u00c3O SOCIAL","criado":"2021-05-27 11:40:03","alterado":"2021-05-27 11:40:03"},{"id":13,"nome":"ADMINISTRA\u00c7\u00c3O","criado":"2021-11-16 14:49:05","alterado":"2021-11-16 14:49:05"},{"id":10,"nome":"AGRICULTURA","criado":"2021-11-16 14:47:08","alterado":"2021-11-16 14:48:48"},{"id":1,"nome":"COVID-19","criado":"2021-05-27 11:38:47","alterado":"2021-05-27 11:38:47"},{"id":5,"nome":"CULTURA","criado":"2021-05-27 11:39:28","alterado":"2021-05-27 11:39:28"},{"id":16,"nome":"DEFESA CIVIL","criado":"2021-11-16 14:55:45","alterado":"2021-11-16 14:55:45"},{"id":11,"nome":"DESENVOLVIMENTO ECON\u00d4MICO","criado":"2021-11-16 14:47:27","alterado":"2021-11-16 14:48:32"},{"id":4,"nome":"EDUCA\u00c7\u00c3O","criado":"2021-05-27 11:39:16","alterado":"2021-05-27 11:39:16"},{"id":12,"nome":"ESPORTE","criado":"2021-11-16 14:47:41","alterado":"2021-11-16 14:48:04"},{"id":14,"nome":"FINAN\u00c7AS","criado":"2021-11-16 14:49:25","alterado":"2021-11-16 14:49:25"},{"id":7,"nome":"INFRAESTRUTURA","criado":"2021-05-27 11:39:52","alterado":"2021-05-27 11:39:52"},{"id":17,"nome":"MEIO AMBIENTE","criado":"2022-07-05 10:28:59","alterado":"2022-07-05 10:29:22"},{"id":2,"nome":"OBRAS","criado":"2021-05-27 11:38:58","alterado":"2021-05-27 11:38:58"},{"id":3,"nome":"SA\u00daDE","criado":"2021-05-27 11:39:08","alterado":"2021-05-27 11:39:08"},{"id":15,"nome":"SUPERINTENDENCIA MUNICIPAL DE TRASPORTES E TR\u00c2NSITO - SMTT","criado":"2021-11-16 14:54:47","alterado":"2021-11-16 14:55:26"},{"id":6,"nome":"TURISMO","criado":"2021-05-27 11:39:38","alterado":"2021-05-27 11:39:38"},{"id":9,"nome":"VACINA","criado":"2021-05-27 11:40:12","alterado":"2021-05-27 11:40:12"}],"categoria":null,"paginacao":{"atual":8,"proxima":9,"anterior":7,"total_registros":742,"total_paginas":62},"itens":[{"id":659,"categoria_id":"3","categoria":{"id":3,"nome":"SA\u00daDE"},"autor_id":"4","autor":{"id":4,"nome":"ASCOM","email":"secom@gloria.se.gov.br"},"titulo":"Prefeitura promove aul\u00e3o de dan\u00e7a e a\u00e7\u00f5es de sa\u00fade para mulheres glorienses","slug":"prefeitura-promove-aulao-de-danca-e-acoes-de-saude-para-mulheres-glorienses","subtitulo":"Evento na Academia da Sa\u00fade contou com aferi\u00e7\u00e3o de press\u00e3o, teste de glicemia e agendamento de mamografias, refor\u00e7ando a import\u00e2ncia do autocuidado e da preven\u00e7\u00e3o","imagem":"\/img\/imagem\/06_d9115d911ebee2433bcc0a56581a.jpg,\/img\/imagem\/media_06_d9115d911ebee2433bcc0a56581a.jpg,\/img\/imagem\/thumb_06_d9115d911ebee2433bcc0a56581a.jpg,\/img\/imagem\/thumb_fix_06_d9115d911ebee2433bcc0a56581a.jpg","texto":"\u003Cp\u003E\u003Cimg style=\u0022display: block; margin-left: auto; margin-right: auto;\u0022 src=\u0022https:\/\/gloria.se.gov.br\/img\/imagem\/media_06_d9115d911ebee2433bcc0a56581a.jpg\u0022 alt=\u002206_d9115d911ebee2433bcc0a56581a.jpg\u0022 width=\u0022600\u0022 height=\u0022450\u0022 \/\u003EA Prefeitura Municipal de Nossa Senhora da Gl\u0026oacute;ria, por meio da Secretaria Municipal de Sa\u0026uacute;de, deu continuidade \u0026agrave;s a\u0026ccedil;\u0026otilde;es do Outubro Rosa com uma manh\u0026atilde; especial dedicada \u0026agrave;s mulheres. Foi realizado um animado aul\u0026atilde;o de dan\u0026ccedil;a na Academia da Sa\u0026uacute;de, com a presen\u0026ccedil;a do renomado professor Alan Tchan, que contagiou todas as participantes com muita energia e motiva\u0026ccedil;\u0026atilde;o. O evento teve como objetivo incentivar a pr\u0026aacute;tica de atividades f\u0026iacute;sicas, o autocuidado e a conscientiza\u0026ccedil;\u0026atilde;o sobre a import\u0026acirc;ncia do autoexame e da preven\u0026ccedil;\u0026atilde;o ao c\u0026acirc;ncer de mama.\u003C\/p\u003E\r\n\u003Cp style=\u0022text-align: justify;\u0022\u003EAl\u0026eacute;m da atividade f\u0026iacute;sica, a Secretaria Municipal de Sa\u0026uacute;de (SMS) disponibilizou durante o evento servi\u0026ccedil;os essenciais de sa\u0026uacute;de, incluindo aferi\u0026ccedil;\u0026atilde;o de press\u0026atilde;o arterial, teste de glicemia e o agendamento de mamografias para todas as mulheres presentes. A a\u0026ccedil;\u0026atilde;o integrada refor\u0026ccedil;ou o compromisso da gest\u0026atilde;o municipal em oferecer um cuidado integral \u0026agrave; sa\u0026uacute;de da mulher, unindo preven\u0026ccedil;\u0026atilde;o, informa\u0026ccedil;\u0026atilde;o e acesso a servi\u0026ccedil;os m\u0026eacute;dicos.\u003C\/p\u003E\r\n\u003Cp style=\u0022text-align: justify;\u0022\u003EA prefeita Luana Oliveira destacou a import\u0026acirc;ncia de a\u0026ccedil;\u0026otilde;es que unem sa\u0026uacute;de e qualidade de vida. \u0022Nosso objetivo \u0026eacute; promover cada vez mais sa\u0026uacute;de e bem-estar para nossa popula\u0026ccedil;\u0026atilde;o. Eventos como este, que aliam atividade f\u0026iacute;sica, preven\u0026ccedil;\u0026atilde;o e acesso a servi\u0026ccedil;os de sa\u0026uacute;de, s\u0026atilde;o fundamentais para conscientizar nossas mulheres sobre o autocuidado. \u0026Eacute; uma alegria ver a ades\u0026atilde;o e o entusiasmo de todas\u0022, afirmou a prefeita.\u003C\/p\u003E\r\n\u003Cp style=\u0022text-align: justify;\u0022\u003EA secret\u0026aacute;ria municipal de Sa\u0026uacute;de, Samara Arag\u0026atilde;o, refor\u0026ccedil;ou o compromisso da pasta com a sa\u0026uacute;de da mulher. \u0022Cuidar da sa\u0026uacute;de \u0026eacute; um ato de amor, e estamos trabalhando para levar essa mensagem a todas as glorienses. Oferecer n\u0026atilde;o apenas informa\u0026ccedil;\u0026otilde;es, mas tamb\u0026eacute;m acesso a exames e servi\u0026ccedil;os de sa\u0026uacute;de durante um evento descontra\u0026iacute;do como este, \u0026eacute; uma forma de garantir que a preven\u0026ccedil;\u0026atilde;o chegue a um n\u0026uacute;mero cada vez maior de mulheres\u0022, declarou a secret\u0026aacute;ria.\u003C\/p\u003E\r\n\u003Cp\u003E\u003Cimg src=\u0022https:\/\/gloria.se.gov.br\/img\/imagem\/thumb_07_6922602febfe2ec9d5a823ae3.jpg\u0022 alt=\u002207_6922602febfe2ec9d5a823ae3.jpg\u0022 width=\u0022300\u0022 height=\u0022225\u0022 \/\u003E\u003Cimg src=\u0022https:\/\/gloria.se.gov.br\/img\/imagem\/thumb_04_f4306d8699f9feca66b5be6.jpg\u0022 alt=\u002204_f4306d8699f9feca66b5be6.jpg\u0022 width=\u0022300\u0022 height=\u0022225\u0022 \/\u003E\u003Cimg src=\u0022https:\/\/gloria.se.gov.br\/img\/imagem\/thumb_06_d9115d911ebee2433bcc0a56581a.jpg\u0022 alt=\u002206_d9115d911ebee2433bcc0a56581a.jpg\u0022 width=\u0022300\u0022 height=\u0022225\u0022 \/\u003E\u003Cimg src=\u0022https:\/\/gloria.se.gov.br\/img\/imagem\/thumb_03_544c67954c190f1e494de348e.jpg\u0022 alt=\u002203_544c67954c190f1e494de348e.jpg\u0022 width=\u0022300\u0022 height=\u0022225\u0022 \/\u003E\u003Cimg src=\u0022https:\/\/gloria.se.gov.br\/img\/imagem\/thumb_05_bfc4bcd0e1c946ceefb856.jpg\u0022 alt=\u002205_bfc4bcd0e1c946ceefb856.jpg\u0022 width=\u0022300\u0022 height=\u0022225\u0022 \/\u003E\u003Cimg src=\u0022https:\/\/gloria.se.gov.br\/img\/imagem\/thumb_01_f8f282757114a1917df7d.jpg\u0022 alt=\u002201_f8f282757114a1917df7d.jpg\u0022 width=\u0022300\u0022 height=\u0022225\u0022 \/\u003E\u003Cimg src=\u0022https:\/\/gloria.se.gov.br\/img\/imagem\/thumb_02_da56d19f68f1a10ee58e0949.jpg\u0022 alt=\u002202_da56d19f68f1a10ee58e0949.jpg\u0022 width=\u0022300\u0022 height=\u0022225\u0022 \/\u003E\u003C\/p\u003E","tags":"Sa\u00fade ,Mulheres Glorienses,Mulheres,Sa\u00fade Feminina ,Bem-estar","publicacao":"2025-11-11 09:16:25","criado":"2025-11-11 09:16:25","alterado":"2025-11-11 09:16:25"},{"id":658,"categoria_id":"8","categoria":{"id":8,"nome":"A\u00c7\u00c3O SOCIAL"},"autor_id":"4","autor":{"id":4,"nome":"ASCOM","email":"secom@gloria.se.gov.br"},"titulo":"Prefeitura promove a\u00e7\u00e3o \u201cPermita Ser Cuidado\u201d para fortalecer o bem-estar da terceira idade","slug":"prefeitura-promove-acao-permita-ser-cuidado-para-fortalecer-o-bem-estar-da-terceira-idade","subtitulo":"Iniciativa ofereceu no\u00e7\u00f5es b\u00e1sicas de primeiros socorros aos idosos do munic\u00edpio, refor\u00e7ando o compromisso da gest\u00e3o com a qualidade de vida dessa parcela da popula\u00e7\u00e3o.","imagem":"\/img\/imagem\/05_71f4e77ea90d431d54fb49544.jpg,\/img\/imagem\/media_05_71f4e77ea90d431d54fb49544.jpg,\/img\/imagem\/thumb_05_71f4e77ea90d431d54fb49544.jpg,\/img\/imagem\/thumb_fix_05_71f4e77ea90d431d54fb49544.jpg","texto":"\u003Cp\u003E\u003Cimg style=\u0022display: block; margin-left: auto; margin-right: auto;\u0022 src=\u0022https:\/\/gloria.se.gov.br\/img\/imagem\/media_05_71f4e77ea90d431d54fb49544.jpg\u0022 alt=\u002205_71f4e77ea90d431d54fb49544.jpg\u0022 width=\u0022600\u0022 height=\u0022450\u0022 \/\u003EA gest\u0026atilde;o da Capital Sergipana do Leite tem se empenhado em promover pol\u0026iacute;ticas e a\u0026ccedil;\u0026otilde;es que garantam bem-estar e qualidade de vida \u0026agrave; terceira idade de Nossa Senhora da Gl\u0026oacute;ria. Com aten\u0026ccedil;\u0026atilde;o especial e compromisso com aqueles que dedicaram suas vidas ao desenvolvimento do munic\u0026iacute;pio, a administra\u0026ccedil;\u0026atilde;o municipal segue criando iniciativas que valorizam e cuidam dos idosos glorienses.\u003C\/p\u003E\r\n\u003Cp style=\u0022text-align: justify;\u0022\u003ENa tarde da quarta-feira, 22 de outubro, a Secretaria Municipal de Assist\u0026ecirc;ncia Social, Inclus\u0026atilde;o e Cidadania (Smasic), por meio do Centro de Refer\u0026ecirc;ncia em Assist\u0026ecirc;ncia Social (CRAS Novo Horizonte) e do Centro de Refer\u0026ecirc;ncia Especializado em Assist\u0026ecirc;ncia Social (CREAS), realizou a a\u0026ccedil;\u0026atilde;o \u0026ldquo;Permita Ser Cuidado: No\u0026ccedil;\u0026otilde;es B\u0026aacute;sicas de Primeiros Socorros na Terceira Idade\u0026rdquo;. O evento, realizado no audit\u0026oacute;rio da Pra\u0026ccedil;a de Eventos, reuniu dezenas de idosos para uma tarde de aprendizado, intera\u0026ccedil;\u0026atilde;o e cuidado.\u003C\/p\u003E\r\n\u003Cp style=\u0022text-align: justify;\u0022\u003EA prefeita Luana Oliveira destacou a import\u0026acirc;ncia de iniciativas como essa para a valoriza\u0026ccedil;\u0026atilde;o da terceira idade. \u0026ldquo;Nossos idosos s\u0026atilde;o a base da nossa hist\u0026oacute;ria e merecem todo o respeito e cuidado. A a\u0026ccedil;\u0026atilde;o \u0026lsquo;Permita Ser Cuidado\u0026rsquo; reflete o compromisso da nossa gest\u0026atilde;o em oferecer n\u0026atilde;o apenas assist\u0026ecirc;ncia, mas tamb\u0026eacute;m ferramentas para que eles tenham uma vida mais segura e digna. \u0026Eacute; um orgulho ver projetos como este sendo realizados com tanto carinho e dedica\u0026ccedil;\u0026atilde;o\u0026rdquo;, afirmou a prefeita.\u003C\/p\u003E\r\n\u003Cp style=\u0022text-align: justify;\u0022\u003EA secret\u0026aacute;ria municipal de Assist\u0026ecirc;ncia Social, Inclus\u0026atilde;o e Cidadania, Annikaren de Oliveira Gomes Pinheiro, refor\u0026ccedil;ou o papel das pol\u0026iacute;ticas p\u0026uacute;blicas voltadas para os idosos. \u0026ldquo;Esta a\u0026ccedil;\u0026atilde;o foi pensada para empoderar nossos idosos, oferecendo conhecimentos que podem fazer a diferen\u0026ccedil;a no seu dia a dia. Queremos que eles se sintam acolhidos, protegidos e parte ativa da nossa comunidade. \u0026Eacute; uma honra poder contribuir para o bem-estar deles\u0026rdquo;, declarou a secret\u0026aacute;ria.\u003C\/p\u003E\r\n\u003Cp style=\u0022text-align: justify;\u0022\u003EO projeto \u0026ldquo;Permita Ser Cuidado\u0026rdquo; \u0026eacute; mais uma das iniciativas da Prefeitura de Nossa Senhora da Gl\u0026oacute;ria que demonstram o olhar atento e humanizado da gest\u0026atilde;o para as necessidades da terceira idade. A administra\u0026ccedil;\u0026atilde;o municipal reafirma, assim, seu compromisso de seguir investindo em a\u0026ccedil;\u0026otilde;es que promovam sa\u0026uacute;de, seguran\u0026ccedil;a e qualidade de vida para todos os glorienses.\u003C\/p\u003E\r\n\u003Cp\u003E\u003Cimg src=\u0022https:\/\/gloria.se.gov.br\/img\/imagem\/thumb_08_2748caed967b899821341af47.jpg\u0022 alt=\u002208_2748caed967b899821341af47.jpg\u0022 width=\u0022300\u0022 height=\u0022225\u0022 \/\u003E\u003Cimg src=\u0022https:\/\/gloria.se.gov.br\/img\/imagem\/thumb_07_af3abb3bec643ff6e54765b7c744.jpg\u0022 alt=\u002207_af3abb3bec643ff6e54765b7c744.jpg\u0022 width=\u0022300\u0022 height=\u0022225\u0022 \/\u003E\u003Cimg src=\u0022https:\/\/gloria.se.gov.br\/img\/imagem\/thumb_03_fc4ee38e4a9916301b2eb272d8d07.jpg\u0022 alt=\u002203_fc4ee38e4a9916301b2eb272d8d07.jpg\u0022 width=\u0022300\u0022 height=\u0022225\u0022 \/\u003E\u003Cimg src=\u0022https:\/\/gloria.se.gov.br\/img\/imagem\/thumb_05_71f4e77ea90d431d54fb49544.jpg\u0022 alt=\u002205_71f4e77ea90d431d54fb49544.jpg\u0022 width=\u0022300\u0022 height=\u0022225\u0022 \/\u003E\u003Cimg src=\u0022https:\/\/gloria.se.gov.br\/img\/imagem\/thumb_06_d16a4d4d56ca3cde0b3a58.jpg\u0022 alt=\u002206_d16a4d4d56ca3cde0b3a58.jpg\u0022 width=\u0022300\u0022 height=\u0022225\u0022 \/\u003E\u003Cimg src=\u0022https:\/\/gloria.se.gov.br\/img\/imagem\/thumb_02_e911bf283d16dd8db0580.jpg\u0022 alt=\u002202_e911bf283d16dd8db0580.jpg\u0022 width=\u0022300\u0022 height=\u0022225\u0022 \/\u003E\u003Cimg src=\u0022https:\/\/gloria.se.gov.br\/img\/imagem\/thumb_04_3c3ab88dab30c37516f4.jpg\u0022 alt=\u002204_3c3ab88dab30c37516f4.jpg\u0022 width=\u0022300\u0022 height=\u0022225\u0022 \/\u003E\u003Cimg src=\u0022https:\/\/gloria.se.gov.br\/img\/imagem\/thumb_01_f5746dc4add91f10032d73c45b.jpg\u0022 alt=\u002201_f5746dc4add91f10032d73c45b.jpg\u0022 width=\u0022300\u0022 height=\u0022225\u0022 \/\u003E\u003C\/p\u003E","tags":"Permita ser cuidado,Terceira Idade ,Aten\u00e7\u00e3o ,Assist\u00eancia Social ,Inclus\u00e3o ,Creas,Cras","publicacao":"2025-11-11 09:12:33","criado":"2025-11-11 09:12:33","alterado":"2025-11-11 09:12:33"},{"id":657,"categoria_id":"8","categoria":{"id":8,"nome":"A\u00c7\u00c3O SOCIAL"},"autor_id":"4","autor":{"id":4,"nome":"ASCOM","email":"secom@gloria.se.gov.br"},"titulo":"Gest\u00e3o Municipal Leva Cidadania e Divers\u00e3o na Semana das Crian\u00e7as","slug":"gestao-municipal-leva-cidadania-e-diversao-na-semana-das-criancas","subtitulo":"Com uma variedade de brincadeiras e atividades recreativas, a iniciativa buscou promover momentos de alegria e garantir o direito ao brincar","imagem":"\/img\/imagem\/prefdegloria-3747678447675228852-s2025-11-10-10-48-320-story_451d8f318690c1a6f54fe58f9c.jpg,\/img\/imagem\/media_prefdegloria-3747678447675228852-s2025-11-10-10-48-320-story_451d8f318690c1a6f54fe58f9c.jpg,\/img\/imagem\/thumb_prefdegloria-3747678447675228852-s2025-11-10-10-48-320-story_451d8f318690c1a6f54fe58f9c.jpg,\/img\/imagem\/thumb_fix_prefdegloria-3747678447675228852-s2025-11-10-10-48-320-story_451d8f318690c1a6f54fe58f9c.jpg","texto":"\u003Cp\u003E\u003Cimg style=\u0022display: block; margin-left: auto; margin-right: auto;\u0022 src=\u0022https:\/\/gloria.se.gov.br\/img\/imagem\/media_prefdegloria-3747678447675228852-s2025-11-10-10-48-320-story_451d8f318690c1a6f54fe58f9c.jpg\u0022 alt=\u0022prefdegloria-3747678447675228852-s2025-11-10-10-48-320-story_451d8f318690c1a6f54fe58f9c.jpg\u0022 width=\u0022600\u0022 height=\u0022450\u0022 \/\u003EA Prefeitura Municipal de Nossa Senhora da Gl\u0026oacute;ria, por meio da Secretaria Municipal de Assist\u0026ecirc;ncia Social, Inclus\u0026atilde;o e Cidadania (Smasic), promoveu uma celebra\u0026ccedil;\u0026atilde;o especial para os pequenos glorienses. Entre os dias 13 e 21 de outubro, a \u0022Semana das Crian\u0026ccedil;as\u0022 levou muita anima\u0026ccedil;\u0026atilde;o para a Pra\u0026ccedil;a Filemon Bezerra Lemos (popularmente conhecida como Pra\u0026ccedil;a do Coreto), al\u0026eacute;m do Assentamento Jos\u0026eacute; Em\u0026iacute;dio e dos povoados Queimada da On\u0026ccedil;a e Nossa Senhora da Gl\u0026oacute;ria.\u003C\/p\u003E\r\n\u003Cp style=\u0022text-align: justify;\u0022\u003EA a\u0026ccedil;\u0026atilde;o, realizada em alus\u0026atilde;o ao Dia das Crian\u0026ccedil;as, foi marcada por um clima de festa e contou com uma programa\u0026ccedil;\u0026atilde;o repleta de brincadeiras e atividades l\u0026uacute;dicas, criando um ambiente de pura divers\u0026atilde;o para centenas de crian\u0026ccedil;as. O objetivo foi proporcionar momentos de descontra\u0026ccedil;\u0026atilde;o e garantir o direito ao brincar, fortalecendo a pol\u0026iacute;tica de assist\u0026ecirc;ncia social como ferramenta de inclus\u0026atilde;o e cidadania.\u003C\/p\u003E\r\n\u003Cp style=\u0022text-align: justify;\u0022\u003EA secret\u0026aacute;ria municipal de Assist\u0026ecirc;ncia Social, Inclus\u0026atilde;o e Cidadania, Annikaren de Oliveira Gomes Pinheiro, destacou a import\u0026acirc;ncia de levar a\u0026ccedil;\u0026otilde;es como estas para diferentes pontos do munic\u0026iacute;pio. \u0022\u0026Eacute; uma grande alegria para nossa equipe poder levar um pouco de magia e entretenimento para as crian\u0026ccedil;as da nossa terra. Celebrar essa data especial \u0026eacute; tamb\u0026eacute;m um ato de inclus\u0026atilde;o e cidadania, garantindo que todas, independentemente de onde moram, tenham acesso a momentos felizes. Refor\u0026ccedil;amos, assim, o compromisso da prefeitura em cuidar das nossas crian\u0026ccedil;as, que s\u0026atilde;o o futuro de Nossa Senhora da Gl\u0026oacute;ria\u0022, declarou a secret\u0026aacute;ria.\u003C\/p\u003E\r\n\u003Cp style=\u0022text-align: justify;\u0022\u003E\u003Cimg src=\u0022https:\/\/gloria.se.gov.br\/img\/imagem\/thumb_prefdegloria-3747678447683568793-s2025-11-10-10-49-359-story_a7b4a5db712ea4e0a9d528d.jpg\u0022 alt=\u0022prefdegloria-3747678447683568793-s2025-11-10-10-49-359-story_a7b4a5db712ea4e0a9d528d.jpg\u0022 width=\u0022300\u0022 height=\u0022400\u0022 \/\u003E\u003Cimg src=\u0022https:\/\/gloria.se.gov.br\/img\/imagem\/thumb_prefdegloria-3747678447675240039-s2025-11-10-10-49-134-story_a763d02dd6914ddf6099c.jpg\u0022 alt=\u0022prefdegloria-3747678447675240039-s2025-11-10-10-49-134-story_a763d02dd6914ddf6099c.jpg\u0022 width=\u0022300\u0022 height=\u0022400\u0022 \/\u003E\u003Cimg src=\u0022https:\/\/gloria.se.gov.br\/img\/imagem\/thumb_prefdegloria-3747678447691985333-s2025-11-10-10-49-722-story_d029b6e2198573e5ace75d1dc2c7.jpg\u0022 alt=\u0022prefdegloria-3747678447691985333-s2025-11-10-10-49-722-story_d029b6e2198573e5ace75d1dc2c7.jpg\u0022 width=\u0022300\u0022 height=\u0022400\u0022 \/\u003E\u003Cimg src=\u0022https:\/\/gloria.se.gov.br\/img\/imagem\/thumb_prefdegloria-3747678447742325124-s2025-11-10-10-49-685-story_90af10a9a05e0b2b3cbabc5a46.jpg\u0022 alt=\u0022prefdegloria-3747678447742325124-s2025-11-10-10-49-685-story_90af10a9a05e0b2b3cbabc5a46.jpg\u0022 width=\u0022300\u0022 height=\u0022169\u0022 \/\u003E\u003Cimg src=\u0022https:\/\/gloria.se.gov.br\/img\/imagem\/thumb_prefdegloria-3747678447691989686-s2025-11-10-10-50-874-story_a523174de6b5a27994a77c0.jpg\u0022 alt=\u0022prefdegloria-3747678447691989686-s2025-11-10-10-50-874-story_a523174de6b5a27994a77c0.jpg\u0022 width=\u0022300\u0022 height=\u0022225\u0022 \/\u003E\u003Cimg src=\u0022https:\/\/gloria.se.gov.br\/img\/imagem\/thumb_prefdegloria-3747678447683605643-s2025-11-10-10-49-758-story_3caf398648f9559e5d77d.jpg\u0022 alt=\u0022prefdegloria-3747678447683605643-s2025-11-10-10-49-758-story_3caf398648f9559e5d77d.jpg\u0022 width=\u0022300\u0022 height=\u0022225\u0022 \/\u003E\u003Cimg src=\u0022https:\/\/gloria.se.gov.br\/img\/imagem\/thumb_prefdegloria-3747678447675228543-s2025-11-10-10-50-876-story_db751ee1fd2684461da06.jpg\u0022 alt=\u0022prefdegloria-3747678447675228543-s2025-11-10-10-50-876-story_db751ee1fd2684461da06.jpg\u0022 width=\u0022300\u0022 height=\u0022225\u0022 \/\u003E\u003Cimg src=\u0022https:\/\/gloria.se.gov.br\/img\/imagem\/thumb_prefdegloria-3747678447675225250-s2025-11-10-10-50-749-story_1aa5bc45556ec5ac9f802493.jpg\u0022 alt=\u0022prefdegloria-3747678447675225250-s2025-11-10-10-50-749-story_1aa5bc45556ec5ac9f802493.jpg\u0022 width=\u0022300\u0022 height=\u0022225\u0022 \/\u003E\u003Cimg src=\u0022https:\/\/gloria.se.gov.br\/img\/imagem\/thumb_prefdegloria-3747678447666819147-s2025-11-10-10-51-534-story_a7ebb547bde09812a8d457cb85.jpg\u0022 alt=\u0022prefdegloria-3747678447666819147-s2025-11-10-10-51-534-story_a7ebb547bde09812a8d457cb85.jpg\u0022 width=\u0022300\u0022 height=\u0022225\u0022 \/\u003E\u003Cimg src=\u0022https:\/\/gloria.se.gov.br\/img\/imagem\/thumb_prefdegloria-3747678447658458733-s2025-11-10-10-50-948-story_9319114ada4968e62af9.jpg\u0022 alt=\u0022prefdegloria-3747678447658458733-s2025-11-10-10-50-948-story_9319114ada4968e62af9.jpg\u0022 width=\u0022300\u0022 height=\u0022225\u0022 \/\u003E\u003Cimg src=\u0022https:\/\/gloria.se.gov.br\/img\/imagem\/thumb_prefdegloria-3747678447675199559-s2025-11-10-10-50-313-story_11414107b0446e3f2959.jpg\u0022 alt=\u0022prefdegloria-3747678447675199559-s2025-11-10-10-50-313-story_11414107b0446e3f2959.jpg\u0022 width=\u0022300\u0022 height=\u0022225\u0022 \/\u003E\u003Cimg src=\u0022https:\/\/gloria.se.gov.br\/img\/imagem\/thumb_prefdegloria-3747678447658447679-s2025-11-10-10-49-511-story_fdf3ddb0a4ebee3a4d5b4.jpg\u0022 alt=\u0022prefdegloria-3747678447658447679-s2025-11-10-10-49-511-story_fdf3ddb0a4ebee3a4d5b4.jpg\u0022 width=\u0022300\u0022 height=\u0022157\u0022 \/\u003E\u003Cimg src=\u0022https:\/\/gloria.se.gov.br\/img\/imagem\/thumb_prefdegloria-3747678447675224739-s2025-11-10-10-50-15-story_5efcbb45553f3d25dec6a1741.jpg\u0022 alt=\u0022prefdegloria-3747678447675224739-s2025-11-10-10-50-15-story_5efcbb45553f3d25dec6a1741.jpg\u0022 width=\u0022300\u0022 height=\u0022225\u0022 \/\u003E\u003C\/p\u003E","tags":"Dias das Crian\u00e7as ,Semana das Crian\u00e7as ,Assist\u00eancia Social ,Inclus\u00e3o ,Cidadania ,Brincadeiras ,L\u00fadico","publicacao":"2025-11-10 11:03:43","criado":"2025-11-10 11:03:43","alterado":"2025-11-10 11:03:43"},{"id":656,"categoria_id":"10","categoria":{"id":10,"nome":"AGRICULTURA"},"autor_id":"4","autor":{"id":4,"nome":"ASCOM","email":"secom@gloria.se.gov.br"},"titulo":"Prefeitura de Gl\u00f3ria leva assist\u00eancia veterin\u00e1ria especializada ao Povoado S\u00e3o Domingos","slug":"prefeitura-de-gloria-leva-assistencia-veterinaria-especializada-ao-povoado-sao-domingos","subtitulo":"A\u00e7\u00e3o realizada pela Secretaria de Agricultura e Pecu\u00e1ria assegurou o bem-estar animal e demonstrou o compromisso da gest\u00e3o com os produtores rurais glorienses","imagem":"\/img\/imagem\/prefdegloria-3746334808990639993-s2025-11-10-10-41-164-story_008eaed037e79dbdb394f5231a.jpg,\/img\/imagem\/media_prefdegloria-3746334808990639993-s2025-11-10-10-41-164-story_008eaed037e79dbdb394f5231a.jpg,\/img\/imagem\/thumb_prefdegloria-3746334808990639993-s2025-11-10-10-41-164-story_008eaed037e79dbdb394f5231a.jpg,\/img\/imagem\/thumb_fix_prefdegloria-3746334808990639993-s2025-11-10-10-41-164-story_008eaed037e79dbdb394f5231a.jpg","texto":"\u003Cp\u003E\u003Cimg style=\u0022display: block; margin-left: auto; margin-right: auto;\u0022 src=\u0022https:\/\/gloria.se.gov.br\/img\/imagem\/media_prefdegloria-3746334808990639993-s2025-11-10-10-41-164-story_008eaed037e79dbdb394f5231a.jpg\u0022 alt=\u0022prefdegloria-3746334808990639993-s2025-11-10-10-41-164-story_008eaed037e79dbdb394f5231a.jpg\u0022 width=\u0022600\u0022 height=\u0022600\u0022 \/\u003EO cuidado com quem produz e com o rebanho do munic\u0026iacute;pio segue como uma das prioridades da Prefeitura de Nossa Senhora da Gl\u0026oacute;ria. Desta vez, a a\u0026ccedil;\u0026atilde;o da Secretaria Municipal de Agricultura e Pecu\u0026aacute;ria chegou at\u0026eacute; o Povoado S\u0026atilde;o Domingos, levando mais cuidado e assist\u0026ecirc;ncia aos produtores rurais da localidade. A equipe t\u0026eacute;cnica realizou com sucesso uma cirurgia de corre\u0026ccedil;\u0026atilde;o de h\u0026eacute;rnia umbilical em um equino, procedimento conhecido como hernioplastia, garantindo mais sa\u0026uacute;de e bem-estar ao animal.\u003C\/p\u003E\r\n\u003Cp style=\u0022text-align: justify;\u0022\u003EA iniciativa refor\u0026ccedil;a o compromisso da administra\u0026ccedil;\u0026atilde;o em oferecer um suporte veterin\u0026aacute;rio essencial, muitas vezes de dif\u0026iacute;cil acesso nas zonas rurais. Procedimentos como este s\u0026atilde;o cruciais para a manuten\u0026ccedil;\u0026atilde;o da sa\u0026uacute;de do rebanho, prevenindo complica\u0026ccedil;\u0026otilde;es futuras e assegurando a for\u0026ccedil;a de trabalho e o patrim\u0026ocirc;nio das fam\u0026iacute;lias que dependem da agricultura e pecu\u0026aacute;ria.\u003C\/p\u003E\r\n\u003Cp style=\u0022text-align: justify;\u0022\u003EO secret\u0026aacute;rio municipal de Agricultura e Pecu\u0026aacute;ria, Jairo Santana, destacou a import\u0026acirc;ncia de levar este tipo de servi\u0026ccedil;o at\u0026eacute; as comunidades. \u0022Nosso trabalho vai muito al\u0026eacute;m do apoio tradicional. Estamos nos empenhando para oferecer uma assist\u0026ecirc;ncia t\u0026eacute;cnica completa e especializada, que inclui o cuidado com a sa\u0026uacute;de animal. Realizar uma cirurgia como essa no Povoado S\u0026atilde;o Domingos significa devolver a capacidade produtiva de um animal e, consequentemente, apoiar o sustento da fam\u0026iacute;lia produtora. \u0026Eacute; garantir dignidade e mostrar que o homem do campo n\u0026atilde;o est\u0026aacute; sozinho\u0022, afirmou o secret\u0026aacute;rio.\u003C\/p\u003E\r\n\u003Cp style=\u0022text-align: justify;\u0022\u003EA Prefeitura de Nossa Senhora da Gl\u0026oacute;ria reafirma, assim, seu compromisso de seguir investindo em pol\u0026iacute;ticas p\u0026uacute;blicas que fortalecem a agricultura familiar e a pecu\u0026aacute;ria, bases da economia local, levando progresso e cuidado a todos os cantos do munic\u0026iacute;pio.\u003C\/p\u003E\r\n\u003Cp\u003E\u003Cimg style=\u0022display: block; margin-left: auto; margin-right: auto;\u0022 src=\u0022https:\/\/gloria.se.gov.br\/img\/imagem\/media_prefdegloria-3746334808990622863-s2025-11-10-10-42-335-story_9138e6378ca8bb74879448.jpg\u0022 alt=\u0022prefdegloria-3746334808990622863-s2025-11-10-10-42-335-story_9138e6378ca8bb74879448.jpg\u0022 width=\u0022600\u0022 height=\u0022600\u0022 \/\u003E\u003C\/p\u003E","tags":"Assist\u00eancia T\u00e9cnica ,Apoio ,Produtor Rural ,Veterin\u00e1ria","publicacao":"2025-11-10 10:58:59","criado":"2025-11-10 10:58:59","alterado":"2025-11-10 10:58:59"},{"id":655,"categoria_id":"7","categoria":{"id":7,"nome":"INFRAESTRUTURA"},"autor_id":"4","autor":{"id":4,"nome":"ASCOM","email":"secom@gloria.se.gov.br"},"titulo":"Bairro Sebasti\u00e3o Lopes da Silva recebe obras de esgotamento sanit\u00e1rio e pavimenta\u00e7\u00e3o gran\u00edtica","slug":"bairro-sebastiao-lopes-da-silva-recebe-obras-de-esgotamento-sanitario-e-pavimentacao-granitica","subtitulo":"Iniciativa da Prefeitura, por meio da Secretaria de Obras, leva melhorias em infraestrutura e saneamento para a comunidade, promovendo mais qualidade de vida para os moradores.","imagem":"\/img\/imagem\/04_8e484127edfb27eaa5ffd3a149094e.jpg,\/img\/imagem\/media_04_8e484127edfb27eaa5ffd3a149094e.jpg,\/img\/imagem\/thumb_04_8e484127edfb27eaa5ffd3a149094e.jpg,\/img\/imagem\/thumb_fix_04_8e484127edfb27eaa5ffd3a149094e.jpg","texto":"\u003Cp\u003E\u003Cimg style=\u0022display: block; margin-left: auto; margin-right: auto;\u0022 src=\u0022https:\/\/gloria.se.gov.br\/img\/imagem\/media_04_8e484127edfb27eaa5ffd3a149094e.jpg\u0022 alt=\u002204_8e484127edfb27eaa5ffd3a149094e.jpg\u0022 width=\u0022600\u0022 height=\u0022450\u0022 \/\u003EA Prefeitura Municipal de Nossa Senhora da Gl\u0026oacute;ria avan\u0026ccedil;a mais uma etapa em seu compromisso com o desenvolvimento urbano e o bem-estar da popula\u0026ccedil;\u0026atilde;o. Atrav\u0026eacute;s da Secretaria Municipal de Obras e Infraestrutura, foram iniciados os servi\u0026ccedil;os de implanta\u0026ccedil;\u0026atilde;o da rede de esgoto no bairro Sebasti\u0026atilde;o Lopes da Silva. A a\u0026ccedil;\u0026atilde;o marca um passo fundamental para a sa\u0026uacute;de p\u0026uacute;blica e a preserva\u0026ccedil;\u0026atilde;o ambiental no munic\u0026iacute;pio.\u003C\/p\u003E\r\n\u003Cp\u003EParalelamente \u0026agrave;s obras de esgotamento sanit\u0026aacute;rio, a administra\u0026ccedil;\u0026atilde;o municipal tamb\u0026eacute;m deu in\u0026iacute;cio ao cal\u0026ccedil;amento de diversas ruas do bairro. A dupla interven\u0026ccedil;\u0026atilde;o tem como objetivo transformar a realidade local, garantindo mais mobilidade, acessibilidade e conforto para os moradores, que j\u0026aacute; podem observar o progresso chegando \u0026agrave;s suas portas.\u003C\/p\u003E\r\n\u003Cp\u003EA secret\u0026aacute;ria municipal de Obras e Infraestrutura, Mesiane de Santana, destacou a import\u0026acirc;ncia dessas a\u0026ccedil;\u0026otilde;es integradas. \u0022Estamos trabalhando para levar infraestrutura de qualidade para todos os glorienses. A implanta\u0026ccedil;\u0026atilde;o da rede de esgoto no Sebasti\u0026atilde;o Lopes da Silva \u0026eacute; uma prioridade para garantir sa\u0026uacute;de e dignidade \u0026agrave;s fam\u0026iacute;lias. E, somado a isso, o cal\u0026ccedil;amento das ruas vai devolver a seguran\u0026ccedil;a e o tr\u0026aacute;fego adequado para a comunidade. S\u0026atilde;o investimentos que andam juntos e que refletem o nosso compromisso em transformar Nossa Senhora da Gl\u0026oacute;ria\u0022, afirmou a secret\u0026aacute;ria.\u003C\/p\u003E\r\n\u003Cp\u003E\u003Cimg src=\u0022https:\/\/gloria.se.gov.br\/img\/imagem\/thumb_08_992a0e0fe63e1d500636.jpg\u0022 alt=\u002208_992a0e0fe63e1d500636.jpg\u0022 width=\u0022300\u0022 height=\u0022225\u0022 \/\u003E\u003Cimg src=\u0022https:\/\/gloria.se.gov.br\/img\/imagem\/thumb_07_307e0ecdf62e2c9872f1f9.jpg\u0022 alt=\u002207_307e0ecdf62e2c9872f1f9.jpg\u0022 width=\u0022300\u0022 height=\u0022225\u0022 \/\u003E\u003Cimg src=\u0022https:\/\/gloria.se.gov.br\/img\/imagem\/thumb_06_7b36a96f916624237a4eb1.jpg\u0022 alt=\u002206_7b36a96f916624237a4eb1.jpg\u0022 width=\u0022300\u0022 height=\u0022225\u0022 \/\u003E\u003Cimg src=\u0022https:\/\/gloria.se.gov.br\/img\/imagem\/thumb_05_9407dd7f31939ce548ec7cf24.jpg\u0022 alt=\u002205_9407dd7f31939ce548ec7cf24.jpg\u0022 width=\u0022300\u0022 height=\u0022225\u0022 \/\u003E\u003Cimg src=\u0022https:\/\/gloria.se.gov.br\/img\/imagem\/thumb_02_8177317ebd480f202576ef5838dc5.jpg\u0022 alt=\u002202_8177317ebd480f202576ef5838dc5.jpg\u0022 width=\u0022300\u0022 height=\u0022225\u0022 \/\u003E\u003Cimg src=\u0022https:\/\/gloria.se.gov.br\/img\/imagem\/thumb_03_1ad5aa0fcf58bd60004c342.jpg\u0022 alt=\u002203_1ad5aa0fcf58bd60004c342.jpg\u0022 width=\u0022300\u0022 height=\u0022225\u0022 \/\u003E\u003Cimg src=\u0022https:\/\/gloria.se.gov.br\/img\/imagem\/thumb_04_8e484127edfb27eaa5ffd3a149094e.jpg\u0022 alt=\u002204_8e484127edfb27eaa5ffd3a149094e.jpg\u0022 width=\u0022300\u0022 height=\u0022225\u0022 \/\u003E\u003C\/p\u003E","tags":"Obras,Infraestrutura,Esgotamento Sanit\u00e1rio ,Pavimenta\u00e7\u00e3o ,Cal\u00e7amento","publicacao":"2025-11-10 10:55:52","criado":"2025-11-10 10:55:52","alterado":"2025-11-10 10:55:52"},{"id":654,"categoria_id":"13","categoria":{"id":13,"nome":"ADMINISTRA\u00c7\u00c3O"},"autor_id":"4","autor":{"id":4,"nome":"ASCOM","email":"secom@gloria.se.gov.br"},"titulo":"Prefeitura de Gl\u00f3ria entrega duas motos 0KM a contribuintes sorteados no programa IPTU Premiado","slug":"prefeitura-de-gloria-entrega-duas-motos-0km-a-contribuintes-sorteados-no-programa-iptu-premiado","subtitulo":"Projeto estimula pagamento em dia do imposto e beneficia moradores que regularizam situa\u00e7\u00e3o com a Receita Municipal","imagem":"\/img\/imagem\/prefdegloria-3740328946648066184-s2025-11-10-10-20-5-story_c8617c4bf3c45cffd9580a35b8.jpg,\/img\/imagem\/media_prefdegloria-3740328946648066184-s2025-11-10-10-20-5-story_c8617c4bf3c45cffd9580a35b8.jpg,\/img\/imagem\/thumb_prefdegloria-3740328946648066184-s2025-11-10-10-20-5-story_c8617c4bf3c45cffd9580a35b8.jpg,\/img\/imagem\/thumb_fix_prefdegloria-3740328946648066184-s2025-11-10-10-20-5-story_c8617c4bf3c45cffd9580a35b8.jpg","texto":"\u003Cp\u003E\u003Cimg style=\u0022display: block; margin-left: auto; margin-right: auto;\u0022 src=\u0022https:\/\/gloria.se.gov.br\/img\/imagem\/media_prefdegloria-3740328946648066184-s2025-11-10-10-20-5-story_c8617c4bf3c45cffd9580a35b8.jpg\u0022 alt=\u0022prefdegloria-3740328946648066184-s2025-11-10-10-20-5-story_c8617c4bf3c45cffd9580a35b8.jpg\u0022 width=\u0022600\u0022 height=\u0022450\u0022 \/\u003EA Prefeitura de Nossa Senhora da Gl\u0026oacute;ria realizou, na quinta-feira (09), a entrega das duas motos POP 0KM do programa \u0022IPTU Premia\u0022, a\u0026ccedil;\u0026atilde;o que incentiva o pagamento em dia do Imposto Predial e Territorial Urbano (IPTU). As contribuintes Nazaret Mangueira e Clara Caroline foram as sorteadas e receberam as chaves dos ve\u0026iacute;culos em cerim\u0026ocirc;nia realizada no Pa\u0026ccedil;o Municipal.\u003C\/p\u003E\r\n\u003Cp\u003EO programa, criado pela gest\u0026atilde;o municipal, tem como objetivo estimular a regularidade no pagamento do imposto, al\u0026eacute;m de reconhecer e premiar os cidad\u0026atilde;os que contribuem para a manuten\u0026ccedil;\u0026atilde;o e o desenvolvimento dos servi\u0026ccedil;os p\u0026uacute;blicos no munic\u0026iacute;pio. Ao quitar o IPTU em dia, os contribuintes automaticamente concorrem a pr\u0026ecirc;mios sorteados pela administra\u0026ccedil;\u0026atilde;o municipal.\u003C\/p\u003E\r\n\u003Cp\u003EA prefeita Luana Oliveira parabenizou as ganhadoras e refor\u0026ccedil;ou a import\u0026acirc;ncia da iniciativa. \u0022\u0026Eacute; com grande alegria que realizamos mais uma edi\u0026ccedil;\u0026atilde;o do IPTU Premia. Quando o cidad\u0026atilde;o paga seu imposto em dia, ele est\u0026aacute; investindo diretamente em melhorias para nossa cidade. E n\u0026oacute;s, como gestores, temos a responsabilidade de criar mecanismos que reconhe\u0026ccedil;am essa parceria entre Prefeitura e popula\u0026ccedil;\u0026atilde;o. Parab\u0026eacute;ns \u0026agrave;s nossas contempladas e que sirvam de exemplo para todos\u0022, declarou a prefeita.\u003C\/p\u003E\r\n\u003Cp\u003EA secret\u0026aacute;ria municipal de Finan\u0026ccedil;as, Beatriz Sousa Oliveira, explicou o funcionamento do programa e convocou a popula\u0026ccedil;\u0026atilde;o a participar. \u0022Fa\u0026ccedil;am como a Nazaret e a Clara: paguem seu IPTU em dia e contribuam para um munic\u0026iacute;pio cada vez mais forte. Os recursos arrecadados s\u0026atilde;o convertidos em investimentos que melhoram a vida de todos, como sa\u0026uacute;de, educa\u0026ccedil;\u0026atilde;o, infraestrutura e assist\u0026ecirc;ncia social. E ainda d\u0026aacute; para concorrer a pr\u0026ecirc;mios excelentes. \u0026Eacute; uma rela\u0026ccedil;\u0026atilde;o em que todos ganham\u0022, incentivou a secret\u0026aacute;ria.\u003C\/p\u003E\r\n\u003Cp\u003EO IPTU \u0026eacute; uma importante fonte de recurso para os cofres p\u0026uacute;blicos, sendo fundamental para o financiamento de obras e servi\u0026ccedil;os essenciais \u0026agrave; popula\u0026ccedil;\u0026atilde;o. A Prefeitura ressalta que o pagamento do imposto within do prazo garante descontos e, atrav\u0026eacute;s do IPTU Premia, a chance de ganhar pr\u0026ecirc;mios.\u003C\/p\u003E\r\n\u003Cp\u003E\u003Cimg src=\u0022https:\/\/gloria.se.gov.br\/img\/imagem\/media_prefdegloria-3740328946639678271-s2025-11-10-10-20-79-story_f123c229df8129458c4f999356.jpg\u0022 alt=\u0022prefdegloria-3740328946639678271-s2025-11-10-10-20-79-story_f123c229df8129458c4f999356.jpg\u0022 width=\u0022600\u0022 height=\u0022450\u0022 \/\u003E\u003Cimg src=\u0022https:\/\/gloria.se.gov.br\/img\/imagem\/media_prefdegloria-3740328946656468754-s2025-11-10-10-20-166-story_030c49671e75a60dc0c5f.jpg\u0022 alt=\u0022prefdegloria-3740328946656468754-s2025-11-10-10-20-166-story_030c49671e75a60dc0c5f.jpg\u0022 width=\u0022600\u0022 height=\u0022450\u0022 \/\u003E\u003C\/p\u003E","tags":"Sorteio ,IPTU Premiado,Motocicletas,Icentivo ,IPTU em Dia","publicacao":"2025-11-10 10:22:54","criado":"2025-11-10 10:22:54","alterado":"2025-11-10 10:22:54"},{"id":653,"categoria_id":"7","categoria":{"id":7,"nome":"INFRAESTRUTURA"},"autor_id":"4","autor":{"id":4,"nome":"ASCOM","email":"secom@gloria.se.gov.br"},"titulo":"Prefeitura avan\u00e7a com pavimenta\u00e7\u00e3o em diversas ruas no munic\u00edpio","slug":"prefeitura-avanca-com-pavimentacao-em-diversas-ruas-no-municipio","subtitulo":"Travessa da Uni\u00e3o, Rua Adalmir Alves e outras cinco vias j\u00e1 receberam pavimenta\u00e7\u00e3o, com promessa de mais investimentos na infraestrutura urbana","imagem":"\/img\/imagem\/09_a4b888fb14a3428975cb454db.jpg,\/img\/imagem\/media_09_a4b888fb14a3428975cb454db.jpg,\/img\/imagem\/thumb_09_a4b888fb14a3428975cb454db.jpg,\/img\/imagem\/thumb_fix_09_a4b888fb14a3428975cb454db.jpg","texto":"\u003Cp style=\u0022text-align: left;\u0022\u003E\u003Cimg style=\u0022display: block; margin-left: auto; margin-right: auto;\u0022 src=\u0022https:\/\/gloria.se.gov.br\/img\/imagem\/media_09_a4b888fb14a3428975cb454db.jpg\u0022 alt=\u002209_a4b888fb14a3428975cb454db.jpg\u0022 width=\u0022600\u0022 height=\u0022450\u0022 \/\u003EA Prefeitura de Nossa Senhora da Gl\u0026oacute;ria est\u0026aacute; transformando a mobilidade urbana do munic\u0026iacute;pio com um amplo programa de cal\u0026ccedil;amento de ruas. J\u0026aacute; receberam pavimenta\u0026ccedil;\u0026atilde;o a Travessa da Uni\u0026atilde;o, a sa\u0026iacute;da para a Lagoa de Chocalho, a Rua Adalmir Alves da Costa, a Rua do Joviano Barbosa, a Travessa Justo Andrade, a Rua Palestina e a Rua Castelo Branco. E a boa not\u0026iacute;cia, segundo a administra\u0026ccedil;\u0026atilde;o municipal, \u0026eacute; que vem muito mais por a\u0026iacute;.\u003C\/p\u003E\r\n\u003Cp style=\u0022text-align: justify;\u0022\u003EAs obras fazem parte do compromisso da gest\u0026atilde;o em melhorar a infraestrutura da cidade, levando mais qualidade de vida, acessibilidade e valoriza\u0026ccedil;\u0026atilde;o imobili\u0026aacute;ria para diversos bairros. A iniciativa reflete o trabalho cont\u0026iacute;nuo da Prefeitura em construir o futuro da Capital Sergipana do Leite, priorizando o progresso e o bem-estar da popula\u0026ccedil;\u0026atilde;o.\u003C\/p\u003E\r\n\u003Cp style=\u0022text-align: justify;\u0022\u003EA prefeita Luana Oliveira comemorou os avan\u0026ccedil;os e refor\u0026ccedil;ou o compromisso com novas obras. \u0022Estamos cumprindo nossa miss\u0026atilde;o de transformar Nossa Senhora da Gl\u0026oacute;ria atrav\u0026eacute;s de a\u0026ccedil;\u0026otilde;es concretas. Cada rua cal\u0026ccedil;ada representa mais dignidade para nossas fam\u0026iacute;lias, mais seguran\u0026ccedil;a para nossos filhos e mais desenvolvimento para nosso munic\u0026iacute;pio. E isso \u0026eacute; s\u0026oacute; o come\u0026ccedil;o - temos um planejamento robusto para expandir ainda mais essas melhorias\u0022, afirmou a prefeita.\u003C\/p\u003E\r\n\u003Cp style=\u0022text-align: justify;\u0022\u003EA secret\u0026aacute;ria municipal de Obras e Infraestrutura, Mesiane de Santana, detalhou o andamento dos trabalhos. \u0022J\u0026aacute; entregamos o cal\u0026ccedil;amento em sete vias estrat\u0026eacute;gicas e estamos com um cronograma acelerado para levar essa melhoria para outras comunidades. Nossa equipe trabalha com dedica\u0026ccedil;\u0026atilde;o para garantir que cada obra seja realizada com qualidade e dentro do prazo. A popula\u0026ccedil;\u0026atilde;o pode acompanhar de perto esse progresso que est\u0026aacute; mudando a cara da nossa cidade\u0022, explicou a secret\u0026aacute;ria.\u003C\/p\u003E\r\n\u003Cp style=\u0022text-align: justify;\u0022\u003EOs moradores das ruas j\u0026aacute; pavimentadas comemoram a mudan\u0026ccedil;a. \u0022H\u0026aacute; anos esper\u0026aacute;vamos por esse cal\u0026ccedil;amento. Agora temos mais conforto para trafegar e nossa rua ficou mais valorizada\u0022, comemora a dona de casa Maria Silva, moradora da Rua Palestina.\u003C\/p\u003E\r\n\u003Cp style=\u0022text-align: justify;\u0022\u003EA Prefeitura refor\u0026ccedil;a que continuar\u0026aacute; investindo pesado em infraestrutura, com planos de estender o programa de cal\u0026ccedil;amento para outras regi\u0026otilde;es da cidade, sempre priorizando as necessidades da popula\u0026ccedil;\u0026atilde;o e o desenvolvimento ordenado do munic\u0026iacute;pio.\u003C\/p\u003E\r\n\u003Cp style=\u0022text-align: justify;\u0022\u003E\u003Cimg src=\u0022https:\/\/gloria.se.gov.br\/img\/imagem\/thumb_07_f9ffb38a8eb38386cb349f7.jpg\u0022 alt=\u002207_f9ffb38a8eb38386cb349f7.jpg\u0022 width=\u0022300\u0022 height=\u0022225\u0022 \/\u003E\u003Cimg src=\u0022https:\/\/gloria.se.gov.br\/img\/imagem\/thumb_08_e0ae7ca1cc0416ec752bf2cdf371.jpg\u0022 alt=\u002208_e0ae7ca1cc0416ec752bf2cdf371.jpg\u0022 width=\u0022300\u0022 height=\u0022225\u0022 \/\u003E\u003Cimg src=\u0022https:\/\/gloria.se.gov.br\/img\/imagem\/thumb_06_109880a9f36dfa9e624bb4a02.jpg\u0022 alt=\u002206_109880a9f36dfa9e624bb4a02.jpg\u0022 width=\u0022300\u0022 height=\u0022225\u0022 \/\u003E\u003Cimg src=\u0022https:\/\/gloria.se.gov.br\/img\/imagem\/thumb_03_9d1a2b3e301e7285fa9afb1c0.jpg\u0022 alt=\u002203_9d1a2b3e301e7285fa9afb1c0.jpg\u0022 width=\u0022300\u0022 height=\u0022225\u0022 \/\u003E\u003Cimg src=\u0022https:\/\/gloria.se.gov.br\/img\/imagem\/thumb_05_61e9214b65c6ec4b0f41b838e7a.jpg\u0022 alt=\u002205_61e9214b65c6ec4b0f41b838e7a.jpg\u0022 width=\u0022300\u0022 height=\u0022225\u0022 \/\u003E\u003Cimg src=\u0022https:\/\/gloria.se.gov.br\/img\/imagem\/thumb_02_8a5ca348cbd142bcc9c8ae3f6.jpg\u0022 alt=\u002202_8a5ca348cbd142bcc9c8ae3f6.jpg\u0022 width=\u0022300\u0022 height=\u0022225\u0022 \/\u003E\u003Cimg src=\u0022https:\/\/gloria.se.gov.br\/img\/imagem\/thumb_04_9421d66a95c787b22e735f19.jpg\u0022 alt=\u002204_9421d66a95c787b22e735f19.jpg\u0022 width=\u0022300\u0022 height=\u0022225\u0022 \/\u003E\u003Cimg src=\u0022https:\/\/gloria.se.gov.br\/img\/imagem\/thumb_09_a4b888fb14a3428975cb454db.jpg\u0022 alt=\u002209_a4b888fb14a3428975cb454db.jpg\u0022 width=\u0022300\u0022 height=\u0022225\u0022 \/\u003E\u003C\/p\u003E","tags":"Pavimenta\u00e7\u00e3o Gran\u00edtica,Infraestrutura ,Obras ,Investimento ,Qualidade de Vida ,Cal\u00e7amento","publicacao":"2025-11-10 10:19:00","criado":"2025-11-10 10:19:00","alterado":"2025-11-10 10:19:00"},{"id":652,"categoria_id":"13","categoria":{"id":13,"nome":"ADMINISTRA\u00c7\u00c3O"},"autor_id":"4","autor":{"id":4,"nome":"ASCOM","email":"secom@gloria.se.gov.br"},"titulo":"Prefeitura prorroga prazo para solicita\u00e7\u00e3o de isen\u00e7\u00e3o do IPTU 2024","slug":"prefeitura-prorroga-prazo-para-solicitacao-de-isencao-do-iptu-2024","subtitulo":"Moradores que se enquadram em categorias espec\u00edficas podem requerer o benef\u00edcio at\u00e9 30 de novembro","imagem":"\/img\/imagem\/vemsergrowth-3699096967628553222_20d2d0edbd4d2f8567a6ae2ae21.jpg,\/img\/imagem\/media_vemsergrowth-3699096967628553222_20d2d0edbd4d2f8567a6ae2ae21.jpg,\/img\/imagem\/thumb_vemsergrowth-3699096967628553222_20d2d0edbd4d2f8567a6ae2ae21.jpg,\/img\/imagem\/thumb_fix_vemsergrowth-3699096967628553222_20d2d0edbd4d2f8567a6ae2ae21.jpg","texto":"\u003Cp\u003E\u003Cimg style=\u0022display: block; margin-left: auto; margin-right: auto;\u0022 src=\u0022https:\/\/gloria.se.gov.br\/img\/imagem\/media_vemsergrowth-3699096967628553222_20d2d0edbd4d2f8567a6ae2ae21.jpg\u0022 alt=\u0022vemsergrowth-3699096967628553222_20d2d0edbd4d2f8567a6ae2ae21.jpg\u0022 width=\u0022600\u0022 height=\u0022338\u0022 \/\u003EA Prefeitura de Nossa Senhora da Gl\u0026oacute;ria informa \u0026agrave; popula\u0026ccedil;\u0026atilde;o que est\u0026aacute; aberto o prazo para solicita\u0026ccedil;\u0026atilde;o de isen\u0026ccedil;\u0026atilde;o do Imposto Predial e Territorial Urbano (IPTU) para o exerc\u0026iacute;cio de 2024. Os interessados t\u0026ecirc;m at\u0026eacute; o dia 31 de outubro para protocolar o pedido, conforme disposto na Lei Municipal n\u0026ordm; 64\/2024, Artigo 329. A iniciativa visa garantir direitos e benef\u0026iacute;cios fiscais a quem atende aos crit\u0026eacute;rios legais estabelecidos.\u003C\/p\u003E\r\n\u003Cp\u003EPodem solicitar a isen\u0026ccedil;\u0026atilde;o os contribuintes que se enquadram nas seguintes situa\u0026ccedil;\u0026otilde;es previstas no Inciso IV \u0026ndash; Propriet\u0026aacute;rios de \u0026uacute;nico im\u0026oacute;vel residencial, aposentados ou pensionistas que recebem at\u0026eacute; 1 sal\u0026aacute;rio m\u0026iacute;nimo mensal, com \u0026aacute;rea constru\u0026iacute;da de at\u0026eacute; 90m\u0026sup2;; \u0026nbsp;Inciso V \u0026ndash; Im\u0026oacute;veis de propriedade de associa\u0026ccedil;\u0026otilde;es beneficentes sem fins lucrativos; Inciso VI \u0026ndash; Propriet\u0026aacute;rios de \u0026uacute;nico im\u0026oacute;vel residencial com valor venal de at\u0026eacute; 350 UFMI, desde que n\u0026atilde;o possuam outro im\u0026oacute;vel em seu nome ou de seus filhos e Inciso VII \u0026ndash; Aposentados por invalidez permanente da Previd\u0026ecirc;ncia, propriet\u0026aacute;rios de \u0026uacute;nico im\u0026oacute;vel residencial com valor venal de at\u0026eacute; 500 UFMI.\u003C\/p\u003E\r\n\u003Cp\u003EO secret\u0026aacute;rio municipal de Administra\u0026ccedil;\u0026atilde;o, Planejamento e Desenvolvimento Econ\u0026ocirc;mico, Tiago Souza, refor\u0026ccedil;a a import\u0026acirc;ncia de verificar o enquadramento nos crit\u0026eacute;rios. \u0022\u0026Eacute; fundamental que os cidad\u0026atilde;os comprovem que atendem aos requisitos legais para usufruir do benef\u0026iacute;cio. A isen\u0026ccedil;\u0026atilde;o \u0026eacute; um direito, e nossa equipe est\u0026aacute; \u0026agrave; disposi\u0026ccedil;\u0026atilde;o para esclarecer d\u0026uacute;vidas e orientar sobre a documenta\u0026ccedil;\u0026atilde;o necess\u0026aacute;ria\u0022, afirmou.\u003C\/p\u003E\r\n\u003Cp\u003EA secret\u0026aacute;ria municipal de Finan\u0026ccedil;as, Beatriz Sousa Oliveira, lembra aos contribuintes sobre o prazo. \u0022\u0026Eacute; imprescind\u0026iacute;vel que os interessados n\u0026atilde;o deixem para a \u0026uacute;ltima hora. O pedido deve ser formalizado dentro do prazo estabelecido, ou seja, at\u0026eacute; 31 de outubro, para que possam usufruir da isen\u0026ccedil;\u0026atilde;o neste exerc\u0026iacute;cio fiscal\u0022, alertou a secret\u0026aacute;ria.\u003C\/p\u003E\r\n\u003Cp\u003EOs moradores que se enquadram em uma das categorias devem comparecer \u0026agrave; Secretaria Municipal de Finan\u0026ccedil;as, localizada na sede da Prefeitura, munidos dos documentos necess\u0026aacute;rios para comprova\u0026ccedil;\u0026atilde;o das informa\u0026ccedil;\u0026otilde;es. O atendimento \u0026eacute; realizado de segunda a sexta-feira, das 8h \u0026agrave;s 14h.\u003C\/p\u003E\r\n\u003Cp\u003EA Prefeitura ressalta que o cumprimento dos prazos e a apresenta\u0026ccedil;\u0026atilde;o da documenta\u0026ccedil;\u0026atilde;o correta s\u0026atilde;o essenciais para a concess\u0026atilde;o do benef\u0026iacute;cio.\u003C\/p\u003E","tags":"IPTU,Isen\u00e7\u00e3o,Prorroga\u00e7\u00e3o","publicacao":"2025-11-10 09:59:23","criado":"2025-11-10 09:59:23","alterado":"2025-11-10 09:59:23"},{"id":651,"categoria_id":"4","categoria":{"id":4,"nome":"EDUCA\u00c7\u00c3O"},"autor_id":"4","autor":{"id":4,"nome":"ASCOM","email":"secom@gloria.se.gov.br"},"titulo":"Prefeitura inaugura Sala de Rob\u00f3tica na Escola Municipal Editon Oliveira da Silva","slug":"prefeitura-inaugura-sala-de-robotica-na-escola-municipal-editon-oliveira-da-silva","subtitulo":"Laborat\u00f3rio Maker integra projeto da UFS e representa avan\u00e7o na moderniza\u00e7\u00e3o do ensino p\u00fablico gloriense","imagem":"\/img\/imagem\/07_e8f4d4954f870b8b5bae62.jpg,\/img\/imagem\/media_07_e8f4d4954f870b8b5bae62.jpg,\/img\/imagem\/thumb_07_e8f4d4954f870b8b5bae62.jpg,\/img\/imagem\/thumb_fix_07_e8f4d4954f870b8b5bae62.jpg","texto":"\u003Cp style=\u0022text-align: center;\u0022\u003E\u003Cimg src=\u0022https:\/\/gloria.se.gov.br\/img\/imagem\/media_01_06175662621903e6dfcdbd2c7f.jpg\u0022 alt=\u002201_06175662621903e6dfcdbd2c7f.jpg\u0022 width=\u0022600\u0022 height=\u0022450\u0022 \/\u003E\u003C\/p\u003E\r\n\u003Cp style=\u0022text-align: justify;\u0022\u003EA educa\u0026ccedil;\u0026atilde;o de Nossa Senhora da Gl\u0026oacute;ria deu mais um importante passo em dire\u0026ccedil;\u0026atilde;o \u0026agrave; moderniza\u0026ccedil;\u0026atilde;o e inova\u0026ccedil;\u0026atilde;o. Na manh\u0026atilde; desta quarta-feira (02), a Prefeitura Municipal inaugurou a Sala de Rob\u0026oacute;tica da Escola Municipal Editon Oliveira da Silva, localizada no bairro Cohab. A unidade foi contemplada com um Laborat\u0026oacute;rio Maker, por meio do projeto \u0022Mais Ci\u0026ecirc;ncia nas Escolas do Alto Sert\u0026atilde;o Sergipano\u0022, uma iniciativa da Universidade Federal de Sergipe (UFS) com apoio do CNPq e do Governo Federal.\u003C\/p\u003E\r\n\u003Cp style=\u0022text-align: justify;\u0022\u003EO novo espa\u0026ccedil;o est\u0026aacute; equipado com recursos tecnol\u0026oacute;gicos de ponta que permitir\u0026atilde;o aos estudantes desenvolver habilidades em rob\u0026oacute;tica, programa\u0026ccedil;\u0026atilde;o e metodologias maker, promovendo uma educa\u0026ccedil;\u0026atilde;o mais din\u0026acirc;mica, criativa e alinhada com as demandas do s\u0026eacute;culo XXI.\u003C\/p\u003E\r\n\u003Cp style=\u0022text-align: justify;\u0022\u003EA prefeita Luana Oliveira destacou o investimento na qualidade do ensino. \u0022Nossa gest\u0026atilde;o n\u0026atilde;o para de promover a\u0026ccedil;\u0026otilde;es que melhoram e qualificam cada vez mais a educa\u0026ccedil;\u0026atilde;o ofertada \u0026agrave;s nossas crian\u0026ccedil;as e jovens. Esta sala de rob\u0026oacute;tica reflete nosso compromisso com a moderniza\u0026ccedil;\u0026atilde;o da educa\u0026ccedil;\u0026atilde;o gloriense. Estamos preparando nossos estudantes para os desafios do futuro, com equipamentos de qualidade e metodologias inovadoras\u0022, afirmou a prefeita.\u003C\/p\u003E\r\n\u003Cp style=\u0022text-align: justify;\u0022\u003EO secret\u0026aacute;rio municipal de Educa\u0026ccedil;\u0026atilde;o e Cultura, Cleverton Rodrigues, enfatizou a import\u0026acirc;ncia da parceria. \u0022Este Laborat\u0026oacute;rio Maker representa muito mais do que um espa\u0026ccedil;o f\u0026iacute;sico - \u0026eacute; um ambiente de possibilidades que vai despertar o interesse cient\u0026iacute;fico e tecnol\u0026oacute;gico em nossos alunos. Atrav\u0026eacute;s desta parceria com a UFS, CNPq e Governo Federal, estamos garantindo que nossos estudantes tenham acesso \u0026agrave; mesma qualidade de ensino oferecida nos grandes centros\u0022, explicou o secret\u0026aacute;rio.\u003C\/p\u003E\r\n\u003Cp style=\u0022text-align: justify;\u0022\u003EO projeto \u0022Mais Ci\u0026ecirc;ncia nas Escolas do Alto Sert\u0026atilde;o Sergipano\u0022 tem como objetivo fomentar o ensino de ci\u0026ecirc;ncias e tecnologia em escolas p\u0026uacute;blicas da regi\u0026atilde;o, proporcionando aos estudantes contato com pr\u0026aacute;ticas educativas inovadoras que estimulam o racioc\u0026iacute;nio l\u0026oacute;gico, a criatividade e o trabalho em equipe.\u003C\/p\u003E\r\n\u003Cp style=\u0022text-align: justify;\u0022\u003EA inaugura\u0026ccedil;\u0026atilde;o da Sala de Rob\u0026oacute;tica na Escola Editon Oliveira da Silva refor\u0026ccedil;a o compromisso da administra\u0026ccedil;\u0026atilde;o municipal com uma educa\u0026ccedil;\u0026atilde;o p\u0026uacute;blica de qualidade, que prepara os jovens glorienses para um futuro cada vez mais tecnol\u0026oacute;gico e competitivo.\u003C\/p\u003E\r\n\u003Cp style=\u0022text-align: justify;\u0022\u003E\u003Cstrong\u003EPor:\u003C\/strong\u003E Bruno Balbino Jornalista DRT 2039\/Se - Ascom Gl\u0026oacute;ria \/ \u003Cstrong\u003EFotos:\u003C\/strong\u003E Arquivo\u003C\/p\u003E\r\n\u003Cp style=\u0022text-align: justify;\u0022\u003E\u003Cimg src=\u0022https:\/\/gloria.se.gov.br\/img\/imagem\/thumb_07_e8f4d4954f870b8b5bae62.jpg\u0022 alt=\u002207_e8f4d4954f870b8b5bae62.jpg\u0022 width=\u0022300\u0022 height=\u0022225\u0022 \/\u003E\u003Cimg src=\u0022https:\/\/gloria.se.gov.br\/img\/imagem\/thumb_06_469c0efa7bb715d8df5bb2.jpg\u0022 alt=\u002206_469c0efa7bb715d8df5bb2.jpg\u0022 width=\u0022300\u0022 height=\u0022225\u0022 \/\u003E\u003Cimg src=\u0022https:\/\/gloria.se.gov.br\/img\/imagem\/thumb_03_8585c6f6472be2bf84570.jpg\u0022 alt=\u002203_8585c6f6472be2bf84570.jpg\u0022 width=\u0022300\u0022 height=\u0022225\u0022 \/\u003E\u003Cimg src=\u0022https:\/\/gloria.se.gov.br\/img\/imagem\/thumb_02_5ea2b9c1b5c26e3caab3.jpg\u0022 alt=\u002202_5ea2b9c1b5c26e3caab3.jpg\u0022 width=\u0022300\u0022 height=\u0022225\u0022 \/\u003E\u003Cimg src=\u0022https:\/\/gloria.se.gov.br\/img\/imagem\/thumb_05_700897dc271b19dd4bc834.jpg\u0022 alt=\u002205_700897dc271b19dd4bc834.jpg\u0022 width=\u0022300\u0022 height=\u0022225\u0022 \/\u003E\u003Cimg src=\u0022https:\/\/gloria.se.gov.br\/img\/imagem\/thumb_04_543d2fb658af34614bb131.jpg\u0022 alt=\u002204_543d2fb658af34614bb131.jpg\u0022 width=\u0022300\u0022 height=\u0022225\u0022 \/\u003E\u003Cimg src=\u0022https:\/\/gloria.se.gov.br\/img\/imagem\/thumb_01_06175662621903e6dfcdbd2c7f.jpg\u0022 alt=\u002201_06175662621903e6dfcdbd2c7f.jpg\u0022 width=\u0022300\u0022 height=\u0022225\u0022 \/\u003E\u003C\/p\u003E","tags":"Inova\u00e7\u00e3o ,Tecnologia ,Sala de Rob\u00f3tica ,Escola ,Universidade ,Parceria ,Investimento ,Educa\u00e7\u00e3o","publicacao":"2025-10-14 10:27:40","criado":"2025-10-14 10:27:40","alterado":"2025-10-14 10:27:40"},{"id":650,"categoria_id":"4","categoria":{"id":4,"nome":"EDUCA\u00c7\u00c3O"},"autor_id":"4","autor":{"id":4,"nome":"ASCOM","email":"secom@gloria.se.gov.br"},"titulo":"Escolas municipais de Nossa Senhora da Gl\u00f3ria alcan\u00e7am 1\u00ba lugar no SAESE","slug":"escolas-municipais-de-nossa-senhora-da-gloria-alcancam-1o-lugar-no-saese","subtitulo":"Resultado hist\u00f3rico reflete investimentos em infraestrutura, forma\u00e7\u00e3o docente, materiais did\u00e1ticos e valoriza\u00e7\u00e3o dos profissionais da educa\u00e7\u00e3o","imagem":"\/img\/imagem\/thumb-001-2ff134ecf9c93d080672d13d_95f950c0bb78466f31ce.jpg,\/img\/imagem\/media_thumb-001-2ff134ecf9c93d080672d13d_95f950c0bb78466f31ce.jpg,\/img\/imagem\/thumb_thumb-001-2ff134ecf9c93d080672d13d_95f950c0bb78466f31ce.jpg,\/img\/imagem\/thumb_fix_thumb-001-2ff134ecf9c93d080672d13d_95f950c0bb78466f31ce.jpg","texto":"\u003Cp\u003E\u003Cimg style=\u0022display: block; margin-left: auto; margin-right: auto;\u0022 src=\u0022https:\/\/gloria.se.gov.br\/img\/imagem\/media_thumb-001-2ff134ecf9c93d080672d13d_95f950c0bb78466f31ce.jpg\u0022 alt=\u0022thumb-001-2ff134ecf9c93d080672d13d_95f950c0bb78466f31ce.jpg\u0022 width=\u0022600\u0022 height=\u0022450\u0022 \/\u003E\u003C\/p\u003E\r\n\u003Cp style=\u0022text-align: justify;\u0022\u003EA educa\u0026ccedil;\u0026atilde;o de Nossa Senhora da Gl\u0026oacute;ria celebra um marco hist\u0026oacute;rico, o munic\u0026iacute;pio atingiu o 1\u0026ordm; lugar geral no Sistema de Avalia\u0026ccedil;\u0026atilde;o da Educa\u0026ccedil;\u0026atilde;o B\u0026aacute;sica de Sergipe (SAESE), destacando-se como refer\u0026ecirc;ncia em qualidade de ensino no estado. O resultado comprova o acerto das pol\u0026iacute;ticas p\u0026uacute;blicas implementadas pela Prefeitura, por meio da Secretaria Municipal de Educa\u0026ccedil;\u0026atilde;o e Cultura (SEMEC), que v\u0026ecirc;m transformando a realidade educacional do munic\u0026iacute;pio.\u003C\/p\u003E\r\n\u003Cp style=\u0022text-align: justify;\u0022\u003EO desempenho excepcional \u0026eacute; fruto de investimentos estrat\u0026eacute;gicos e cont\u0026iacute;nuos, que incluem a moderniza\u0026ccedil;\u0026atilde;o da infraestrutura de todas as escolas da rede, aquisi\u0026ccedil;\u0026atilde;o de materiais did\u0026aacute;ticos modernos e tecnol\u0026oacute;gicos, cria\u0026ccedil;\u0026atilde;o de programas de refor\u0026ccedil;o escolar e forma\u0026ccedil;\u0026atilde;o continuada para professores, al\u0026eacute;m da valoriza\u0026ccedil;\u0026atilde;o dos servidores por meio de capacita\u0026ccedil;\u0026otilde;es, melhores condi\u0026ccedil;\u0026otilde;es de trabalho e reconhecimento profissional.\u003C\/p\u003E\r\n\u003Cp style=\u0022text-align: justify;\u0022\u003EA prefeita Luana Oliveira comemorou o resultado e destacou o compromisso da gest\u0026atilde;o com a educa\u0026ccedil;\u0026atilde;o. \u0022Este primeiro lugar no SAESE n\u0026atilde;o \u0026eacute; apenas um n\u0026uacute;mero, \u0026eacute; a prova do que acontece quando investimos com seriedade na educa\u0026ccedil;\u0026atilde;o das nossas crian\u0026ccedil;as. Estamos modernizando escolas, capacitando nossos professores e garantindo que cada aluno tenha acesso a um ensino de qualidade. Esta conquista \u0026eacute; de todos os glorienses que acreditam na educa\u0026ccedil;\u0026atilde;o como ferramenta de transforma\u0026ccedil;\u0026atilde;o social\u0022, expresssou.\u003C\/p\u003E\r\n\u003Cp style=\u0022text-align: justify;\u0022\u003EO secret\u0026aacute;rio municipal de Educa\u0026ccedil;\u0026atilde;o e Cultura, Cleverton Rodrigues, refor\u0026ccedil;ou a import\u0026acirc;ncia do trabalho coletivo. \u0022Este resultado \u0026eacute; o reflexo do esfor\u0026ccedil;o incans\u0026aacute;vel de nossos professores, diretores, coordenadores, servidores e das fam\u0026iacute;lias que acompanham e incentivam nossos estudantes. Cada detalhe, desde a merenda escolar de qualidade at\u0026eacute; os programas de refor\u0026ccedil;o, contribu\u0026iacute;ram para esse sucesso. Estamos construindo uma educa\u0026ccedil;\u0026atilde;o p\u0026uacute;blica que prepara para a vida e abre portas para o futuro\u0022, destacou.\u003C\/p\u003E\r\n\u003Cp style=\u0022text-align: justify;\u0022\u003E\u003Cstrong\u003EPor:\u003C\/strong\u003E Bruno Balbino Jornalista DRT 2039\/Se - Ascom Gl\u0026oacute;ria \/ \u003Cstrong\u003EFotos:\u003C\/strong\u003E Arquivo\u003C\/p\u003E\r\n\u003Cp style=\u0022text-align: justify;\u0022\u003E\u003Cimg src=\u0022https:\/\/gloria.se.gov.br\/img\/imagem\/thumb_thumb-002-30bdf381486d7d8bc187_feacc30bd70b177a658ccbfcd.jpg\u0022 alt=\u0022thumb-002-30bdf381486d7d8bc187_feacc30bd70b177a658ccbfcd.jpg\u0022 width=\u0022300\u0022 height=\u0022225\u0022 \/\u003E\u003Cimg src=\u0022https:\/\/gloria.se.gov.br\/img\/imagem\/thumb_thumb-07-ae0bd71e012c2cdd8b3b86_13899f7e19f483979a4833949ada16.jpg\u0022 alt=\u0022thumb-07-ae0bd71e012c2cdd8b3b86_13899f7e19f483979a4833949ada16.jpg\u0022 width=\u0022300\u0022 height=\u0022225\u0022 \/\u003E\u003C\/p\u003E","tags":"Saese,Destaque,1\u00ba Lugar,Escolas Municipais ,Educa\u00e7\u00e3o ,Qualidade ,Investimentos","publicacao":"2025-10-14 10:03:46","criado":"2025-10-14 10:03:46","alterado":"2025-10-14 10:03:46"},{"id":649,"categoria_id":"13","categoria":{"id":13,"nome":"ADMINISTRA\u00c7\u00c3O"},"autor_id":"4","autor":{"id":4,"nome":"ASCOM","email":"secom@gloria.se.gov.br"},"titulo":"Plano Diretor inicia fase de audi\u00eancias p\u00fablicas com participa\u00e7\u00e3o popular na sede e zona rural","slug":"plano-diretor-inicia-fase-de-audiencias-publicas-com-participacao-popular-na-sede-e-zona-rural","subtitulo":"Encontros na Escola Padre Jo\u00e3o Szurek e no povoado Lagoa Bonita marcam in\u00edcio da constru\u00e7\u00e3o coletiva do futuro do munic\u00edpio","imagem":"\/img\/imagem\/01_683a1b50a5d2177e6f9db539.jpg,\/img\/imagem\/media_01_683a1b50a5d2177e6f9db539.jpg,\/img\/imagem\/thumb_01_683a1b50a5d2177e6f9db539.jpg,\/img\/imagem\/thumb_fix_01_683a1b50a5d2177e6f9db539.jpg","texto":"\u003Cp style=\u0022text-align: center;\u0022\u003E\u003Cimg src=\u0022https:\/\/gloria.se.gov.br\/img\/imagem\/media_03_ecb9f8468fd52226169298c5458.jpg\u0022 alt=\u002203_ecb9f8468fd52226169298c5458.jpg\u0022 width=\u0022600\u0022 height=\u0022450\u0022 \/\u003E\u003C\/p\u003E\r\n\u003Cp style=\u0022text-align: justify;\u0022\u003EFoi dado o primeiro passo hist\u0026oacute;rico para a constru\u0026ccedil;\u0026atilde;o do novo Plano Diretor de Nossa Senhora da Gl\u0026oacute;ria. Nos dias 24 e 25 de setembro, a Prefeitura Municipal realizou as primeiras audi\u0026ecirc;ncias p\u0026uacute;blicas do Plano Diretor, na sede do munic\u0026iacute;pio e no povoado Lagoa Bonita, respectivamente. Os encontros marcam o in\u0026iacute;cio de um processo democr\u0026aacute;tico e participativo que vai ouvir as demandas, necessidades e ideias da popula\u0026ccedil;\u0026atilde;o gloriense para o futuro da cidade.\u003C\/p\u003E\r\n\u003Cp style=\u0022text-align: justify;\u0022\u003EA primeira audi\u0026ecirc;ncia aconteceu na ter\u0026ccedil;a-feira (24), na quadra de esportes da Escola Municipal Padre Jo\u0026atilde;o Szurek, na sede do munic\u0026iacute;pio. J\u0026aacute; na quarta-feira (25), foi a vez dos moradores da zona rural participarem ativamente do debate, na Escola Municipal Presidente Dutra, no povoado Lagoa Bonita. Ambos os eventos contaram com expressiva participa\u0026ccedil;\u0026atilde;o popular, demostrando o engajamento da comunidade neste importante momento de planejamento urbano.\u003C\/p\u003E\r\n\u003Cp style=\u0022text-align: justify;\u0022\u003EA prefeita Luana Oliveira destacou a import\u0026acirc;ncia da participa\u0026ccedil;\u0026atilde;o popular. \u0022Estamos construindo o futuro da nossa Gl\u0026oacute;ria com as m\u0026atilde;os de todos. Estas primeiras audi\u0026ecirc;ncias p\u0026uacute;blicas representam o compromisso da nossa gest\u0026atilde;o com um planejamento urbano democr\u0026aacute;tico e transparente. Cada sugest\u0026atilde;o, cada ideia apresentada pela popula\u0026ccedil;\u0026atilde;o \u0026eacute; fundamental para que possamos juntos construir uma cidade mais organizada, justa e pr\u0026oacute;spera para as atuais e futuras gera\u0026ccedil;\u0026otilde;es\u0022, afirmou a prefeita.\u003C\/p\u003E\r\n\u003Cp style=\u0022text-align: justify;\u0022\u003EPara garantir que todos os glorienses possam contribuir com o processo, a Prefeitura disponibilizou canais de participa\u0026ccedil;\u0026atilde;o digital. A popula\u0026ccedil;\u0026atilde;o pode acessar o site www.planodiretorgloriase.com.br ou o perfil no Instagram @pmgdiretor para enviar suas contribui\u0026ccedil;\u0026otilde;es, ideias e proposituras.\u003C\/p\u003E\r\n\u003Cp style=\u0022text-align: justify;\u0022\u003EO Plano Diretor \u0026eacute; o instrumento b\u0026aacute;sico para o planejamento e organiza\u0026ccedil;\u0026atilde;o territorial do munic\u0026iacute;pio, definindo diretrizes para o uso do solo, expans\u0026atilde;o urbana, prote\u0026ccedil;\u0026atilde;o ambiental e desenvolvimento sustent\u0026aacute;vel. A participa\u0026ccedil;\u0026atilde;o popular \u0026eacute; essencial para que o documento final reflita verdadeiramente os anseios e necessidades de toda a comunidade.\u003C\/p\u003E\r\n\u003Cp style=\u0022text-align: justify;\u0022\u003E\u003Cstrong\u003EPor:\u003C\/strong\u003E Bruno Balbino Jornalista DRT 2039\/Se - Ascom Gl\u0026oacute;ria \/ \u003Cstrong\u003EFotos:\u003C\/strong\u003E Arquivo\u003C\/p\u003E\r\n\u003Cp style=\u0022text-align: justify;\u0022\u003E\u003Cimg src=\u0022https:\/\/gloria.se.gov.br\/img\/imagem\/thumb_01_683a1b50a5d2177e6f9db539.jpg\u0022 alt=\u002201_683a1b50a5d2177e6f9db539.jpg\u0022 width=\u0022300\u0022 height=\u0022225\u0022 \/\u003E\u003Cimg src=\u0022https:\/\/gloria.se.gov.br\/img\/imagem\/thumb_05_a821daf00c7b04baef7a689e5b31.jpg\u0022 alt=\u002205_a821daf00c7b04baef7a689e5b31.jpg\u0022 width=\u0022300\u0022 height=\u0022225\u0022 \/\u003E\u003Cimg src=\u0022https:\/\/gloria.se.gov.br\/img\/imagem\/thumb_03_ecb9f8468fd52226169298c5458.jpg\u0022 alt=\u002203_ecb9f8468fd52226169298c5458.jpg\u0022 width=\u0022300\u0022 height=\u0022225\u0022 \/\u003E\u003Cimg src=\u0022https:\/\/gloria.se.gov.br\/img\/imagem\/thumb_02_1be1caace57dc41cd160a283ec7.jpg\u0022 alt=\u002202_1be1caace57dc41cd160a283ec7.jpg\u0022 width=\u0022300\u0022 height=\u0022225\u0022 \/\u003E\u003Cimg src=\u0022https:\/\/gloria.se.gov.br\/img\/imagem\/thumb_04_54ba56716f7ab8bf426c4cac02a8.jpg\u0022 alt=\u002204_54ba56716f7ab8bf426c4cac02a8.jpg\u0022 width=\u0022300\u0022 height=\u0022225\u0022 \/\u003E\u003Cimg src=\u0022https:\/\/gloria.se.gov.br\/img\/imagem\/thumb_06_39273ac9be2bef6c6f97bf9.jpg\u0022 alt=\u002206_39273ac9be2bef6c6f97bf9.jpg\u0022 width=\u0022300\u0022 height=\u0022225\u0022 \/\u003E\u003Cimg src=\u0022https:\/\/gloria.se.gov.br\/img\/imagem\/thumb_07_3acb9ba159c8ce1f89efdc.jpg\u0022 alt=\u002207_3acb9ba159c8ce1f89efdc.jpg\u0022 width=\u0022300\u0022 height=\u0022225\u0022 \/\u003E\u003Cimg src=\u0022https:\/\/gloria.se.gov.br\/img\/imagem\/thumb_08_2d7c2930ec88d25fa0fbdf1.jpg\u0022 alt=\u002208_2d7c2930ec88d25fa0fbdf1.jpg\u0022 width=\u0022300\u0022 height=\u0022225\u0022 \/\u003E\u003Cimg src=\u0022https:\/\/gloria.se.gov.br\/img\/imagem\/thumb_09_d5655931ff3ff098651bbdff1c4b.jpg\u0022 alt=\u002209_d5655931ff3ff098651bbdff1c4b.jpg\u0022 width=\u0022300\u0022 height=\u0022225\u0022 \/\u003E\u003C\/p\u003E","tags":"Audi\u00eancia P\u00fablica ,Zona Rural,Zona Urbana,Di\u00e1logo ,Oitiva ,Plano Diretor","publicacao":"2025-10-14 09:57:58","criado":"2025-10-14 09:57:58","alterado":"2025-10-14 09:57:58"},{"id":648,"categoria_id":"13","categoria":{"id":13,"nome":"ADMINISTRA\u00c7\u00c3O"},"autor_id":"4","autor":{"id":4,"nome":"ASCOM","email":"secom@gloria.se.gov.br"},"titulo":"Gest\u00e3o Itinerante leva servi\u00e7os integrados da Prefeitura ao povoado Tanque de Pedra","slug":"gestao-itinerante-leva-servicos-integrados-da-prefeitura-ao-povoado-tanque-de-pedra","subtitulo":"Programa reuniu diversas secretarias municipais para oferecer atendimento direto \u00e0 popula\u00e7\u00e3o rural, promovendo cidadania e aproxima\u00e7\u00e3o do poder p\u00fablico","imagem":"\/img\/imagem\/prefdegloria-3733347357401652288-s2025-10-14-9-23-758-story_362b7bd37763a70b38bb25.jpg,\/img\/imagem\/media_prefdegloria-3733347357401652288-s2025-10-14-9-23-758-story_362b7bd37763a70b38bb25.jpg,\/img\/imagem\/thumb_prefdegloria-3733347357401652288-s2025-10-14-9-23-758-story_362b7bd37763a70b38bb25.jpg,\/img\/imagem\/thumb_fix_prefdegloria-3733347357401652288-s2025-10-14-9-23-758-story_362b7bd37763a70b38bb25.jpg","texto":"\u003Cp style=\u0022text-align: center;\u0022\u003E\u003Cimg src=\u0022https:\/\/gloria.se.gov.br\/img\/imagem\/media_prefdegloria-3733347357401652288-s2025-10-14-9-23-758-story_362b7bd37763a70b38bb25.jpg\u0022 alt=\u0022prefdegloria-3733347357401652288-s2025-10-14-9-23-758-story_362b7bd37763a70b38bb25.jpg\u0022 width=\u0022600\u0022 height=\u0022450\u0022 \/\u003E\u003C\/p\u003E\r\n\u003Cp style=\u0022text-align: justify;\u0022\u003EO programa \u0022Gest\u0026atilde;o Itinerante\u0022 desembarcou com for\u0026ccedil;a total no povoado Tanque de Pedra. Nesta ter\u0026ccedil;a-feira, 30, a Prefeitura de Nossa Senhora da Gl\u0026oacute;ria mobilizou diversas secretarias municipais para levar servi\u0026ccedil;os gratuitos e essenciais diretamente \u0026agrave; popula\u0026ccedil;\u0026atilde;o rural. A a\u0026ccedil;\u0026atilde;o, que integrou as \u0026aacute;reas de Assist\u0026ecirc;ncia Social, Sa\u0026uacute;de, Educa\u0026ccedil;\u0026atilde;o, Meio Ambiente, Agricultura e outras, refor\u0026ccedil;a o compromisso da administra\u0026ccedil;\u0026atilde;o municipal em promover dignidade e qualidade de vida a todos os moradores da Capital Sergipana do Leite.\u003C\/p\u003E\r\n\u003Cp style=\u0022text-align: justify;\u0022\u003EOs moradores do povoado e comunidades vizinhas tiveram acesso a uma gama de servi\u0026ccedil;os, incluindo atendimentos m\u0026eacute;dicos b\u0026aacute;sicos, atualiza\u0026ccedil;\u0026atilde;o do cadastro \u0026uacute;nico, emiss\u0026atilde;o de documentos, orienta\u0026ccedil;\u0026otilde;es sobre programas sociais, vacina\u0026ccedil;\u0026atilde;o, atividades educativas e informa\u0026ccedil;\u0026otilde;es sobre pol\u0026iacute;ticas agr\u0026iacute;colas e ambientais. A iniciativa possibilitou que muitos residentes da zona rural resolvessem demandas sem precisar se deslocar at\u0026eacute; a sede do munic\u0026iacute;pio.\u003C\/p\u003E\r\n\u003Cp style=\u0022text-align: justify;\u0022\u003EA prefeita Luana Oliveira destacou a import\u0026acirc;ncia de levar a gest\u0026atilde;o at\u0026eacute; as comunidades. \u0022Nosso compromisso \u0026eacute; com toda a popula\u0026ccedil;\u0026atilde;o gloriense, e o Gest\u0026atilde;o Itinerante \u0026eacute; a materializa\u0026ccedil;\u0026atilde;o desse prop\u0026oacute;sito. Estar aqui no Tanque de Pedra, ouvindo as pessoas e levando servi\u0026ccedil;os de qualidade, fortalece o v\u0026iacute;nculo entre a administra\u0026ccedil;\u0026atilde;o p\u0026uacute;blica e a comunidade. \u0026Eacute; a gest\u0026atilde;o saindo do gabinete e indonde o povo est\u0026aacute;\u0022, afirmou a prefeita.\u003C\/p\u003E\r\n\u003Cp style=\u0022text-align: justify;\u0022\u003EA secret\u0026aacute;ria municipal de Sa\u0026uacute;de, Samara Arag\u0026atilde;o, ressaltou o impacto das a\u0026ccedil;\u0026otilde;es integradas. \u0022Quando unimos for\u0026ccedil;as entre as secretarias, o cidad\u0026atilde;o \u0026eacute; atendido de forma completa. Aqui no Tanque de Pedra, pudemos oferecer desde consultas m\u0026eacute;dicas at\u0026eacute; orienta\u0026ccedil;\u0026otilde;es sobre preven\u0026ccedil;\u0026atilde;o e cuidados com a sa\u0026uacute;de, mostrando que nossa preocupa\u0026ccedil;\u0026atilde;o vai al\u0026eacute;m do tratamento de doen\u0026ccedil;as\u0022, explicou.\u003C\/p\u003E\r\n\u003Cp style=\u0022text-align: justify;\u0022\u003EA secret\u0026aacute;ria municipal de Assist\u0026ecirc;ncia Social, Annikaren de Oliveira Gomes Pinheiro, complementou: \u0022Levar os servi\u0026ccedil;os da assist\u0026ecirc;ncia social para perto das pessoas \u0026eacute; garantir que os direitos mais b\u0026aacute;sicos sejam acessados por todos. Muitas fam\u0026iacute;lias do campo t\u0026ecirc;m dificuldade de ir at\u0026eacute; o CRAS, ent\u0026atilde;o n\u0026oacute;s vamos at\u0026eacute; elas. \u0026Eacute; a inclus\u0026atilde;o social acontecendo na pr\u0026aacute;tica\u0022.\u003C\/p\u003E\r\n\u003Cp style=\u0022text-align: justify;\u0022\u003EO programa Gest\u0026atilde;o Itinerante continua percorrendo os povoados do munic\u0026iacute;pio, fortalecendo a pol\u0026iacute;tica de interioriza\u0026ccedil;\u0026atilde;o dos servi\u0026ccedil;os p\u0026uacute;blicos e reafirmando o compromisso da Prefeitura em governar para todos, com equidade e aten\u0026ccedil;\u0026atilde;o \u0026agrave;s necessidades espec\u0026iacute;ficas de cada comunidade.\u003C\/p\u003E\r\n\u003Cp style=\u0022text-align: justify;\u0022\u003E\u003Cstrong\u003EPor:\u003C\/strong\u003E Bruno Balbino Jornalista DRT 2039\/Se - Ascom Gl\u0026oacute;ria \/ \u003Cstrong\u003EFotos:\u003C\/strong\u003E Arquivo\u003C\/p\u003E\r\n\u003Cp style=\u0022text-align: justify;\u0022\u003E\u003Cimg src=\u0022https:\/\/gloria.se.gov.br\/img\/imagem\/thumb_prefdegloria-3733347357426838595-s2025-10-14-9-23-556-story_8f1b8523e164731463eb06e.jpg\u0022 alt=\u0022prefdegloria-3733347357426838595-s2025-10-14-9-23-556-story_8f1b8523e164731463eb06e.jpg\u0022 width=\u0022300\u0022 height=\u0022225\u0022 \/\u003E\u003Cimg src=\u0022https:\/\/gloria.se.gov.br\/img\/imagem\/thumb_prefdegloria-3733347357410035545-s2025-10-14-9-23-749-story_8c8aae39534601e76491f4d3.jpg\u0022 alt=\u0022prefdegloria-3733347357410035545-s2025-10-14-9-23-749-story_8c8aae39534601e76491f4d3.jpg\u0022 width=\u0022300\u0022 height=\u0022225\u0022 \/\u003E\u003Cimg src=\u0022https:\/\/gloria.se.gov.br\/img\/imagem\/thumb_prefdegloria-3733347357418396340-s2025-10-14-9-23-682-story_7c624935dfcbd7b8124fa86b.jpg\u0022 alt=\u0022prefdegloria-3733347357418396340-s2025-10-14-9-23-682-story_7c624935dfcbd7b8124fa86b.jpg\u0022 width=\u0022300\u0022 height=\u0022225\u0022 \/\u003E\u003Cimg src=\u0022https:\/\/gloria.se.gov.br\/img\/imagem\/thumb_prefdegloria-3733347357762363295-s2025-10-14-9-23-159-story_41cc0bea79c36ec4491dd04.jpg\u0022 alt=\u0022prefdegloria-3733347357762363295-s2025-10-14-9-23-159-story_41cc0bea79c36ec4491dd04.jpg\u0022 width=\u0022300\u0022 height=\u0022225\u0022 \/\u003E\u003Cimg src=\u0022https:\/\/gloria.se.gov.br\/img\/imagem\/thumb_prefdegloria-3733347357426826291-s2025-10-14-9-23-228-story_4538c5e7778903fcca3fab.jpg\u0022 alt=\u0022prefdegloria-3733347357426826291-s2025-10-14-9-23-228-story_4538c5e7778903fcca3fab.jpg\u0022 width=\u0022300\u0022 height=\u0022225\u0022 \/\u003E\u003Cimg src=\u0022https:\/\/gloria.se.gov.br\/img\/imagem\/thumb_prefdegloria-3733347357401652288-s2025-10-14-9-23-758-story_362b7bd37763a70b38bb25.jpg\u0022 alt=\u0022prefdegloria-3733347357401652288-s2025-10-14-9-23-758-story_362b7bd37763a70b38bb25.jpg\u0022 width=\u0022300\u0022 height=\u0022225\u0022 \/\u003E\u003C\/p\u003E","tags":"Assist\u00eancia Social,Sa\u00fade ,Educa\u00e7\u00e3o ,Meio Ambiente,Esporte ,Gest\u00e3o Itinerante ,Administra\u00e7\u00e3o","publicacao":"2025-10-14 09:53:39","criado":"2025-10-14 09:53:39","alterado":"2025-10-14 09:53:39"}],"busca":null}