{"categorias":[{"id":8,"nome":"A\u00c7\u00c3O SOCIAL","criado":"2021-05-27 11:40:03","alterado":"2021-05-27 11:40:03"},{"id":13,"nome":"ADMINISTRA\u00c7\u00c3O","criado":"2021-11-16 14:49:05","alterado":"2021-11-16 14:49:05"},{"id":10,"nome":"AGRICULTURA","criado":"2021-11-16 14:47:08","alterado":"2021-11-16 14:48:48"},{"id":1,"nome":"COVID-19","criado":"2021-05-27 11:38:47","alterado":"2021-05-27 11:38:47"},{"id":5,"nome":"CULTURA","criado":"2021-05-27 11:39:28","alterado":"2021-05-27 11:39:28"},{"id":16,"nome":"DEFESA CIVIL","criado":"2021-11-16 14:55:45","alterado":"2021-11-16 14:55:45"},{"id":11,"nome":"DESENVOLVIMENTO ECON\u00d4MICO","criado":"2021-11-16 14:47:27","alterado":"2021-11-16 14:48:32"},{"id":4,"nome":"EDUCA\u00c7\u00c3O","criado":"2021-05-27 11:39:16","alterado":"2021-05-27 11:39:16"},{"id":12,"nome":"ESPORTE","criado":"2021-11-16 14:47:41","alterado":"2021-11-16 14:48:04"},{"id":14,"nome":"FINAN\u00c7AS","criado":"2021-11-16 14:49:25","alterado":"2021-11-16 14:49:25"},{"id":7,"nome":"INFRAESTRUTURA","criado":"2021-05-27 11:39:52","alterado":"2021-05-27 11:39:52"},{"id":17,"nome":"MEIO AMBIENTE","criado":"2022-07-05 10:28:59","alterado":"2022-07-05 10:29:22"},{"id":2,"nome":"OBRAS","criado":"2021-05-27 11:38:58","alterado":"2021-05-27 11:38:58"},{"id":3,"nome":"SA\u00daDE","criado":"2021-05-27 11:39:08","alterado":"2021-05-27 11:39:08"},{"id":15,"nome":"SUPERINTENDENCIA MUNICIPAL DE TRASPORTES E TR\u00c2NSITO - SMTT","criado":"2021-11-16 14:54:47","alterado":"2021-11-16 14:55:26"},{"id":6,"nome":"TURISMO","criado":"2021-05-27 11:39:38","alterado":"2021-05-27 11:39:38"},{"id":9,"nome":"VACINA","criado":"2021-05-27 11:40:12","alterado":"2021-05-27 11:40:12"}],"categoria":null,"paginacao":{"atual":3,"proxima":4,"anterior":2,"total_registros":742,"total_paginas":62},"itens":[{"id":719,"categoria_id":"3","categoria":{"id":3,"nome":"SA\u00daDE"},"autor_id":"4","autor":{"id":4,"nome":"ASCOM","email":"secom@gloria.se.gov.br"},"titulo":"Prefeitura de Gl\u00f3ria realiza a\u00e7\u00e3o em alus\u00e3o ao Mar\u00e7o Lil\u00e1s","slug":"prefeitura-de-gloria-realiza-acao-em-alusao-ao-marco-lilas","subtitulo":"A\u00e7\u00e3o realizou mais de 200 atendimentos \u00e0s mulheres glorienses","imagem":"\/img\/imagem\/01_596761a581e2df320fb45c.jpg,\/img\/imagem\/media_01_596761a581e2df320fb45c.jpg,\/img\/imagem\/thumb_01_596761a581e2df320fb45c.jpg,\/img\/imagem\/thumb_fix_01_596761a581e2df320fb45c.jpg","texto":"\u003Cp\u003E\u003Cimg style=\u0022display: block; margin-left: auto; margin-right: auto;\u0022 src=\u0022https:\/\/gloria.se.gov.br\/img\/imagem\/media_01_596761a581e2df320fb45c.jpg\u0022 alt=\u002201_596761a581e2df320fb45c.jpg\u0022 width=\u0022521\u0022 height=\u0022391\u0022 \/\u003E\u003C\/p\u003E\r\n\u003Cp style=\u0022text-align: justify;\u0022\u003EA Prefeitura de Nossa Senhora da Gl\u0026oacute;ria, por meio das Secretarias Municipais de Sa\u0026uacute;de (SMS) e de Assist\u0026ecirc;ncia Social, Inclus\u0026atilde;o e Cidadania (Smasic), realizou nesta quinta-feira, 19, uma grande a\u0026ccedil;\u0026atilde;o em alus\u0026atilde;o ao Mar\u0026ccedil;o Lil\u0026aacute;s, campanha de conscientiza\u0026ccedil;\u0026atilde;o e preven\u0026ccedil;\u0026atilde;o ao c\u0026acirc;ncer do colo do \u0026uacute;tero. O evento aconteceu na Cl\u0026iacute;nica de Sa\u0026uacute;de da Fam\u0026iacute;lia Maria da Concei\u0026ccedil;\u0026atilde;o Parteira (antigo Sesp) e contou com a parceria do Governo do Estado, por meio da Carreta da Mulher, que ofertou servi\u0026ccedil;os itinerantes de sa\u0026uacute;de e cidadania.\u003C\/p\u003E\r\n\u003Cp style=\u0022text-align: justify;\u0022\u003EAo todo, foram mais de 200 atendimentos prestados \u0026agrave; popula\u0026ccedil;\u0026atilde;o feminina do munic\u0026iacute;pio, consolidando a iniciativa como um marco na promo\u0026ccedil;\u0026atilde;o do cuidado integral \u0026agrave; mulher gloriense.\u003C\/p\u003E\r\n\u003Cp style=\u0022text-align: justify;\u0022\u003EA estrutura montada na unidade de sa\u0026uacute;de reuniu equipes multidisciplinares da SMS, que ofertaram consultas m\u0026eacute;dicas, exames preventivos (Papanicolau), coleta de exames laboratoriais e orienta\u0026ccedil;\u0026otilde;es sobre sa\u0026uacute;de sexual e reprodutiva. J\u0026aacute; a Carreta da Mulher, equipamento itinerante do Governo Estadual, ampliou a capacidade de atendimento, garantindo agilidade e qualidade nos procedimentos.\u003C\/p\u003E\r\n\u003Cp style=\u0022text-align: justify;\u0022\u003EParalelamente, a Secretaria de Assist\u0026ecirc;ncia Social, Inclus\u0026atilde;o e Cidadania mobilizou sua rede de prote\u0026ccedil;\u0026atilde;o, com atua\u0026ccedil;\u0026atilde;o dos Centros de Refer\u0026ecirc;ncia em Assist\u0026ecirc;ncia Social (CRAS), do Centro de Refer\u0026ecirc;ncia Especializada em Assist\u0026ecirc;ncia Social (CREAS), do Centro de Refer\u0026ecirc;ncia Especializado em Assist\u0026ecirc;ncia \u0026agrave; Mulher (CREAM) e do Conselho Municipal da Mulher. Os servi\u0026ccedil;os inclu\u0026iacute;ram acolhimento psicossocial, orienta\u0026ccedil;\u0026atilde;o sobre direitos da mulher, cadastramento em programas sociais e informa\u0026ccedil;\u0026otilde;es sobre a rede de enfrentamento \u0026agrave; viol\u0026ecirc;ncia dom\u0026eacute;stica.\u003C\/p\u003E\r\n\u003Cp style=\u0022text-align: justify;\u0022\u003EA secret\u0026aacute;ria municipal de Assist\u0026ecirc;ncia Social, Annikaren de Oliveira Gomes Pinheiro, destacou a import\u0026acirc;ncia da articula\u0026ccedil;\u0026atilde;o entre os poderes estadual e municipal para garantir acessibilidade e prote\u0026ccedil;\u0026atilde;o \u0026agrave;s mulheres.\u003C\/p\u003E\r\n\u003Cp style=\u0022text-align: justify;\u0022\u003E\u0022A a\u0026ccedil;\u0026atilde;o do Mar\u0026ccedil;o Lil\u0026aacute;s e do Gest\u0026atilde;o Mulher foi de grande import\u0026acirc;ncia para o nosso munic\u0026iacute;pio, pois aproximou ainda mais os servi\u0026ccedil;os das mulheres, levando cuidado, orienta\u0026ccedil;\u0026atilde;o e acolhimento de forma acess\u0026iacute;vel. Essa parceria entre o Governo do Estado e o munic\u0026iacute;pio, junto com a Secretaria de Assist\u0026ecirc;ncia Social, Sa\u0026uacute;de e o CREAM, fortalece a rede de prote\u0026ccedil;\u0026atilde;o e garante mais dignidade para todas. A Secretaria de Assist\u0026ecirc;ncia Social segue \u0026agrave; disposi\u0026ccedil;\u0026atilde;o, de portas abertas, para acolher, orientar e cuidar das mulheres do nosso munic\u0026iacute;pio\u0022, afirmou.\u003C\/p\u003E\r\n\u003Cp style=\u0022text-align: justify;\u0022\u003EA secret\u0026aacute;ria municipal de Sa\u0026uacute;de, Samara Arag\u0026atilde;o, refor\u0026ccedil;ou o papel preventivo da iniciativa e o compromisso da gest\u0026atilde;o com a sa\u0026uacute;de da mulher. \u0022A a\u0026ccedil;\u0026atilde;o do Mar\u0026ccedil;o Lil\u0026aacute;s realizada hoje foi um momento importante de cuidado e valoriza\u0026ccedil;\u0026atilde;o da sa\u0026uacute;de da mulher, com a oferta de exames, consultas e orienta\u0026ccedil;\u0026otilde;es. A iniciativa refor\u0026ccedil;a a import\u0026acirc;ncia da preven\u0026ccedil;\u0026atilde;o e do diagn\u0026oacute;stico precoce, especialmente do c\u0026acirc;ncer do colo do \u0026uacute;tero\u0022, declarou.\u003C\/p\u003E\r\n\u003Cp style=\u0022text-align: justify;\u0022\u003EO Mar\u0026ccedil;o Lil\u0026aacute;s \u0026eacute; uma campanha nacional que visa alertar a popula\u0026ccedil;\u0026atilde;o sobre a import\u0026acirc;ncia da preven\u0026ccedil;\u0026atilde;o e do diagn\u0026oacute;stico precoce do c\u0026acirc;ncer do colo do \u0026uacute;tero, doen\u0026ccedil;a que pode ser evitada com a vacina\u0026ccedil;\u0026atilde;o contra o HPV e a realiza\u0026ccedil;\u0026atilde;o peri\u0026oacute;dica do exame preventivo. A a\u0026ccedil;\u0026atilde;o integrada realizada em Gl\u0026oacute;ria demonstra o compromisso da gest\u0026atilde;o municipal em ampliar o acesso aos servi\u0026ccedil;os e fortalecer a rede de prote\u0026ccedil;\u0026atilde;o \u0026agrave; mulher.\u003C\/p\u003E\r\n\u003Cp style=\u0022text-align: justify;\u0022\u003EA Prefeitura de Nossa Senhora da Gl\u0026oacute;ria segue com a programa\u0026ccedil;\u0026atilde;o alusiva ao m\u0026ecirc;s da mulher e refor\u0026ccedil;a que os servi\u0026ccedil;os de sa\u0026uacute;de e assist\u0026ecirc;ncia social est\u0026atilde;o permanentemente dispon\u0026iacute;veis nas unidades do munic\u0026iacute;pio.\u003C\/p\u003E\r\n\u003Cp style=\u0022text-align: justify;\u0022\u003E\u003Cem\u003E\u003Cstrong\u003EPor \u003C\/strong\u003EBruno Balbino Jornalista DRT 2039\/Se - Ascom Gl\u0026oacute;ria \/ \u003Cstrong\u003EFotos:\u003C\/strong\u003E Evillyn - Ascom Gl\u0026oacute;ria\u003C\/em\u003E\u003C\/p\u003E\r\n\u003Cp style=\u0022text-align: justify;\u0022\u003E\u003Cem\u003E\u003Cimg src=\u0022https:\/\/gloria.se.gov.br\/img\/imagem\/thumb_04_80bedaf1f3217d32157db2e4950d.jpg\u0022 alt=\u002204_80bedaf1f3217d32157db2e4950d.jpg\u0022 width=\u0022300\u0022 height=\u0022225\u0022 \/\u003E\u003Cimg src=\u0022https:\/\/gloria.se.gov.br\/img\/imagem\/thumb_06_64a168c956802132af81fa3ad7bd.jpg\u0022 alt=\u002206_64a168c956802132af81fa3ad7bd.jpg\u0022 width=\u0022300\u0022 height=\u0022225\u0022 \/\u003E\u003Cimg src=\u0022https:\/\/gloria.se.gov.br\/img\/imagem\/thumb_07_d43d0169aafb63aade0a5e8.jpg\u0022 alt=\u002207_d43d0169aafb63aade0a5e8.jpg\u0022 width=\u0022300\u0022 height=\u0022225\u0022 \/\u003E\u003Cimg src=\u0022https:\/\/gloria.se.gov.br\/img\/imagem\/thumb_09_acc0f4034a2f37c268b81.jpg\u0022 alt=\u002209_acc0f4034a2f37c268b81.jpg\u0022 width=\u0022300\u0022 height=\u0022225\u0022 \/\u003E\u003Cimg src=\u0022https:\/\/gloria.se.gov.br\/img\/imagem\/thumb_13_7fdf52330ba93fd17c166cb.jpg\u0022 alt=\u002213_7fdf52330ba93fd17c166cb.jpg\u0022 width=\u0022300\u0022 height=\u0022225\u0022 \/\u003E\u003Cimg src=\u0022https:\/\/gloria.se.gov.br\/img\/imagem\/thumb_08_a77c83ca52432b9c06bc940.jpg\u0022 alt=\u002208_a77c83ca52432b9c06bc940.jpg\u0022 width=\u0022300\u0022 height=\u0022225\u0022 \/\u003E\u003Cimg src=\u0022https:\/\/gloria.se.gov.br\/img\/imagem\/thumb_11_3ddca69ce752eaebe8e069a.jpg\u0022 alt=\u002211_3ddca69ce752eaebe8e069a.jpg\u0022 width=\u0022300\u0022 height=\u0022225\u0022 \/\u003E\u003Cimg src=\u0022https:\/\/gloria.se.gov.br\/img\/imagem\/thumb_15_3fe03ca6b79258d27bf78b26e.jpg\u0022 alt=\u002215_3fe03ca6b79258d27bf78b26e.jpg\u0022 width=\u0022300\u0022 height=\u0022225\u0022 \/\u003E\u003Cimg src=\u0022https:\/\/gloria.se.gov.br\/img\/imagem\/thumb_12_5e9ec81d922a0aa8fda1557.jpg\u0022 alt=\u002212_5e9ec81d922a0aa8fda1557.jpg\u0022 width=\u0022300\u0022 height=\u0022225\u0022 \/\u003E\u003Cimg src=\u0022https:\/\/gloria.se.gov.br\/img\/imagem\/thumb_17_f13dc5af251fe0c6d355.jpg\u0022 alt=\u002217_f13dc5af251fe0c6d355.jpg\u0022 width=\u0022300\u0022 height=\u0022225\u0022 \/\u003E\u003Cimg src=\u0022https:\/\/gloria.se.gov.br\/img\/imagem\/thumb_18_fadad2eed3151a9ea80bdba27.jpg\u0022 alt=\u002218_fadad2eed3151a9ea80bdba27.jpg\u0022 width=\u0022300\u0022 height=\u0022225\u0022 \/\u003E\u003Cimg src=\u0022https:\/\/gloria.se.gov.br\/img\/imagem\/thumb_16_f79368d5b483aa7607965b0e33.jpg\u0022 alt=\u002216_f79368d5b483aa7607965b0e33.jpg\u0022 width=\u0022300\u0022 height=\u0022225\u0022 \/\u003E\u003Cimg src=\u0022https:\/\/gloria.se.gov.br\/img\/imagem\/thumb_19_80255b13bdfe53c915e264910303ed.jpg\u0022 alt=\u002219_80255b13bdfe53c915e264910303ed.jpg\u0022 width=\u0022300\u0022 height=\u0022225\u0022 \/\u003E\u003Cimg src=\u0022https:\/\/gloria.se.gov.br\/img\/imagem\/thumb_14_62066e5d964d8cbf729c8973b8a.jpg\u0022 alt=\u002214_62066e5d964d8cbf729c8973b8a.jpg\u0022 width=\u0022300\u0022 height=\u0022225\u0022 \/\u003E\u003Cimg src=\u0022https:\/\/gloria.se.gov.br\/img\/imagem\/thumb_20_0802ac928b26554a22451b389d.jpg\u0022 alt=\u002220_0802ac928b26554a22451b389d.jpg\u0022 width=\u0022300\u0022 height=\u0022225\u0022 \/\u003E\u003Cimg src=\u0022https:\/\/gloria.se.gov.br\/img\/imagem\/thumb_21_77346eeeb42d0d0498093fcad31be.jpg\u0022 alt=\u002221_77346eeeb42d0d0498093fcad31be.jpg\u0022 width=\u0022300\u0022 height=\u0022225\u0022 \/\u003E\u003Cimg src=\u0022https:\/\/gloria.se.gov.br\/img\/imagem\/thumb_24_ef120a4e2030077ee663.jpg\u0022 alt=\u002224_ef120a4e2030077ee663.jpg\u0022 width=\u0022300\u0022 height=\u0022225\u0022 \/\u003E\u003Cimg src=\u0022https:\/\/gloria.se.gov.br\/img\/imagem\/thumb_25_83fb666c7bb32c4433f820.jpg\u0022 alt=\u002225_83fb666c7bb32c4433f820.jpg\u0022 width=\u0022300\u0022 height=\u0022225\u0022 \/\u003E\u003Cimg src=\u0022https:\/\/gloria.se.gov.br\/img\/imagem\/thumb_23_72213d1e853d019a7537b33.jpg\u0022 alt=\u002223_72213d1e853d019a7537b33.jpg\u0022 width=\u0022300\u0022 height=\u0022225\u0022 \/\u003E\u003Cimg src=\u0022https:\/\/gloria.se.gov.br\/img\/imagem\/thumb_26_c2f608a6f6ac727a84ad804.jpg\u0022 alt=\u002226_c2f608a6f6ac727a84ad804.jpg\u0022 width=\u0022300\u0022 height=\u0022225\u0022 \/\u003E\u003Cimg src=\u0022https:\/\/gloria.se.gov.br\/img\/imagem\/thumb_22_915a33754b95dce3d07984a38.jpg\u0022 alt=\u002222_915a33754b95dce3d07984a38.jpg\u0022 width=\u0022300\u0022 height=\u0022225\u0022 \/\u003E\u003Cimg src=\u0022https:\/\/gloria.se.gov.br\/img\/imagem\/thumb_10_652dcf2fc2b0c3f3d893e0.jpg\u0022 alt=\u002210_652dcf2fc2b0c3f3d893e0.jpg\u0022 width=\u0022300\u0022 height=\u0022225\u0022 \/\u003E\u003Cimg src=\u0022https:\/\/gloria.se.gov.br\/img\/imagem\/thumb_05_8bba38be1f4874ba5ca34b1.jpg\u0022 alt=\u002205_8bba38be1f4874ba5ca34b1.jpg\u0022 width=\u0022300\u0022 height=\u0022225\u0022 \/\u003E\u003Cimg src=\u0022https:\/\/gloria.se.gov.br\/img\/imagem\/thumb_02_a30f3d801d1d48c226ebbff7.jpg\u0022 alt=\u002202_a30f3d801d1d48c226ebbff7.jpg\u0022 width=\u0022300\u0022 height=\u0022225\u0022 \/\u003E\u003Cimg src=\u0022https:\/\/gloria.se.gov.br\/img\/imagem\/thumb_03_e5f3d3a3789a37524e6b.jpg\u0022 alt=\u002203_e5f3d3a3789a37524e6b.jpg\u0022 width=\u0022300\u0022 height=\u0022225\u0022 \/\u003E\u003Cimg src=\u0022https:\/\/gloria.se.gov.br\/img\/imagem\/thumb_01_596761a581e2df320fb45c.jpg\u0022 alt=\u002201_596761a581e2df320fb45c.jpg\u0022 width=\u0022300\u0022 height=\u0022225\u0022 \/\u003E\u003C\/em\u003E\u003C\/p\u003E","tags":"Sa\u00fade,Assist\u00eancia Social ,Mulher,Cidadania ,Mar\u00e7o Lil\u00e1s,Carreta da Mulher ,Parceria","publicacao":"2026-03-20 10:49:41","criado":"2026-03-20 10:49:41","alterado":"2026-03-20 10:49:41"},{"id":718,"categoria_id":"13","categoria":{"id":13,"nome":"ADMINISTRA\u00c7\u00c3O"},"autor_id":"4","autor":{"id":4,"nome":"ASCOM","email":"secom@gloria.se.gov.br"},"titulo":"Prefeitura de Gl\u00f3ria realiza a 3\u00aa Audi\u00eancia P\u00fablica do Plano Diretor","slug":"prefeitura-de-gloria-realiza-a-3a-audiencia-publica-do-plano-diretor","subtitulo":"Encontro reuniu diversos segmentos do munic\u00edpio","imagem":"\/img\/imagem\/whatsapp-image-2026-03-18-at-15-08-29_df941ba4311a8a0904fdb19.jpeg,\/img\/imagem\/media_whatsapp-image-2026-03-18-at-15-08-29_df941ba4311a8a0904fdb19.jpeg,\/img\/imagem\/thumb_whatsapp-image-2026-03-18-at-15-08-29_df941ba4311a8a0904fdb19.jpeg,\/img\/imagem\/thumb_fix_whatsapp-image-2026-03-18-at-15-08-29_df941ba4311a8a0904fdb19.jpeg","texto":"\u003Cp\u003E\u003Cimg style=\u0022display: block; margin-left: auto; margin-right: auto;\u0022 src=\u0022https:\/\/gloria.se.gov.br\/img\/imagem\/media_whatsapp-image-2026-03-18-at-15-08-29_df941ba4311a8a0904fdb19.jpeg\u0022 alt=\u0022whatsapp-image-2026-03-18-at-15-08-29_df941ba4311a8a0904fdb19.jpeg\u0022 width=\u0022475\u0022 height=\u0022356\u0022 \/\u003E\u003C\/p\u003E\r\n\u003Cp style=\u0022text-align: justify;\u0022\u003EA constru\u0026ccedil;\u0026atilde;o do futuro de Nossa Senhora da Gl\u0026oacute;ria deu mais um passo significativo na noite da ter\u0026ccedil;a-feira, 17, com a realiza\u0026ccedil;\u0026atilde;o da 3\u0026ordf; Audi\u0026ecirc;ncia P\u0026uacute;blica do Plano Diretor de Desenvolvimento Sustent\u0026aacute;vel (PDDS) no plen\u0026aacute;rio da C\u0026acirc;mara de Vereadores. O encontro reuniu representantes de diversos segmentos da sociedade gloriense, incluindo lideran\u0026ccedil;as comunit\u0026aacute;rias, autoridades locais, empres\u0026aacute;rios e populares, todos unidos em torno do debate sobre o crescimento ordenado e sustent\u0026aacute;vel do munic\u0026iacute;pio.\u003C\/p\u003E\r\n\u003Cp style=\u0022text-align: justify;\u0022\u003EA audi\u0026ecirc;ncia, que marca a reta final da fase de diagn\u0026oacute;stico e propostas, foi um espa\u0026ccedil;o democr\u0026aacute;tico para a coleta de sugest\u0026otilde;es e o esclarecimento de d\u0026uacute;vidas da popula\u0026ccedil;\u0026atilde;o sobre as diretrizes que v\u0026atilde;o nortear a cidade para as pr\u0026oacute;ximas d\u0026eacute;cadas. Representando a prefeita, o secret\u0026aacute;rio municipal de Obras e Infraestrutura, Francisco de Assis Oliveira Cacho, abriu o evento destacando a import\u0026acirc;ncia da participa\u0026ccedil;\u0026atilde;o popular.\u003C\/p\u003E\r\n\u003Cp style=\u0022text-align: justify;\u0022\u003E\u0022Este \u0026eacute; um momento hist\u0026oacute;rico para nossa cidade. O Plano Diretor n\u0026atilde;o \u0026eacute; um documento feito apenas por t\u0026eacute;cnicos, fechado em uma sala, ele \u0026eacute; a express\u0026atilde;o do desejo da nossa comunidade. Estamos aqui para ouvir, anotar e incorporar o conhecimento de quem vive e sente os problemas e as potencialidades de Nossa Senhora da Gl\u0026oacute;ria diariamente\u0022, afirmou Cacho.\u003C\/p\u003E\r\n\u003Cp style=\u0022text-align: justify;\u0022\u003EA consultoria respons\u0026aacute;vel pela elabora\u0026ccedil;\u0026atilde;o do plano, AX Arquitetura e Urbanismo, apresentou os estudos preliminares e as propostas de zoneamento, mobilidade urbana, preserva\u0026ccedil;\u0026atilde;o ambiental e \u0026aacute;reas de expans\u0026atilde;o. A CEO da empresa, Vera Ferreira, destacou a import\u0026acirc;ncia do momento e o trabalho desenvolvido ao longo dos \u0026uacute;ltimos meses.\u003C\/p\u003E\r\n\u003Cp style=\u0022text-align: justify;\u0022\u003E\u0022O Plano Diretor chega \u0026agrave; sua terceira e \u0026uacute;ltima audi\u0026ecirc;ncia p\u0026uacute;blica, apresentando \u0026agrave; popula\u0026ccedil;\u0026atilde;o as propostas que ir\u0026atilde;o compor a minuta da lei e o Plano de Desenvolvimento Local, um conjunto que orienta o planejamento estrat\u0026eacute;gico e o desenvolvimento sustent\u0026aacute;vel de Nossa Senhora da Gl\u0026oacute;ria. Resultado de cerca de 10 meses de trabalho, o processo reuniu escuta, an\u0026aacute;lises t\u0026eacute;cnicas e elabora\u0026ccedil;\u0026atilde;o de propostas a partir da participa\u0026ccedil;\u0026atilde;o social, e, para n\u0026oacute;s da equipe AX Arquitetura e Urbanismo, representa uma reconstru\u0026ccedil;\u0026atilde;o na forma de vivenciar o territ\u0026oacute;rio, comprometida com o presente e com os caminhos futuros do munic\u0026iacute;pio\u0022, declarou Vera.\u003C\/p\u003E\r\n\u003Cp style=\u0022text-align: justify;\u0022\u003EDurante a sess\u0026atilde;o, os presentes puderam participar ativamente, fazendo perguntas e propondo altera\u0026ccedil;\u0026otilde;es nas minutas apresentadas. Temas como a regulariza\u0026ccedil;\u0026atilde;o fundi\u0026aacute;ria, a preserva\u0026ccedil;\u0026atilde;o dos mananciais e a mobilidade urbanal, estiveram entre os pontos mais debatidos.\u003C\/p\u003E\r\n\u003Cp style=\u0022text-align: justify;\u0022\u003EAs contribui\u0026ccedil;\u0026otilde;es colhidas na 3\u0026ordf; Audi\u0026ecirc;ncia P\u0026uacute;blica ser\u0026atilde;o agora analisadas pela equipe t\u0026eacute;cnica e incorporadas ao documento final, a popula\u0026ccedil;\u0026atilde;o ainda pode tirar suas d\u0026uacute;vidas e fazer proposituras no site do Plano Diretor - www.planodiretorgloriase.com.br, logo ap\u0026oacute;s ser\u0026aacute; sistematizado e seguir\u0026aacute; para a C\u0026acirc;mara de Vereadores para vota\u0026ccedil;\u0026atilde;o. A Prefeitura refor\u0026ccedil;a o convite para que a popula\u0026ccedil;\u0026atilde;o continue acompanhando os canais oficiais e participe das pr\u0026oacute;ximas etapas.\u003C\/p\u003E\r\n\u003Cp\u003E\u003Cem\u003E\u003Cstrong\u003EPor \u003C\/strong\u003EBruno Balbino Jornalista DRT 2039\/Se - Ascom Gl\u0026oacute;ria \/ \u003Cstrong\u003EFotos:\u003C\/strong\u003E Bruno Balbino - Ascom Gl\u0026oacute;ria\u003C\/em\u003E\u003C\/p\u003E\r\n\u003Cp\u003E\u003Cem\u003E\u003Cimg src=\u0022https:\/\/gloria.se.gov.br\/img\/imagem\/thumb_whatsapp-image-2026-03-18-at-15-08-32_4d23a57b1bf17d3c1bdcd51.jpeg\u0022 alt=\u0022whatsapp-image-2026-03-18-at-15-08-32_4d23a57b1bf17d3c1bdcd51.jpeg\u0022 width=\u0022300\u0022 height=\u0022225\u0022 \/\u003E\u003Cimg src=\u0022https:\/\/gloria.se.gov.br\/img\/imagem\/thumb_whatsapp-image-2026-03-18-at-15-08-31-2_8b1f07a2c866acf7d273aa.jpeg\u0022 alt=\u0022whatsapp-image-2026-03-18-at-15-08-31-2_8b1f07a2c866acf7d273aa.jpeg\u0022 width=\u0022300\u0022 height=\u0022225\u0022 \/\u003E\u003Cimg src=\u0022https:\/\/gloria.se.gov.br\/img\/imagem\/thumb_whatsapp-image-2026-03-18-at-15-08-30-3_c092008bb4ba832967d0ce7f.jpeg\u0022 alt=\u0022whatsapp-image-2026-03-18-at-15-08-30-3_c092008bb4ba832967d0ce7f.jpeg\u0022 width=\u0022300\u0022 height=\u0022225\u0022 \/\u003E\u003Cimg src=\u0022https:\/\/gloria.se.gov.br\/img\/imagem\/thumb_whatsapp-image-2026-03-18-at-15-08-30-1_9282ebde2381603bc66d.jpeg\u0022 alt=\u0022whatsapp-image-2026-03-18-at-15-08-30-1_9282ebde2381603bc66d.jpeg\u0022 width=\u0022300\u0022 height=\u0022225\u0022 \/\u003E\u003Cimg src=\u0022https:\/\/gloria.se.gov.br\/img\/imagem\/thumb_whatsapp-image-2026-03-18-at-15-08-30-2_8c0892d3fd0ede8bd9c633.jpeg\u0022 alt=\u0022whatsapp-image-2026-03-18-at-15-08-30-2_8c0892d3fd0ede8bd9c633.jpeg\u0022 width=\u0022300\u0022 height=\u0022225\u0022 \/\u003E\u003Cimg src=\u0022https:\/\/gloria.se.gov.br\/img\/imagem\/thumb_whatsapp-image-2026-03-18-at-15-08-31_1a68a8c4b9cae8345be650a73b4.jpeg\u0022 alt=\u0022whatsapp-image-2026-03-18-at-15-08-31_1a68a8c4b9cae8345be650a73b4.jpeg\u0022 width=\u0022300\u0022 height=\u0022225\u0022 \/\u003E\u003Cimg src=\u0022https:\/\/gloria.se.gov.br\/img\/imagem\/thumb_whatsapp-image-2026-03-18-at-15-08-29-1_70dbd5738bc3edd6417b22123.jpeg\u0022 alt=\u0022whatsapp-image-2026-03-18-at-15-08-29-1_70dbd5738bc3edd6417b22123.jpeg\u0022 width=\u0022300\u0022 height=\u0022225\u0022 \/\u003E\u003Cimg src=\u0022https:\/\/gloria.se.gov.br\/img\/imagem\/thumb_whatsapp-image-2026-03-18-at-15-08-29_df941ba4311a8a0904fdb19.jpeg\u0022 alt=\u0022whatsapp-image-2026-03-18-at-15-08-29_df941ba4311a8a0904fdb19.jpeg\u0022 width=\u0022300\u0022 height=\u0022225\u0022 \/\u003E\u003C\/em\u003E\u003C\/p\u003E","tags":"Plano Diretor ,Audi\u00eancia P\u00fablica ,Participa\u00e7\u00e3o Popular,Planejamento ,Debate,Minuta,Desenvolvimento ,Sustentabilidade","publicacao":"2026-03-19 14:15:00","criado":"2026-03-19 14:15:01","alterado":"2026-03-19 14:17:39"},{"id":717,"categoria_id":"3","categoria":{"id":3,"nome":"SA\u00daDE"},"autor_id":"4","autor":{"id":4,"nome":"ASCOM","email":"secom@gloria.se.gov.br"},"titulo":"Gl\u00f3ria aplicou 165 DIUs e realizou 1.260 ultrassonografias","slug":"gloria-aplicou-165-dius-e-realizou-1-260-ultrassonografias","subtitulo":"Servi\u00e7os s\u00e3o oferecidos gratuitamente pela rede municipal","imagem":"\/img\/imagem\/01_42a4a31257214aec7f1aec.jpg,\/img\/imagem\/media_01_42a4a31257214aec7f1aec.jpg,\/img\/imagem\/thumb_01_42a4a31257214aec7f1aec.jpg,\/img\/imagem\/thumb_fix_01_42a4a31257214aec7f1aec.jpg","texto":"\u003Cp\u003E\u003Cimg style=\u0022display: block; margin-left: auto; margin-right: auto;\u0022 src=\u0022https:\/\/gloria.se.gov.br\/img\/imagem\/media_01_42a4a31257214aec7f1aec.jpg\u0022 alt=\u002201_42a4a31257214aec7f1aec.jpg\u0022 width=\u0022519\u0022 height=\u0022389\u0022 \/\u003E\u003C\/p\u003E\r\n\u003Cp style=\u0022text-align: justify;\u0022\u003EA Secretaria Municipal de Sa\u0026uacute;de de Nossa Senhora da Gl\u0026oacute;ria registrou, ao longo de 2025, a realiza\u0026ccedil;\u0026atilde;o de 165 procedimentos de inser\u0026ccedil;\u0026atilde;o do Dispositivo Intrauterino (DIU) e 1.260 exames de ultrassonografia. Os n\u0026uacute;meros foram divulgados pela pasta e refletem o avan\u0026ccedil;o no acesso da popula\u0026ccedil;\u0026atilde;o a m\u0026eacute;todos contraceptivos de longa dura\u0026ccedil;\u0026atilde;o e a servi\u0026ccedil;os de diagn\u0026oacute;stico por imagem.\u003C\/p\u003E\r\n\u003Cp style=\u0022text-align: justify;\u0022\u003EO DIU \u0026eacute; um m\u0026eacute;todo revers\u0026iacute;vel com alta efic\u0026aacute;cia na preven\u0026ccedil;\u0026atilde;o da gravidez, recomendado para mulheres que buscam uma alternativa segura e duradoura. J\u0026aacute; os exames de ultrassonografia s\u0026atilde;o fundamentais para o diagn\u0026oacute;stico e acompanhamento de diferentes condi\u0026ccedil;\u0026otilde;es de sa\u0026uacute;de, contribuindo para a detec\u0026ccedil;\u0026atilde;o precoce de doen\u0026ccedil;as e o monitoramento de gesta\u0026ccedil;\u0026otilde;es.\u003C\/p\u003E\r\n\u003Cp style=\u0022text-align: justify;\u0022\u003EOs servi\u0026ccedil;os s\u0026atilde;o ofertados gratuitamente \u0026agrave; popula\u0026ccedil;\u0026atilde;o. Para ter acesso, \u0026eacute; necess\u0026aacute;rio comparecer \u0026agrave; Secretaria Municipal de Sa\u0026uacute;de com encaminhamento e pedido m\u0026eacute;dico, al\u0026eacute;m da documenta\u0026ccedil;\u0026atilde;o completa. No caso espec\u0026iacute;fico do DIU, mulheres interessadas devem procurar o setor respons\u0026aacute;vel para agendamento, portando os documentos exigidos.\u003C\/p\u003E\r\n\u003Cp style=\u0022text-align: justify;\u0022\u003EA secret\u0026aacute;ria municipal de Sa\u0026uacute;de, Samara Arag\u0026atilde;o, destacou a import\u0026acirc;ncia dos n\u0026uacute;meros alcan\u0026ccedil;ados e refor\u0026ccedil;ou o compromisso da gest\u0026atilde;o com a sa\u0026uacute;de da mulher. \u0022Os dados de 2025 mostram o resultado de um trabalho cont\u0026iacute;nuo de amplia\u0026ccedil;\u0026atilde;o do acesso a servi\u0026ccedil;os essenciais. A aplica\u0026ccedil;\u0026atilde;o do DIU e a realiza\u0026ccedil;\u0026atilde;o de ultrassonografias s\u0026atilde;o procedimentos que fazem diferen\u0026ccedil;a direta na qualidade de vida da nossa popula\u0026ccedil;\u0026atilde;o. Vamos seguir avan\u0026ccedil;ando para que cada vez mais pessoas tenham acesso a esses cuidados\u0022, afirmou.\u003C\/p\u003E\r\n\u003Cp style=\u0022text-align: justify;\u0022\u003EA enfermeira Larissa Menezes, que atua na rede municipal, explicou o procedimento e orientou as mulheres sobre a busca pelo servi\u0026ccedil;o. \u0022O DIU \u0026eacute; um m\u0026eacute;todo seguro, pr\u0026aacute;tico e de longa dura\u0026ccedil;\u0026atilde;o. Muitas mulheres ainda t\u0026ecirc;m d\u0026uacute;vidas, mas \u0026eacute; um procedimento simples, realizado em consult\u0026oacute;rio, que pode beneficiar quem deseja um planejamento reprodutivo eficaz. Orientamos que procurem a Secretaria de Sa\u0026uacute;de com o encaminhamento m\u0026eacute;dico para agendar e receber todas as orienta\u0026ccedil;\u0026otilde;es necess\u0026aacute;rias\u0022, disse.\u003C\/p\u003E\r\n\u003Cp style=\u0022text-align: justify;\u0022\u003EOs agendamentos para ultrassonografia e aplica\u0026ccedil;\u0026atilde;o de DIU podem ser feitos diretamente na Secretaria Municipal de Sa\u0026uacute;de, mediante apresenta\u0026ccedil;\u0026atilde;o de pedido m\u0026eacute;dico e documenta\u0026ccedil;\u0026atilde;o pessoal.\u003C\/p\u003E\r\n\u003Cp style=\u0022text-align: justify;\u0022\u003E\u003Cem\u003E\u003Cstrong\u003EPor \u003C\/strong\u003EBruno Balbino Jornalista DRT 2039\/Se - Ascom Gl\u0026oacute;ria \/ \u003Cstrong\u003EFotos:\u003C\/strong\u003E Arquivo Ascom Gl\u0026oacute;ria\u003C\/em\u003E\u003C\/p\u003E\r\n\u003Cp\u003E\u0026nbsp;\u003C\/p\u003E","tags":"DIU,Sa\u00fade,Ultrassonografia,Sa\u00fade da Mulher","publicacao":"2026-03-17 10:45:01","criado":"2026-03-17 10:45:01","alterado":"2026-03-17 10:45:01"},{"id":716,"categoria_id":"7","categoria":{"id":7,"nome":"INFRAESTRUTURA"},"autor_id":"4","autor":{"id":4,"nome":"ASCOM","email":"secom@gloria.se.gov.br"},"titulo":"Prefeitura de Gl\u00f3ria intensifica opera\u00e7\u00e3o tapa-buraco","slug":"prefeitura-de-gloria-intensifica-operacao-tapa-buraco","subtitulo":"Gest\u00e3o realiza reparos e melhorias em diversos pontos da cidade","imagem":"\/img\/imagem\/01_1910eff1a853cc947c6d7fb780e0.jpg,\/img\/imagem\/media_01_1910eff1a853cc947c6d7fb780e0.jpg,\/img\/imagem\/thumb_01_1910eff1a853cc947c6d7fb780e0.jpg,\/img\/imagem\/thumb_fix_01_1910eff1a853cc947c6d7fb780e0.jpg","texto":"\u003Cp\u003E\u003Cimg style=\u0022display: block; margin-left: auto; margin-right: auto;\u0022 src=\u0022https:\/\/gloria.se.gov.br\/img\/imagem\/media_01_1910eff1a853cc947c6d7fb780e0.jpg\u0022 alt=\u002201_1910eff1a853cc947c6d7fb780e0.jpg\u0022 width=\u0022532\u0022 height=\u0022399\u0022 \/\u003E\u003C\/p\u003E\r\n\u003Cp style=\u0022text-align: justify;\u0022\u003EA Prefeitura de Nossa Senhora da Gl\u0026oacute;ria, por meio da Secretaria Municipal de Obras e Infraestrutura, deu in\u0026iacute;cio a uma opera\u0026ccedil;\u0026atilde;o tapa-buraco em diversas ruas do munic\u0026iacute;pio. A a\u0026ccedil;\u0026atilde;o, custeada com recursos pr\u0026oacute;prios, visa recuperar a malha vi\u0026aacute;ria e garantir mais seguran\u0026ccedil;a e mobilidade para condutores e pedestres.\u003C\/p\u003E\r\n\u003Cp style=\u0022text-align: justify;\u0022\u003EAl\u0026eacute;m dos reparos pontuais, outras melhorias est\u0026atilde;o sendo executadas em diferentes localidades da cidade. As equipes da pasta atuam de forma cont\u0026iacute;nua para identificar os trechos que necessitam de interven\u0026ccedil;\u0026atilde;o e realizar os servi\u0026ccedil;os com agilidade, minimizando os transtornos \u0026agrave; popula\u0026ccedil;\u0026atilde;o.\u003C\/p\u003E\r\n\u003Cp style=\u0022text-align: justify;\u0022\u003EO secret\u0026aacute;rio municipal de Obras e Infraestrutura, Francisco de Assis Oliveira Cacho, explicou o planejamento das a\u0026ccedil;\u0026otilde;es e refor\u0026ccedil;ou o compromisso da gest\u0026atilde;o com a infraestrutura urbana.\u003C\/p\u003E\r\n\u003Cp style=\u0022text-align: justify;\u0022\u003E\u0022Estamos com equipes em campo realizando a opera\u0026ccedil;\u0026atilde;o tapa-buraco em diversos pontos, sempre com recursos pr\u0026oacute;prios do munic\u0026iacute;pio. Sabemos da import\u0026acirc;ncia de manter as ruas em boas condi\u0026ccedil;\u0026otilde;es para o tr\u0026aacute;fego de ve\u0026iacute;culos e a circula\u0026ccedil;\u0026atilde;o de pedestres. Paralelamente, tamb\u0026eacute;m executamos outros reparos e melhorias em diferentes localidades, atendendo \u0026agrave;s demandas que chegam at\u0026eacute; n\u0026oacute;s. Nosso objetivo \u0026eacute; cuidar da cidade em cada detalhe e oferecer mais qualidade de vida \u0026agrave; popula\u0026ccedil;\u0026atilde;o\u0022, afirmou o secret\u0026aacute;rio.\u003C\/p\u003E\r\n\u003Cp style=\u0022text-align: justify;\u0022\u003E\u003Cem\u003E\u003Cstrong\u003EPor \u003C\/strong\u003EBruno Balbino Jornalista DRT 2039\/Se - Ascom Gl\u0026oacute;ria \/ \u003Cstrong\u003EFotos:\u003C\/strong\u003E Evillyn - Ascom Gl\u0026oacute;ria\u003C\/em\u003E\u003C\/p\u003E\r\n\u003Cp\u003E\u003Cimg src=\u0022https:\/\/gloria.se.gov.br\/img\/imagem\/thumb_03_16083661bddb002f929d3b.jpg\u0022 alt=\u002203_16083661bddb002f929d3b.jpg\u0022 width=\u0022300\u0022 height=\u0022225\u0022 \/\u003E\u003Cimg src=\u0022https:\/\/gloria.se.gov.br\/img\/imagem\/thumb_04_aaa606bd70c4fb40dd12f74.jpg\u0022 alt=\u002204_aaa606bd70c4fb40dd12f74.jpg\u0022 width=\u0022300\u0022 height=\u0022225\u0022 \/\u003E\u003Cimg src=\u0022https:\/\/gloria.se.gov.br\/img\/imagem\/thumb_02_31ea30ea95b7f0ce40572.jpg\u0022 alt=\u002202_31ea30ea95b7f0ce40572.jpg\u0022 width=\u0022300\u0022 height=\u0022225\u0022 \/\u003E\u003Cimg src=\u0022https:\/\/gloria.se.gov.br\/img\/imagem\/thumb_01_1910eff1a853cc947c6d7fb780e0.jpg\u0022 alt=\u002201_1910eff1a853cc947c6d7fb780e0.jpg\u0022 width=\u0022300\u0022 height=\u0022225\u0022 \/\u003E\u003C\/p\u003E","tags":"Infraestrutura ,Reparos ,Tapa-buracos ,Obras","publicacao":"2026-03-17 10:38:00","criado":"2026-03-17 10:38:36","alterado":"2026-03-17 10:40:47"},{"id":715,"categoria_id":"2","categoria":{"id":2,"nome":"OBRAS"},"autor_id":"4","autor":{"id":4,"nome":"ASCOM","email":"secom@gloria.se.gov.br"},"titulo":"Secretaria de Obras homenageia servidoras no Dia da Mulher","slug":"secretaria-de-obras-homenageia-servidoras-no-dia-da-mulher","subtitulo":"Gest\u00e3o municipal promoveu momento especial para as \u0022margaridas\u0022","imagem":"\/img\/imagem\/650247845-18410289409133367-8980337291288200017-n_a7b66722f1b787c38d4f.jpg,\/img\/imagem\/media_650247845-18410289409133367-8980337291288200017-n_a7b66722f1b787c38d4f.jpg,\/img\/imagem\/thumb_650247845-18410289409133367-8980337291288200017-n_a7b66722f1b787c38d4f.jpg,\/img\/imagem\/thumb_fix_650247845-18410289409133367-8980337291288200017-n_a7b66722f1b787c38d4f.jpg","texto":"\u003Cp\u003E\u003Cimg style=\u0022display: block; margin-left: auto; margin-right: auto;\u0022 src=\u0022https:\/\/gloria.se.gov.br\/img\/imagem\/media_09_a172de7db65b96eb349b8936b.jpg\u0022 alt=\u002209_a172de7db65b96eb349b8936b.jpg\u0022 width=\u0022549\u0022 height=\u0022412\u0022 \/\u003E\u003C\/p\u003E\r\n\u003Cp style=\u0022text-align: justify;\u0022\u003EA Secretaria Municipal de Obras e Infraestrutura de Nossa Senhora da Gl\u0026oacute;ria realizou, na manh\u0026atilde; da ter\u0026ccedil;a-feira, 10, uma homenagem ao Dia Internacional da Mulher. O evento foi dedicado \u0026agrave;s servidoras da pasta, carinhosamente chamadas de \u0022margaridas\u0022, em alus\u0026atilde;o \u0026agrave; for\u0026ccedil;a, delicadeza e resist\u0026ecirc;ncia que caracterizam as mulheres que atuam na \u0026aacute;rea.\u003C\/p\u003E\r\n\u003Cp style=\u0022text-align: justify;\u0022\u003EA a\u0026ccedil;\u0026atilde;o contou com momentos de acolhimento, mensagens de valoriza\u0026ccedil;\u0026atilde;o e confraterniza\u0026ccedil;\u0026atilde;o entre as homenageadas. O objetivo foi reconhecer o papel fundamental das mulheres no ambiente de trabalho e na sociedade, al\u0026eacute;m de refor\u0026ccedil;ar o compromisso da gest\u0026atilde;o com a valoriza\u0026ccedil;\u0026atilde;o do p\u0026uacute;blico feminino.\u003C\/p\u003E\r\n\u003Cp style=\u0022text-align: justify;\u0022\u003EA prefeita Luana Oliveira participou da homenagem e destacou a import\u0026acirc;ncia do trabalho desenvolvido por cada servidora. \u0022Hoje celebramos a for\u0026ccedil;a e a dedica\u0026ccedil;\u0026atilde;o de cada mulher da nossa equipe. As margaridas da Secretaria de Obras s\u0026atilde;o exemplo de compromisso e amor pelo que fazem. Essa homenagem \u0026eacute; um pequeno gesto diante de tudo o que representam para n\u0026oacute;s\u0022, afirmou a prefeita.\u003C\/p\u003E\r\n\u003Cp style=\u0022text-align: justify;\u0022\u003EO secret\u0026aacute;rio municipal de Obras e Infraestrutura, Francisco de Assis Oliveira Cacho, tamb\u0026eacute;m enalteceu a participa\u0026ccedil;\u0026atilde;o feminina na pasta. \u0022Nossa secretaria tem a honra de contar com mulheres guerreiras, que atuam com compet\u0026ecirc;ncia em todas as frentes de trabalho. Esta homenagem \u0026eacute; uma forma de dizer o quanto s\u0026atilde;o importantes e admir\u0026aacute;veis. Que possamos valoriz\u0026aacute;-las n\u0026atilde;o apenas nesta data, mas todos os dias\u0022, declarou o secret\u0026aacute;rio.\u003C\/p\u003E\r\n\u003Cp style=\u0022text-align: justify;\u0022\u003EA Prefeitura de Nossa Senhora da Gl\u0026oacute;ria refor\u0026ccedil;ou que segue comprometida com pol\u0026iacute;ticas de valoriza\u0026ccedil;\u0026atilde;o e respeito \u0026agrave;s mulheres em todas as \u0026aacute;reas da administra\u0026ccedil;\u0026atilde;o municipal.\u003C\/p\u003E\r\n\u003Cp style=\u0022text-align: justify;\u0022\u003E\u003Cem\u003E\u003Cstrong\u003EPor \u003C\/strong\u003EBruno Balbino Jornalista DRT 2039\/Se - Ascom Gl\u0026oacute;ria \/ \u003Cstrong\u003EFotos:\u003C\/strong\u003E Evillyn - Ascom Gl\u0026oacute;ria\u003C\/em\u003E\u003C\/p\u003E\r\n\u003Cp style=\u0022text-align: justify;\u0022\u003E\u003Cem\u003E\u003Cimg src=\u0022https:\/\/gloria.se.gov.br\/img\/imagem\/thumb_650226433-18410289454133367-332503681269121452-n_084b30aaabf351e471010a1d08.jpg\u0022 alt=\u0022650226433-18410289454133367-332503681269121452-n_084b30aaabf351e471010a1d08.jpg\u0022 width=\u0022300\u0022 height=\u0022225\u0022 \/\u003E\u003Cimg src=\u0022https:\/\/gloria.se.gov.br\/img\/imagem\/thumb_650248543-18410289472133367-3131295754019784026-n_16f741b2a573805e3250.jpg\u0022 alt=\u0022650248543-18410289472133367-3131295754019784026-n_16f741b2a573805e3250.jpg\u0022 width=\u0022300\u0022 height=\u0022225\u0022 \/\u003E\u003Cimg src=\u0022https:\/\/gloria.se.gov.br\/img\/imagem\/thumb_651042387-18410289508133367-6576728201820236453-n_3a037763e33138a0c079.jpg\u0022 alt=\u0022651042387-18410289508133367-6576728201820236453-n_3a037763e33138a0c079.jpg\u0022 width=\u0022300\u0022 height=\u0022225\u0022 \/\u003E\u003Cimg src=\u0022https:\/\/gloria.se.gov.br\/img\/imagem\/thumb_651059837-18410289463133367-3672108177832593456-n_876204a98858821248913836.jpg\u0022 alt=\u0022651059837-18410289463133367-3672108177832593456-n_876204a98858821248913836.jpg\u0022 width=\u0022300\u0022 height=\u0022225\u0022 \/\u003E\u003Cimg src=\u0022https:\/\/gloria.se.gov.br\/img\/imagem\/thumb_651040870-18410289427133367-177772883975510534-n_053c481fd25c3a4d69aed4775e3bd.jpg\u0022 alt=\u0022651040870-18410289427133367-177772883975510534-n_053c481fd25c3a4d69aed4775e3bd.jpg\u0022 width=\u0022300\u0022 height=\u0022225\u0022 \/\u003E\u003Cimg src=\u0022https:\/\/gloria.se.gov.br\/img\/imagem\/thumb_650230410-18410289526133367-8054496003611561879-n_a85d537d4d04427ea7df70.jpg\u0022 alt=\u0022650230410-18410289526133367-8054496003611561879-n_a85d537d4d04427ea7df70.jpg\u0022 width=\u0022300\u0022 height=\u0022225\u0022 \/\u003E\u003Cimg src=\u0022https:\/\/gloria.se.gov.br\/img\/imagem\/thumb_650243264-18410289445133367-2854898597497775296-n_a0348fbd3179906c40773d.jpg\u0022 alt=\u0022650243264-18410289445133367-2854898597497775296-n_a0348fbd3179906c40773d.jpg\u0022 width=\u0022300\u0022 height=\u0022225\u0022 \/\u003E\u003Cimg src=\u0022https:\/\/gloria.se.gov.br\/img\/imagem\/thumb_650197106-18410289517133367-7424453791526814294-n_c924ad282f234a0e9f1919a7daf.jpg\u0022 alt=\u0022650197106-18410289517133367-7424453791526814294-n_c924ad282f234a0e9f1919a7daf.jpg\u0022 width=\u0022300\u0022 height=\u0022225\u0022 \/\u003E\u003Cimg src=\u0022https:\/\/gloria.se.gov.br\/img\/imagem\/thumb_650195067-18410289481133367-5645333334245027180-n_f0872c54f75262212a81.jpg\u0022 alt=\u0022650195067-18410289481133367-5645333334245027180-n_f0872c54f75262212a81.jpg\u0022 width=\u0022300\u0022 height=\u0022225\u0022 \/\u003E\u003Cimg src=\u0022https:\/\/gloria.se.gov.br\/img\/imagem\/thumb_649854633-18410289442133367-802077687458109466-n_4c59f6e11f58f914a7be0e3194b927.jpg\u0022 alt=\u0022649854633-18410289442133367-802077687458109466-n_4c59f6e11f58f914a7be0e3194b927.jpg\u0022 width=\u0022300\u0022 height=\u0022225\u0022 \/\u003E\u003Cimg src=\u0022https:\/\/gloria.se.gov.br\/img\/imagem\/thumb_649882568-18410289418133367-7533020767443799485-n_83b87c5ccb96a86fedf80ac2c.jpg\u0022 alt=\u0022649882568-18410289418133367-7533020767443799485-n_83b87c5ccb96a86fedf80ac2c.jpg\u0022 width=\u0022300\u0022 height=\u0022225\u0022 \/\u003E\u003Cimg src=\u0022https:\/\/gloria.se.gov.br\/img\/imagem\/thumb_13_1dfc49b3ceba540977e37884.jpg\u0022 alt=\u002213_1dfc49b3ceba540977e37884.jpg\u0022 width=\u0022300\u0022 height=\u0022225\u0022 \/\u003E\u003C\/em\u003E\u003C\/p\u003E\r\n\u003Cp style=\u0022text-align: justify;\u0022\u003E\u0026nbsp;\u003C\/p\u003E\r\n\u003Cp\u003E\u0026nbsp;\u003C\/p\u003E","tags":"Obras ,Dia da Mulher ,08 de Mar\u00e7o,Assist\u00eancia Social ,Servi\u00e7os ,Margaridas,Homenagem","publicacao":"2026-03-17 10:28:12","criado":"2026-03-17 10:28:12","alterado":"2026-03-17 10:28:12"},{"id":714,"categoria_id":"4","categoria":{"id":4,"nome":"EDUCA\u00c7\u00c3O"},"autor_id":"4","autor":{"id":4,"nome":"ASCOM","email":"secom@gloria.se.gov.br"},"titulo":"Prefeitura de Gl\u00f3ria inaugura novo pr\u00e9dio da Escola Jos\u00e9 Valmir","slug":"prefeitura-de-gloria-inaugura-novo-predio-da-escola-jose-valmir","subtitulo":"Investimento de mais de R$ 6 milh\u00f5es em uma estrutura de refer\u00eancia na regi\u00e3o","imagem":"\/img\/imagem\/03_a2f39e9ad251e2bc34b18337ce.jpg,\/img\/imagem\/media_03_a2f39e9ad251e2bc34b18337ce.jpg,\/img\/imagem\/thumb_03_a2f39e9ad251e2bc34b18337ce.jpg,\/img\/imagem\/thumb_fix_03_a2f39e9ad251e2bc34b18337ce.jpg","texto":"\u003Cp\u003E\u003Cimg style=\u0022display: block; margin-left: auto; margin-right: auto;\u0022 src=\u0022https:\/\/gloria.se.gov.br\/img\/imagem\/media_03_a2f39e9ad251e2bc34b18337ce.jpg\u0022 alt=\u002203_a2f39e9ad251e2bc34b18337ce.jpg\u0022 width=\u0022521\u0022 height=\u0022391\u0022 \/\u003E\u003C\/p\u003E\r\n\u003Cp style=\u0022text-align: justify;\u0022\u003ENa noite desta segunda-feira, 09, a Prefeitura de Nossa Senhora da Gl\u0026oacute;ria realizou a inaugura\u0026ccedil;\u0026atilde;o do novo pr\u0026eacute;dio da Escola Municipal Professor Jos\u0026eacute; Valmir de Sousa. Com um investimento de mais de R$ 6 milh\u0026otilde;es de recursos pr\u0026oacute;prios do munic\u0026iacute;pio, em regime de colabora\u0026ccedil;\u0026atilde;o, a unidade de ensino foi totalmente reconstru\u0026iacute;da e agora conta com um espa\u0026ccedil;o moderno, preparado para receber os estudantes com mais conforto, qualidade e uma estrutura que se torna refer\u0026ecirc;ncia na regi\u0026atilde;o.\u003C\/p\u003E\r\n\u003Cp style=\u0022text-align: justify;\u0022\u003EO novo equipamento educacional disp\u0026otilde;e de salas de aula amplas e climatizadas, refeit\u0026oacute;rio, \u0026aacute;reas de conviv\u0026ecirc;ncia e acessibilidade completa, garantindo melhores condi\u0026ccedil;\u0026otilde;es de aprendizado e trabalho para alunos, professores e funcion\u0026aacute;rios.\u003C\/p\u003E\r\n\u003Cp style=\u0022text-align: justify;\u0022\u003EA prefeita Luana Oliveira destacou o significado da obra para a educa\u0026ccedil;\u0026atilde;o do munic\u0026iacute;pio e reafirmou o compromisso da gest\u0026atilde;o com o ensino p\u0026uacute;blico de qualidade. \u0022Entregar essa escola \u0026eacute; a realiza\u0026ccedil;\u0026atilde;o de um sonho. Essa \u0026eacute; uma estrutura que honra a nossa cidade e mostra o quanto acreditamos na educa\u0026ccedil;\u0026atilde;o como ferramenta de transforma\u0026ccedil;\u0026atilde;o. Agrade\u0026ccedil;o a todos os envolvidos e, em especial, \u0026agrave; comunidade escolar, que agora pode desfrutar de um ambiente \u0026agrave; altura do nosso compromisso com o futuro das crian\u0026ccedil;as glorienses\u0022, afirmou a prefeita.\u003C\/p\u003E\r\n\u003Cp style=\u0022text-align: justify;\u0022\u003EO secret\u0026aacute;rio municipal de Educa\u0026ccedil;\u0026atilde;o e Cultura, Williams Santana, celebrou a entrega e destacou o impacto positivo da nova estrutura para o trabalho pedag\u0026oacute;gico. \u0022A referida escola conta com uma estrutura espetacular para melhor atender as crian\u0026ccedil;as da nossa cidade, bem como acolher e possibilitar um excelente trabalho aos professores da rede, a quem deixamos nossa gratid\u0026atilde;o pela dedica\u0026ccedil;\u0026atilde;o \u0026agrave; Educa\u0026ccedil;\u0026atilde;o. Seguimos com o nosso lema: \u0027Educa\u0026ccedil;\u0026atilde;o, n\u0026oacute;s nos importamos\u0027!\u0022, declarou o secret\u0026aacute;rio.\u003C\/p\u003E\r\n\u003Cp style=\u0022text-align: justify;\u0022\u003EO secret\u0026aacute;rio municipal de Obras e Infraestrutura, Francisco de Assis Oliveira Cacho, tamb\u0026eacute;m comentou a entrega e enalteceu o trabalho da equipe respons\u0026aacute;vel pela constru\u0026ccedil;\u0026atilde;o. \u0022\u0026Eacute; uma satisfa\u0026ccedil;\u0026atilde;o imensa entregar uma obra desse porte para a popula\u0026ccedil;\u0026atilde;o. Foram meses de trabalho dedicado para garantir que cada detalhe fosse pensado com cuidado e responsabilidade. Essa escola \u0026eacute; fruto do esfor\u0026ccedil;o coletivo da administra\u0026ccedil;\u0026atilde;o municipal e do compromisso da nossa equipe em entregar obras estruturantes que realmente fa\u0026ccedil;am a diferen\u0026ccedil;a na vida das pessoas\u0022, afirmou o secret\u0026aacute;rio.\u003C\/p\u003E\r\n\u003Cp style=\u0022text-align: justify;\u0022\u003EA nova Escola Municipal Professor Jos\u0026eacute; Valmir de Sousa j\u0026aacute; est\u0026aacute; pronta e j\u0026aacute; acolheu a comunidade escolar, escrevendo um novo cap\u0026iacute;tulo na hist\u0026oacute;ria da educa\u0026ccedil;\u0026atilde;o de Nossa Senhora da Gl\u0026oacute;ria.\u003C\/p\u003E\r\n\u003Cp style=\u0022text-align: justify;\u0022\u003E\u003Cem\u003E\u003Cstrong\u003EPor\u003C\/strong\u003E Bruno Balbino Jornalista DRT 2039\/Se - Ascom Gl\u0026oacute;ria \/ \u003Cstrong\u003EFotos: \u003C\/strong\u003EEvillyn - Ascom Gl\u0026oacute;ria\u003C\/em\u003E\u003C\/p\u003E\r\n\u003Cp\u003E\u003Cimg src=\u0022https:\/\/gloria.se.gov.br\/img\/imagem\/thumb_02_3d2975bd83ed5148d385fb52eb.jpg\u0022 alt=\u002202_3d2975bd83ed5148d385fb52eb.jpg\u0022 width=\u0022300\u0022 height=\u0022225\u0022 \/\u003E\u003Cimg src=\u0022https:\/\/gloria.se.gov.br\/img\/imagem\/thumb_01_7bb822e24ba55350ca3ad0.jpg\u0022 alt=\u002201_7bb822e24ba55350ca3ad0.jpg\u0022 width=\u0022300\u0022 height=\u0022225\u0022 \/\u003E\u003Cimg src=\u0022https:\/\/gloria.se.gov.br\/img\/imagem\/thumb_05_69d4c3e7cb93995cd950.jpg\u0022 alt=\u002205_69d4c3e7cb93995cd950.jpg\u0022 width=\u0022300\u0022 height=\u0022225\u0022 \/\u003E\u003Cimg src=\u0022https:\/\/gloria.se.gov.br\/img\/imagem\/thumb_04_affc244df3128174f21fc9b9d.jpg\u0022 alt=\u002204_affc244df3128174f21fc9b9d.jpg\u0022 width=\u0022300\u0022 height=\u0022225\u0022 \/\u003E\u003Cimg src=\u0022https:\/\/gloria.se.gov.br\/img\/imagem\/thumb_06_f14f825894b488ed92fee823.jpg\u0022 alt=\u002206_f14f825894b488ed92fee823.jpg\u0022 width=\u0022300\u0022 height=\u0022225\u0022 \/\u003E\u003Cimg src=\u0022https:\/\/gloria.se.gov.br\/img\/imagem\/thumb_03_a2f39e9ad251e2bc34b18337ce.jpg\u0022 alt=\u002203_a2f39e9ad251e2bc34b18337ce.jpg\u0022 width=\u0022300\u0022 height=\u0022225\u0022 \/\u003E\u003C\/p\u003E","tags":"Obra,Escola ,Inaugura\u00e7\u00e3o ,Escola Municipal ,Professor Valmir ,Investimento ,Educa\u00e7\u00e3o ,infraestrutura ,Refer\u00eancia","publicacao":"2026-03-11 22:00:22","criado":"2026-03-11 22:00:22","alterado":"2026-03-11 22:00:22"},{"id":713,"categoria_id":"5","categoria":{"id":5,"nome":"CULTURA"},"autor_id":"4","autor":{"id":4,"nome":"ASCOM","email":"secom@gloria.se.gov.br"},"titulo":"Noite Gospel re\u00fane milhares de fi\u00e9is em celebra\u00e7\u00e3o de f\u00e9 e louvor","slug":"noite-gospel-reune-milhares-de-fieis-em-celebracao-de-fe-e-louvor","subtitulo":"Evento contou com shows de bandas locais, prega\u00e7\u00e3o e atra\u00e7\u00e3o nacional","imagem":"\/img\/imagem\/03_e950f4373ad71da431babd.jpg,\/img\/imagem\/media_03_e950f4373ad71da431babd.jpg,\/img\/imagem\/thumb_03_e950f4373ad71da431babd.jpg,\/img\/imagem\/thumb_fix_03_e950f4373ad71da431babd.jpg","texto":"\u003Cp style=\u0022text-align: center;\u0022\u003E\u003Cimg src=\u0022https:\/\/gloria.se.gov.br\/img\/imagem\/media_03_e950f4373ad71da431babd.jpg\u0022 alt=\u002203_e950f4373ad71da431babd.jpg\u0022 width=\u0022508\u0022 height=\u0022381\u0022 \/\u003E\u003C\/p\u003E\r\n\u003Cp style=\u0022text-align: justify;\u0022\u003EA f\u0026eacute; tomou conta da Pra\u0026ccedil;a de Eventos de Nossa Senhora da Gl\u0026oacute;ria no \u0026uacute;ltimo s\u0026aacute;bado, 07 de mar\u0026ccedil;o, durante a realiza\u0026ccedil;\u0026atilde;o da 4\u0026ordf; Noite Gospel. Promovido pela Prefeitura Municipal, o evento reuniu milhares de pessoas em um momento especial de louvor, adora\u0026ccedil;\u0026atilde;o e celebra\u0026ccedil;\u0026atilde;o, marcando o calend\u0026aacute;rio cultural e religioso da Capital Sergipana do Leite, do Sert\u0026atilde;o e do Conhecimento.\u003C\/p\u003E\r\n\u003Cp style=\u0022text-align: justify;\u0022\u003EA programa\u0026ccedil;\u0026atilde;o contou com apresenta\u0026ccedil;\u0026otilde;es das bandas das igrejas locais Harpa de Davi e Jancarlos e Banda, que aqueceram o p\u0026uacute;blico com muito louvor. O ponto alto da noite foi o show da cantora nacional Isadora Pompeo, que embalou os fi\u0026eacute;is com seus principais sucessos. A noite tamb\u0026eacute;m foi marcada pela prega\u0026ccedil;\u0026atilde;o da palavra com B\u0026aacute;rbara Nobre, que trouxe uma mensagem de f\u0026eacute; e esperan\u0026ccedil;a aos presentes.\u003C\/p\u003E\r\n\u003Cp style=\u0022text-align: justify;\u0022\u003EA prefeita Luana Oliveira celebrou a realiza\u0026ccedil;\u0026atilde;o do evento e destacou a import\u0026acirc;ncia de promover momentos que fortalecem a f\u0026eacute; e a uni\u0026atilde;o da comunidade. \u0022A Noite Gospel j\u0026aacute; \u0026eacute; uma tradi\u0026ccedil;\u0026atilde;o em nossa cidade e ver essa pra\u0026ccedil;a lotada mais uma vez \u0026eacute; emocionante. \u0026Eacute; um momento de celebra\u0026ccedil;\u0026atilde;o, de uni\u0026atilde;o e de f\u0026eacute;, onde pessoas de todas as denomina\u0026ccedil;\u0026otilde;es se re\u0026uacute;nem para louvar e agradecer. Ficamos muito felizes em poder proporcionar esse espa\u0026ccedil;o de adora\u0026ccedil;\u0026atilde;o e ver a alegria estampada no rosto de cada fam\u0026iacute;lia gloriense\u0022, afirmou a prefeita.\u003C\/p\u003E\r\n\u003Cp style=\u0022text-align: justify;\u0022\u003EO pastor Gilton, da Igreja Quadrangular, tamb\u0026eacute;m expressou sua satisfa\u0026ccedil;\u0026atilde;o com o evento e agradeceu \u0026agrave; administra\u0026ccedil;\u0026atilde;o municipal pela iniciativa. \u0022Gratid\u0026atilde;o a Deus e \u0026agrave; administra\u0026ccedil;\u0026atilde;o. A edi\u0026ccedil;\u0026atilde;o da Noite Gospel deste ano foi uma ben\u0026ccedil;\u0026atilde;o para a cidade. Todos os crist\u0026atilde;os, evang\u0026eacute;licos, cat\u0026oacute;licos marcaram presen\u0026ccedil;a. Eu, como pastor, fiquei maravilhado em ver pessoas falando: \u0027estou saindo leve daqui, isto \u0026eacute; presen\u0026ccedil;a de Deus\u0027. Foi lindo demais ver a uni\u0026atilde;o do povo gloriense louvando ao Senhor\u0022, declarou o pastor.\u003C\/p\u003E\r\n\u003Cp style=\u0022text-align: justify;\u0022\u003EA 4\u0026ordf; Noite Gospel reafirma o compromisso da gest\u0026atilde;o municipal em valorizar a diversidade religiosa e promover eventos que integrem a comunidade em torno de valores como f\u0026eacute;, paz e uni\u0026atilde;o.\u003C\/p\u003E\r\n\u003Cp\u003E\u003Cem\u003E\u003Cstrong\u003EPor \u003C\/strong\u003EBruno Balbino Jornalista DRT 2039\/Se - Ascom Gl\u0026oacute;ria \/ \u003Cstrong\u003EFotos:\u003C\/strong\u003E Antony - Ascom Gl\u0026oacute;ria\u003C\/em\u003E\u003C\/p\u003E\r\n\u003Cp\u003E\u003Cem\u003E\u003Cimg src=\u0022https:\/\/gloria.se.gov.br\/img\/imagem\/thumb_02_fa44758cfe9d4de5cafe.jpg\u0022 alt=\u002202_fa44758cfe9d4de5cafe.jpg\u0022 width=\u0022300\u0022 height=\u0022225\u0022 \/\u003E\u003Cimg src=\u0022https:\/\/gloria.se.gov.br\/img\/imagem\/thumb_04_074a3ad5cc6e570cffda18b200200.jpg\u0022 alt=\u002204_074a3ad5cc6e570cffda18b200200.jpg\u0022 width=\u0022300\u0022 height=\u0022225\u0022 \/\u003E\u003Cimg src=\u0022https:\/\/gloria.se.gov.br\/img\/imagem\/thumb_01_30cf12455ad1a03cf489.jpg\u0022 alt=\u002201_30cf12455ad1a03cf489.jpg\u0022 width=\u0022300\u0022 height=\u0022225\u0022 \/\u003E\u003Cimg src=\u0022https:\/\/gloria.se.gov.br\/img\/imagem\/thumb_07_1f2a3830ee4a3bd42f87a469fa36.jpg\u0022 alt=\u002207_1f2a3830ee4a3bd42f87a469fa36.jpg\u0022 width=\u0022300\u0022 height=\u0022225\u0022 \/\u003E\u003Cimg src=\u0022https:\/\/gloria.se.gov.br\/img\/imagem\/thumb_06_8d317bcdfa4d398fd35c544.jpg\u0022 alt=\u002206_8d317bcdfa4d398fd35c544.jpg\u0022 width=\u0022300\u0022 height=\u0022225\u0022 \/\u003E\u003Cimg src=\u0022https:\/\/gloria.se.gov.br\/img\/imagem\/thumb_10_b2384ffd01cf72a02e462d.jpg\u0022 alt=\u002210_b2384ffd01cf72a02e462d.jpg\u0022 width=\u0022300\u0022 height=\u0022225\u0022 \/\u003E\u003Cimg src=\u0022https:\/\/gloria.se.gov.br\/img\/imagem\/thumb_05_68e6dd665297a0df565aee77.jpg\u0022 alt=\u002205_68e6dd665297a0df565aee77.jpg\u0022 width=\u0022300\u0022 height=\u0022225\u0022 \/\u003E\u003Cimg src=\u0022https:\/\/gloria.se.gov.br\/img\/imagem\/thumb_08_31f18b2cfbec0de5a70b8ee.jpg\u0022 alt=\u002208_31f18b2cfbec0de5a70b8ee.jpg\u0022 width=\u0022300\u0022 height=\u0022225\u0022 \/\u003E\u003Cimg src=\u0022https:\/\/gloria.se.gov.br\/img\/imagem\/thumb_09_fdea7fc907b7e44f42129a9.jpg\u0022 alt=\u002209_fdea7fc907b7e44f42129a9.jpg\u0022 width=\u0022300\u0022 height=\u0022225\u0022 \/\u003E\u003Cimg src=\u0022https:\/\/gloria.se.gov.br\/img\/imagem\/thumb_03_e950f4373ad71da431babd.jpg\u0022 alt=\u002203_e950f4373ad71da431babd.jpg\u0022 width=\u0022300\u0022 height=\u0022225\u0022 \/\u003E\u003C\/em\u003E\u003C\/p\u003E","tags":"Noite Gospel ,Evento ,Religi\u00e3o ,Crist\u00e3o ,Pra\u00e7a de Eventos ,Isadora Pompeo ,Harpa de Davi ,Jancarlos e Banda","publicacao":"2026-03-11 21:55:19","criado":"2026-03-11 21:55:19","alterado":"2026-03-11 21:55:19"},{"id":712,"categoria_id":"7","categoria":{"id":7,"nome":"INFRAESTRUTURA"},"autor_id":"4","autor":{"id":4,"nome":"ASCOM","email":"secom@gloria.se.gov.br"},"titulo":"Prefeitura realiza reparos graduais em estradas rurais afetadas pelas chuvas","slug":"prefeitura-realiza-reparos-graduais-em-estradas-rurais-afetadas-pelas-chuvas","subtitulo":"Equipes atuam de forma cont\u00ednua \u00e0 medida que Defesa Civil identifica \u00e1reas danificadas","imagem":"\/img\/imagem\/01_d1ba965003036ca5690015e40.jpg,\/img\/imagem\/media_01_d1ba965003036ca5690015e40.jpg,\/img\/imagem\/thumb_01_d1ba965003036ca5690015e40.jpg,\/img\/imagem\/thumb_fix_01_d1ba965003036ca5690015e40.jpg","texto":"\u003Cp\u003E\u003Cimg style=\u0022display: block; margin-left: auto; margin-right: auto;\u0022 src=\u0022https:\/\/gloria.se.gov.br\/img\/imagem\/media_01_d1ba965003036ca5690015e40.jpg\u0022 alt=\u002201_d1ba965003036ca5690015e40.jpg\u0022 width=\u0022519\u0022 height=\u0022389\u0022 \/\u003E\u003C\/p\u003E\r\n\u003Cp style=\u0022text-align: justify;\u0022\u003EA Prefeitura de Nossa Senhora da Gl\u0026oacute;ria, por meio da Secretaria Municipal de Obras e Infraestrutura e da Defesa Civil Municipal, j\u0026aacute; iniciou os servi\u0026ccedil;os de recupera\u0026ccedil;\u0026atilde;o das estradas vicinais danificadas pelas fortes chuvas dos \u0026uacute;ltimos dias. Os reparos est\u0026atilde;o sendo executados de forma gradual, \u0026agrave; medida que as equipes de vistoria percorrem as comunidades e identificam os pontos que necessitam de interven\u0026ccedil;\u0026atilde;o.\u003C\/p\u003E\r\n\u003Cp style=\u0022text-align: justify;\u0022\u003EAs visitas t\u0026eacute;cnicas realizadas pela Defesa Civil t\u0026ecirc;m percorrido diversas localidades da zona rural, incluindo os povoados Mandacaru, Baixa do Algodoeiro, Lagoa das Pi\u0026aacute;s, Retiro e Tanque de Pedra. Tamb\u0026eacute;m foram vistoriados os assentamentos Nossa Senhora de Lourdes, Fortaleza, Nossa Senhora Aparecida e Z\u0026eacute; Em\u0026iacute;lio, al\u0026eacute;m das comunidades Col\u0026ocirc;nia Santa Helena, Aningas, Riacho do Chico, Gravat\u0026aacute; e Riacho Grande.\u003C\/p\u003E\r\n\u003Cp style=\u0022text-align: justify;\u0022\u003ECom base no levantamento dos pontos cr\u0026iacute;ticos, a Secretaria de Obras mobiliza diariamente maquin\u0026aacute;rio e equipes para realizar os reparos necess\u0026aacute;rios, garantindo mais seguran\u0026ccedil;a e melhores condi\u0026ccedil;\u0026otilde;es de tr\u0026aacute;fego para os moradores. O trabalho segue cronograma din\u0026acirc;mico, priorizando as \u0026aacute;reas de maior urg\u0026ecirc;ncia e estendendo-se progressivamente a todas as localidades afetadas.\u003C\/p\u003E\r\n\u003Cp style=\u0022text-align: justify;\u0022\u003EO coordenador da Defesa Civil Municipal, Lenaldo Leite, explicou a din\u0026acirc;mica do trabalho integrado entre as pastas. \u0022Estamos nas comunidades fazendo o levantamento detalhado dos estragos causados pelas chuvas. \u0026Eacute; um fluxo cont\u0026iacute;nuo de trabalho: vistoria, planejamento e execu\u0026ccedil;\u0026atilde;o. Dessa forma, conseguimos atender as demandas de forma gradual e eficiente, sem deixar nenhuma localidade desassistida\u0022, afirmou.\u003C\/p\u003E\r\n\u003Cp style=\u0022text-align: justify;\u0022\u003EO secret\u0026aacute;rio municipal de Obras e Infraestrutura, Francisco de Assis Oliveira Cacho, refor\u0026ccedil;ou que as equipes est\u0026atilde;o em campo diariamente e que os reparos avan\u0026ccedil;am conforme as necessidades s\u0026atilde;o identificadas. \u0022N\u0026atilde;o paramos. Assim que a Defesa Civil conclui a vistoria em uma comunidade, j\u0026aacute; direcionamos nossas equipes para iniciar os reparos. \u0026Eacute; um trabalho planejado, cont\u0026iacute;nuo e focado em restabelecer as condi\u0026ccedil;\u0026otilde;es de acesso com a maior brevidade poss\u0026iacute;vel\u0022, destacou o secret\u0026aacute;rio.\u003C\/p\u003E\r\n\u003Cp style=\u0022text-align: justify;\u0022\u003E\u003Cem\u003E\u003Cstrong\u003EPor \u003C\/strong\u003EBruno Balbino Jornalista DRT 2039\/Se - Ascom Gl\u0026oacute;ria \/ \u003Cstrong\u003EFotos:\u003C\/strong\u003E Antony - Ascom Gl\u0026oacute;ria\u003C\/em\u003E\u003C\/p\u003E\r\n\u003Cp\u003E\u003Cimg src=\u0022https:\/\/gloria.se.gov.br\/img\/imagem\/thumb_02_8e445581bbd831e5d5670122fd34.jpg\u0022 alt=\u002202_8e445581bbd831e5d5670122fd34.jpg\u0022 width=\u0022300\u0022 height=\u0022225\u0022 \/\u003E\u003Cimg src=\u0022https:\/\/gloria.se.gov.br\/img\/imagem\/thumb_03_b33dc776a5fe0cd902eae5f0c2.jpg\u0022 alt=\u002203_b33dc776a5fe0cd902eae5f0c2.jpg\u0022 width=\u0022300\u0022 height=\u0022225\u0022 \/\u003E\u003Cimg src=\u0022https:\/\/gloria.se.gov.br\/img\/imagem\/thumb_05_3bb22ddd13bb9762b8e4bd423f2f.jpg\u0022 alt=\u002205_3bb22ddd13bb9762b8e4bd423f2f.jpg\u0022 width=\u0022300\u0022 height=\u0022225\u0022 \/\u003E\u003Cimg src=\u0022https:\/\/gloria.se.gov.br\/img\/imagem\/thumb_06_dea79473c09a033ae8fb07d6.jpg\u0022 alt=\u002206_dea79473c09a033ae8fb07d6.jpg\u0022 width=\u0022300\u0022 height=\u0022225\u0022 \/\u003E\u003Cimg src=\u0022https:\/\/gloria.se.gov.br\/img\/imagem\/thumb_04_6efb913442177c124b331f.jpg\u0022 alt=\u002204_6efb913442177c124b331f.jpg\u0022 width=\u0022300\u0022 height=\u0022225\u0022 \/\u003E\u003Cimg src=\u0022https:\/\/gloria.se.gov.br\/img\/imagem\/thumb_07_b334f375de15d4adfc363c.jpg\u0022 alt=\u002207_b334f375de15d4adfc363c.jpg\u0022 width=\u0022300\u0022 height=\u0022225\u0022 \/\u003E\u003Cimg src=\u0022https:\/\/gloria.se.gov.br\/img\/imagem\/thumb_08_3296c0b2f1d007d7e1472c6b32cf8.jpg\u0022 alt=\u002208_3296c0b2f1d007d7e1472c6b32cf8.jpg\u0022 width=\u0022300\u0022 height=\u0022225\u0022 \/\u003E\u003Cimg src=\u0022https:\/\/gloria.se.gov.br\/img\/imagem\/thumb_01_d1ba965003036ca5690015e40.jpg\u0022 alt=\u002201_d1ba965003036ca5690015e40.jpg\u0022 width=\u0022300\u0022 height=\u0022225\u0022 \/\u003E\u003C\/p\u003E","tags":"Obras ,Recupera\u00e7\u00e3o ,Estradas ,Comunidades Rurais ,Trabalho ,Chuvas","publicacao":"2026-03-09 11:21:52","criado":"2026-03-09 11:21:52","alterado":"2026-03-09 11:21:52"},{"id":711,"categoria_id":"10","categoria":{"id":10,"nome":"AGRICULTURA"},"autor_id":"4","autor":{"id":4,"nome":"ASCOM","email":"secom@gloria.se.gov.br"},"titulo":"Programa Gest\u00e3o em Campo atende mais de 200 animais em fevereiro","slug":"programa-gestao-em-campo-atende-mais-de-200-animais-em-fevereiro","subtitulo":"A\u00e7\u00e3o levou assist\u00eancia veterin\u00e1ria a comunidades rurais do munic\u00edpio","imagem":"\/img\/imagem\/100_41e016d53452f815b11ccd7.jpg,\/img\/imagem\/media_100_41e016d53452f815b11ccd7.jpg,\/img\/imagem\/thumb_100_41e016d53452f815b11ccd7.jpg,\/img\/imagem\/thumb_fix_100_41e016d53452f815b11ccd7.jpg","texto":"\u003Cp\u003E\u003Cimg style=\u0022display: block; margin-left: auto; margin-right: auto;\u0022 src=\u0022https:\/\/gloria.se.gov.br\/img\/imagem\/media_100_41e016d53452f815b11ccd7.jpg\u0022 alt=\u0022100_41e016d53452f815b11ccd7.jpg\u0022 width=\u0022467\u0022 height=\u0022350\u0022 \/\u003E\u003C\/p\u003E\r\n\u003Cp style=\u0022text-align: justify;\u0022\u003EA Prefeitura de Nossa Senhora da Gl\u0026oacute;ria, por meio da Secretaria Municipal de Agricultura e Pecu\u0026aacute;ria, realizou ao longo do m\u0026ecirc;s de fevereiro mais de 200 atendimentos a animais atrav\u0026eacute;s do programa Gest\u0026atilde;o em Campo. A iniciativa percorreu diversas comunidades rurais do munic\u0026iacute;pio, levando assist\u0026ecirc;ncia veterin\u0026aacute;ria especializada diretamente \u0026agrave;s propriedades dos pequenos e m\u0026eacute;dios produtores.\u003C\/p\u003E\r\n\u003Cp style=\u0022text-align: justify;\u0022\u003EOs atendimentos inclu\u0026iacute;ram procedimentos cl\u0026iacute;nicos, acompanhamento reprodutivo, ultrassonografias para diagn\u0026oacute;stico de gesta\u0026ccedil;\u0026atilde;o, microcirurgias e orienta\u0026ccedil;\u0026otilde;es t\u0026eacute;cnicas sobre manejo e sanidade animal. A a\u0026ccedil;\u0026atilde;o tem como objetivo fortalecer a pecu\u0026aacute;ria local, melhorar a produtividade dos rebanhos e garantir a sa\u0026uacute;de dos animais, que representam a base da economia familiar no campo.\u003C\/p\u003E\r\n\u003Cp style=\u0022text-align: justify;\u0022\u003EO programa Gest\u0026atilde;o em Campo conta com equipe de m\u0026eacute;dicos veterin\u0026aacute;rios e utiliza equipamentos modernos, incluindo aparelho de ultrassonografia adquirido pela Prefeitura, que permite diagn\u0026oacute;sticos precisos e atendimento de qualidade nas pr\u0026oacute;prias comunidades.\u003C\/p\u003E\r\n\u003Cp style=\u0022text-align: justify;\u0022\u003EO secret\u0026aacute;rio municipal de Agricultura e Pecu\u0026aacute;ria, Jairo Santana, destacou o resultado expressivo alcan\u0026ccedil;ado no m\u0026ecirc;s de fevereiro e a import\u0026acirc;ncia do programa para o desenvolvimento rural. \u0022Ultrapassar a marca de 200 atendimentos em um m\u0026ecirc;s demonstra a dimens\u0026atilde;o e a relev\u0026acirc;ncia do Gest\u0026atilde;o em Campo para os nossos produtores. Estamos levando tecnologia, cuidado e assist\u0026ecirc;ncia t\u0026eacute;cnica de qualidade para quem mais precisa, diretamente nas propriedades. Isso significa mais sa\u0026uacute;de para os rebanhos, mais produtividade e, consequentemente, mais renda para as fam\u0026iacute;lias que vivem da pecu\u0026aacute;ria. O programa \u0026eacute; a materializa\u0026ccedil;\u0026atilde;o do nosso compromisso com o fortalecimento da agricultura familiar e com o desenvolvimento da Capital Sergipana do Leite\u0022, afirmou o secret\u0026aacute;rio.\u003C\/p\u003E\r\n\u003Cp style=\u0022text-align: justify;\u0022\u003EO Gest\u0026atilde;o em Campo segue com cronograma de visitas \u0026agrave;s comunidades rurais ao longo do ano, reafirmando o compromisso da administra\u0026ccedil;\u0026atilde;o municipal em apoiar o homem do campo e promover o desenvolvimento sustent\u0026aacute;vel da pecu\u0026aacute;ria no munic\u0026iacute;pio.\u003C\/p\u003E\r\n\u003Cp style=\u0022text-align: justify;\u0022\u003E\u003Cem\u003E\u003Cstrong\u003EPor \u003C\/strong\u003EBruno Balbino Jornalista DRT 2039\/Se - Ascom Gl\u0026oacute;ria \/ \u003Cstrong\u003EFotos:\u003C\/strong\u003E Antony - Ascom Gl\u0026oacute;ria\u003C\/em\u003E\u003C\/p\u003E\r\n\u003Cp style=\u0022text-align: justify;\u0022\u003E\u003Cem\u003E\u003Cimg src=\u0022https:\/\/gloria.se.gov.br\/img\/imagem\/thumb_101_5a9117adfb17a62ccabd796.jpg\u0022 alt=\u0022101_5a9117adfb17a62ccabd796.jpg\u0022 width=\u0022300\u0022 height=\u0022225\u0022 \/\u003E\u003Cimg src=\u0022https:\/\/gloria.se.gov.br\/img\/imagem\/thumb_100_41e016d53452f815b11ccd7.jpg\u0022 alt=\u0022100_41e016d53452f815b11ccd7.jpg\u0022 width=\u0022300\u0022 height=\u0022225\u0022 \/\u003E\u003Cimg src=\u0022https:\/\/gloria.se.gov.br\/img\/imagem\/thumb_102_26b760a6c360a4ed73b77de379.jpg\u0022 alt=\u0022102_26b760a6c360a4ed73b77de379.jpg\u0022 width=\u0022300\u0022 height=\u0022225\u0022 \/\u003E\u003C\/em\u003E\u003C\/p\u003E","tags":"Gest\u00e3o em Campo ,Agricultura ,Assessoria T\u00e9cnica ,Veterin\u00e1ria","publicacao":"2026-03-09 10:27:56","criado":"2026-03-09 10:27:56","alterado":"2026-03-09 10:27:56"},{"id":710,"categoria_id":"2","categoria":{"id":2,"nome":"OBRAS"},"autor_id":"4","autor":{"id":4,"nome":"ASCOM","email":"secom@gloria.se.gov.br"},"titulo":"Prefeitura apresenta mudan\u00e7as do Plano Diretor para loteamentos","slug":"prefeitura-apresenta-mudancas-do-plano-diretor-para-loteamentos","subtitulo":"Encontro alinhou diretrizes para crescimento urbano organizado e sustent\u00e1vel","imagem":"\/img\/imagem\/02_13d759a7b2b9c374abda51479f7c.jpg,\/img\/imagem\/media_02_13d759a7b2b9c374abda51479f7c.jpg,\/img\/imagem\/thumb_02_13d759a7b2b9c374abda51479f7c.jpg,\/img\/imagem\/thumb_fix_02_13d759a7b2b9c374abda51479f7c.jpg","texto":"\u003Cp\u003E\u003Cimg style=\u0022display: block; margin-left: auto; margin-right: auto;\u0022 src=\u0022https:\/\/gloria.se.gov.br\/img\/imagem\/media_02_13d759a7b2b9c374abda51479f7c.jpg\u0022 alt=\u002202_13d759a7b2b9c374abda51479f7c.jpg\u0022 width=\u0022579\u0022 height=\u0022434\u0022 \/\u003E\u003C\/p\u003E\r\n\u003Cp style=\u0022text-align: justify;\u0022\u003EA equipe do Plano Diretor e a Secretaria Municipal de Obras e Infraestrutura, realizaram uma reuni\u0026atilde;o com construtores e profissionais da constru\u0026ccedil;\u0026atilde;o civil do munic\u0026iacute;pio para apresenta\u0026ccedil;\u0026atilde;o e debate sobre as mudan\u0026ccedil;as que o novo Plano Diretor trar\u0026aacute; para os loteamentos. O encontro aconteceu na \u0026uacute;ltima semana e teve como objetivo alinhar informa\u0026ccedil;\u0026otilde;es, esclarecer d\u0026uacute;vidas e apresentar as diretrizes que ir\u0026atilde;o orientar o crescimento urbano da Capital Sergipana do Leite.\u003C\/p\u003E\r\n\u003Cp style=\u0022text-align: justify;\u0022\u003EDurante a reuni\u0026atilde;o, foram detalhadas as novas normas e exig\u0026ecirc;ncias para aprova\u0026ccedil;\u0026atilde;o e implanta\u0026ccedil;\u0026atilde;o de loteamentos, incluindo quest\u0026otilde;es relacionadas \u0026agrave; infraestrutura obrigat\u0026oacute;ria, percentuais de \u0026aacute;reas verdes e institucionais, sistema vi\u0026aacute;rio, drenagem e demais aspectos t\u0026eacute;cnicos que garantem a qualidade urban\u0026iacute;stica dos empreendimentos. A proposta \u0026eacute; assegurar que o crescimento da cidade ocorra de forma planejada, organizada e sustent\u0026aacute;vel.\u003C\/p\u003E\r\n\u003Cp style=\u0022text-align: justify;\u0022\u003EO di\u0026aacute;logo com os profissionais da constru\u0026ccedil;\u0026atilde;o civil foi destacado como fundamental para que as novas normas sejam compreendidas e aplicadas corretamente, evitando problemas futuros tanto para os empreendedores quanto para a popula\u0026ccedil;\u0026atilde;o que ser\u0026aacute; beneficiada com os novos loteamentos.\u003C\/p\u003E\r\n\u003Cp style=\u0022text-align: justify;\u0022\u003EO secret\u0026aacute;rio municipal de Obras e Infraestrutura, Francisco de Assis Oliveira Cacho, ressaltou a import\u0026acirc;ncia da participa\u0026ccedil;\u0026atilde;o dos construtores nesse processo de constru\u0026ccedil;\u0026atilde;o coletiva do novo Plano Diretor. \u0022Nosso objetivo \u0026eacute; construir uma cidade melhor para todos, e isso passa necessariamente pelo di\u0026aacute;logo com quem atua diretamente no desenvolvimento urbano. Os construtores s\u0026atilde;o parceiros essenciais nesse processo. Apresentamos as mudan\u0026ccedil;as, ouvimos suas contribui\u0026ccedil;\u0026otilde;es e tiramos d\u0026uacute;vidas para que todos possam adequar seus projetos \u0026agrave;s novas diretrizes. Queremos um crescimento urbano seguro, organizado e que respeite a qualidade de vida da nossa popula\u0026ccedil;\u0026atilde;o\u0022, afirmou o secret\u0026aacute;rio.\u003C\/p\u003E\r\n\u003Cp style=\u0022text-align: justify;\u0022\u003EO encontro integra o cronograma de debates e audi\u0026ecirc;ncias p\u0026uacute;blicas que v\u0026ecirc;m sendo realizados pela equipe do Plano Diretor para construir de forma participativa o novo instrumento que ir\u0026aacute; orientar o desenvolvimento da cidade para os pr\u0026oacute;ximos anos. A gest\u0026atilde;o municipal refor\u0026ccedil;a o compromisso com o planejamento urbano e convida a popula\u0026ccedil;\u0026atilde;o para continuar participando desse processo.\u003C\/p\u003E\r\n\u003Cp style=\u0022text-align: justify;\u0022\u003E\u003Cem\u003E\u003Cstrong\u003EPor \u003C\/strong\u003EBruno Balbino Jornalista DRT 2039\/Se - Ascom Gl\u0026oacute;ria \/ \u003Cstrong\u003EFotos:\u003C\/strong\u003E Antony - Ascom Gl\u0026oacute;ria\u003C\/em\u003E\u003C\/p\u003E\r\n\u003Cp style=\u0022text-align: justify;\u0022\u003E\u003Cimg src=\u0022https:\/\/gloria.se.gov.br\/img\/imagem\/thumb_01_e8ea9b6449269dbbb29a56d8f999.jpg\u0022 alt=\u002201_e8ea9b6449269dbbb29a56d8f999.jpg\u0022 width=\u0022300\u0022 height=\u0022225\u0022 \/\u003E\u003Cimg src=\u0022https:\/\/gloria.se.gov.br\/img\/imagem\/thumb_03_d8debc9dbde9cd9845d2b0e.jpg\u0022 alt=\u002203_d8debc9dbde9cd9845d2b0e.jpg\u0022 width=\u0022300\u0022 height=\u0022225\u0022 \/\u003E\u003Cimg src=\u0022https:\/\/gloria.se.gov.br\/img\/imagem\/thumb_04_dd0369d9d59482d91213ba3ee01b1.jpg\u0022 alt=\u002204_dd0369d9d59482d91213ba3ee01b1.jpg\u0022 width=\u0022300\u0022 height=\u0022225\u0022 \/\u003E\u003Cimg src=\u0022https:\/\/gloria.se.gov.br\/img\/imagem\/thumb_02_13d759a7b2b9c374abda51479f7c.jpg\u0022 alt=\u002202_13d759a7b2b9c374abda51479f7c.jpg\u0022 width=\u0022300\u0022 height=\u0022225\u0022 \/\u003E\u003C\/p\u003E","tags":"Reuni\u00e3o ,Construtores ,Plano Diretor ,Alinhamentos","publicacao":"2026-03-06 14:49:00","criado":"2026-03-06 14:49:11","alterado":"2026-03-06 14:54:46"},{"id":709,"categoria_id":"13","categoria":{"id":13,"nome":"ADMINISTRA\u00c7\u00c3O"},"autor_id":"4","autor":{"id":4,"nome":"ASCOM","email":"secom@gloria.se.gov.br"},"titulo":"Pagamento de servidores municipais passa a ser feito pelo Banese a partir de mar\u00e7o","slug":"pagamento-de-servidores-municipais-passa-a-ser-feito-pelo-banese-a-partir-de-marco","subtitulo":"Mudan\u00e7a visa mais efici\u00eancia e comodidade ao funcionalismo","imagem":"\/img\/imagem\/01_ea4ad7f50c5df022a5c4a.jpg,\/img\/imagem\/media_01_ea4ad7f50c5df022a5c4a.jpg,\/img\/imagem\/thumb_01_ea4ad7f50c5df022a5c4a.jpg,\/img\/imagem\/thumb_fix_01_ea4ad7f50c5df022a5c4a.jpg","texto":"\u003Cp\u003E\u003Cimg style=\u0022display: block; margin-left: auto; margin-right: auto;\u0022 src=\u0022https:\/\/gloria.se.gov.br\/img\/imagem\/media_01_ea4ad7f50c5df022a5c4a.jpg\u0022 alt=\u002201_ea4ad7f50c5df022a5c4a.jpg\u0022 width=\u0022600\u0022 height=\u0022450\u0022 \/\u003E\u003C\/p\u003E\r\n\u003Cp style=\u0022text-align: justify;\u0022\u003EA partir do m\u0026ecirc;s de mar\u0026ccedil;o deste ano, o pagamento dos servidores municipais ser\u0026aacute; realizado por meio do Banco do Estado de Sergipe (Banese). A mudan\u0026ccedil;a substitui a antiga opera\u0026ccedil;\u0026atilde;o pela Caixa Econ\u0026ocirc;mica Federal e tem como objetivo oferecer mais efici\u0026ecirc;ncia, comodidade e valoriza\u0026ccedil;\u0026atilde;o ao funcionalismo p\u0026uacute;blico do munic\u0026iacute;pio.\u003C\/p\u003E\r\n\u003Cp style=\u0022text-align: justify;\u0022\u003EO secret\u0026aacute;rio municipal de Administra\u0026ccedil;\u0026atilde;o, Tiago Souza, destacou os benef\u0026iacute;cios da mudan\u0026ccedil;a para os servidores e para a administra\u0026ccedil;\u0026atilde;o p\u0026uacute;blica. \u0022Estamos realizando essa transi\u0026ccedil;\u0026atilde;o pensando na valoriza\u0026ccedil;\u0026atilde;o dos nossos servidores. O Banese \u0026eacute; um banco p\u0026uacute;blico estadual com capilaridade e conhecimento da realidade do servi\u0026ccedil;o p\u0026uacute;blico em Sergipe. A mudan\u0026ccedil;a vai trazer mais agilidade nos processos, melhor atendimento e condi\u0026ccedil;\u0026otilde;es diferenciadas para o funcionalismo. \u0026Eacute; uma decis\u0026atilde;o que beneficia diretamente quem diariamente constr\u0026oacute;i a nossa cidade\u0022, afirmou o secret\u0026aacute;rio.\u003C\/p\u003E\r\n\u003Cp style=\u0022text-align: justify;\u0022\u003EA secret\u0026aacute;ria municipal de Finan\u0026ccedil;as, Beatriz Oliveira, complementou destacando os aspectos t\u0026eacute;cnicos e econ\u0026ocirc;micos da decis\u0026atilde;o. \u0022A mudan\u0026ccedil;a para o Banese representa uma s\u0026eacute;rie de vantagens para o munic\u0026iacute;pio e para os servidores. Al\u0026eacute;m das melhores condi\u0026ccedil;\u0026otilde;es contratuais para a administra\u0026ccedil;\u0026atilde;o p\u0026uacute;blica, o servidor ter\u0026aacute; acesso a uma rede de atendimento ampla, aplicativo moderno, linhas de cr\u0026eacute;dito consignado com taxas competitivas e outros servi\u0026ccedil;os banc\u0026aacute;rios com condi\u0026ccedil;\u0026otilde;es especiais. Estudamos cuidadosamente essa transi\u0026ccedil;\u0026atilde;o para garantir que nada impactasse negativamente o pagamento dos nossos servidores\u0022, explicou a secret\u0026aacute;ria.\u003C\/p\u003E\r\n\u003Cp style=\u0022text-align: justify;\u0022\u003EA gest\u0026atilde;o municipal refor\u0026ccedil;a que a mudan\u0026ccedil;a de institui\u0026ccedil;\u0026atilde;o banc\u0026aacute;ria integra um conjunto de a\u0026ccedil;\u0026otilde;es voltadas \u0026agrave; moderniza\u0026ccedil;\u0026atilde;o da administra\u0026ccedil;\u0026atilde;o p\u0026uacute;blica e \u0026agrave; valoriza\u0026ccedil;\u0026atilde;o do funcionalismo, garantindo mais efici\u0026ecirc;ncia na gest\u0026atilde;o dos recursos p\u0026uacute;blicos e melhores servi\u0026ccedil;os aos servidores municipais da Capital Sergipana do Leite.\u003C\/p\u003E\r\n\u003Cp style=\u0022text-align: justify;\u0022\u003E\u003Cem\u003E\u003Cstrong\u003EPor \u003C\/strong\u003EBruno Balbino Jornalista DRT 2039\/Se - Ascom Gl\u0026oacute;ria \/ \u003Cstrong\u003EFotos:\u003C\/strong\u003E Arquivo Ascom Gl\u0026oacute;ria\u003C\/em\u003E\u003C\/p\u003E","tags":"Servidores Municipais ,Mudan\u00e7a ,Institui\u00e7\u00e3o Banc\u00e1ria ,Banese,Caixa","publicacao":"2026-03-06 14:45:20","criado":"2026-03-06 14:45:20","alterado":"2026-03-06 14:45:20"},{"id":708,"categoria_id":"4","categoria":{"id":4,"nome":"EDUCA\u00c7\u00c3O"},"autor_id":"4","autor":{"id":4,"nome":"ASCOM","email":"secom@gloria.se.gov.br"},"titulo":"Semec realiza reuni\u00e3o de alinhamento com equipes gestoras","slug":"semec-realiza-reuniao-de-alinhamento-com-equipes-gestoras","subtitulo":"Encontro promove escuta ativa para fortalecer desenvolvimento do ensino-aprendizagem","imagem":"\/img\/imagem\/11_ed571de7e365f7bde2c2.jpg,\/img\/imagem\/media_11_ed571de7e365f7bde2c2.jpg,\/img\/imagem\/thumb_11_ed571de7e365f7bde2c2.jpg,\/img\/imagem\/thumb_fix_11_ed571de7e365f7bde2c2.jpg","texto":"\u003Cp\u003E\u003Cimg style=\u0022display: block; margin-left: auto; margin-right: auto;\u0022 src=\u0022https:\/\/gloria.se.gov.br\/img\/imagem\/media_11_ed571de7e365f7bde2c2.jpg\u0022 alt=\u002211_ed571de7e365f7bde2c2.jpg\u0022 width=\u0022547\u0022 height=\u0022410\u0022 \/\u003E\u003C\/p\u003E\r\n\u003Cp style=\u0022text-align: justify;\u0022\u003EA Secretaria Municipal de Educa\u0026ccedil;\u0026atilde;o e Cultura (Semec) promoveu na manh\u0026atilde; da sexta-feira, 27 de fevereiro, uma reuni\u0026atilde;o de alinhamento e planejamento com as equipes gestoras da rede de ensino de Nossa Senhora da Gl\u0026oacute;ria, a Capital Sergipana do Leite. O encontro aconteceu no plen\u0026aacute;rio da C\u0026acirc;mara de Vereadores e reuniu diretores, coordenadores e demais profissionais da gest\u0026atilde;o escolar.\u003C\/p\u003E\r\n\u003Cp style=\u0022text-align: justify;\u0022\u003EA reuni\u0026atilde;o teve como prop\u0026oacute;sito central realizar uma escuta ativa dos gestores, permitindo que as demandas, experi\u0026ecirc;ncias e desafios vivenciados no cotidiano das escolas fossem compartilhados e analisados coletivamente. A partir desse diagn\u0026oacute;stico participativo, a secretaria busca direcionar a\u0026ccedil;\u0026otilde;es mais eficazes para o melhor desenvolvimento do processo de ensino-aprendizagem na rede municipal.\u003C\/p\u003E\r\n\u003Cp style=\u0022text-align: justify;\u0022\u003EO secret\u0026aacute;rio municipal de Educa\u0026ccedil;\u0026atilde;o e Cultura, Williams Santana, destacou a import\u0026acirc;ncia do di\u0026aacute;logo permanente com as equipes escolares para a constru\u0026ccedil;\u0026atilde;o de uma educa\u0026ccedil;\u0026atilde;o de qualidade. \u0022Nosso objetivo com essa reuni\u0026atilde;o foi ouvir quem est\u0026aacute; na ponta, no dia a dia das escolas. A gest\u0026atilde;o democr\u0026aacute;tica se faz com di\u0026aacute;logo, com escuta atenta e com planejamento constru\u0026iacute;do coletivamente. Precisamos conhecer a realidade de cada unidade para podermos direcionar melhor nossas pol\u0026iacute;ticas e a\u0026ccedil;\u0026otilde;es pedag\u0026oacute;gicas. Esse alinhamento \u0026eacute; fundamental para garantirmos que todos os nossos estudantes tenham cada vez mais qualidade no ensino\u0022, afirmou o secret\u0026aacute;rio.\u003C\/p\u003E\r\n\u003Cp style=\u0022text-align: justify;\u0022\u003EDurante o encontro, foram debatidos temas relacionados ao calend\u0026aacute;rio letivo, projetos pedag\u0026oacute;gicos, forma\u0026ccedil;\u0026atilde;o continuada de professores, infraestrutura escolar e estrat\u0026eacute;gias para melhoria dos indicadores educacionais. A escuta ativa dos gestores permitiu \u0026agrave; Semec mapear necessidades espec\u0026iacute;ficas e construir um planejamento mais alinhado com as demandas reais da comunidade escolar.\u003C\/p\u003E\r\n\u003Cp style=\u0022text-align: justify;\u0022\u003E\u003Cem\u003E\u003Cstrong\u003EPor \u003C\/strong\u003EBruno Balbino Jornalista DRT 2039\/Se - Ascom Gl\u0026oacute;ria \/ \u003Cstrong\u003EFotos:\u003C\/strong\u003E Arquivo Ascom Gl\u0026oacute;ria\u003C\/em\u003E\u003C\/p\u003E\r\n\u003Cp style=\u0022text-align: justify;\u0022\u003E\u003Cem\u003E\u003Cimg src=\u0022https:\/\/gloria.se.gov.br\/img\/imagem\/thumb_10_9afbe06cde5084866f44c650c2.jpg\u0022 alt=\u002210_9afbe06cde5084866f44c650c2.jpg\u0022 width=\u0022300\u0022 height=\u0022225\u0022 \/\u003E\u003Cimg src=\u0022https:\/\/gloria.se.gov.br\/img\/imagem\/thumb_09_f350211e2023b8655c26d6b2.jpg\u0022 alt=\u002209_f350211e2023b8655c26d6b2.jpg\u0022 width=\u0022300\u0022 height=\u0022225\u0022 \/\u003E\u003Cimg src=\u0022https:\/\/gloria.se.gov.br\/img\/imagem\/thumb_08_b7c0f22a06c45321a0eb.jpg\u0022 alt=\u002208_b7c0f22a06c45321a0eb.jpg\u0022 width=\u0022300\u0022 height=\u0022225\u0022 \/\u003E\u003Cimg src=\u0022https:\/\/gloria.se.gov.br\/img\/imagem\/thumb_04_cddec702481dbb074766c25.jpg\u0022 alt=\u002204_cddec702481dbb074766c25.jpg\u0022 width=\u0022300\u0022 height=\u0022225\u0022 \/\u003E\u003Cimg src=\u0022https:\/\/gloria.se.gov.br\/img\/imagem\/thumb_07_781e99e4240fac22da552be.jpg\u0022 alt=\u002207_781e99e4240fac22da552be.jpg\u0022 width=\u0022300\u0022 height=\u0022225\u0022 \/\u003E\u003Cimg src=\u0022https:\/\/gloria.se.gov.br\/img\/imagem\/thumb_06_a59ad2ea8c13a3402cb00d2.jpg\u0022 alt=\u002206_a59ad2ea8c13a3402cb00d2.jpg\u0022 width=\u0022300\u0022 height=\u0022225\u0022 \/\u003E\u003Cimg src=\u0022https:\/\/gloria.se.gov.br\/img\/imagem\/thumb_02_9798c6a3570d596dfafb.jpg\u0022 alt=\u002202_9798c6a3570d596dfafb.jpg\u0022 width=\u0022300\u0022 height=\u0022225\u0022 \/\u003E\u003Cimg src=\u0022https:\/\/gloria.se.gov.br\/img\/imagem\/thumb_03_2684630627262cccec89090a27685.jpg\u0022 alt=\u002203_2684630627262cccec89090a27685.jpg\u0022 width=\u0022300\u0022 height=\u0022225\u0022 \/\u003E\u003Cimg src=\u0022https:\/\/gloria.se.gov.br\/img\/imagem\/thumb_05_ef5bb28b1882218fb5391da6.jpg\u0022 alt=\u002205_ef5bb28b1882218fb5391da6.jpg\u0022 width=\u0022300\u0022 height=\u0022225\u0022 \/\u003E\u003Cimg src=\u0022https:\/\/gloria.se.gov.br\/img\/imagem\/thumb_01_6d4c2e96e14c3d4d92296003.jpg\u0022 alt=\u002201_6d4c2e96e14c3d4d92296003.jpg\u0022 width=\u0022300\u0022 height=\u0022225\u0022 \/\u003E\u003Cimg src=\u0022https:\/\/gloria.se.gov.br\/img\/imagem\/thumb_11_ed571de7e365f7bde2c2.jpg\u0022 alt=\u002211_ed571de7e365f7bde2c2.jpg\u0022 width=\u0022300\u0022 height=\u0022225\u0022 \/\u003E\u003C\/em\u003E\u003C\/p\u003E","tags":"Reuni\u00e3o de Alinhamento ,Planejamento ,Educa\u00e7\u00e3o,Equipes gestoras ,Unidades de Ensino","publicacao":"2026-03-06 14:42:27","criado":"2026-03-06 14:42:27","alterado":"2026-03-06 14:42:27"}],"busca":null}