{"categorias":[{"id":8,"nome":"A\u00c7\u00c3O SOCIAL","criado":"2021-05-27 11:40:03","alterado":"2021-05-27 11:40:03"},{"id":13,"nome":"ADMINISTRA\u00c7\u00c3O","criado":"2021-11-16 14:49:05","alterado":"2021-11-16 14:49:05"},{"id":10,"nome":"AGRICULTURA","criado":"2021-11-16 14:47:08","alterado":"2021-11-16 14:48:48"},{"id":1,"nome":"COVID-19","criado":"2021-05-27 11:38:47","alterado":"2021-05-27 11:38:47"},{"id":5,"nome":"CULTURA","criado":"2021-05-27 11:39:28","alterado":"2021-05-27 11:39:28"},{"id":16,"nome":"DEFESA CIVIL","criado":"2021-11-16 14:55:45","alterado":"2021-11-16 14:55:45"},{"id":11,"nome":"DESENVOLVIMENTO ECON\u00d4MICO","criado":"2021-11-16 14:47:27","alterado":"2021-11-16 14:48:32"},{"id":4,"nome":"EDUCA\u00c7\u00c3O","criado":"2021-05-27 11:39:16","alterado":"2021-05-27 11:39:16"},{"id":12,"nome":"ESPORTE","criado":"2021-11-16 14:47:41","alterado":"2021-11-16 14:48:04"},{"id":14,"nome":"FINAN\u00c7AS","criado":"2021-11-16 14:49:25","alterado":"2021-11-16 14:49:25"},{"id":7,"nome":"INFRAESTRUTURA","criado":"2021-05-27 11:39:52","alterado":"2021-05-27 11:39:52"},{"id":17,"nome":"MEIO AMBIENTE","criado":"2022-07-05 10:28:59","alterado":"2022-07-05 10:29:22"},{"id":2,"nome":"OBRAS","criado":"2021-05-27 11:38:58","alterado":"2021-05-27 11:38:58"},{"id":3,"nome":"SA\u00daDE","criado":"2021-05-27 11:39:08","alterado":"2021-05-27 11:39:08"},{"id":15,"nome":"SUPERINTENDENCIA MUNICIPAL DE TRASPORTES E TR\u00c2NSITO - SMTT","criado":"2021-11-16 14:54:47","alterado":"2021-11-16 14:55:26"},{"id":6,"nome":"TURISMO","criado":"2021-05-27 11:39:38","alterado":"2021-05-27 11:39:38"},{"id":9,"nome":"VACINA","criado":"2021-05-27 11:40:12","alterado":"2021-05-27 11:40:12"}],"categoria":null,"paginacao":{"atual":1,"proxima":2,"anterior":0,"total_registros":741,"total_paginas":62},"itens":[{"id":742,"categoria_id":"5","categoria":{"id":5,"nome":"CULTURA"},"autor_id":"4","autor":{"id":4,"nome":"ASCOM","email":"secom@gloria.se.gov.br"},"titulo":"Confira as fotos do terceiro dia do Carnaforr\u00f3 2026","slug":"confira-as-fotos-do-terceiro-dia-do-carnaforro-2026","subtitulo":"L\u00e9o Santana e Lucas Brito arrastaram uma multid\u00e3o pela avenida","imagem":"\/img\/imagem\/03_e7c4e4713af6e14c313428.jpg,\/img\/imagem\/media_03_e7c4e4713af6e14c313428.jpg,\/img\/imagem\/thumb_03_e7c4e4713af6e14c313428.jpg,\/img\/imagem\/thumb_fix_03_e7c4e4713af6e14c313428.jpg","texto":"\u003Cp\u003E\u003Cimg style=\u0022display: block; margin-left: auto; margin-right: auto;\u0022 src=\u0022https:\/\/gloria.se.gov.br\/img\/imagem\/media_03_e7c4e4713af6e14c313428.jpg\u0022 alt=\u002203_e7c4e4713af6e14c313428.jpg\u0022 width=\u0022497\u0022 height=\u0022331\u0022 \/\u003E\u003C\/p\u003E\r\n\u003Cp\u003EA festa teve in\u0026iacute;cio neste domingo, 26, terceiro dia do Carnaforr\u0026oacute; 2026 - Folia e Forr\u0026oacute; Numa Festa S\u0026oacute;, com o bloco Acorda Gl\u0026oacute;ria, com Lucas Brito puxando os foli\u0026otilde;es pela Rua do Fluxo, depois a movimenta\u0026ccedil;\u0026atilde;o foi por conta dos pared\u0026otilde;es. J\u0026aacute; no final da tarde, fechando a programa\u0026ccedil;\u0026atilde;o de uma das maiores festas populares do interior do Estado de Sergipe, o L\u0026eacute;o Santana puxou uma multid\u0026atilde;o, que seguiu o trio ao som de grandes sucessos do artista e a suingueira baiana.\u003C\/p\u003E\r\n\u003Cp\u003E\u003Cstrong\u003EConfira todas as fotos do primeiro dia clicando \u003Ca href=\u0022https:\/\/gloria.se.gov.br\/galeria\/8\/terceiro-dia-do-carnaforro-2026\u0022\u003Eaqui.\u003C\/a\u003E\u003C\/strong\u003E\u003C\/p\u003E","tags":"Terceiro dia ,Carnaforr\u00f3 ,Folia e Forr\u00f3 ,Tradi\u00e7\u00e3o ,Cultura","publicacao":"2026-04-27 12:16:00","criado":"2026-04-27 12:16:57","alterado":"2026-04-27 12:21:35"},{"id":741,"categoria_id":"5","categoria":{"id":5,"nome":"CULTURA"},"autor_id":"4","autor":{"id":4,"nome":"ASCOM","email":"secom@gloria.se.gov.br"},"titulo":"Confira as fotos do segundo dia do Carnaforr\u00f3 2026","slug":"confira-as-fotos-do-segundo-dia-do-carnaforro-2026","subtitulo":"Quatro atra\u00e7\u00f5es levaram uma multid\u00e3o para pra\u00e7a de eventos","imagem":"\/img\/imagem\/segundodiado-carnaforro2026_9e55483c6537154e46b4adb8.jpg,\/img\/imagem\/media_segundodiado-carnaforro2026_9e55483c6537154e46b4adb8.jpg,\/img\/imagem\/thumb_segundodiado-carnaforro2026_9e55483c6537154e46b4adb8.jpg,\/img\/imagem\/thumb_fix_segundodiado-carnaforro2026_9e55483c6537154e46b4adb8.jpg","texto":"\u003Cp\u003E\u003Cimg style=\u0022display: block; margin-left: auto; margin-right: auto;\u0022 src=\u0022https:\/\/gloria.se.gov.br\/img\/imagem\/media_segundodiado-carnaforro2026_9e55483c6537154e46b4adb8.jpg\u0022 alt=\u0022segundodiado-carnaforro2026_9e55483c6537154e46b4adb8.jpg\u0022 width=\u0022600\u0022 height=\u0022400\u0022 \/\u003E\u003C\/p\u003E\r\n\u003Cp style=\u0022text-align: justify;\u0022\u003ECom a pra\u0026ccedil;a de eventos lotada, a segunda noite do Carnaforr\u0026oacute; 2026 - Folia e Forr\u0026oacute; Numa Festa S\u0026oacute;, foi um verdadeiro sucesso, tendo como atra\u0026ccedil;\u0026otilde;es, a prata da casa, C\u0026eacute;sar Silva, Jonas Esticado, Unha Pintada e Fernandinha.\u0026nbsp;\u003C\/p\u003E\r\n\u003Cp style=\u0022text-align: justify;\u0022\u003E\u003Cstrong\u003EConfira todas as fotos do primeiro dia clicando \u003Ca href=\u0022https:\/\/gloria.se.gov.br\/galeria\/7\/segundo-dia-do-carnaforro\u0022\u003Eaqui\u003C\/a\u003E.\u003C\/strong\u003E\u003C\/p\u003E","tags":"Segundo dia ,Carnaforr\u00f3 ,Folia e Forr\u00f3 ,Tradi\u00e7\u00e3o ,Fotos","publicacao":"2026-04-26 20:45:00","criado":"2026-04-26 20:45:51","alterado":"2026-04-26 20:48:01"},{"id":740,"categoria_id":"5","categoria":{"id":5,"nome":"CULTURA"},"autor_id":"4","autor":{"id":4,"nome":"ASCOM","email":"secom@gloria.se.gov.br"},"titulo":"Confira as fotos do primeiro dia do Carnaforr\u00f3 2026","slug":"confira-as-fotos-do-primeiro-dia-do-carnaforro-2026","subtitulo":"Cinco atra\u00e7\u00f5es fizeram a alegria do p\u00fablico presente","imagem":"\/img\/imagem\/capa-primeiro-dia_8c014ef8a20cc8e5e75d1e30eecda.jpg,\/img\/imagem\/media_capa-primeiro-dia_8c014ef8a20cc8e5e75d1e30eecda.jpg,\/img\/imagem\/thumb_capa-primeiro-dia_8c014ef8a20cc8e5e75d1e30eecda.jpg,\/img\/imagem\/thumb_fix_capa-primeiro-dia_8c014ef8a20cc8e5e75d1e30eecda.jpg","texto":"\u003Cp\u003E\u003Cimg style=\u0022display: block; margin-left: auto; margin-right: auto;\u0022 src=\u0022https:\/\/gloria.se.gov.br\/img\/imagem\/media_capa-primeiro-dia_8c014ef8a20cc8e5e75d1e30eecda.jpg\u0022 alt=\u0022capa-primeiro-dia_8c014ef8a20cc8e5e75d1e30eecda.jpg\u0022 width=\u0022491\u0022 height=\u0022327\u0022 \/\u003E\u003C\/p\u003E\r\n\u003Cp\u003ECom a pra\u0026ccedil;a de eventos lotada, a primeira noite do Carnaforr\u0026oacute; 2026 - Folia e Forr\u0026oacute; Numa Festa S\u0026oacute;, foi um verdadeiro sucesso, tendo como atra\u0026ccedil;\u0026otilde;es, a prata da casa, Lorrane Medrade, e primeira banda de forr\u0026oacute; eletr\u0026ocirc;nico rom\u0026acirc;ntico, Banda Magn\u0026iacute;ficos, L\u0026eacute;o Foguete, Rey Vaqueiro e Luanzinho Moraes.\u0026nbsp;\u003C\/p\u003E\r\n\u003Cp\u003E\u003Cstrong\u003EConfira todas as fotos do primeiro dia clicando \u003Ca href=\u0022https:\/\/gloria.se.gov.br\/galeria\/6\/primeira-dia-do-carnaforro-2026\u0022\u003Eaqui\u003C\/a\u003E.\u003C\/strong\u003E\u003Cbr \/\u003E\u0026nbsp;\u003C\/p\u003E","tags":"Carnaforr\u00f3 2026,Folia e Forr\u00f3,Festa ,Tradi\u00e7\u00e3o ,Economia ,Com\u00e9rcio Forte","publicacao":"2026-04-25 15:23:00","criado":"2026-04-25 15:23:00","alterado":"2026-04-25 15:29:53"},{"id":739,"categoria_id":"5","categoria":{"id":5,"nome":"CULTURA"},"autor_id":"4","autor":{"id":4,"nome":"ASCOM","email":"secom@gloria.se.gov.br"},"titulo":"Prefeitura de Gl\u00f3ria realiza 28\u00aa edi\u00e7\u00e3o do Carnaforr\u00f3","slug":"prefeitura-de-gloria-realiza-28a-edicao-do-carnaforro","subtitulo":"Festa acontece no pr\u00f3ximo final de semana","imagem":"\/img\/imagem\/235421265254_fa1531573a8b47778a339d5.jpg,\/img\/imagem\/media_235421265254_fa1531573a8b47778a339d5.jpg,\/img\/imagem\/thumb_235421265254_fa1531573a8b47778a339d5.jpg,\/img\/imagem\/thumb_fix_235421265254_fa1531573a8b47778a339d5.jpg","texto":"\u003Cp\u003E\u003Cimg style=\u0022display: block; margin-left: auto; margin-right: auto;\u0022 src=\u0022https:\/\/gloria.se.gov.br\/img\/imagem\/media_235421265254_fa1531573a8b47778a339d5.jpg\u0022 alt=\u0022235421265254_fa1531573a8b47778a339d5.jpg\u0022 width=\u0022600\u0022 height=\u0022400\u0022 \/\u003E\u003C\/p\u003E\r\n\u003Cp style=\u0022text-align: justify;\u0022\u003EA Prefeitura de Nossa Senhora da Gl\u0026oacute;ria promove a 28\u0026ordf; edi\u0026ccedil;\u0026atilde;o do Carnaforr\u0026oacute; nos dias 24, 25 e 26 de abril, na Pra\u0026ccedil;a de Eventos do munic\u0026iacute;pio. A festa movimenta a cidade com tr\u0026ecirc;s dias de m\u0026uacute;sica e grandes atra\u0026ccedil;\u0026otilde;es. A programa\u0026ccedil;\u0026atilde;o re\u0026uacute;ne shows no palco principal e arrast\u0026otilde;es com trio el\u0026eacute;trico. Milhares de moradores e visitantes de cidades vizinhas devem prestigiar o evento, j\u0026aacute; consolidado como um dos maiores da regi\u0026atilde;o.\u003C\/p\u003E\r\n\u003Cp style=\u0022text-align: justify;\u0022\u003ENa sexta-feira (24), sobem ao palco Lorrane Medrade, Magn\u0026iacute;ficos, L\u0026eacute;o Foguete e Rei Vaqueiro. No s\u0026aacute;bado (25), a festa come\u0026ccedil;a com arrast\u0026atilde;o no trio el\u0026eacute;trico com Lucas Brito e Filhos do Brasil. \u0026Agrave; noite, apresentam-se no palco L\u0026eacute;o Safad\u0026atilde;o, Jonas Esticado, Unha Pintada e Fernandinha. No domingo (26), o trio el\u0026eacute;trico encerra a programa\u0026ccedil;\u0026atilde;o com arrast\u0026otilde;es comandados por Matteus Crazy e L\u0026eacute;o Santana.\u003C\/p\u003E\r\n\u003Cp style=\u0022text-align: justify;\u0022\u003EA prefeita Luana Oliveira destacou a import\u0026acirc;ncia do evento para a economia local, o turismo e a valoriza\u0026ccedil;\u0026atilde;o da cultura gloriense. \u0026ldquo;O Carnaforr\u0026oacute; \u0026eacute; uma tradi\u0026ccedil;\u0026atilde;o em nossa cidade. Preparamos uma programa\u0026ccedil;\u0026atilde;o especial para receber a popula\u0026ccedil;\u0026atilde;o e os visitantes. A festa gera emprego e renda para comerciantes, ambulantes e prestadores de servi\u0026ccedil;o. Convido todos a curtirem o final de semana com seguran\u0026ccedil;a e responsabilidade\u0026rdquo;, afirmou Oliveira.\u003C\/p\u003E\r\n\u003Cp style=\u0022text-align: justify;\u0022\u003EO secret\u0026aacute;rio municipal de Governo, Jos\u0026eacute; Etelvan Oliveira Melo Junior, refor\u0026ccedil;ou a organiza\u0026ccedil;\u0026atilde;o do evento e a parceria com as for\u0026ccedil;as de seguran\u0026ccedil;a. \u0026ldquo;A Prefeitura trabalha na montagem da estrutura, na seguran\u0026ccedil;a e na limpeza. O Carnaforr\u0026oacute; 2026 ser\u0026aacute; um sucesso. A popula\u0026ccedil;\u0026atilde;o aproveitar\u0026aacute; a festa com conforto e tranquilidade. \u0026Eacute; a festa do povo gloriense, e o povo merece o melhor\u0026rdquo;, declarou Etelvan Junior.\u003C\/p\u003E\r\n\u003Cp style=\u0022text-align: justify;\u0022\u003E\u003Cem\u003E\u003Cstrong\u003EPor \u003C\/strong\u003EBruno Balbino Jornalista DRT 2039\/Se - Ascom Gl\u0026oacute;ria \/ \u003Cstrong\u003EImagem:\u003C\/strong\u003E Arquivo - Ascom Gl\u0026oacute;ria\u003C\/em\u003E\u003C\/p\u003E","tags":"Carnaforr\u00f3 ,Folia ,Forr\u00f3,Festa,Economia ,Cultura ,Tradi\u00e7\u00e3o ,28 anos","publicacao":"2026-04-22 13:45:41","criado":"2026-04-22 13:45:41","alterado":"2026-04-22 13:45:41"},{"id":738,"categoria_id":"7","categoria":{"id":7,"nome":"INFRAESTRUTURA"},"autor_id":"4","autor":{"id":4,"nome":"ASCOM","email":"secom@gloria.se.gov.br"},"titulo":"Povoado Angico recebe pavimenta\u00e7\u00e3o asf\u00e1ltica","slug":"povoado-angico-recebe-pavimentacao-asfaltica","subtitulo":"Mais de 10 mil m\u00b2 de asfalto foram aplicados na comunidade","imagem":"\/img\/imagem\/08_9cb9fa45e4193c0b53ad158e145.jpg,\/img\/imagem\/media_08_9cb9fa45e4193c0b53ad158e145.jpg,\/img\/imagem\/thumb_08_9cb9fa45e4193c0b53ad158e145.jpg,\/img\/imagem\/thumb_fix_08_9cb9fa45e4193c0b53ad158e145.jpg","texto":"\u003Cp\u003E\u003Cimg style=\u0022display: block; margin-left: auto; margin-right: auto;\u0022 src=\u0022https:\/\/gloria.se.gov.br\/img\/imagem\/media_08_9cb9fa45e4193c0b53ad158e145.jpg\u0022 alt=\u002208_9cb9fa45e4193c0b53ad158e145.jpg\u0022 width=\u0022600\u0022 height=\u0022400\u0022 \/\u003E\u003C\/p\u003E\r\n\u003Cp style=\u0022text-align: justify;\u0022\u003EA Prefeitura de Nossa Senhora da Gl\u0026oacute;ria realizou na \u0026uacute;ltima sexta-feira, 17, a entrega da pavimenta\u0026ccedil;\u0026atilde;o asf\u0026aacute;ltica do povoado Angico. Foram aplicados mais de 10 mil metros quadrados de asfalto, fruto de um investimento de R$ 1 milh\u0026atilde;o, proveniente de emenda parlamentar do deputado federal F\u0026aacute;bio Reis.\u003C\/p\u003E\r\n\u003Cp style=\u0022text-align: justify;\u0022\u003EA obra representa um marco no desenvolvimento da zona rural do munic\u0026iacute;pio, garantindo mais seguran\u0026ccedil;a, conforto e qualidade de vida para os moradores do Angico. O asfalto substitui o cal\u0026ccedil;amento em paralelep\u0026iacute;pedo, com diversos desn\u0026iacute;veis, dificultando o deslocamento dos moradores, o que prejudicava a acessibilidade e mobilidade da comunidade.\u003C\/p\u003E\r\n\u003Cp style=\u0022text-align: justify;\u0022\u003EA prefeita Luana Oliveira destacou a import\u0026acirc;ncia da obra para a comunidade e agradeceu ao deputado F\u0026aacute;bio Reis pelo apoio. \u0026ldquo;Entregar a pavimenta\u0026ccedil;\u0026atilde;o asf\u0026aacute;ltica do Angico \u0026eacute; realizar um sonho antigo dessa comunidade, um investimento que vai transformar a vida de todos os moradores. Agrade\u0026ccedil;o ao deputado federal F\u0026aacute;bio Reis, que destinou essa emenda t\u0026atilde;o importante para o nosso munic\u0026iacute;pio. Seguimos levando infraestrutura, dignidade e desenvolvimento para cada canto de Nossa Senhora da Gl\u0026oacute;ria\u0026rdquo;, afirmou Oliveira.\u003C\/p\u003E\r\n\u003Cp style=\u0022text-align: justify;\u0022\u003EA pavimenta\u0026ccedil;\u0026atilde;o do Angico integra o programa \u0026lsquo;Avan\u0026ccedil;a Gl\u0026oacute;ria\u0026rsquo;, que promove a melhoria e amplia\u0026ccedil;\u0026atilde;o da infraestrutura, que a gest\u0026atilde;o municipal vem executando em todo munic\u0026iacute;pio, com\u0026nbsp;investimentos em asfaltamento, pavimenta\u0026ccedil;\u0026atilde;o em paralelep\u0026iacute;pedo, constru\u0026ccedil;\u0026atilde;o de escolas, reforma de pra\u0026ccedil;as e melhorias em estradas vicinais.\u003C\/p\u003E\r\n\u003Cp style=\u0022text-align: justify;\u0022\u003EA comunidade do Angico celebrou a conquista. Moradores destacaram que o asfalto trouxe mais dignidade e valoriza\u0026ccedil;\u0026atilde;o para o povoado, facilitando o dia a dia de quem mora, trabalha e estuda na localidade. A Prefeitura de Nossa Senhora da Gl\u0026oacute;ria segue firme no prop\u0026oacute;sito de levar infraestrutura de qualidade a todos os povoados, construindo um futuro melhor para todos os gloriense.\u003C\/p\u003E\r\n\u003Cp\u003E\u003Cem\u003E\u003Cstrong\u003EPor \u003C\/strong\u003EBruno Balbino Jornalista DRT 2039\/Se - Ascom Gl\u0026oacute;ria \/ \u003Cstrong\u003EFotos:\u003C\/strong\u003E Evillyn Silva - Ascom Gl\u0026oacute;ria\u003C\/em\u003E\u003C\/p\u003E\r\n\u003Cp\u003E\u003Cem\u003E\u003Cimg src=\u0022https:\/\/gloria.se.gov.br\/img\/imagem\/thumb_01_63814aba607b1b64cb54.jpg\u0022 alt=\u002201_63814aba607b1b64cb54.jpg\u0022 width=\u0022300\u0022 height=\u0022200\u0022 \/\u003E\u003Cimg src=\u0022https:\/\/gloria.se.gov.br\/img\/imagem\/thumb_05_4df64eba298146124f220ea0f81431.jpg\u0022 alt=\u002205_4df64eba298146124f220ea0f81431.jpg\u0022 width=\u0022300\u0022 height=\u0022200\u0022 \/\u003E\u003Cimg src=\u0022https:\/\/gloria.se.gov.br\/img\/imagem\/thumb_04_a50998d4dc49835963a8.jpg\u0022 alt=\u002204_a50998d4dc49835963a8.jpg\u0022 width=\u0022300\u0022 height=\u0022200\u0022 \/\u003E\u003Cimg src=\u0022https:\/\/gloria.se.gov.br\/img\/imagem\/thumb_06_f6cbc5a5d12e928f3f9445b.jpg\u0022 alt=\u002206_f6cbc5a5d12e928f3f9445b.jpg\u0022 width=\u0022300\u0022 height=\u0022200\u0022 \/\u003E\u003Cimg src=\u0022https:\/\/gloria.se.gov.br\/img\/imagem\/thumb_03_57d35ade0fd45af446d39.jpg\u0022 alt=\u002203_57d35ade0fd45af446d39.jpg\u0022 width=\u0022300\u0022 height=\u0022200\u0022 \/\u003E\u003Cimg src=\u0022https:\/\/gloria.se.gov.br\/img\/imagem\/thumb_08_05bf98a5e74b1e636bb1d8cd20d2.jpg\u0022 alt=\u002208_05bf98a5e74b1e636bb1d8cd20d2.jpg\u0022 width=\u0022300\u0022 height=\u0022200\u0022 \/\u003E\u003C\/em\u003E\u003C\/p\u003E","tags":"Obras ,Pavimenta\u00e7\u00e3o ,Asfalto ,Angico,Investimento ,Emenda Parlamentar ,compromisso ,Infraestrutura","publicacao":"2026-04-20 15:20:00","criado":"2026-04-20 15:20:41","alterado":"2026-04-20 15:42:39"},{"id":737,"categoria_id":"2","categoria":{"id":2,"nome":"OBRAS"},"autor_id":"4","autor":{"id":4,"nome":"ASCOM","email":"secom@gloria.se.gov.br"},"titulo":"Assina ordem de servi\u00e7o para pavimenta\u00e7\u00e3o de ruas no povoado Queimada da On\u00e7a","slug":"assina-ordem-de-servico-para-pavimentacao-de-ruas-no-povoado-queimada-da-onca","subtitulo":"Investimento de mais de R$ 774 mil vai beneficiar comunidade","imagem":"\/img\/imagem\/05_e606efb12fe3516bd382ed6041d.jpg,\/img\/imagem\/media_05_e606efb12fe3516bd382ed6041d.jpg,\/img\/imagem\/thumb_05_e606efb12fe3516bd382ed6041d.jpg,\/img\/imagem\/thumb_fix_05_e606efb12fe3516bd382ed6041d.jpg","texto":"\u003Cp style=\u0022text-align: center;\u0022\u003E\u003Cimg src=\u0022https:\/\/gloria.se.gov.br\/img\/imagem\/media_05_e606efb12fe3516bd382ed6041d.jpg\u0022 alt=\u002205_e606efb12fe3516bd382ed6041d.jpg\u0022 width=\u0022600\u0022 height=\u0022400\u0022 \/\u003E\u003C\/p\u003E\r\n\u003Cp style=\u0022text-align: justify;\u0022\u003EA Prefeitura de Nossa Senhora da Gl\u0026oacute;ria deu mais um passo importante para o desenvolvimento da zona rural do munic\u0026iacute;pio. Na quinta-feira, 09, a prefeita Luana Oliveira assinou a ordem de servi\u0026ccedil;o para a pavimenta\u0026ccedil;\u0026atilde;o em paralelep\u0026iacute;pedo de diversas ruas do povoado Queimada da On\u0026ccedil;a. O investimento total \u0026eacute; de mais de R$ 774 mil, com recursos oriundos de emenda parlamentar estadual e contrapartida do pr\u0026oacute;prio munic\u0026iacute;pio.\u003C\/p\u003E\r\n\u003Cp style=\u0022text-align: justify;\u0022\u003EA obra representa um avan\u0026ccedil;o significativo para a infraestrutura local, garantindo mais seguran\u0026ccedil;a, mobilidade e qualidade de vida para os moradores do povoado. A pavimenta\u0026ccedil;\u0026atilde;o em paralelep\u0026iacute;pedo \u0026eacute; conhecida por sua durabilidade e efici\u0026ecirc;ncia em \u0026aacute;reas rurais, reduzindo a poeira em per\u0026iacute;odos de estiagem e os problemas com lama no inverno, al\u0026eacute;m de facilitar o escoamento da produ\u0026ccedil;\u0026atilde;o agr\u0026iacute;cola e o deslocamento di\u0026aacute;rio das fam\u0026iacute;lias.\u003C\/p\u003E\r\n\u003Cp style=\u0022text-align: justify;\u0022\u003EA prefeita Luana Oliveira destacou a import\u0026acirc;ncia da obra para a comunidade e agradeceu o apoio do Governo do Estado. \u0026ldquo;Assinar essa ordem de servi\u0026ccedil;o \u0026eacute; realizar um sonho antigo dos moradores de Queimada da On\u0026ccedil;a. A pavimenta\u0026ccedil;\u0026atilde;o dessas ruas vai transformar a realidade do povoado, trazendo mais dignidade, seguran\u0026ccedil;a e facilidade no dia a dia\u0026rdquo;, afirmou Luana Oliveira.\u003C\/p\u003E\r\n\u003Cp style=\u0022text-align: justify;\u0022\u003EO secret\u0026aacute;rio municipal de Obras e Infraestrutura, Francisco de Assis Oliveira Cacho Junior, explicou os detalhes t\u0026eacute;cnicos da obra e o cronograma de execu\u0026ccedil;\u0026atilde;o. \u0026ldquo;Vamos contemplar diversas ruas com o servi\u0026ccedil;o, garantindo mais conforto e mobilidade para os moradores do povoado Queimada da On\u0026ccedil;a. As obras ter\u0026atilde;o in\u0026iacute;cio logo e ser\u0026atilde;o executadas com o compromisso de qualidade que marca a gest\u0026atilde;o da prefeita Luana Oliveira\u0026rdquo;, declarou Cacho Junior.\u003C\/p\u003E\r\n\u003Cp style=\u0022text-align: justify;\u0022\u003ECom a assinatura da ordem de servi\u0026ccedil;o, as obras de pavimenta\u0026ccedil;\u0026atilde;o no povoado Queimada da On\u0026ccedil;a ser\u0026atilde;o iniciadas nos pr\u0026oacute;ximos dias. A a\u0026ccedil;\u0026atilde;o o programa Avan\u0026ccedil;a Gl\u0026oacute;ria, que promove a amplia\u0026ccedil;\u0026atilde;o e melhoria da infraestrutura do munic\u0026iacute;pio, que a Prefeitura de Nossa Senhora da Gl\u0026oacute;ria vem executando em todo munic\u0026iacute;pio, com investimentos em pavimenta\u0026ccedil;\u0026atilde;o, constru\u0026ccedil;\u0026atilde;o e reformas de escolas, reforma de pra\u0026ccedil;as e equipamentos p\u0026uacute;blicos e melhorias em estradas vicinais.\u003C\/p\u003E\r\n\u003Cp\u003E\u003Cem\u003E\u003Cstrong\u003EPor \u003C\/strong\u003EBruno Balbino Jornalista DRT 2039\/Se - Ascom Gl\u0026oacute;ria \/ \u003Cstrong\u003EFotos:\u003C\/strong\u003E Evillyn Silva - Ascom Gl\u0026oacute;ria\u003C\/em\u003E\u003C\/p\u003E\r\n\u003Cp\u003E\u003Cimg src=\u0022https:\/\/gloria.se.gov.br\/img\/imagem\/thumb_03_b1f2e4bce9b5d98cefb6.jpg\u0022 alt=\u002203_b1f2e4bce9b5d98cefb6.jpg\u0022 width=\u0022300\u0022 height=\u0022200\u0022 \/\u003E\u003Cimg src=\u0022https:\/\/gloria.se.gov.br\/img\/imagem\/thumb_01_a675119ce7a09757cdcf.jpg\u0022 alt=\u002201_a675119ce7a09757cdcf.jpg\u0022 width=\u0022300\u0022 height=\u0022200\u0022 \/\u003E\u003Cimg src=\u0022https:\/\/gloria.se.gov.br\/img\/imagem\/thumb_04_edbfedf1a1abf798ec0ddaf.jpg\u0022 alt=\u002204_edbfedf1a1abf798ec0ddaf.jpg\u0022 width=\u0022300\u0022 height=\u0022200\u0022 \/\u003E\u003Cimg src=\u0022https:\/\/gloria.se.gov.br\/img\/imagem\/thumb_02_f0b48f5c4801f94e002ed640.jpg\u0022 alt=\u002202_f0b48f5c4801f94e002ed640.jpg\u0022 width=\u0022300\u0022 height=\u0022200\u0022 \/\u003E\u003Cimg src=\u0022https:\/\/gloria.se.gov.br\/img\/imagem\/thumb_06_b9d38d9c5314255fe932f.jpg\u0022 alt=\u002206_b9d38d9c5314255fe932f.jpg\u0022 width=\u0022300\u0022 height=\u0022200\u0022 \/\u003E\u003Cimg src=\u0022https:\/\/gloria.se.gov.br\/img\/imagem\/thumb_08_6f7d2be4620c1a7d1553ecd7.jpg\u0022 alt=\u002208_6f7d2be4620c1a7d1553ecd7.jpg\u0022 width=\u0022300\u0022 height=\u0022200\u0022 \/\u003E\u003Cimg src=\u0022https:\/\/gloria.se.gov.br\/img\/imagem\/thumb_09_77d301b45389ec4a70d3.jpg\u0022 alt=\u002209_77d301b45389ec4a70d3.jpg\u0022 width=\u0022300\u0022 height=\u0022200\u0022 \/\u003E\u003Cimg src=\u0022https:\/\/gloria.se.gov.br\/img\/imagem\/thumb_07_d255e6d8a85706cf1b185c4618dc.jpg\u0022 alt=\u002207_d255e6d8a85706cf1b185c4618dc.jpg\u0022 width=\u0022300\u0022 height=\u0022200\u0022 \/\u003E\u003Cimg src=\u0022https:\/\/gloria.se.gov.br\/img\/imagem\/thumb_11_3f6cdcb32be2e8f8b98e01becd9.jpg\u0022 alt=\u002211_3f6cdcb32be2e8f8b98e01becd9.jpg\u0022 width=\u0022300\u0022 height=\u0022200\u0022 \/\u003E\u003Cimg src=\u0022https:\/\/gloria.se.gov.br\/img\/imagem\/thumb_10_4b027f5ce97935c0ff7cc78.jpg\u0022 alt=\u002210_4b027f5ce97935c0ff7cc78.jpg\u0022 width=\u0022300\u0022 height=\u0022200\u0022 \/\u003E\u003Cimg src=\u0022https:\/\/gloria.se.gov.br\/img\/imagem\/thumb_12_efb61814424921a98bc3.jpg\u0022 alt=\u002212_efb61814424921a98bc3.jpg\u0022 width=\u0022300\u0022 height=\u0022200\u0022 \/\u003E\u003Cimg src=\u0022https:\/\/gloria.se.gov.br\/img\/imagem\/thumb_14_21efeda2142f30d575f1f4847.jpg\u0022 alt=\u002214_21efeda2142f30d575f1f4847.jpg\u0022 width=\u0022300\u0022 height=\u0022200\u0022 \/\u003E\u003Cimg src=\u0022https:\/\/gloria.se.gov.br\/img\/imagem\/thumb_13_667632d52c3608efacbcc46b765ba.jpg\u0022 alt=\u002213_667632d52c3608efacbcc46b765ba.jpg\u0022 width=\u0022300\u0022 height=\u0022200\u0022 \/\u003E\u003Cimg src=\u0022https:\/\/gloria.se.gov.br\/img\/imagem\/thumb_15_c244d82a683c582c8e15.jpg\u0022 alt=\u002215_c244d82a683c582c8e15.jpg\u0022 width=\u0022300\u0022 height=\u0022200\u0022 \/\u003E\u003Cimg src=\u0022https:\/\/gloria.se.gov.br\/img\/imagem\/thumb_17_2e35f99c44d85deb004448.jpg\u0022 alt=\u002217_2e35f99c44d85deb004448.jpg\u0022 width=\u0022300\u0022 height=\u0022200\u0022 \/\u003E\u003Cimg src=\u0022https:\/\/gloria.se.gov.br\/img\/imagem\/thumb_16_b14e0408d77c0735490c83c.jpg\u0022 alt=\u002216_b14e0408d77c0735490c83c.jpg\u0022 width=\u0022300\u0022 height=\u0022200\u0022 \/\u003E\u003C\/p\u003E","tags":"Pavimenta\u00e7\u00e3o ,Queimada da On\u00e7a ,Obra,Infraestrutura,Paralelep\u00edpedo ,Qualidade de Vida","publicacao":"2026-04-17 16:17:30","criado":"2026-04-17 16:17:30","alterado":"2026-04-17 16:17:30"},{"id":736,"categoria_id":"13","categoria":{"id":13,"nome":"ADMINISTRA\u00c7\u00c3O"},"autor_id":"4","autor":{"id":4,"nome":"ASCOM","email":"secom@gloria.se.gov.br"},"titulo":"Gest\u00e3o Itinerante leva cidadania e cuidado ao povoado Nova Esperan\u00e7a","slug":"gestao-itinerante-leva-cidadania-e-cuidado-ao-povoado-nova-esperanca","subtitulo":"A\u00e7\u00e3o ofertou diversos servi\u00e7os \u00e0 comunidade","imagem":"\/img\/imagem\/08_b0bc3aa1a1f1c0519cebae4274.jpg,\/img\/imagem\/media_08_b0bc3aa1a1f1c0519cebae4274.jpg,\/img\/imagem\/thumb_08_b0bc3aa1a1f1c0519cebae4274.jpg,\/img\/imagem\/thumb_fix_08_b0bc3aa1a1f1c0519cebae4274.jpg","texto":"\u003Cp style=\u0022text-align: center;\u0022\u003E\u003Cimg src=\u0022https:\/\/gloria.se.gov.br\/img\/imagem\/media_08_b0bc3aa1a1f1c0519cebae4274.jpg\u0022 alt=\u002208_b0bc3aa1a1f1c0519cebae4274.jpg\u0022 width=\u0022600\u0022 height=\u0022400\u0022 \/\u003E\u003C\/p\u003E\r\n\u003Cp style=\u0022text-align: justify;\u0022\u003EA Prefeitura de Nossa Senhora da Gl\u0026oacute;ria realizou nesta quarta-feira, 15, mais uma edi\u0026ccedil;\u0026atilde;o do programa Gest\u0026atilde;o Itinerante, desta vez no povoado Nova Esperan\u0026ccedil;a, popularmente conhecido como Pau do Caix\u0026atilde;o. A a\u0026ccedil;\u0026atilde;o levou \u0026agrave; comunidade uma grande estrutura de cidadania e cuidado, reunindo as secretarias municipais de Educa\u0026ccedil;\u0026atilde;o, Sa\u0026uacute;de, Assist\u0026ecirc;ncia Social, Meio Ambiente e Agricultura em um mutir\u0026atilde;o de atendimentos.\u003C\/p\u003E\r\n\u003Cp style=\u0022text-align: justify;\u0022\u003EDurante todo o dia, os moradores do povoado e localidades vizinhas tiveram acesso a diversos servi\u0026ccedil;os gratuitos nas \u0026aacute;reas de sa\u0026uacute;de, com consultas, exames e orienta\u0026ccedil;\u0026otilde;es; assist\u0026ecirc;ncia social, com acolhimento e informa\u0026ccedil;\u0026otilde;es sobre programas sociais; atendimentos administrativos; servi\u0026ccedil;os de beleza; al\u0026eacute;m de orienta\u0026ccedil;\u0026otilde;es ambientais e de agricultura. O programa tem como objetivo aproximar a gest\u0026atilde;o municipal da popula\u0026ccedil;\u0026atilde;o rural, garantindo acesso a direitos e servi\u0026ccedil;os essenciais sem que os cidad\u0026atilde;os precisem se deslocar at\u0026eacute; a sede do munic\u0026iacute;pio.\u003C\/p\u003E\r\n\u003Cp style=\u0022text-align: justify;\u0022\u003EA prefeita Luana Oliveira acompanhou de perto a a\u0026ccedil;\u0026atilde;o e destacou a import\u0026acirc;ncia de levar servi\u0026ccedil;os diretamente \u0026agrave;s comunidades. \u0026ldquo;O Gest\u0026atilde;o Itinerante \u0026eacute; um programa que nasceu para cuidar de quem mora mais distante. Trazer todo esse leque de servi\u0026ccedil;os at\u0026eacute; o povoado Nova Esperan\u0026ccedil;a nos enche de alegria. Estamos aqui para ouvir, acolher e atender com respeito e efici\u0026ecirc;ncia\u0026rdquo;, afirmou Luana Oliveira.\u003C\/p\u003E\r\n\u003Cp style=\u0022text-align: justify;\u0022\u003EA secret\u0026aacute;ria municipal de Sa\u0026uacute;de, Samara Arag\u0026atilde;o, ressaltou a capilaridade dos servi\u0026ccedil;os ofertados pela pasta durante a a\u0026ccedil;\u0026atilde;o itinerante. \u0026ldquo;A sa\u0026uacute;de precisa chegar onde as pessoas est\u0026atilde;o. No Gest\u0026atilde;o Itinerante, levamos equipes qualificadas para realizar atendimentos, aferir press\u0026atilde;o, fazer testes r\u0026aacute;pidos, aplicar vacinas e oferecer orienta\u0026ccedil;\u0026otilde;es preventivas. Foi um dia de muito trabalho, mas tamb\u0026eacute;m de muita alegria em poder cuidar da nossa gente bem de perto\u0026rdquo;, declarou Samara Arag\u0026atilde;o.\u003C\/p\u003E\r\n\u003Cp style=\u0022text-align: justify;\u0022\u003EA a\u0026ccedil;\u0026atilde;o contou ainda com a participa\u0026ccedil;\u0026atilde;o das equipes da Secretaria de Assist\u0026ecirc;ncia Social, que realizaram acolhimento e atualiza\u0026ccedil;\u0026atilde;o cadastral; da Secretaria de Agricultura, com orienta\u0026ccedil;\u0026otilde;es t\u0026eacute;cnicas aos produtores locais; da Secretaria de Meio Ambiente, com a\u0026ccedil;\u0026otilde;es de conscientiza\u0026ccedil;\u0026atilde;o; e da Secretaria de Educa\u0026ccedil;\u0026atilde;o, com atividades voltadas \u0026agrave;s crian\u0026ccedil;as e fam\u0026iacute;lias.\u003C\/p\u003E\r\n\u003Cp\u003E\u003Cem\u003E\u003Cstrong\u003EPor \u003C\/strong\u003EBruno Balbino Jornalista DRT 2039\/Se - Ascom Gl\u0026oacute;ria \/ \u003Cstrong\u003EFotos:\u003C\/strong\u003E Evillyn Silva - Ascom Gl\u0026oacute;ria\u003C\/em\u003E\u003C\/p\u003E\r\n\u003Cp\u003E\u003Cem\u003E\u003Cimg src=\u0022https:\/\/gloria.se.gov.br\/img\/imagem\/thumb_02_facac9f6654d66a3f175548f5f5.jpg\u0022 alt=\u002202_facac9f6654d66a3f175548f5f5.jpg\u0022 width=\u0022300\u0022 height=\u0022200\u0022 \/\u003E\u003Cimg src=\u0022https:\/\/gloria.se.gov.br\/img\/imagem\/thumb_04_5314b863f206ac782418f4d43.jpg\u0022 alt=\u002204_5314b863f206ac782418f4d43.jpg\u0022 width=\u0022300\u0022 height=\u0022200\u0022 \/\u003E\u003Cimg src=\u0022https:\/\/gloria.se.gov.br\/img\/imagem\/thumb_01_7996663421e9785fa10f52e.jpg\u0022 alt=\u002201_7996663421e9785fa10f52e.jpg\u0022 width=\u0022300\u0022 height=\u0022200\u0022 \/\u003E\u003Cimg src=\u0022https:\/\/gloria.se.gov.br\/img\/imagem\/thumb_03_3c7e2daaa644ecfcd3006db1.jpg\u0022 alt=\u002203_3c7e2daaa644ecfcd3006db1.jpg\u0022 width=\u0022300\u0022 height=\u0022200\u0022 \/\u003E\u003Cimg src=\u0022https:\/\/gloria.se.gov.br\/img\/imagem\/thumb_06_f470f2b676e41ee7e4122a80.jpg\u0022 alt=\u002206_f470f2b676e41ee7e4122a80.jpg\u0022 width=\u0022300\u0022 height=\u0022200\u0022 \/\u003E\u003Cimg src=\u0022https:\/\/gloria.se.gov.br\/img\/imagem\/thumb_07_7912f590f26e7588f36dd2.jpg\u0022 alt=\u002207_7912f590f26e7588f36dd2.jpg\u0022 width=\u0022300\u0022 height=\u0022200\u0022 \/\u003E\u003Cimg src=\u0022https:\/\/gloria.se.gov.br\/img\/imagem\/thumb_05_c200ca3c41515cf964728c.jpg\u0022 alt=\u002205_c200ca3c41515cf964728c.jpg\u0022 width=\u0022300\u0022 height=\u0022200\u0022 \/\u003E\u003Cimg src=\u0022https:\/\/gloria.se.gov.br\/img\/imagem\/thumb_08_b0bc3aa1a1f1c0519cebae4274.jpg\u0022 alt=\u002208_b0bc3aa1a1f1c0519cebae4274.jpg\u0022 width=\u0022300\u0022 height=\u0022200\u0022 \/\u003E\u003C\/em\u003E\u003C\/p\u003E","tags":"Gest\u00e3o Itinerante,Programa de Gest\u00e3o ,Perto do povo ,Administra\u00e7\u00e3o ,Povoado Nova Esperan\u00e7a","publicacao":"2026-04-17 15:42:24","criado":"2026-04-17 15:42:24","alterado":"2026-04-17 15:42:24"},{"id":735,"categoria_id":"17","categoria":{"id":17,"nome":"MEIO AMBIENTE"},"autor_id":"4","autor":{"id":4,"nome":"ASCOM","email":"secom@gloria.se.gov.br"},"titulo":"Gl\u00f3ria promove educa\u00e7\u00e3o ambiental nas Escolas do Munic\u00edpio","slug":"gloria-promove-educacao-ambiental-nas-escolas-do-municipio","subtitulo":"Proposta \u00e9 conscientizar alunos sobre a destina\u00e7\u00e3o correta dos res\u00edduos","imagem":"\/img\/imagem\/01_f199d1545fbb28f18de042552bb.jpg,\/img\/imagem\/media_01_f199d1545fbb28f18de042552bb.jpg,\/img\/imagem\/thumb_01_f199d1545fbb28f18de042552bb.jpg,\/img\/imagem\/thumb_fix_01_f199d1545fbb28f18de042552bb.jpg","texto":"\u003Cp style=\u0022text-align: justify;\u0022\u003E\u0026nbsp;\u003C\/p\u003E\r\n\u003Cp\u003E\u003Cimg style=\u0022display: block; margin-left: auto; margin-right: auto;\u0022 src=\u0022https:\/\/gloria.se.gov.br\/img\/imagem\/media_01_f199d1545fbb28f18de042552bb.jpg\u0022 alt=\u002201_f199d1545fbb28f18de042552bb.jpg\u0022 width=\u0022600\u0022 height=\u0022400\u0022 \/\u003EA Prefeitura de Nossa Senhora da Gl\u0026oacute;ria, por meio das Secretarias Municipais de Educa\u0026ccedil;\u0026atilde;o e Cultura (Semec), Meio Ambiente (SEMMA) e de Obras e Infraestrutura (Semoifra), est\u0026aacute; levando educa\u0026ccedil;\u0026atilde;o ambiental \u0026agrave;s escolas da rede municipal com o Projeto Lixo Zero. A iniciativa tem como objetivo conscientizar os alunos sobre a import\u0026acirc;ncia de adotar h\u0026aacute;bitos sustent\u0026aacute;veis no dia a dia, com foco na redu\u0026ccedil;\u0026atilde;o do consumo, na reutiliza\u0026ccedil;\u0026atilde;o de materiais e no descarte correto dos res\u0026iacute;duos.\u003C\/p\u003E\r\n\u003Cp style=\u0022text-align: justify;\u0022\u003EAs a\u0026ccedil;\u0026otilde;es v\u0026ecirc;m sendo desenvolvidas em sala de aula e em atividades pr\u0026aacute;ticas, envolvendo estudantes de diferentes faixas et\u0026aacute;rias. Por meio de palestras, din\u0026acirc;micas, oficinas e materiais did\u0026aacute;ticos, os alunos aprendem sobre a separa\u0026ccedil;\u0026atilde;o do lixo recicl\u0026aacute;vel, o impacto ambiental do descarte inadequado e o papel de cada cidad\u0026atilde;o na constru\u0026ccedil;\u0026atilde;o de uma cidade mais limpa e sustent\u0026aacute;vel.\u003C\/p\u003E\r\n\u003Cp style=\u0022text-align: justify;\u0022\u003EO secret\u0026aacute;rio municipal de Educa\u0026ccedil;\u0026atilde;o e Cultura, Williams Santana, destacou o papel transformador da escola na forma\u0026ccedil;\u0026atilde;o de uma nova consci\u0026ecirc;ncia ambiental. \u0026ldquo;A escola \u0026eacute; o espa\u0026ccedil;o onde formamos cidad\u0026atilde;os para o futuro. Levar o Projeto Lixo Zero para dentro das salas de aula \u0026eacute; plantar a semente da sustentabilidade desde cedo. Nossos alunos aprendem na pr\u0026aacute;tica como reduzir o lixo, reutilizar materiais e descartar corretamente os res\u0026iacute;duos, e levam esse conhecimento para casa, multiplicando boas pr\u0026aacute;ticas em suas fam\u0026iacute;lias e comunidades\u0026rdquo;, afirmou Williams Santana.\u003C\/p\u003E\r\n\u003Cp style=\u0022text-align: justify;\u0022\u003EA secret\u0026aacute;ria municipal de Meio Ambiente, Natal\u0026iacute;cia Oliveira, refor\u0026ccedil;ou a import\u0026acirc;ncia da parceria entre as pastas para o sucesso da iniciativa. \u0026ldquo;A educa\u0026ccedil;\u0026atilde;o ambiental \u0026eacute; a base de tudo. N\u0026atilde;o adianta investir em coleta seletiva e infraestrutura se a popula\u0026ccedil;\u0026atilde;o n\u0026atilde;o compreende a import\u0026acirc;ncia de cuidar do meio ambiente. Por isso, o Projeto Lixo Zero nas escolas \u0026eacute; t\u0026atilde;o fundamental\u0026rdquo;, declarou Natal\u0026iacute;cia Oliveira.\u003C\/p\u003E\r\n\u003Cp style=\u0022text-align: justify;\u0022\u003EO Projeto Lixo Zero nas escolas integra um conjunto mais amplo de a\u0026ccedil;\u0026otilde;es da gest\u0026atilde;o municipal voltadas para a sustentabilidade, que inclui campanhas de conscientiza\u0026ccedil;\u0026atilde;o, mutir\u0026otilde;es de limpeza e melhorias na coleta seletiva. A expectativa \u0026eacute; que, ao longo do ano letivo, todas as escolas da rede municipal sejam contempladas com as atividades do projeto, formando uma gera\u0026ccedil;\u0026atilde;o de jovens multiplicadores da cidadania ambiental.\u003C\/p\u003E\r\n\u003Cp style=\u0022text-align: justify;\u0022\u003E\u003Cem\u003E\u003Cstrong\u003EPor \u003C\/strong\u003EBruno Balbino Jornalista DRT 2039\/Se - Ascom Gl\u0026oacute;ria \/ \u003Cstrong\u003EFotos:\u003C\/strong\u003E Evillyn Silva - Ascom Gl\u0026oacute;ria\u003C\/em\u003E\u003C\/p\u003E\r\n\u003Cp\u003E\u0026nbsp;\u003C\/p\u003E","tags":"Educa\u00e7\u00e3o Ambiental ,Conscientiza\u00e7\u00e3o ,Lixo Zero,Meio Ambiente ,Res\u00edduos S\u00f3lidos","publicacao":"2026-04-17 15:13:20","criado":"2026-04-17 15:13:20","alterado":"2026-04-17 15:13:20"},{"id":734,"categoria_id":"8","categoria":{"id":8,"nome":"A\u00c7\u00c3O SOCIAL"},"autor_id":"4","autor":{"id":4,"nome":"ASCOM","email":"secom@gloria.se.gov.br"},"titulo":"Assist\u00eancia Social promove a\u00e7\u00e3o especial de P\u00e1scoa para usu\u00e1rios do SCFV","slug":"assistencia-social-promove-acao-especial-de-pascoa-para-usuarios-do-scfv","subtitulo":"Evento reuniu idosos, crian\u00e7as e adolescentes","imagem":"\/img\/imagem\/06_1fffc25730dc9b461752d6d.jpg,\/img\/imagem\/media_06_1fffc25730dc9b461752d6d.jpg,\/img\/imagem\/thumb_06_1fffc25730dc9b461752d6d.jpg,\/img\/imagem\/thumb_fix_06_1fffc25730dc9b461752d6d.jpg","texto":"\u003Cp style=\u0022text-align: center;\u0022\u003E\u003Cimg src=\u0022https:\/\/gloria.se.gov.br\/img\/imagem\/media_06_1fffc25730dc9b461752d6d.jpg\u0022 alt=\u002206_1fffc25730dc9b461752d6d.jpg\u0022 width=\u0022600\u0022 height=\u0022400\u0022 \/\u003E\u003C\/p\u003E\r\n\u003Cp\u003EA Prefeitura de Nossa Senhora da Gl\u0026oacute;ria, por meio da Secretaria Municipal de Assist\u0026ecirc;ncia Social, Inclus\u0026atilde;o e Cidadania (Smasic) e dos Centros de Refer\u0026ecirc;ncia em Assist\u0026ecirc;ncia Social (CRAS) Novo Horizonte e Elza Nogueira, realizou na quarta-feira, 08, uma a\u0026ccedil;\u0026atilde;o especial de P\u0026aacute;scoa na Pra\u0026ccedil;a Filemon Bezerra Lemos. O evento foi voltado aos usu\u0026aacute;rios do Servi\u0026ccedil;o de Conviv\u0026ecirc;ncia e Fortalecimento de V\u0026iacute;nculo (SCFV), reunindo idosos, crian\u0026ccedil;as e adolescentes para uma tarde de brincadeiras, confraterniza\u0026ccedil;\u0026atilde;o e distribui\u0026ccedil;\u0026atilde;o de doces e ovos de P\u0026aacute;scoa.\u003C\/p\u003E\r\n\u003Cp\u003EA programa\u0026ccedil;\u0026atilde;o foi pensada para proporcionar momentos de lazer, integra\u0026ccedil;\u0026atilde;o e afeto, refor\u0026ccedil;ando o esp\u0026iacute;rito de renova\u0026ccedil;\u0026atilde;o e esperan\u0026ccedil;a que a data representa. Os participantes puderam desfrutar de atividades l\u0026uacute;dicas, din\u0026acirc;micas em grupo e distribui\u0026ccedil;\u0026atilde;o de guloseimas, em um ambiente acolhedor e festivo, preparado com carinho pelas equipes dos CRAS.\u003C\/p\u003E\r\n\u003Cp\u003EA secret\u0026aacute;ria municipal de Assist\u0026ecirc;ncia Social, Annikaren de Oliveira Gomes Pinheiro, destacou a import\u0026acirc;ncia de a\u0026ccedil;\u0026otilde;es como essa para o fortalecimento dos v\u0026iacute;nculos comunit\u0026aacute;rios e familiares. \u0026ldquo;Foi uma tarde de muita alegria, com brincadeiras, distribui\u0026ccedil;\u0026atilde;o de ovos de P\u0026aacute;scoa e, acima de tudo, muito acolhimento. Ver o sorriso no rosto de cada crian\u0026ccedil;a, adolescente e idoso nos mostra que estamos no caminho certo, cuidando das pessoas com respeito, afeto e dignidade\u0026rdquo;, afirmou.\u003C\/p\u003E\r\n\u003Cp\u003EO Servi\u0026ccedil;o de Conviv\u0026ecirc;ncia e Fortalecimento de V\u0026iacute;nculo (SCFV) \u0026eacute; uma das principais ofertas da pol\u0026iacute;tica de assist\u0026ecirc;ncia social, voltada para a preven\u0026ccedil;\u0026atilde;o de situa\u0026ccedil;\u0026otilde;es de risco social e fortalecimento das rela\u0026ccedil;\u0026otilde;es familiares e comunit\u0026aacute;rias.\u0026nbsp;\u003C\/p\u003E\r\n\u003Cp\u003E\u003Cem\u003E\u003Cstrong\u003EPor \u003C\/strong\u003EBruno Balbino Jornalista DRT 2039\/Se - Ascom Gl\u0026oacute;ria \/ \u003Cstrong\u003EFotos:\u003C\/strong\u003E Evillyn Silva - Ascom Gl\u0026oacute;ria\u003C\/em\u003E\u003C\/p\u003E\r\n\u003Cp\u003E\u003Cem\u003E\u003Cimg src=\u0022https:\/\/gloria.se.gov.br\/img\/imagem\/thumb_03_5b5bf7d6e3ca77f6b694b.jpg\u0022 alt=\u002203_5b5bf7d6e3ca77f6b694b.jpg\u0022 width=\u0022300\u0022 height=\u0022200\u0022 \/\u003E\u003Cimg src=\u0022https:\/\/gloria.se.gov.br\/img\/imagem\/thumb_01_ab8303e1028fcd4d5dd886.jpg\u0022 alt=\u002201_ab8303e1028fcd4d5dd886.jpg\u0022 width=\u0022300\u0022 height=\u0022200\u0022 \/\u003E\u003Cimg src=\u0022https:\/\/gloria.se.gov.br\/img\/imagem\/thumb_05_4031b14f962b7cdd1cbc7611d60d26.jpg\u0022 alt=\u002205_4031b14f962b7cdd1cbc7611d60d26.jpg\u0022 width=\u0022300\u0022 height=\u0022200\u0022 \/\u003E\u003Cimg src=\u0022https:\/\/gloria.se.gov.br\/img\/imagem\/thumb_02_887ccd65f9a771c5097b04f1077c8.jpg\u0022 alt=\u002202_887ccd65f9a771c5097b04f1077c8.jpg\u0022 width=\u0022300\u0022 height=\u0022200\u0022 \/\u003E\u003Cimg src=\u0022https:\/\/gloria.se.gov.br\/img\/imagem\/thumb_07_fd8ce2144090375a8a1496.jpg\u0022 alt=\u002207_fd8ce2144090375a8a1496.jpg\u0022 width=\u0022300\u0022 height=\u0022200\u0022 \/\u003E\u003Cimg src=\u0022https:\/\/gloria.se.gov.br\/img\/imagem\/thumb_04_fa870afcf02fca0ade94403.jpg\u0022 alt=\u002204_fa870afcf02fca0ade94403.jpg\u0022 width=\u0022300\u0022 height=\u0022200\u0022 \/\u003E\u003Cimg src=\u0022https:\/\/gloria.se.gov.br\/img\/imagem\/thumb_06_1fffc25730dc9b461752d6d.jpg\u0022 alt=\u002206_1fffc25730dc9b461752d6d.jpg\u0022 width=\u0022300\u0022 height=\u0022200\u0022 \/\u003E\u003Cimg src=\u0022https:\/\/gloria.se.gov.br\/img\/imagem\/thumb_09_7d14a5b410cf4f292ea792.jpg\u0022 alt=\u002209_7d14a5b410cf4f292ea792.jpg\u0022 width=\u0022300\u0022 height=\u0022200\u0022 \/\u003E\u003Cimg src=\u0022https:\/\/gloria.se.gov.br\/img\/imagem\/thumb_08_0365b858fe2bece46d705e4.jpg\u0022 alt=\u002208_0365b858fe2bece46d705e4.jpg\u0022 width=\u0022300\u0022 height=\u0022200\u0022 \/\u003E\u003Cimg src=\u0022https:\/\/gloria.se.gov.br\/img\/imagem\/thumb_10_b97c0e81779b4ca829381fddb52d9.jpg\u0022 alt=\u002210_b97c0e81779b4ca829381fddb52d9.jpg\u0022 width=\u0022300\u0022 height=\u0022200\u0022 \/\u003E\u003Cimg src=\u0022https:\/\/gloria.se.gov.br\/img\/imagem\/thumb_13_b47e9016f96fdc634f452f6a6.jpg\u0022 alt=\u002213_b47e9016f96fdc634f452f6a6.jpg\u0022 width=\u0022300\u0022 height=\u0022200\u0022 \/\u003E\u003Cimg src=\u0022https:\/\/gloria.se.gov.br\/img\/imagem\/thumb_11_46859e6a44b227bf31fc0eeb68c.jpg\u0022 alt=\u002211_46859e6a44b227bf31fc0eeb68c.jpg\u0022 width=\u0022300\u0022 height=\u0022200\u0022 \/\u003E\u003Cimg src=\u0022https:\/\/gloria.se.gov.br\/img\/imagem\/thumb_12_429db62fe18d0a21cf769bcd.jpg\u0022 alt=\u002212_429db62fe18d0a21cf769bcd.jpg\u0022 width=\u0022300\u0022 height=\u0022200\u0022 \/\u003E\u003C\/em\u003E\u003C\/p\u003E","tags":"SCFV,Assist\u00eancia Social ,A\u00e7\u00e3o Especial ,P\u00e1scoa","publicacao":"2026-04-17 15:06:00","criado":"2026-04-17 15:06:38","alterado":"2026-04-17 15:06:59"},{"id":733,"categoria_id":"3","categoria":{"id":3,"nome":"SA\u00daDE"},"autor_id":"4","autor":{"id":4,"nome":"ASCOM","email":"secom@gloria.se.gov.br"},"titulo":"Secretaria Municipal de Sa\u00fade promove capacita\u00e7\u00e3o para profissionais da \u00e1rea","slug":"secretaria-municipal-de-saude-promove-capacitacao-para-profissionais-da-area","subtitulo":"Proposta \u00e9 aprimorar atendimento \u00e0 popula\u00e7\u00e3o","imagem":"\/img\/imagem\/02_af209c22d7ec1a8f3752e9f.jpg,\/img\/imagem\/media_02_af209c22d7ec1a8f3752e9f.jpg,\/img\/imagem\/thumb_02_af209c22d7ec1a8f3752e9f.jpg,\/img\/imagem\/thumb_fix_02_af209c22d7ec1a8f3752e9f.jpg","texto":"\u003Cp\u003E\u003Cimg style=\u0022display: block; margin-left: auto; margin-right: auto;\u0022 src=\u0022https:\/\/gloria.se.gov.br\/img\/imagem\/media_02_af209c22d7ec1a8f3752e9f.jpg\u0022 alt=\u002202_af209c22d7ec1a8f3752e9f.jpg\u0022 width=\u0022600\u0022 height=\u0022400\u0022 \/\u003E\u003C\/p\u003E\r\n\u003Cp style=\u0022text-align: justify;\u0022\u003E\u003Cbr \/\u003EA Prefeitura de Nossa Senhora da Gl\u0026oacute;ria, por meio da Secretaria Municipal de Sa\u0026uacute;de (SMS), promoveu nos dias 7 e 8 de abril uma capacita\u0026ccedil;\u0026atilde;o voltada para os profissionais da \u0026aacute;rea que atuam no munic\u0026iacute;pio. O treinamento foi ministrado pela enfermeira estomaterapeuta Marcela e abordou temas essenciais para a pr\u0026aacute;tica cl\u0026iacute;nica di\u0026aacute;ria, como feridas, coberturas e ostomias, com \u0026ecirc;nfase no fortalecimento do conhecimento t\u0026eacute;cnico e na humaniza\u0026ccedil;\u0026atilde;o do cuidado.\u003C\/p\u003E\r\n\u003Cp style=\u0022text-align: justify;\u0022\u003EA capacita\u0026ccedil;\u0026atilde;o reuniu enfermeiros, t\u0026eacute;cnicos de enfermagem e demais profissionais da aten\u0026ccedil;\u0026atilde;o prim\u0026aacute;ria e especializada, que tiveram a oportunidade de atualizar seus conhecimentos sobre as melhores pr\u0026aacute;ticas no tratamento de feridas, a escolha adequada de coberturas e o manejo de pacientes ostomizados. A estomaterapia \u0026eacute; uma especialidade voltada para o cuidado de pessoas com feridas agudas e cr\u0026ocirc;nicas, incontin\u0026ecirc;ncias e ostomias, sendo fundamental para garantir qualidade de vida e recupera\u0026ccedil;\u0026atilde;o dos pacientes.\u003C\/p\u003E\r\n\u003Cp style=\u0022text-align: justify;\u0022\u003EA secret\u0026aacute;ria municipal de Sa\u0026uacute;de, Samara Arag\u0026atilde;o, destacou a import\u0026acirc;ncia da forma\u0026ccedil;\u0026atilde;o continuada para a excel\u0026ecirc;ncia no atendimento \u0026agrave; popula\u0026ccedil;\u0026atilde;o gloriense. \u0026ldquo;Investir na capacita\u0026ccedil;\u0026atilde;o dos nossos profissionais \u0026eacute; investir diretamente na qualidade do cuidado que oferecemos \u0026agrave; popula\u0026ccedil;\u0026atilde;o. Com profissionais mais preparados, a gente garante um atendimento mais humanizado, eficiente e seguro para os nossos pacientes\u0026rdquo;, afirmou Samara Arag\u0026atilde;o.\u003C\/p\u003E\r\n\u003Cp style=\u0022text-align: justify;\u0022\u003E\u003Cem\u003E\u003Cstrong\u003EPor\u003C\/strong\u003E Bruno Balbino Jornalista DRT 2039\/Se - Ascom Gl\u0026oacute;ria \/ \u003Cstrong\u003EFotos:\u003C\/strong\u003E Rafael Arag\u0026atilde;o - Ascom Gl\u0026oacute;ria\u003C\/em\u003E\u003C\/p\u003E\r\n\u003Cp\u003E\u003Cimg style=\u0022display: block; margin-left: auto; margin-right: auto;\u0022 src=\u0022https:\/\/gloria.se.gov.br\/img\/imagem\/media_01_6d75a03588e86af4549c8097f6.jpg\u0022 alt=\u002201_6d75a03588e86af4549c8097f6.jpg\u0022 width=\u0022735\u0022 height=\u0022490\u0022 \/\u003E\u003C\/p\u003E","tags":"Capacita\u00e7\u00e3o ,Profissionais da Sa\u00fade ,Enfermeiros ,Enfermeiras ,T\u00e9cnicos ,Forma\u00e7\u00e3o continuada","publicacao":"2026-04-17 14:58:00","criado":"2026-04-17 14:58:44","alterado":"2026-04-17 15:01:27"},{"id":732,"categoria_id":"4","categoria":{"id":4,"nome":"EDUCA\u00c7\u00c3O"},"autor_id":"4","autor":{"id":4,"nome":"ASCOM","email":"secom@gloria.se.gov.br"},"titulo":"Gl\u00f3ria \u00e9 destaque no Indicador Crian\u00e7a Alfabetizada","slug":"gloria-e-destaque-no-indicador-crianca-alfabetizada","subtitulo":"Munic\u00edpio alcan\u00e7ou percentual acima do projetado","imagem":"\/img\/imagem\/02_d73461e0ed7d7e91628721d4406c.jpg,\/img\/imagem\/media_02_d73461e0ed7d7e91628721d4406c.jpg,\/img\/imagem\/thumb_02_d73461e0ed7d7e91628721d4406c.jpg,\/img\/imagem\/thumb_fix_02_d73461e0ed7d7e91628721d4406c.jpg","texto":"\u003Cp\u003E\u003Cimg style=\u0022display: block; margin-left: auto; margin-right: auto;\u0022 src=\u0022https:\/\/gloria.se.gov.br\/img\/imagem\/media_02_d73461e0ed7d7e91628721d4406c.jpg\u0022 alt=\u002202_d73461e0ed7d7e91628721d4406c.jpg\u0022 width=\u0022600\u0022 height=\u0022400\u0022 \/\u003E\u003C\/p\u003E\r\n\u003Cp style=\u0022text-align: justify;\u0022\u003ENossa Senhora da Gl\u0026oacute;ria alcan\u0026ccedil;ou um avan\u0026ccedil;o significativo na qualidade da educa\u0026ccedil;\u0026atilde;o b\u0026aacute;sica. De acordo com os dados do Indicador Crian\u0026ccedil;a Alfabetizada, o munic\u0026iacute;pio saltou de 29% em 2023 para 45,95% em 2025, superando a meta projetada de 44,41%. O resultado coloca Gl\u0026oacute;ria em posi\u0026ccedil;\u0026atilde;o de destaque em Sergipe e reflete o compromisso da gest\u0026atilde;o municipal com a alfabetiza\u0026ccedil;\u0026atilde;o na idade certa.\u003C\/p\u003E\r\n\u003Cp style=\u0022text-align: justify;\u0022\u003EO Indicador Crian\u0026ccedil;a Alfabetizada \u0026eacute; instrumento criado pelo Minist\u0026eacute;rio da Educa\u0026ccedil;\u0026atilde;o (MEC) e calculado pelo Instituto Nacional de Estudos e Pesquisas Educacionais An\u0026iacute;sio Teixeira (Inep), que tem como objetivo medir o percentual de estudantes do 2\u0026ordm; ano do ensino fundamental que atingem o padr\u0026atilde;o nacional de alfabetiza\u0026ccedil;\u0026atilde;o, estabelecido pelo Inep.\u003C\/p\u003E\r\n\u003Cp style=\u0022text-align: justify;\u0022\u003EA prefeita Luana Oliveira celebrou o resultado e destacou o trabalho da equipe da Educa\u0026ccedil;\u0026atilde;o. \u0022Esse avan\u0026ccedil;o \u0026eacute; motivo de muito orgulho. Em dois anos, quase dobramos o nosso \u0026iacute;ndice de alfabetiza\u0026ccedil;\u0026atilde;o, saindo de 29% para 45,95%. Parabenizo toda a equipe da Educa\u0026ccedil;\u0026atilde;o, em especial o secret\u0026aacute;rio Williams Santana, pelo compromisso com a qualidade do ensino em Gl\u0026oacute;ria\u0022, afirmou Oliveira.\u003C\/p\u003E\r\n\u003Cp style=\u0022text-align: justify;\u0022\u003EO secret\u0026aacute;rio municipal de Educa\u0026ccedil;\u0026atilde;o e Cultura, Williams Santana, explicou que as estrat\u0026eacute;gias adotadas foram fundamentais para a evolu\u0026ccedil;\u0026atilde;o. \u0022Com planejamento, trabalho em equipe e comprometimento de toda comunidade escolar, conseguimos superar a meta do MEC\/Inep. Seguimos firmes para que, em breve, todas as nossas crian\u0026ccedil;as estejam alfabetizadas na idade certa\u0022, declarou Santana.\u003C\/p\u003E\r\n\u003Cp style=\u0022text-align: justify;\u0022\u003E\u003Cstrong\u003EInvestimentos\u003C\/strong\u003E\u003C\/p\u003E\r\n\u003Cp style=\u0022text-align: justify;\u0022\u003EA administra\u0026ccedil;\u0026atilde;o de Nossa Senhora da Gl\u0026oacute;ria tem realizado uma s\u0026eacute;rie de investimentos na educa\u0026ccedil;\u0026atilde;o do munic\u0026iacute;pio, que v\u0026atilde;o desde a constru\u0026ccedil;\u0026atilde;o de novas unidades escolares modernas, passando por reforma e moderniza\u0026ccedil;\u0026atilde;o das atuais, compra de kits escolares de qualidade, material pedag\u0026oacute;gico de apoio aos professores, valoriza\u0026ccedil;\u0026atilde;o do magist\u0026eacute;rio municipal, salas de recursos, entre outros.\u003C\/p\u003E\r\n\u003Cp\u003E\u003Cem\u003E\u003Cstrong\u003EPor \u003C\/strong\u003EBruno Balbino Jornalista DRT 2039\/Se - Ascom Gl\u0026oacute;ria \/ \u003Cstrong\u003EFotos:\u003C\/strong\u003E Arquivo - Ascom Gl\u0026oacute;ria\u003C\/em\u003E\u003C\/p\u003E","tags":"Educa\u00e7\u00e3o ,Destaque ,Indicador ,Crian\u00e7a Alfabetizada ,Qualidade ,Mec","publicacao":"2026-04-17 14:55:00","criado":"2026-04-17 14:55:31","alterado":"2026-04-17 14:59:25"},{"id":731,"categoria_id":"8","categoria":{"id":8,"nome":"A\u00c7\u00c3O SOCIAL"},"autor_id":"4","autor":{"id":4,"nome":"ASCOM","email":"secom@gloria.se.gov.br"},"titulo":"Prefeitura de Gl\u00f3ria distribui 7,8 toneladas de peixe para a semana santa","slug":"prefeitura-de-gloria-distribui-7-8-toneladas-de-peixe-para-a-semana-santa","subtitulo":"A\u00e7\u00e3o realizada beneficiou diversas fam\u00edlias gloriense","imagem":"\/img\/imagem\/04_4aa37c7cf193f45733921a215843.jpg,\/img\/imagem\/media_04_4aa37c7cf193f45733921a215843.jpg,\/img\/imagem\/thumb_04_4aa37c7cf193f45733921a215843.jpg,\/img\/imagem\/thumb_fix_04_4aa37c7cf193f45733921a215843.jpg","texto":"\u003Cp\u003E\u003Cimg style=\u0022display: block; margin-left: auto; margin-right: auto;\u0022 src=\u0022https:\/\/gloria.se.gov.br\/img\/imagem\/media_04_4aa37c7cf193f45733921a215843.jpg\u0022 alt=\u002204_4aa37c7cf193f45733921a215843.jpg\u0022 width=\u0022600\u0022 height=\u0022400\u0022 \/\u003E\u003C\/p\u003E\r\n\u003Cp style=\u0022text-align: justify;\u0022\u003EEntre a noite desta ter\u0026ccedil;a-feira, 31, e a madrugada desta quarta-feira, 01, a gest\u0026atilde;o municipal de Nossa Senhora da Gl\u0026oacute;ria realizou a entrega dos kits da Semana Santa para as fam\u0026iacute;lias do munic\u0026iacute;pio. A a\u0026ccedil;\u0026atilde;o distribuiu 7,8 toneladas de peixe e 6.500 cestas b\u0026aacute;sicas, cada uma composta por 12 itens aliment\u0026iacute;cios.\u003C\/p\u003E\r\n\u003Cp style=\u0022text-align: justify;\u0022\u003EA opera\u0026ccedil;\u0026atilde;o envolveu equipes das das mais diversas secretarias municipais, que trabalharam de forma integrada para organizar a log\u0026iacute;stica de recebimento, armazenamento e distribui\u0026ccedil;\u0026atilde;o dos alimentos. A entrega ocorreu de maneira ordenada, com respeito ao distanciamento e ao atendimento humanizado aos benefici\u0026aacute;rios.\u003C\/p\u003E\r\n\u003Cp style=\u0022text-align: justify;\u0022\u003EA prefeita Luana Oliveira acompanhou de perto a a\u0026ccedil;\u0026atilde;o e destacou o compromisso da gest\u0026atilde;o com o bem-estar da popula\u0026ccedil;\u0026atilde;o, especialmente nos momentos de celebra\u0026ccedil;\u0026atilde;o e uni\u0026atilde;o familiar. \u0026ldquo;Distribu\u0026iacute;mos 7,8 toneladas de peixe e 6.500 cestas b\u0026aacute;sicas para garantir que cada lar gloriense tenha uma mesa farta e uma celebra\u0026ccedil;\u0026atilde;o digna. \u0026Eacute; um gesto de cuidado, de respeito e de compromisso com quem mais precisa. Agrade\u0026ccedil;o a toda a equipe que trabalhou incansavelmente para que essa a\u0026ccedil;\u0026atilde;o fosse realizada com sucesso. Que este seja um momento de paz, renova\u0026ccedil;\u0026atilde;o e esperan\u0026ccedil;a para todos\u0026rdquo;, afirmou Luana.\u003C\/p\u003E\r\n\u003Cp style=\u0022text-align: justify;\u0022\u003EAs cestas b\u0026aacute;sicas distribu\u0026iacute;das continham 12 itens essenciais para a alimenta\u0026ccedil;\u0026atilde;o das fam\u0026iacute;lias, enquanto o peixe foi adquirido com qualidade e frescor garantidos, refor\u0026ccedil;ando a tradi\u0026ccedil;\u0026atilde;o da refei\u0026ccedil;\u0026atilde;o na sexta-feira da paix\u0026atilde;o. A a\u0026ccedil;\u0026atilde;o tamb\u0026eacute;m ocorreu nos povoados e comunidades rurais do munic\u0026iacute;pio.\u003C\/p\u003E\r\n\u003Cp style=\u0022text-align: justify;\u0022\u003EA Prefeitura de Nossa Senhora da Gl\u0026oacute;ria segue comprometida com o cuidado com a popula\u0026ccedil;\u0026atilde;o, fortalecendo a rede de prote\u0026ccedil;\u0026atilde;o social e promovendo a\u0026ccedil;\u0026otilde;es que levam cidadania, acolhimento e esperan\u0026ccedil;a para todos os gloriense.\u003C\/p\u003E\r\n\u003Cp style=\u0022text-align: justify;\u0022\u003E\u003Cem\u003E\u003Cstrong\u003EPor \u003C\/strong\u003EBruno Balbino Jornalista DRT 2039\/Se - Ascom Gl\u0026oacute;ria \/ \u003Cstrong\u003EFotos:\u003C\/strong\u003E Evillyn Silva - Ascom Gl\u0026oacute;ria\u003C\/em\u003E\u003C\/p\u003E\r\n\u003Cp style=\u0022text-align: justify;\u0022\u003E\u003Cem\u003E\u003Cimg src=\u0022https:\/\/gloria.se.gov.br\/img\/imagem\/thumb_07_cd672ee74247706beeb421c55.jpg\u0022 alt=\u002207_cd672ee74247706beeb421c55.jpg\u0022 width=\u0022300\u0022 height=\u0022200\u0022 \/\u003E\u003Cimg src=\u0022https:\/\/gloria.se.gov.br\/img\/imagem\/thumb_05_ec58613bfc6ddc913c46e405a.jpg\u0022 alt=\u002205_ec58613bfc6ddc913c46e405a.jpg\u0022 width=\u0022300\u0022 height=\u0022200\u0022 \/\u003E\u003Cimg src=\u0022https:\/\/gloria.se.gov.br\/img\/imagem\/thumb_06_138da497ec21c958c30369a1.jpg\u0022 alt=\u002206_138da497ec21c958c30369a1.jpg\u0022 width=\u0022300\u0022 height=\u0022200\u0022 \/\u003E\u003Cimg src=\u0022https:\/\/gloria.se.gov.br\/img\/imagem\/thumb_01_88d65eafd1fcceaed3133fd9.jpg\u0022 alt=\u002201_88d65eafd1fcceaed3133fd9.jpg\u0022 width=\u0022300\u0022 height=\u0022200\u0022 \/\u003E\u003Cimg src=\u0022https:\/\/gloria.se.gov.br\/img\/imagem\/thumb_03_c8cd49d124740136df5f.jpg\u0022 alt=\u002203_c8cd49d124740136df5f.jpg\u0022 width=\u0022300\u0022 height=\u0022200\u0022 \/\u003E\u003Cimg src=\u0022https:\/\/gloria.se.gov.br\/img\/imagem\/thumb_02_22fa2a2f3de5c04713907.jpg\u0022 alt=\u002202_22fa2a2f3de5c04713907.jpg\u0022 width=\u0022300\u0022 height=\u0022200\u0022 \/\u003E\u003Cimg src=\u0022https:\/\/gloria.se.gov.br\/img\/imagem\/thumb_04_4aa37c7cf193f45733921a215843.jpg\u0022 alt=\u002204_4aa37c7cf193f45733921a215843.jpg\u0022 width=\u0022300\u0022 height=\u0022200\u0022 \/\u003E\u003C\/em\u003E\u003C\/p\u003E","tags":"Semana Santa ,Distribui\u00e7\u00e3o de peixe ,Cestas B\u00e1sicas ,Fam\u00edlias Carentes ,Assist\u00eancia Social ,Alimentos de Qualidade ,Peixe Fresco","publicacao":"2026-04-01 15:50:45","criado":"2026-04-01 15:50:45","alterado":"2026-04-01 15:50:45"}],"busca":null}