{"item":{"id":716,"categoria_id":"7","categoria":{"id":7,"nome":"INFRAESTRUTURA"},"autor_id":"4","autor":{"id":4,"nome":"ASCOM","email":"secom@gloria.se.gov.br"},"titulo":"Prefeitura de Gl\u00f3ria intensifica opera\u00e7\u00e3o tapa-buraco","slug":"prefeitura-de-gloria-intensifica-operacao-tapa-buraco","subtitulo":"Gest\u00e3o realiza reparos e melhorias em diversos pontos da cidade","imagem":"\/img\/imagem\/01_1910eff1a853cc947c6d7fb780e0.jpg,\/img\/imagem\/media_01_1910eff1a853cc947c6d7fb780e0.jpg,\/img\/imagem\/thumb_01_1910eff1a853cc947c6d7fb780e0.jpg,\/img\/imagem\/thumb_fix_01_1910eff1a853cc947c6d7fb780e0.jpg","texto":"\u003Cp\u003E\u003Cimg style=\u0022display: block; margin-left: auto; margin-right: auto;\u0022 src=\u0022https:\/\/gloria.se.gov.br\/img\/imagem\/media_01_1910eff1a853cc947c6d7fb780e0.jpg\u0022 alt=\u002201_1910eff1a853cc947c6d7fb780e0.jpg\u0022 width=\u0022532\u0022 height=\u0022399\u0022 \/\u003E\u003C\/p\u003E\r\n\u003Cp style=\u0022text-align: justify;\u0022\u003EA Prefeitura de Nossa Senhora da Gl\u0026oacute;ria, por meio da Secretaria Municipal de Obras e Infraestrutura, deu in\u0026iacute;cio a uma opera\u0026ccedil;\u0026atilde;o tapa-buraco em diversas ruas do munic\u0026iacute;pio. A a\u0026ccedil;\u0026atilde;o, custeada com recursos pr\u0026oacute;prios, visa recuperar a malha vi\u0026aacute;ria e garantir mais seguran\u0026ccedil;a e mobilidade para condutores e pedestres.\u003C\/p\u003E\r\n\u003Cp style=\u0022text-align: justify;\u0022\u003EAl\u0026eacute;m dos reparos pontuais, outras melhorias est\u0026atilde;o sendo executadas em diferentes localidades da cidade. As equipes da pasta atuam de forma cont\u0026iacute;nua para identificar os trechos que necessitam de interven\u0026ccedil;\u0026atilde;o e realizar os servi\u0026ccedil;os com agilidade, minimizando os transtornos \u0026agrave; popula\u0026ccedil;\u0026atilde;o.\u003C\/p\u003E\r\n\u003Cp style=\u0022text-align: justify;\u0022\u003EO secret\u0026aacute;rio municipal de Obras e Infraestrutura, Francisco de Assis Oliveira Cacho, explicou o planejamento das a\u0026ccedil;\u0026otilde;es e refor\u0026ccedil;ou o compromisso da gest\u0026atilde;o com a infraestrutura urbana.\u003C\/p\u003E\r\n\u003Cp style=\u0022text-align: justify;\u0022\u003E\u0022Estamos com equipes em campo realizando a opera\u0026ccedil;\u0026atilde;o tapa-buraco em diversos pontos, sempre com recursos pr\u0026oacute;prios do munic\u0026iacute;pio. Sabemos da import\u0026acirc;ncia de manter as ruas em boas condi\u0026ccedil;\u0026otilde;es para o tr\u0026aacute;fego de ve\u0026iacute;culos e a circula\u0026ccedil;\u0026atilde;o de pedestres. Paralelamente, tamb\u0026eacute;m executamos outros reparos e melhorias em diferentes localidades, atendendo \u0026agrave;s demandas que chegam at\u0026eacute; n\u0026oacute;s. Nosso objetivo \u0026eacute; cuidar da cidade em cada detalhe e oferecer mais qualidade de vida \u0026agrave; popula\u0026ccedil;\u0026atilde;o\u0022, afirmou o secret\u0026aacute;rio.\u003C\/p\u003E\r\n\u003Cp style=\u0022text-align: justify;\u0022\u003E\u003Cem\u003E\u003Cstrong\u003EPor \u003C\/strong\u003EBruno Balbino Jornalista DRT 2039\/Se - Ascom Gl\u0026oacute;ria \/ \u003Cstrong\u003EFotos:\u003C\/strong\u003E Evillyn - Ascom Gl\u0026oacute;ria\u003C\/em\u003E\u003C\/p\u003E\r\n\u003Cp\u003E\u003Cimg src=\u0022https:\/\/gloria.se.gov.br\/img\/imagem\/thumb_03_16083661bddb002f929d3b.jpg\u0022 alt=\u002203_16083661bddb002f929d3b.jpg\u0022 width=\u0022300\u0022 height=\u0022225\u0022 \/\u003E\u003Cimg src=\u0022https:\/\/gloria.se.gov.br\/img\/imagem\/thumb_04_aaa606bd70c4fb40dd12f74.jpg\u0022 alt=\u002204_aaa606bd70c4fb40dd12f74.jpg\u0022 width=\u0022300\u0022 height=\u0022225\u0022 \/\u003E\u003Cimg src=\u0022https:\/\/gloria.se.gov.br\/img\/imagem\/thumb_02_31ea30ea95b7f0ce40572.jpg\u0022 alt=\u002202_31ea30ea95b7f0ce40572.jpg\u0022 width=\u0022300\u0022 height=\u0022225\u0022 \/\u003E\u003Cimg src=\u0022https:\/\/gloria.se.gov.br\/img\/imagem\/thumb_01_1910eff1a853cc947c6d7fb780e0.jpg\u0022 alt=\u002201_1910eff1a853cc947c6d7fb780e0.jpg\u0022 width=\u0022300\u0022 height=\u0022225\u0022 \/\u003E\u003C\/p\u003E","tags":"Infraestrutura ,Reparos ,Tapa-buracos ,Obras","publicacao":"2026-03-17 10:38:00","criado":"2026-03-17 10:38:36","alterado":"2026-03-17 10:40:47"},"outros":[{"id":743,"categoria_id":"5","categoria":{"id":5,"nome":"CULTURA"},"autor_id":"4","autor":{"id":4,"nome":"ASCOM","email":"secom@gloria.se.gov.br"},"titulo":"Carnaforr\u00f3 2026 foi sucesso em p\u00fablico e organiza\u00e7\u00e3o","slug":"carnaforro-2026-foi-sucesso-em-publico-e-organizacao","subtitulo":"28\u00aa edi\u00e7\u00e3o da festa movimentou a economia local e trouxe grandes atra\u00e7\u00f5es","imagem":"\/img\/imagem\/capa-materia-geral_87ccfb282980f18e516db0.jpg,\/img\/imagem\/media_capa-materia-geral_87ccfb282980f18e516db0.jpg,\/img\/imagem\/thumb_capa-materia-geral_87ccfb282980f18e516db0.jpg,\/img\/imagem\/thumb_fix_capa-materia-geral_87ccfb282980f18e516db0.jpg","texto":"\u003Cp\u003E\u003Cimg style=\u0022display: block; margin-left: auto; margin-right: auto;\u0022 src=\u0022https:\/\/gloria.se.gov.br\/img\/imagem\/media_capa-materia-geral_507137da4369d80b9aef82469a59.jpg\u0022 alt=\u0022capa-materia-geral_507137da4369d80b9aef82469a59.jpg\u0022 width=\u0022600\u0022 height=\u0022400\u0022 \/\u003E\u003C\/p\u003E\r\n\u003Cp style=\u0022text-align: justify;\u0022\u003EA 28\u0026ordf; edi\u0026ccedil;\u0026atilde;o do Carnaforr\u0026oacute; aconteceu no \u0026uacute;ltimo final de semana, na Pra\u0026ccedil;a de Eventos de Nossa Senhora da Gl\u0026oacute;ria e encerrou no domingo, 26, com balan\u0026ccedil;o positivo de p\u0026uacute;blico e estrutura. A Pol\u0026iacute;cia Militar estimou 155 mil pessoas nos tr\u0026ecirc;s dias de evento. O n\u0026uacute;mero consolidou a festa como uma das maiores do Estado de Sergipe. Na sexta-feira, 24, a PM registrou cerca de 25 mil foli\u0026otilde;es. No s\u0026aacute;bado, 25, a anima\u0026ccedil;\u0026atilde;o dividiu o arrast\u0026atilde;o do trio el\u0026eacute;trico e a programa\u0026ccedil;\u0026atilde;o do palco: 50 mil pessoas no total \u0026mdash; 15 mil concentradas nas ruas do fluxo e no trio e 35 mil na pra\u0026ccedil;a de eventos. J\u0026aacute; no domingo, 26, o p\u0026uacute;blico alcan\u0026ccedil;ou 40 mil pessoas. O esquema especial de tr\u0026acirc;nsito, seguran\u0026ccedil;a e limpeza urbana entrou em a\u0026ccedil;\u0026atilde;o, mantendo a cidade limpa ap\u0026oacute;s a passagem dos foli\u0026otilde;es. A festa n\u0026atilde;o registrou ocorr\u0026ecirc;ncias graves.\u003C\/p\u003E\r\n\u003Cp style=\u0022text-align: justify;\u0022\u003EA grade de atra\u0026ccedil;\u0026otilde;es agradou todos os gostos. Na sexta-feira, subiram ao palco Lorrane Medrade, Magn\u0026iacute;ficos, L\u0026eacute;o Foguete, Rei Vaqueiro e Luanzinho Moraes. O s\u0026aacute;bado come\u0026ccedil;ou com o arrast\u0026atilde;o comandado por Lucas Brito e Filhos do Brasil. Em seguida, aconteceram os shows noturnos de L\u0026eacute;o Safad\u0026atilde;o, Jonas Esticado, Unha Pintada e Fernandinha. No domingo, a multid\u0026atilde;o dan\u0026ccedil;ou ao som de Matteus Crazy e L\u0026eacute;o Santana, com trio el\u0026eacute;trico e arrast\u0026atilde;o pelas ruas da cidade.\u003C\/p\u003E\r\n\u003Cp style=\u0022text-align: justify;\u0022\u003EA prefeita Luana Oliveira avaliou o evento como um marco para o turismo e o com\u0026eacute;rcio local. \u0026ldquo;Planejamos cada detalhe para garantir uma festa alegre, inclusiva e segura. Vi a Pra\u0026ccedil;a de Eventos lotada, fam\u0026iacute;lias inteiras brincaram no Carnaforr\u0026oacute;. Isso mostra nosso acerto. Aquecemos a economia, geramos emprego tempor\u0026aacute;rio e colocamos nossa cidade ainda mais no circuito cultural sergipano\u0026rdquo;, declarou.\u003C\/p\u003E\r\n\u003Cp style=\u0022text-align: justify;\u0022\u003EO secret\u0026aacute;rio municipal de Governo, Junior Gazeta, tamb\u0026eacute;m comemorou a integra\u0026ccedil;\u0026atilde;o entre os poderes p\u0026uacute;blicos e a iniciativa privada. \u0026ldquo;Enfrentamos uma log\u0026iacute;stica desafiadora, mas a parceria com a Pol\u0026iacute;cia Militar, Corpo de Bombeiros, equipes de sa\u0026uacute;de e ambulantes fez a diferen\u0026ccedil;a. O resultado: tr\u0026ecirc;s dias de festa com tranquilidade e muita alegria. Nossa Senhora da Gl\u0026oacute;ria sai de parab\u0026eacute;ns\u0026rdquo;, afirmou.\u003C\/p\u003E\r\n\u003Cp style=\u0022text-align: justify;\u0022\u003ECom o fim da edi\u0026ccedil;\u0026atilde;o de 2026, a organiza\u0026ccedil;\u0026atilde;o projeta melhorias para o pr\u0026oacute;ximo ano e mant\u0026eacute;m a identidade do Carnaforr\u0026oacute;. O balan\u0026ccedil;o final dos tr\u0026ecirc;s dias aponta: sexta-feira (24\/01): 25 mil pessoas; s\u0026aacute;bado (25\/01): 50 mil pessoas (15 mil no arrast\u0026atilde;o\/fluxo e 35 mil na pra\u0026ccedil;a de eventos); e domingo (26\/01): 40 mil pessoas (arrast\u0026atilde;o e ruas). Os tr\u0026ecirc;s dias somaram 155 mil participantes.\u003C\/p\u003E\r\n\u003Cp style=\u0022text-align: justify;\u0022\u003E\u003Cem\u003E\u003Cstrong\u003EPor \u003C\/strong\u003EBruno Balbino Jornalista DRT 2039\/Se - Ascom Gl\u0026oacute;ria \/ \u003Cstrong\u003EFotos:\u003C\/strong\u003E Evillyn Silva - Ascom Gl\u0026oacute;ria\u003C\/em\u003E\u003C\/p\u003E\r\n\u003Cp style=\u0022text-align: justify;\u0022\u003E\u003Cem\u003E\u003Cimg src=\u0022https:\/\/gloria.se.gov.br\/img\/imagem\/thumb_whatsapp-image-2026-04-25-at-14-19-36-2_3ba320d0ec5aa0bde64db9.jpeg\u0022 alt=\u0022whatsapp-image-2026-04-25-at-14-19-36-2_3ba320d0ec5aa0bde64db9.jpeg\u0022 width=\u0022300\u0022 height=\u0022225\u0022 \/\u003E\u003Cimg src=\u0022https:\/\/gloria.se.gov.br\/img\/imagem\/thumb_whatsapp-image-2026-04-25-at-14-19-36_a62a879f8a6abe26b4322a7bb5e.jpeg\u0022 alt=\u0022whatsapp-image-2026-04-25-at-14-19-36_a62a879f8a6abe26b4322a7bb5e.jpeg\u0022 width=\u0022300\u0022 height=\u0022225\u0022 \/\u003E\u003Cimg src=\u0022https:\/\/gloria.se.gov.br\/img\/imagem\/thumb_whatsapp-image-2026-04-25-at-14-19-37-2_1dd34753673860cf44d3d6b.jpeg\u0022 alt=\u0022whatsapp-image-2026-04-25-at-14-19-37-2_1dd34753673860cf44d3d6b.jpeg\u0022 width=\u0022300\u0022 height=\u0022225\u0022 \/\u003E\u003Cimg src=\u0022https:\/\/gloria.se.gov.br\/img\/imagem\/thumb_whatsapp-image-2026-04-25-at-14-19-38-1_94bd5166c4e971c37be91f.jpeg\u0022 alt=\u0022whatsapp-image-2026-04-25-at-14-19-38-1_94bd5166c4e971c37be91f.jpeg\u0022 width=\u0022300\u0022 height=\u0022225\u0022 \/\u003E\u003Cimg src=\u0022https:\/\/gloria.se.gov.br\/img\/imagem\/thumb_whatsapp-image-2026-04-25-at-14-19-38_376eaf8ed98c6d7d64ea3.jpeg\u0022 alt=\u0022whatsapp-image-2026-04-25-at-14-19-38_376eaf8ed98c6d7d64ea3.jpeg\u0022 width=\u0022300\u0022 height=\u0022225\u0022 \/\u003E\u003Cimg src=\u0022https:\/\/gloria.se.gov.br\/img\/imagem\/thumb_whatsapp-image-2026-04-25-at-14-19-37-1_e428878a3ed1980dcfc356ca6bc050.jpeg\u0022 alt=\u0022whatsapp-image-2026-04-25-at-14-19-37-1_e428878a3ed1980dcfc356ca6bc050.jpeg\u0022 width=\u0022300\u0022 height=\u0022225\u0022 \/\u003E\u003Cimg src=\u0022https:\/\/gloria.se.gov.br\/img\/imagem\/thumb_whatsapp-image-2026-04-25-at-14-19-39_d4ad28ad6faba30425b2c6.jpeg\u0022 alt=\u0022whatsapp-image-2026-04-25-at-14-19-39_d4ad28ad6faba30425b2c6.jpeg\u0022 width=\u0022300\u0022 height=\u0022225\u0022 \/\u003E\u003Cimg src=\u0022https:\/\/gloria.se.gov.br\/img\/imagem\/thumb_whatsapp-image-2026-04-25-at-14-19-39-1_84e4976125d2c510146da.jpeg\u0022 alt=\u0022whatsapp-image-2026-04-25-at-14-19-39-1_84e4976125d2c510146da.jpeg\u0022 width=\u0022300\u0022 height=\u0022225\u0022 \/\u003E\u003Cimg src=\u0022https:\/\/gloria.se.gov.br\/img\/imagem\/thumb_whatsapp-image-2026-04-25-at-14-19-40_33c682c476511735f844374.jpeg\u0022 alt=\u0022whatsapp-image-2026-04-25-at-14-19-40_33c682c476511735f844374.jpeg\u0022 width=\u0022300\u0022 height=\u0022225\u0022 \/\u003E\u003Cimg src=\u0022https:\/\/gloria.se.gov.br\/img\/imagem\/thumb_whatsapp-image-2026-04-25-at-14-19-36-1_e1f43cda052a9c5ff76f22.jpeg\u0022 alt=\u0022whatsapp-image-2026-04-25-at-14-19-36-1_e1f43cda052a9c5ff76f22.jpeg\u0022 width=\u0022300\u0022 height=\u0022225\u0022 \/\u003E\u003Cimg src=\u0022https:\/\/gloria.se.gov.br\/img\/imagem\/thumb_whatsapp-image-2026-04-25-at-14-19-42-2_a055426274a26a349c4fb54f.jpeg\u0022 alt=\u0022whatsapp-image-2026-04-25-at-14-19-42-2_a055426274a26a349c4fb54f.jpeg\u0022 width=\u0022300\u0022 height=\u0022225\u0022 \/\u003E\u003Cimg src=\u0022https:\/\/gloria.se.gov.br\/img\/imagem\/thumb_whatsapp-image-2026-04-25-at-14-19-42_b3af2dcf1ae1403e442b61e0.jpeg\u0022 alt=\u0022whatsapp-image-2026-04-25-at-14-19-42_b3af2dcf1ae1403e442b61e0.jpeg\u0022 width=\u0022300\u0022 height=\u0022225\u0022 \/\u003E\u003Cimg src=\u0022https:\/\/gloria.se.gov.br\/img\/imagem\/thumb_whatsapp-image-2026-04-25-at-14-19-41-1_4775545f732ea66435b97aa3.jpeg\u0022 alt=\u0022whatsapp-image-2026-04-25-at-14-19-41-1_4775545f732ea66435b97aa3.jpeg\u0022 width=\u0022300\u0022 height=\u0022225\u0022 \/\u003E\u003Cimg src=\u0022https:\/\/gloria.se.gov.br\/img\/imagem\/thumb_whatsapp-image-2026-04-25-at-14-19-42-1_0a22fb1721aa442f64d3.jpeg\u0022 alt=\u0022whatsapp-image-2026-04-25-at-14-19-42-1_0a22fb1721aa442f64d3.jpeg\u0022 width=\u0022300\u0022 height=\u0022225\u0022 \/\u003E\u003Cimg src=\u0022https:\/\/gloria.se.gov.br\/img\/imagem\/thumb_whatsapp-image-2026-04-25-at-14-19-43-1_8fea06eea477a719544f869a.jpeg\u0022 alt=\u0022whatsapp-image-2026-04-25-at-14-19-43-1_8fea06eea477a719544f869a.jpeg\u0022 width=\u0022300\u0022 height=\u0022225\u0022 \/\u003E\u003Cimg src=\u0022https:\/\/gloria.se.gov.br\/img\/imagem\/thumb_whatsapp-image-2026-04-25-at-14-19-43-3_700423941a406e9d9fd811.jpeg\u0022 alt=\u0022whatsapp-image-2026-04-25-at-14-19-43-3_700423941a406e9d9fd811.jpeg\u0022 width=\u0022300\u0022 height=\u0022225\u0022 \/\u003E\u003Cimg src=\u0022https:\/\/gloria.se.gov.br\/img\/imagem\/thumb_whatsapp-image-2026-04-25-at-14-19-49-2_910636f6c94d3fc5555bf0fea9.jpeg\u0022 alt=\u0022whatsapp-image-2026-04-25-at-14-19-49-2_910636f6c94d3fc5555bf0fea9.jpeg\u0022 width=\u0022300\u0022 height=\u0022225\u0022 \/\u003E\u003Cimg src=\u0022https:\/\/gloria.se.gov.br\/img\/imagem\/thumb_whatsapp-image-2026-04-25-at-14-19-50_45ceb0ada342acb921f98d.jpeg\u0022 alt=\u0022whatsapp-image-2026-04-25-at-14-19-50_45ceb0ada342acb921f98d.jpeg\u0022 width=\u0022300\u0022 height=\u0022225\u0022 \/\u003E\u003Cimg src=\u0022https:\/\/gloria.se.gov.br\/img\/imagem\/thumb_whatsapp-image-2026-04-25-at-14-19-48-1_39d734f31dbd19f0d93a.jpeg\u0022 alt=\u0022whatsapp-image-2026-04-25-at-14-19-48-1_39d734f31dbd19f0d93a.jpeg\u0022 width=\u0022300\u0022 height=\u0022225\u0022 \/\u003E\u003Cimg src=\u0022https:\/\/gloria.se.gov.br\/img\/imagem\/thumb_whatsapp-image-2026-04-25-at-14-19-49-1_463ffddbaf5a438196afb3103.jpeg\u0022 alt=\u0022whatsapp-image-2026-04-25-at-14-19-49-1_463ffddbaf5a438196afb3103.jpeg\u0022 width=\u0022300\u0022 height=\u0022225\u0022 \/\u003E\u003Cimg src=\u0022https:\/\/gloria.se.gov.br\/img\/imagem\/thumb_whatsapp-image-2026-04-25-at-14-19-55-1_c908bbf4378481a6104a0ff177e0.jpeg\u0022 alt=\u0022whatsapp-image-2026-04-25-at-14-19-55-1_c908bbf4378481a6104a0ff177e0.jpeg\u0022 width=\u0022300\u0022 height=\u0022225\u0022 \/\u003E\u003Cimg src=\u0022https:\/\/gloria.se.gov.br\/img\/imagem\/thumb_whatsapp-image-2026-04-25-at-14-19-51_153ecdf46655282d70abb.jpeg\u0022 alt=\u0022whatsapp-image-2026-04-25-at-14-19-51_153ecdf46655282d70abb.jpeg\u0022 width=\u0022300\u0022 height=\u0022225\u0022 \/\u003E\u003Cimg src=\u0022https:\/\/gloria.se.gov.br\/img\/imagem\/thumb_whatsapp-image-2026-04-25-at-14-19-55_1c91ad51ee697a2c6f19738f.jpeg\u0022 alt=\u0022whatsapp-image-2026-04-25-at-14-19-55_1c91ad51ee697a2c6f19738f.jpeg\u0022 width=\u0022300\u0022 height=\u0022225\u0022 \/\u003E\u003Cimg src=\u0022https:\/\/gloria.se.gov.br\/img\/imagem\/thumb_whatsapp-image-2026-04-26-at-13-19-52-2_b6ea93c4cc204804588ccdd291ca.jpeg\u0022 alt=\u0022whatsapp-image-2026-04-26-at-13-19-52-2_b6ea93c4cc204804588ccdd291ca.jpeg\u0022 width=\u0022300\u0022 height=\u0022225\u0022 \/\u003E\u003Cimg src=\u0022https:\/\/gloria.se.gov.br\/img\/imagem\/thumb_whatsapp-image-2026-04-26-at-13-19-52-1_d7fdd96355a6cf7b9ceeeaf.jpeg\u0022 alt=\u0022whatsapp-image-2026-04-26-at-13-19-52-1_d7fdd96355a6cf7b9ceeeaf.jpeg\u0022 width=\u0022300\u0022 height=\u0022225\u0022 \/\u003E\u003Cimg src=\u0022https:\/\/gloria.se.gov.br\/img\/imagem\/thumb_segundodiado-carnaforro2026_84d697f9675f946f9fcd2768.jpg\u0022 alt=\u0022segundodiado-carnaforro2026_84d697f9675f946f9fcd2768.jpg\u0022 width=\u0022300\u0022 height=\u0022200\u0022 \/\u003E\u003Cimg src=\u0022https:\/\/gloria.se.gov.br\/img\/imagem\/thumb_whatsapp-image-2026-04-26-at-13-19-58-2_0cf4bd74a46fced85c9240.jpeg\u0022 alt=\u0022whatsapp-image-2026-04-26-at-13-19-58-2_0cf4bd74a46fced85c9240.jpeg\u0022 width=\u0022300\u0022 height=\u0022225\u0022 \/\u003E\u003Cimg src=\u0022https:\/\/gloria.se.gov.br\/img\/imagem\/thumb_whatsapp-image-2026-04-26-at-13-19-58_fbba25c13ec1d27ee05b1e.jpeg\u0022 alt=\u0022whatsapp-image-2026-04-26-at-13-19-58_fbba25c13ec1d27ee05b1e.jpeg\u0022 width=\u0022300\u0022 height=\u0022225\u0022 \/\u003E\u003Cimg src=\u0022https:\/\/gloria.se.gov.br\/img\/imagem\/thumb_whatsapp-image-2026-04-26-at-13-20-01_8f0e4e267eae0a42faf11f.jpeg\u0022 alt=\u0022whatsapp-image-2026-04-26-at-13-20-01_8f0e4e267eae0a42faf11f.jpeg\u0022 width=\u0022300\u0022 height=\u0022225\u0022 \/\u003E\u003Cimg src=\u0022https:\/\/gloria.se.gov.br\/img\/imagem\/thumb_whatsapp-image-2026-04-26-at-13-20-09_5d05e82cd2f2cf7adb13df.jpeg\u0022 alt=\u0022whatsapp-image-2026-04-26-at-13-20-09_5d05e82cd2f2cf7adb13df.jpeg\u0022 width=\u0022300\u0022 height=\u0022225\u0022 \/\u003E\u003Cimg src=\u0022https:\/\/gloria.se.gov.br\/img\/imagem\/thumb_whatsapp-image-2026-04-26-at-13-20-12_32973985470da6902b19.jpeg\u0022 alt=\u0022whatsapp-image-2026-04-26-at-13-20-12_32973985470da6902b19.jpeg\u0022 width=\u0022300\u0022 height=\u0022225\u0022 \/\u003E\u003Cimg src=\u0022https:\/\/gloria.se.gov.br\/img\/imagem\/thumb_whatsapp-image-2026-04-26-at-13-20-10_b4697999f81d2303a32c26.jpeg\u0022 alt=\u0022whatsapp-image-2026-04-26-at-13-20-10_b4697999f81d2303a32c26.jpeg\u0022 width=\u0022300\u0022 height=\u0022225\u0022 \/\u003E\u003Cimg src=\u0022https:\/\/gloria.se.gov.br\/img\/imagem\/thumb_whatsapp-image-2026-04-26-at-13-20-11-1_bffb6127c8ae1cd054f35b7.jpeg\u0022 alt=\u0022whatsapp-image-2026-04-26-at-13-20-11-1_bffb6127c8ae1cd054f35b7.jpeg\u0022 width=\u0022300\u0022 height=\u0022225\u0022 \/\u003E\u003Cimg src=\u0022https:\/\/gloria.se.gov.br\/img\/imagem\/thumb_whatsapp-image-2026-04-26-at-13-20-13_356c18e00be29cea25d74b27304335.jpeg\u0022 alt=\u0022whatsapp-image-2026-04-26-at-13-20-13_356c18e00be29cea25d74b27304335.jpeg\u0022 width=\u0022300\u0022 height=\u0022225\u0022 \/\u003E\u003Cimg src=\u0022https:\/\/gloria.se.gov.br\/img\/imagem\/thumb_whatsapp-image-2026-04-26-at-13-20-11_cd789d591824d83f2e1f91790b7f.jpeg\u0022 alt=\u0022whatsapp-image-2026-04-26-at-13-20-11_cd789d591824d83f2e1f91790b7f.jpeg\u0022 width=\u0022300\u0022 height=\u0022225\u0022 \/\u003E\u003Cimg src=\u0022https:\/\/gloria.se.gov.br\/img\/imagem\/thumb_whatsapp-image-2026-04-26-at-13-20-15_1d0690376f02031e31f7dacfc62.jpeg\u0022 alt=\u0022whatsapp-image-2026-04-26-at-13-20-15_1d0690376f02031e31f7dacfc62.jpeg\u0022 width=\u0022300\u0022 height=\u0022225\u0022 \/\u003E\u003Cimg src=\u0022https:\/\/gloria.se.gov.br\/img\/imagem\/thumb_whatsapp-image-2026-04-26-at-13-20-15-1_4896b876102a061901f121ddd85.jpeg\u0022 alt=\u0022whatsapp-image-2026-04-26-at-13-20-15-1_4896b876102a061901f121ddd85.jpeg\u0022 width=\u0022300\u0022 height=\u0022225\u0022 \/\u003E\u003C\/em\u003E\u003C\/p\u003E","tags":"Carnaforr\u00f3 2026,Tradi\u00e7\u00e3o ,Folia e Forr\u00f3,Cultura","publicacao":"2026-05-01 14:07:00","criado":"2026-05-01 14:07:12","alterado":"2026-05-01 14:08:27"},{"id":742,"categoria_id":"5","categoria":{"id":5,"nome":"CULTURA"},"autor_id":"4","autor":{"id":4,"nome":"ASCOM","email":"secom@gloria.se.gov.br"},"titulo":"Confira as fotos do terceiro dia do Carnaforr\u00f3 2026","slug":"confira-as-fotos-do-terceiro-dia-do-carnaforro-2026","subtitulo":"L\u00e9o Santana e Lucas Brito arrastaram uma multid\u00e3o pela avenida","imagem":"\/img\/imagem\/03_e7c4e4713af6e14c313428.jpg,\/img\/imagem\/media_03_e7c4e4713af6e14c313428.jpg,\/img\/imagem\/thumb_03_e7c4e4713af6e14c313428.jpg,\/img\/imagem\/thumb_fix_03_e7c4e4713af6e14c313428.jpg","texto":"\u003Cp\u003E\u003Cimg style=\u0022display: block; margin-left: auto; margin-right: auto;\u0022 src=\u0022https:\/\/gloria.se.gov.br\/img\/imagem\/media_03_e7c4e4713af6e14c313428.jpg\u0022 alt=\u002203_e7c4e4713af6e14c313428.jpg\u0022 width=\u0022497\u0022 height=\u0022331\u0022 \/\u003E\u003C\/p\u003E\r\n\u003Cp\u003EA festa teve in\u0026iacute;cio neste domingo, 26, terceiro dia do Carnaforr\u0026oacute; 2026 - Folia e Forr\u0026oacute; Numa Festa S\u0026oacute;, com o bloco Acorda Gl\u0026oacute;ria, com Lucas Brito puxando os foli\u0026otilde;es pela Rua do Fluxo, depois a movimenta\u0026ccedil;\u0026atilde;o foi por conta dos pared\u0026otilde;es. J\u0026aacute; no final da tarde, fechando a programa\u0026ccedil;\u0026atilde;o de uma das maiores festas populares do interior do Estado de Sergipe, o L\u0026eacute;o Santana puxou uma multid\u0026atilde;o, que seguiu o trio ao som de grandes sucessos do artista e a suingueira baiana.\u003C\/p\u003E\r\n\u003Cp\u003E\u003Cstrong\u003EConfira todas as fotos do primeiro dia clicando \u003Ca href=\u0022https:\/\/gloria.se.gov.br\/galeria\/8\/terceiro-dia-do-carnaforro-2026\u0022\u003Eaqui.\u003C\/a\u003E\u003C\/strong\u003E\u003C\/p\u003E","tags":"Terceiro dia ,Carnaforr\u00f3 ,Folia e Forr\u00f3 ,Tradi\u00e7\u00e3o ,Cultura","publicacao":"2026-04-27 12:16:00","criado":"2026-04-27 12:16:57","alterado":"2026-04-27 12:21:35"},{"id":741,"categoria_id":"5","categoria":{"id":5,"nome":"CULTURA"},"autor_id":"4","autor":{"id":4,"nome":"ASCOM","email":"secom@gloria.se.gov.br"},"titulo":"Confira as fotos do segundo dia do Carnaforr\u00f3 2026","slug":"confira-as-fotos-do-segundo-dia-do-carnaforro-2026","subtitulo":"Quatro atra\u00e7\u00f5es levaram uma multid\u00e3o para pra\u00e7a de eventos","imagem":"\/img\/imagem\/segundodiado-carnaforro2026_9e55483c6537154e46b4adb8.jpg,\/img\/imagem\/media_segundodiado-carnaforro2026_9e55483c6537154e46b4adb8.jpg,\/img\/imagem\/thumb_segundodiado-carnaforro2026_9e55483c6537154e46b4adb8.jpg,\/img\/imagem\/thumb_fix_segundodiado-carnaforro2026_9e55483c6537154e46b4adb8.jpg","texto":"\u003Cp\u003E\u003Cimg style=\u0022display: block; margin-left: auto; margin-right: auto;\u0022 src=\u0022https:\/\/gloria.se.gov.br\/img\/imagem\/media_segundodiado-carnaforro2026_9e55483c6537154e46b4adb8.jpg\u0022 alt=\u0022segundodiado-carnaforro2026_9e55483c6537154e46b4adb8.jpg\u0022 width=\u0022600\u0022 height=\u0022400\u0022 \/\u003E\u003C\/p\u003E\r\n\u003Cp style=\u0022text-align: justify;\u0022\u003ECom a pra\u0026ccedil;a de eventos lotada, a segunda noite do Carnaforr\u0026oacute; 2026 - Folia e Forr\u0026oacute; Numa Festa S\u0026oacute;, foi um verdadeiro sucesso, tendo como atra\u0026ccedil;\u0026otilde;es, a prata da casa, C\u0026eacute;sar Silva, Jonas Esticado, Unha Pintada e Fernandinha.\u0026nbsp;\u003C\/p\u003E\r\n\u003Cp style=\u0022text-align: justify;\u0022\u003E\u003Cstrong\u003EConfira todas as fotos do primeiro dia clicando \u003Ca href=\u0022https:\/\/gloria.se.gov.br\/galeria\/7\/segundo-dia-do-carnaforro\u0022\u003Eaqui\u003C\/a\u003E.\u003C\/strong\u003E\u003C\/p\u003E","tags":"Segundo dia ,Carnaforr\u00f3 ,Folia e Forr\u00f3 ,Tradi\u00e7\u00e3o ,Fotos","publicacao":"2026-04-26 20:45:00","criado":"2026-04-26 20:45:51","alterado":"2026-04-26 20:48:01"}]}