{"item":{"id":707,"categoria_id":"10","categoria":{"id":10,"nome":"AGRICULTURA"},"autor_id":"4","autor":{"id":4,"nome":"ASCOM","email":"secom@gloria.se.gov.br"},"titulo":"Prefeitura realiza curso de produ\u00e7\u00e3o de frangos e galinha caipira poedeiras","slug":"prefeitura-realiza-curso-de-producao-de-frangos-e-galinha-caipira-poedeiras","subtitulo":"Capacita\u00e7\u00e3o fortalece agricultura familiar e gera\u00e7\u00e3o de renda no campo","imagem":"\/img\/imagem\/whatsapp-image-2026-03-06-at-11-40-51_95e0e577a15e5c464081039ef.jpeg,\/img\/imagem\/media_whatsapp-image-2026-03-06-at-11-40-51_95e0e577a15e5c464081039ef.jpeg,\/img\/imagem\/thumb_whatsapp-image-2026-03-06-at-11-40-51_95e0e577a15e5c464081039ef.jpeg,\/img\/imagem\/thumb_fix_whatsapp-image-2026-03-06-at-11-40-51_95e0e577a15e5c464081039ef.jpeg","texto":"\u003Cp\u003E\u003Cimg style=\u0022display: block; margin-left: auto; margin-right: auto;\u0022 src=\u0022https:\/\/gloria.se.gov.br\/img\/imagem\/media_whatsapp-image-2026-03-06-at-11-40-51_95e0e577a15e5c464081039ef.jpeg\u0022 alt=\u0022whatsapp-image-2026-03-06-at-11-40-51_95e0e577a15e5c464081039ef.jpeg\u0022 width=\u0022528\u0022 height=\u0022396\u0022 \/\u003E\u003C\/p\u003E\r\n\u003Cp style=\u0022text-align: justify;\u0022\u003EA Prefeitura de Nossa Senhora da Gl\u0026oacute;ria, por meio da Secretaria Municipal de Agricultura em parceria com o Servi\u0026ccedil;o Nacional de Aprendizagem Rural (Senar) e a Sala do Produtor, realizou nos dias 26 e 27 de fevereiro o curso de produ\u0026ccedil;\u0026atilde;o de Frangos e Galinha Caipira Poedeiras. A capacita\u0026ccedil;\u0026atilde;o aconteceu no povoado Lagoa do Carneiro e reuniu produtores rurais da regi\u0026atilde;o interessados em aprimorar suas t\u0026eacute;cnicas de cria\u0026ccedil;\u0026atilde;o.\u003C\/p\u003E\r\n\u003Cp style=\u0022text-align: justify;\u0022\u003EDurante os dois dias de forma\u0026ccedil;\u0026atilde;o, os participantes tiveram acesso a conhecimento t\u0026eacute;cnico e orienta\u0026ccedil;\u0026atilde;o pr\u0026aacute;tica sobre manejo adequado das aves, nutri\u0026ccedil;\u0026atilde;o, instala\u0026ccedil;\u0026otilde;es, cuidados sanit\u0026aacute;rios e boas pr\u0026aacute;ticas de produ\u0026ccedil;\u0026atilde;o. O curso abordou desde as caracter\u0026iacute;sticas das aves caipiras at\u0026eacute; t\u0026eacute;cnicas espec\u0026iacute;ficas para produ\u0026ccedil;\u0026atilde;o de ovos, passando por temas como sele\u0026ccedil;\u0026atilde;o de matrizes, preven\u0026ccedil;\u0026atilde;o de enfermidades e comercializa\u0026ccedil;\u0026atilde;o.\u003C\/p\u003E\r\n\u003Cp style=\u0022text-align: justify;\u0022\u003EA iniciativa tem como objetivo fortalecer a agricultura familiar no munic\u0026iacute;pio, incentivando a diversifica\u0026ccedil;\u0026atilde;o da produ\u0026ccedil;\u0026atilde;o e a gera\u0026ccedil;\u0026atilde;o de renda no campo. A avicultura caipira se apresenta como alternativa vi\u0026aacute;vel para pequenos produtores, com mercado garantido e possibilidade de agrega\u0026ccedil;\u0026atilde;o de valor aos produtos.\u003C\/p\u003E\r\n\u003Cp style=\u0022text-align: justify;\u0022\u003EO secret\u0026aacute;rio municipal de Agricultura, Jairo Santana, destacou a import\u0026acirc;ncia da capacita\u0026ccedil;\u0026atilde;o para o desenvolvimento rural do munic\u0026iacute;pio. \u0022Estamos levando conhecimento e qualifica\u0026ccedil;\u0026atilde;o aos nossos produtores, porque acreditamos que o fortalecimento da agricultura familiar passa pela forma\u0026ccedil;\u0026atilde;o t\u0026eacute;cnica. Esse curso de produ\u0026ccedil;\u0026atilde;o de frangos e galinhas poedeiras \u0026eacute; mais uma a\u0026ccedil;\u0026atilde;o da gest\u0026atilde;o municipal para apoiar quem vive no campo, oferecendo ferramentas para aumentar a produtividade e melhorar a renda das fam\u0026iacute;lias. A parceria com o Senar e a Sala do Produtor tem sido fundamental para viabilizar essas forma\u0026ccedil;\u0026otilde;es em diversas comunidades\u0022, afirmou o secret\u0026aacute;rio.\u003C\/p\u003E\r\n\u003Cp style=\u0022text-align: justify;\u0022\u003EA capacita\u0026ccedil;\u0026atilde;o no povoado Lagoa do Carneiro integra o calend\u0026aacute;rio de a\u0026ccedil;\u0026otilde;es da Secretaria de Agricultura, que segue levando cursos e orienta\u0026ccedil;\u0026otilde;es t\u0026eacute;cnicas \u0026agrave;s comunidades rurais do munic\u0026iacute;pio. A iniciativa reafirma o compromisso da administra\u0026ccedil;\u0026atilde;o municipal com o desenvolvimento sustent\u0026aacute;vel do campo e o apoio ao homem do campo.\u003C\/p\u003E\r\n\u003Cp style=\u0022text-align: justify;\u0022\u003E\u003Cem\u003E\u003Cstrong\u003EPor \u003C\/strong\u003EBruno Balbino Jornalista DRT 2039\/Se - Ascom Gl\u0026oacute;ria \/ \u003Cstrong\u003EFotos:\u003C\/strong\u003E Antony - Ascom Gl\u0026oacute;ria\u003C\/em\u003E\u003C\/p\u003E\r\n\u003Cp style=\u0022text-align: justify;\u0022\u003E\u003Cem\u003E\u003Cimg src=\u0022https:\/\/gloria.se.gov.br\/img\/imagem\/thumb_whatsapp-image-2026-03-06-at-11-40-56_4a9c8e3d2b2767aa7b240a3.jpeg\u0022 alt=\u0022whatsapp-image-2026-03-06-at-11-40-56_4a9c8e3d2b2767aa7b240a3.jpeg\u0022 width=\u0022300\u0022 height=\u0022169\u0022 \/\u003E\u003Cimg src=\u0022https:\/\/gloria.se.gov.br\/img\/imagem\/thumb_whatsapp-image-2026-03-06-at-11-40-51-1_0c034eda4ac0eef9f7f66f.jpeg\u0022 alt=\u0022whatsapp-image-2026-03-06-at-11-40-51-1_0c034eda4ac0eef9f7f66f.jpeg\u0022 width=\u0022300\u0022 height=\u0022400\u0022 \/\u003E\u003C\/em\u003E\u003C\/p\u003E","tags":"Agricultura ,Curso de Produ\u00e7\u00e3o , frangos e galinha caipira poedeiras ,Senar,Parceria,Lagoa do Carneiro","publicacao":"2026-03-06 14:35:00","criado":"2026-03-06 14:35:42","alterado":"2026-03-06 14:36:22"},"outros":[{"id":741,"categoria_id":"5","categoria":{"id":5,"nome":"CULTURA"},"autor_id":"4","autor":{"id":4,"nome":"ASCOM","email":"secom@gloria.se.gov.br"},"titulo":"Confira as fotos do segundo dia do Carnaforr\u00f3 2026","slug":"confira-as-fotos-do-segundo-dia-do-carnaforro-2026","subtitulo":"Quatro atra\u00e7\u00f5es levaram uma multid\u00e3o para pra\u00e7a de eventos","imagem":"\/img\/imagem\/segundodiado-carnaforro2026_9e55483c6537154e46b4adb8.jpg,\/img\/imagem\/media_segundodiado-carnaforro2026_9e55483c6537154e46b4adb8.jpg,\/img\/imagem\/thumb_segundodiado-carnaforro2026_9e55483c6537154e46b4adb8.jpg,\/img\/imagem\/thumb_fix_segundodiado-carnaforro2026_9e55483c6537154e46b4adb8.jpg","texto":"\u003Cp\u003E\u003Cimg style=\u0022display: block; margin-left: auto; margin-right: auto;\u0022 src=\u0022https:\/\/gloria.se.gov.br\/img\/imagem\/media_segundodiado-carnaforro2026_9e55483c6537154e46b4adb8.jpg\u0022 alt=\u0022segundodiado-carnaforro2026_9e55483c6537154e46b4adb8.jpg\u0022 width=\u0022600\u0022 height=\u0022400\u0022 \/\u003E\u003C\/p\u003E\r\n\u003Cp style=\u0022text-align: justify;\u0022\u003ECom a pra\u0026ccedil;a de eventos lotada, a segunda noite do Carnaforr\u0026oacute; 2026 - Folia e Forr\u0026oacute; Numa Festa S\u0026oacute;, foi um verdadeiro sucesso, tendo como atra\u0026ccedil;\u0026otilde;es, a prata da casa, C\u0026eacute;sar Silva, Jonas Esticado, Unha Pintada e Fernandinha.\u0026nbsp;\u003C\/p\u003E\r\n\u003Cp style=\u0022text-align: justify;\u0022\u003E\u003Cstrong\u003EConfira todas as fotos do primeiro dia clicando \u003Ca href=\u0022https:\/\/gloria.se.gov.br\/galeria\/7\/segundo-dia-do-carnaforro\u0022\u003Eaqui\u003C\/a\u003E.\u003C\/strong\u003E\u003C\/p\u003E","tags":"Segundo dia ,Carnaforr\u00f3 ,Folia e Forr\u00f3 ,Tradi\u00e7\u00e3o ,Fotos","publicacao":"2026-04-26 20:45:00","criado":"2026-04-26 20:45:51","alterado":"2026-04-26 20:48:01"},{"id":740,"categoria_id":"5","categoria":{"id":5,"nome":"CULTURA"},"autor_id":"4","autor":{"id":4,"nome":"ASCOM","email":"secom@gloria.se.gov.br"},"titulo":"Confira as fotos do primeiro dia do Carnaforr\u00f3 2026","slug":"confira-as-fotos-do-primeiro-dia-do-carnaforro-2026","subtitulo":"Cinco atra\u00e7\u00f5es fizeram a alegria do p\u00fablico presente","imagem":"\/img\/imagem\/capa-primeiro-dia_8c014ef8a20cc8e5e75d1e30eecda.jpg,\/img\/imagem\/media_capa-primeiro-dia_8c014ef8a20cc8e5e75d1e30eecda.jpg,\/img\/imagem\/thumb_capa-primeiro-dia_8c014ef8a20cc8e5e75d1e30eecda.jpg,\/img\/imagem\/thumb_fix_capa-primeiro-dia_8c014ef8a20cc8e5e75d1e30eecda.jpg","texto":"\u003Cp\u003E\u003Cimg style=\u0022display: block; margin-left: auto; margin-right: auto;\u0022 src=\u0022https:\/\/gloria.se.gov.br\/img\/imagem\/media_capa-primeiro-dia_8c014ef8a20cc8e5e75d1e30eecda.jpg\u0022 alt=\u0022capa-primeiro-dia_8c014ef8a20cc8e5e75d1e30eecda.jpg\u0022 width=\u0022491\u0022 height=\u0022327\u0022 \/\u003E\u003C\/p\u003E\r\n\u003Cp\u003ECom a pra\u0026ccedil;a de eventos lotada, a primeira noite do Carnaforr\u0026oacute; 2026 - Folia e Forr\u0026oacute; Numa Festa S\u0026oacute;, foi um verdadeiro sucesso, tendo como atra\u0026ccedil;\u0026otilde;es, a prata da casa, Lorrane Medrade, e primeira banda de forr\u0026oacute; eletr\u0026ocirc;nico rom\u0026acirc;ntico, Banda Magn\u0026iacute;ficos, L\u0026eacute;o Foguete, Rey Vaqueiro e Luanzinho Moraes.\u0026nbsp;\u003C\/p\u003E\r\n\u003Cp\u003E\u003Cstrong\u003EConfira todas as fotos do primeiro dia clicando \u003Ca href=\u0022https:\/\/gloria.se.gov.br\/galeria\/6\/primeira-dia-do-carnaforro-2026\u0022\u003Eaqui\u003C\/a\u003E.\u003C\/strong\u003E\u003Cbr \/\u003E\u0026nbsp;\u003C\/p\u003E","tags":"Carnaforr\u00f3 2026,Folia e Forr\u00f3,Festa ,Tradi\u00e7\u00e3o ,Economia ,Com\u00e9rcio Forte","publicacao":"2026-04-25 15:23:00","criado":"2026-04-25 15:23:00","alterado":"2026-04-25 15:29:53"},{"id":739,"categoria_id":"5","categoria":{"id":5,"nome":"CULTURA"},"autor_id":"4","autor":{"id":4,"nome":"ASCOM","email":"secom@gloria.se.gov.br"},"titulo":"Prefeitura de Gl\u00f3ria realiza 28\u00aa edi\u00e7\u00e3o do Carnaforr\u00f3","slug":"prefeitura-de-gloria-realiza-28a-edicao-do-carnaforro","subtitulo":"Festa acontece no pr\u00f3ximo final de semana","imagem":"\/img\/imagem\/235421265254_fa1531573a8b47778a339d5.jpg,\/img\/imagem\/media_235421265254_fa1531573a8b47778a339d5.jpg,\/img\/imagem\/thumb_235421265254_fa1531573a8b47778a339d5.jpg,\/img\/imagem\/thumb_fix_235421265254_fa1531573a8b47778a339d5.jpg","texto":"\u003Cp\u003E\u003Cimg style=\u0022display: block; margin-left: auto; margin-right: auto;\u0022 src=\u0022https:\/\/gloria.se.gov.br\/img\/imagem\/media_235421265254_fa1531573a8b47778a339d5.jpg\u0022 alt=\u0022235421265254_fa1531573a8b47778a339d5.jpg\u0022 width=\u0022600\u0022 height=\u0022400\u0022 \/\u003E\u003C\/p\u003E\r\n\u003Cp style=\u0022text-align: justify;\u0022\u003EA Prefeitura de Nossa Senhora da Gl\u0026oacute;ria promove a 28\u0026ordf; edi\u0026ccedil;\u0026atilde;o do Carnaforr\u0026oacute; nos dias 24, 25 e 26 de abril, na Pra\u0026ccedil;a de Eventos do munic\u0026iacute;pio. A festa movimenta a cidade com tr\u0026ecirc;s dias de m\u0026uacute;sica e grandes atra\u0026ccedil;\u0026otilde;es. A programa\u0026ccedil;\u0026atilde;o re\u0026uacute;ne shows no palco principal e arrast\u0026otilde;es com trio el\u0026eacute;trico. Milhares de moradores e visitantes de cidades vizinhas devem prestigiar o evento, j\u0026aacute; consolidado como um dos maiores da regi\u0026atilde;o.\u003C\/p\u003E\r\n\u003Cp style=\u0022text-align: justify;\u0022\u003ENa sexta-feira (24), sobem ao palco Lorrane Medrade, Magn\u0026iacute;ficos, L\u0026eacute;o Foguete e Rei Vaqueiro. No s\u0026aacute;bado (25), a festa come\u0026ccedil;a com arrast\u0026atilde;o no trio el\u0026eacute;trico com Lucas Brito e Filhos do Brasil. \u0026Agrave; noite, apresentam-se no palco L\u0026eacute;o Safad\u0026atilde;o, Jonas Esticado, Unha Pintada e Fernandinha. No domingo (26), o trio el\u0026eacute;trico encerra a programa\u0026ccedil;\u0026atilde;o com arrast\u0026otilde;es comandados por Matteus Crazy e L\u0026eacute;o Santana.\u003C\/p\u003E\r\n\u003Cp style=\u0022text-align: justify;\u0022\u003EA prefeita Luana Oliveira destacou a import\u0026acirc;ncia do evento para a economia local, o turismo e a valoriza\u0026ccedil;\u0026atilde;o da cultura gloriense. \u0026ldquo;O Carnaforr\u0026oacute; \u0026eacute; uma tradi\u0026ccedil;\u0026atilde;o em nossa cidade. Preparamos uma programa\u0026ccedil;\u0026atilde;o especial para receber a popula\u0026ccedil;\u0026atilde;o e os visitantes. A festa gera emprego e renda para comerciantes, ambulantes e prestadores de servi\u0026ccedil;o. Convido todos a curtirem o final de semana com seguran\u0026ccedil;a e responsabilidade\u0026rdquo;, afirmou Oliveira.\u003C\/p\u003E\r\n\u003Cp style=\u0022text-align: justify;\u0022\u003EO secret\u0026aacute;rio municipal de Governo, Jos\u0026eacute; Etelvan Oliveira Melo Junior, refor\u0026ccedil;ou a organiza\u0026ccedil;\u0026atilde;o do evento e a parceria com as for\u0026ccedil;as de seguran\u0026ccedil;a. \u0026ldquo;A Prefeitura trabalha na montagem da estrutura, na seguran\u0026ccedil;a e na limpeza. O Carnaforr\u0026oacute; 2026 ser\u0026aacute; um sucesso. A popula\u0026ccedil;\u0026atilde;o aproveitar\u0026aacute; a festa com conforto e tranquilidade. \u0026Eacute; a festa do povo gloriense, e o povo merece o melhor\u0026rdquo;, declarou Etelvan Junior.\u003C\/p\u003E\r\n\u003Cp style=\u0022text-align: justify;\u0022\u003E\u003Cem\u003E\u003Cstrong\u003EPor \u003C\/strong\u003EBruno Balbino Jornalista DRT 2039\/Se - Ascom Gl\u0026oacute;ria \/ \u003Cstrong\u003EImagem:\u003C\/strong\u003E Arquivo - Ascom Gl\u0026oacute;ria\u003C\/em\u003E\u003C\/p\u003E","tags":"Carnaforr\u00f3 ,Folia ,Forr\u00f3,Festa,Economia ,Cultura ,Tradi\u00e7\u00e3o ,28 anos","publicacao":"2026-04-22 13:45:41","criado":"2026-04-22 13:45:41","alterado":"2026-04-22 13:45:41"}]}