{"item":{"id":561,"categoria_id":"8","categoria":{"id":8,"nome":"A\u00c7\u00c3O SOCIAL"},"autor_id":"4","autor":{"id":4,"nome":"ASCOM","email":"secom@gloria.se.gov.br"},"titulo":"CMDCA promove a XII Confer\u00eancia Municipal dos Direitos das Crian\u00e7as e dos Adolescentes","slug":"cmdca-promove-a-xii-conferencia-municipal-dos-direitos-das-criancas-e-dos-adolescentes","subtitulo":"A solenidade contou com o apoio da gest\u00e3o da Capital Sergipana do Leite, por meio Secretaria Municipal de Assist\u00eancia Social, Inclus\u00e3o e Cidadania (SMASIC).","imagem":"\/img\/imagem\/prefdegloria-338605175-653842206553144-2442685338607941642-n_2b8f7247dce9fe63978dd4.jpg,\/img\/imagem\/media_prefdegloria-338605175-653842206553144-2442685338607941642-n_2b8f7247dce9fe63978dd4.jpg,\/img\/imagem\/thumb_prefdegloria-338605175-653842206553144-2442685338607941642-n_2b8f7247dce9fe63978dd4.jpg,\/img\/imagem\/thumb_fix_prefdegloria-338605175-653842206553144-2442685338607941642-n_2b8f7247dce9fe63978dd4.jpg","texto":"\u003Cp style=\u0022text-align: justify;\u0022\u003EO Conselho Municipal dos Direitos das Crian\u0026ccedil;as e dos Adolescentes (CMDCA) realizou nesta quinta-feira, 30, a \u0026ldquo;XII Confer\u0026ecirc;ncia Municipal dos Direitos das Crian\u0026ccedil;as e dos Adolescentes\u0026rdquo; - com o tema: Situa\u0026ccedil;\u0026atilde;o dos direitos humanos de crian\u0026ccedil;as e adolescentes em tempo de pandemia da COVID-19: viola\u0026ccedil;\u0026atilde;o e vulnerabilidade, a\u0026ccedil;\u0026otilde;es necess\u0026aacute;rias para repara\u0026ccedil;\u0026atilde;o e garantia de pol\u0026iacute;ticas de prote\u0026ccedil;\u0026atilde;o integral, com respeito \u0026agrave; diversidade\u0026rdquo;.\u003C\/p\u003E\r\n\u003Cp style=\u0022text-align: justify;\u0022\u003EA solenidade aconteceu no audit\u0026oacute;rio da unidade do Servi\u0026ccedil;o Nacional de Aprendizagem Comercial de Nossa Senhora da Gl\u0026oacute;ria (SENAC Gl\u0026oacute;ria) e contou com o apoio da gest\u0026atilde;o da Capital Sergipana do Leite, por meio Secretaria Municipal de Assist\u0026ecirc;ncia Social, Inclus\u0026atilde;o e Cidadania (SMASIC).\u003C\/p\u003E\r\n\u003Cp style=\u0022text-align: justify;\u0022\u003EEstiveram presentes: a secret\u0026aacute;ria municipal de Assist\u0026ecirc;ncia Social, T\u0026aacute;ssia Luana; o presidente do CMDCA, Abra\u0026atilde;o Lincoln; o secret\u0026aacute;rio municipal de Educa\u0026ccedil;\u0026atilde;o e Cultura, Cleverton Rodrigues; a equipe da SMASIC e os conselheiros do CMDCA.\u003C\/p\u003E\r\n\u003Cp style=\u0022text-align: justify;\u0022\u003EPrefeitura Municipal de Nossa Senhora da Gl\u0026oacute;ria\u003Cbr \/\u003EConstruindo o Futuro da Nossa Gente!\u003C\/p\u003E\r\n\u003Cp\u003E\u003Cimg style=\u0022display: block; margin-left: auto; margin-right: auto;\u0022 src=\u0022https:\/\/gloria.se.gov.br\/img\/imagem\/media_prefdegloria-338605175-653842206553144-2442685338607941642-n_2b8f7247dce9fe63978dd4.jpg\u0022 alt=\u0022prefdegloria-338605175-653842206553144-2442685338607941642-n_2b8f7247dce9fe63978dd4.jpg\u0022 width=\u0022600\u0022 height=\u0022450\u0022 \/\u003E\u003C\/p\u003E","tags":"Assist\u00eancia Social ,Crian\u00e7a,Adolescente ,CMDCA,Confer\u00eancia ,Direitos","publicacao":"2023-07-12 15:38:48","criado":"2023-07-12 15:38:48","alterado":"2023-07-12 15:38:48"},"outros":[{"id":742,"categoria_id":"5","categoria":{"id":5,"nome":"CULTURA"},"autor_id":"4","autor":{"id":4,"nome":"ASCOM","email":"secom@gloria.se.gov.br"},"titulo":"Confira as fotos do terceiro dia do Carnaforr\u00f3 2026","slug":"confira-as-fotos-do-terceiro-dia-do-carnaforro-2026","subtitulo":"L\u00e9o Santana e Lucas Brito arrastaram uma multid\u00e3o pela avenida","imagem":"\/img\/imagem\/03_e7c4e4713af6e14c313428.jpg,\/img\/imagem\/media_03_e7c4e4713af6e14c313428.jpg,\/img\/imagem\/thumb_03_e7c4e4713af6e14c313428.jpg,\/img\/imagem\/thumb_fix_03_e7c4e4713af6e14c313428.jpg","texto":"\u003Cp\u003E\u003Cimg style=\u0022display: block; margin-left: auto; margin-right: auto;\u0022 src=\u0022https:\/\/gloria.se.gov.br\/img\/imagem\/media_03_e7c4e4713af6e14c313428.jpg\u0022 alt=\u002203_e7c4e4713af6e14c313428.jpg\u0022 width=\u0022497\u0022 height=\u0022331\u0022 \/\u003E\u003C\/p\u003E\r\n\u003Cp\u003EA festa teve in\u0026iacute;cio neste domingo, 26, terceiro dia do Carnaforr\u0026oacute; 2026 - Folia e Forr\u0026oacute; Numa Festa S\u0026oacute;, com o bloco Acorda Gl\u0026oacute;ria, com Lucas Brito puxando os foli\u0026otilde;es pela Rua do Fluxo, depois a movimenta\u0026ccedil;\u0026atilde;o foi por conta dos pared\u0026otilde;es. J\u0026aacute; no final da tarde, fechando a programa\u0026ccedil;\u0026atilde;o de uma das maiores festas populares do interior do Estado de Sergipe, o L\u0026eacute;o Santana puxou uma multid\u0026atilde;o, que seguiu o trio ao som de grandes sucessos do artista e a suingueira baiana.\u003C\/p\u003E\r\n\u003Cp\u003E\u003Cstrong\u003EConfira todas as fotos do primeiro dia clicando \u003Ca href=\u0022https:\/\/gloria.se.gov.br\/galeria\/8\/terceiro-dia-do-carnaforro-2026\u0022\u003Eaqui.\u003C\/a\u003E\u003C\/strong\u003E\u003C\/p\u003E","tags":"Terceiro dia ,Carnaforr\u00f3 ,Folia e Forr\u00f3 ,Tradi\u00e7\u00e3o ,Cultura","publicacao":"2026-04-27 12:16:00","criado":"2026-04-27 12:16:57","alterado":"2026-04-27 12:21:35"},{"id":741,"categoria_id":"5","categoria":{"id":5,"nome":"CULTURA"},"autor_id":"4","autor":{"id":4,"nome":"ASCOM","email":"secom@gloria.se.gov.br"},"titulo":"Confira as fotos do segundo dia do Carnaforr\u00f3 2026","slug":"confira-as-fotos-do-segundo-dia-do-carnaforro-2026","subtitulo":"Quatro atra\u00e7\u00f5es levaram uma multid\u00e3o para pra\u00e7a de eventos","imagem":"\/img\/imagem\/segundodiado-carnaforro2026_9e55483c6537154e46b4adb8.jpg,\/img\/imagem\/media_segundodiado-carnaforro2026_9e55483c6537154e46b4adb8.jpg,\/img\/imagem\/thumb_segundodiado-carnaforro2026_9e55483c6537154e46b4adb8.jpg,\/img\/imagem\/thumb_fix_segundodiado-carnaforro2026_9e55483c6537154e46b4adb8.jpg","texto":"\u003Cp\u003E\u003Cimg style=\u0022display: block; margin-left: auto; margin-right: auto;\u0022 src=\u0022https:\/\/gloria.se.gov.br\/img\/imagem\/media_segundodiado-carnaforro2026_9e55483c6537154e46b4adb8.jpg\u0022 alt=\u0022segundodiado-carnaforro2026_9e55483c6537154e46b4adb8.jpg\u0022 width=\u0022600\u0022 height=\u0022400\u0022 \/\u003E\u003C\/p\u003E\r\n\u003Cp style=\u0022text-align: justify;\u0022\u003ECom a pra\u0026ccedil;a de eventos lotada, a segunda noite do Carnaforr\u0026oacute; 2026 - Folia e Forr\u0026oacute; Numa Festa S\u0026oacute;, foi um verdadeiro sucesso, tendo como atra\u0026ccedil;\u0026otilde;es, a prata da casa, C\u0026eacute;sar Silva, Jonas Esticado, Unha Pintada e Fernandinha.\u0026nbsp;\u003C\/p\u003E\r\n\u003Cp style=\u0022text-align: justify;\u0022\u003E\u003Cstrong\u003EConfira todas as fotos do primeiro dia clicando \u003Ca href=\u0022https:\/\/gloria.se.gov.br\/galeria\/7\/segundo-dia-do-carnaforro\u0022\u003Eaqui\u003C\/a\u003E.\u003C\/strong\u003E\u003C\/p\u003E","tags":"Segundo dia ,Carnaforr\u00f3 ,Folia e Forr\u00f3 ,Tradi\u00e7\u00e3o ,Fotos","publicacao":"2026-04-26 20:45:00","criado":"2026-04-26 20:45:51","alterado":"2026-04-26 20:48:01"},{"id":740,"categoria_id":"5","categoria":{"id":5,"nome":"CULTURA"},"autor_id":"4","autor":{"id":4,"nome":"ASCOM","email":"secom@gloria.se.gov.br"},"titulo":"Confira as fotos do primeiro dia do Carnaforr\u00f3 2026","slug":"confira-as-fotos-do-primeiro-dia-do-carnaforro-2026","subtitulo":"Cinco atra\u00e7\u00f5es fizeram a alegria do p\u00fablico presente","imagem":"\/img\/imagem\/capa-primeiro-dia_8c014ef8a20cc8e5e75d1e30eecda.jpg,\/img\/imagem\/media_capa-primeiro-dia_8c014ef8a20cc8e5e75d1e30eecda.jpg,\/img\/imagem\/thumb_capa-primeiro-dia_8c014ef8a20cc8e5e75d1e30eecda.jpg,\/img\/imagem\/thumb_fix_capa-primeiro-dia_8c014ef8a20cc8e5e75d1e30eecda.jpg","texto":"\u003Cp\u003E\u003Cimg style=\u0022display: block; margin-left: auto; margin-right: auto;\u0022 src=\u0022https:\/\/gloria.se.gov.br\/img\/imagem\/media_capa-primeiro-dia_8c014ef8a20cc8e5e75d1e30eecda.jpg\u0022 alt=\u0022capa-primeiro-dia_8c014ef8a20cc8e5e75d1e30eecda.jpg\u0022 width=\u0022491\u0022 height=\u0022327\u0022 \/\u003E\u003C\/p\u003E\r\n\u003Cp\u003ECom a pra\u0026ccedil;a de eventos lotada, a primeira noite do Carnaforr\u0026oacute; 2026 - Folia e Forr\u0026oacute; Numa Festa S\u0026oacute;, foi um verdadeiro sucesso, tendo como atra\u0026ccedil;\u0026otilde;es, a prata da casa, Lorrane Medrade, e primeira banda de forr\u0026oacute; eletr\u0026ocirc;nico rom\u0026acirc;ntico, Banda Magn\u0026iacute;ficos, L\u0026eacute;o Foguete, Rey Vaqueiro e Luanzinho Moraes.\u0026nbsp;\u003C\/p\u003E\r\n\u003Cp\u003E\u003Cstrong\u003EConfira todas as fotos do primeiro dia clicando \u003Ca href=\u0022https:\/\/gloria.se.gov.br\/galeria\/6\/primeira-dia-do-carnaforro-2026\u0022\u003Eaqui\u003C\/a\u003E.\u003C\/strong\u003E\u003Cbr \/\u003E\u0026nbsp;\u003C\/p\u003E","tags":"Carnaforr\u00f3 2026,Folia e Forr\u00f3,Festa ,Tradi\u00e7\u00e3o ,Economia ,Com\u00e9rcio Forte","publicacao":"2026-04-25 15:23:00","criado":"2026-04-25 15:23:00","alterado":"2026-04-25 15:29:53"}]}