{"item":{"id":545,"categoria_id":"13","categoria":{"id":13,"nome":"ADMINISTRA\u00c7\u00c3O"},"autor_id":"4","autor":{"id":4,"nome":"ASCOM","email":"secom@gloria.se.gov.br"},"titulo":"Prefeita Luana assina tr\u00eas ordens de servi\u00e7o","slug":"prefeita-luana-assina-tres-ordens-de-servico","subtitulo":"Ao todo ser\u00e3o investidos R$933.114,73 em obras de pavimenta\u00e7\u00e3o gran\u00edtica em diversas ruas da sede do munic\u00edpio.","imagem":"\/img\/imagem\/prefdegloria-328676489-934469477917962-7466195498300040156-n_accfb59f299ed46e48985.jpg,\/img\/imagem\/media_prefdegloria-328676489-934469477917962-7466195498300040156-n_accfb59f299ed46e48985.jpg,\/img\/imagem\/thumb_prefdegloria-328676489-934469477917962-7466195498300040156-n_accfb59f299ed46e48985.jpg,\/img\/imagem\/thumb_fix_prefdegloria-328676489-934469477917962-7466195498300040156-n_accfb59f299ed46e48985.jpg","texto":"\u003Cp style=\u0022text-align: justify;\u0022\u003ENa manh\u0026atilde; desta sexta-feira, 03 de fevereiro, a Prefeita do Munic\u0026iacute;pio, Luana Oliveira, junto com o Secret\u0026aacute;rio Municipal de Governo, S\u0026eacute;rgio Oliveira; o deputado estadual, Chico do Correio; o engenheiro da Secretaria Municipal de Obras, Valber Willian, e os representantes das empresas contratadas, assinaram tr\u0026ecirc;s ordens de servi\u0026ccedil;o na sede da Secretaria Municipal de Educa\u0026ccedil;\u0026atilde;o e Cultura (SEMEC) para obras que levar\u0026atilde;o mais investimentos para infraestrutura e urbaniza\u0026ccedil;\u0026atilde;o da nossa cidade. Ao todo ser\u0026atilde;o injetados mais de 1,25 milh\u0026atilde;o de reais na economia do nosso munic\u0026iacute;pio.\u003C\/p\u003E\r\n\u003Cp style=\u0022text-align: justify;\u0022\u003EAo todo ser\u0026atilde;o investidos R$933.114,73 em obras de pavimenta\u0026ccedil;\u0026atilde;o gran\u0026iacute;tica em diversas ruas da sede do munic\u0026iacute;pio, levando mais dignidade aos moradores dessas localidades - a empresa respons\u0026aacute;vel pela obra ser\u0026aacute; a Sergipe Empreendimentos LTDA.\u003C\/p\u003E\r\n\u003Cp style=\u0022text-align: justify;\u0022\u003EAtendendo aos anseios dos moradores do Loteamento Bela Vista e com objetivo de garantir mais um espa\u0026ccedil;o para o lazer e o bem estar da popula\u0026ccedil;\u0026atilde;o gloriense, tamb\u0026eacute;m foi assinada a ordem de servi\u0026ccedil;o para a constru\u0026ccedil;\u0026atilde;o da Pra\u0026ccedil;a do Loteamento Bela Vista, uma obra que contar\u0026aacute; com um investimento de R$ 318,848,95 - a empresa respons\u0026aacute;vel pela obra ser\u0026aacute; a Sigma Mac LTDA.\u003C\/p\u003E\r\n\u003Cp style=\u0022text-align: justify;\u0022\u003EEstiveram acompanhando a solenidade de assinatura das ordens de servi\u0026ccedil;os o Secret\u0026aacute;rio Municipal de Administra\u0026ccedil;\u0026atilde;o e Planejamento, Tiago Souza; a Secret\u0026aacute;ria Municipal de Finan\u0026ccedil;as,Beatriz Oliveira; e a Chefe de Gabinete, Luane Barbosa.\u003C\/p\u003E\r\n\u003Cp style=\u0022text-align: justify;\u0022\u003ECom responsabilidade, amor e carinho pela nossa gente a gest\u0026atilde;o municipal trabalha para levar mais qualidade de vida ao povo gloriense!\u003C\/p\u003E\r\n\u003Cp style=\u0022text-align: justify;\u0022\u003EPrefeitura Municipal de Nossa Senhora da Gl\u0026oacute;ria\u003Cbr \/\u003EConstruindo o Futuro da Nossa Gente!\u003C\/p\u003E\r\n\u003Cp\u003E\u003Cimg style=\u0022display: block; margin-left: auto; margin-right: auto;\u0022 src=\u0022https:\/\/gloria.se.gov.br\/img\/imagem\/media_prefdegloria-328676489-934469477917962-7466195498300040156-n_accfb59f299ed46e48985.jpg\u0022 alt=\u0022prefdegloria-328676489-934469477917962-7466195498300040156-n_accfb59f299ed46e48985.jpg\u0022 width=\u0022600\u0022 height=\u0022400\u0022 \/\u003E\u003C\/p\u003E","tags":"Administra\u00e7\u00e3o ,Ordem de Servi\u00e7o ,investimento","publicacao":"2023-03-14 15:41:43","criado":"2023-03-14 15:41:43","alterado":"2023-03-14 15:41:43"},"outros":[{"id":742,"categoria_id":"5","categoria":{"id":5,"nome":"CULTURA"},"autor_id":"4","autor":{"id":4,"nome":"ASCOM","email":"secom@gloria.se.gov.br"},"titulo":"Confira as fotos do terceiro dia do Carnaforr\u00f3 2026","slug":"confira-as-fotos-do-terceiro-dia-do-carnaforro-2026","subtitulo":"L\u00e9o Santana e Lucas Brito arrastaram uma multid\u00e3o pela avenida","imagem":"\/img\/imagem\/03_e7c4e4713af6e14c313428.jpg,\/img\/imagem\/media_03_e7c4e4713af6e14c313428.jpg,\/img\/imagem\/thumb_03_e7c4e4713af6e14c313428.jpg,\/img\/imagem\/thumb_fix_03_e7c4e4713af6e14c313428.jpg","texto":"\u003Cp\u003E\u003Cimg style=\u0022display: block; margin-left: auto; margin-right: auto;\u0022 src=\u0022https:\/\/gloria.se.gov.br\/img\/imagem\/media_03_e7c4e4713af6e14c313428.jpg\u0022 alt=\u002203_e7c4e4713af6e14c313428.jpg\u0022 width=\u0022497\u0022 height=\u0022331\u0022 \/\u003E\u003C\/p\u003E\r\n\u003Cp\u003EA festa teve in\u0026iacute;cio neste domingo, 26, terceiro dia do Carnaforr\u0026oacute; 2026 - Folia e Forr\u0026oacute; Numa Festa S\u0026oacute;, com o bloco Acorda Gl\u0026oacute;ria, com Lucas Brito puxando os foli\u0026otilde;es pela Rua do Fluxo, depois a movimenta\u0026ccedil;\u0026atilde;o foi por conta dos pared\u0026otilde;es. J\u0026aacute; no final da tarde, fechando a programa\u0026ccedil;\u0026atilde;o de uma das maiores festas populares do interior do Estado de Sergipe, o L\u0026eacute;o Santana puxou uma multid\u0026atilde;o, que seguiu o trio ao som de grandes sucessos do artista e a suingueira baiana.\u003C\/p\u003E\r\n\u003Cp\u003E\u003Cstrong\u003EConfira todas as fotos do primeiro dia clicando \u003Ca href=\u0022https:\/\/gloria.se.gov.br\/galeria\/8\/terceiro-dia-do-carnaforro-2026\u0022\u003Eaqui.\u003C\/a\u003E\u003C\/strong\u003E\u003C\/p\u003E","tags":"Terceiro dia ,Carnaforr\u00f3 ,Folia e Forr\u00f3 ,Tradi\u00e7\u00e3o ,Cultura","publicacao":"2026-04-27 12:16:00","criado":"2026-04-27 12:16:57","alterado":"2026-04-27 12:21:35"},{"id":741,"categoria_id":"5","categoria":{"id":5,"nome":"CULTURA"},"autor_id":"4","autor":{"id":4,"nome":"ASCOM","email":"secom@gloria.se.gov.br"},"titulo":"Confira as fotos do segundo dia do Carnaforr\u00f3 2026","slug":"confira-as-fotos-do-segundo-dia-do-carnaforro-2026","subtitulo":"Quatro atra\u00e7\u00f5es levaram uma multid\u00e3o para pra\u00e7a de eventos","imagem":"\/img\/imagem\/segundodiado-carnaforro2026_9e55483c6537154e46b4adb8.jpg,\/img\/imagem\/media_segundodiado-carnaforro2026_9e55483c6537154e46b4adb8.jpg,\/img\/imagem\/thumb_segundodiado-carnaforro2026_9e55483c6537154e46b4adb8.jpg,\/img\/imagem\/thumb_fix_segundodiado-carnaforro2026_9e55483c6537154e46b4adb8.jpg","texto":"\u003Cp\u003E\u003Cimg style=\u0022display: block; margin-left: auto; margin-right: auto;\u0022 src=\u0022https:\/\/gloria.se.gov.br\/img\/imagem\/media_segundodiado-carnaforro2026_9e55483c6537154e46b4adb8.jpg\u0022 alt=\u0022segundodiado-carnaforro2026_9e55483c6537154e46b4adb8.jpg\u0022 width=\u0022600\u0022 height=\u0022400\u0022 \/\u003E\u003C\/p\u003E\r\n\u003Cp style=\u0022text-align: justify;\u0022\u003ECom a pra\u0026ccedil;a de eventos lotada, a segunda noite do Carnaforr\u0026oacute; 2026 - Folia e Forr\u0026oacute; Numa Festa S\u0026oacute;, foi um verdadeiro sucesso, tendo como atra\u0026ccedil;\u0026otilde;es, a prata da casa, C\u0026eacute;sar Silva, Jonas Esticado, Unha Pintada e Fernandinha.\u0026nbsp;\u003C\/p\u003E\r\n\u003Cp style=\u0022text-align: justify;\u0022\u003E\u003Cstrong\u003EConfira todas as fotos do primeiro dia clicando \u003Ca href=\u0022https:\/\/gloria.se.gov.br\/galeria\/7\/segundo-dia-do-carnaforro\u0022\u003Eaqui\u003C\/a\u003E.\u003C\/strong\u003E\u003C\/p\u003E","tags":"Segundo dia ,Carnaforr\u00f3 ,Folia e Forr\u00f3 ,Tradi\u00e7\u00e3o ,Fotos","publicacao":"2026-04-26 20:45:00","criado":"2026-04-26 20:45:51","alterado":"2026-04-26 20:48:01"},{"id":740,"categoria_id":"5","categoria":{"id":5,"nome":"CULTURA"},"autor_id":"4","autor":{"id":4,"nome":"ASCOM","email":"secom@gloria.se.gov.br"},"titulo":"Confira as fotos do primeiro dia do Carnaforr\u00f3 2026","slug":"confira-as-fotos-do-primeiro-dia-do-carnaforro-2026","subtitulo":"Cinco atra\u00e7\u00f5es fizeram a alegria do p\u00fablico presente","imagem":"\/img\/imagem\/capa-primeiro-dia_8c014ef8a20cc8e5e75d1e30eecda.jpg,\/img\/imagem\/media_capa-primeiro-dia_8c014ef8a20cc8e5e75d1e30eecda.jpg,\/img\/imagem\/thumb_capa-primeiro-dia_8c014ef8a20cc8e5e75d1e30eecda.jpg,\/img\/imagem\/thumb_fix_capa-primeiro-dia_8c014ef8a20cc8e5e75d1e30eecda.jpg","texto":"\u003Cp\u003E\u003Cimg style=\u0022display: block; margin-left: auto; margin-right: auto;\u0022 src=\u0022https:\/\/gloria.se.gov.br\/img\/imagem\/media_capa-primeiro-dia_8c014ef8a20cc8e5e75d1e30eecda.jpg\u0022 alt=\u0022capa-primeiro-dia_8c014ef8a20cc8e5e75d1e30eecda.jpg\u0022 width=\u0022491\u0022 height=\u0022327\u0022 \/\u003E\u003C\/p\u003E\r\n\u003Cp\u003ECom a pra\u0026ccedil;a de eventos lotada, a primeira noite do Carnaforr\u0026oacute; 2026 - Folia e Forr\u0026oacute; Numa Festa S\u0026oacute;, foi um verdadeiro sucesso, tendo como atra\u0026ccedil;\u0026otilde;es, a prata da casa, Lorrane Medrade, e primeira banda de forr\u0026oacute; eletr\u0026ocirc;nico rom\u0026acirc;ntico, Banda Magn\u0026iacute;ficos, L\u0026eacute;o Foguete, Rey Vaqueiro e Luanzinho Moraes.\u0026nbsp;\u003C\/p\u003E\r\n\u003Cp\u003E\u003Cstrong\u003EConfira todas as fotos do primeiro dia clicando \u003Ca href=\u0022https:\/\/gloria.se.gov.br\/galeria\/6\/primeira-dia-do-carnaforro-2026\u0022\u003Eaqui\u003C\/a\u003E.\u003C\/strong\u003E\u003Cbr \/\u003E\u0026nbsp;\u003C\/p\u003E","tags":"Carnaforr\u00f3 2026,Folia e Forr\u00f3,Festa ,Tradi\u00e7\u00e3o ,Economia ,Com\u00e9rcio Forte","publicacao":"2026-04-25 15:23:00","criado":"2026-04-25 15:23:00","alterado":"2026-04-25 15:29:53"}]}