{"item":{"id":537,"categoria_id":"13","categoria":{"id":13,"nome":"ADMINISTRA\u00c7\u00c3O"},"autor_id":"4","autor":{"id":4,"nome":"ASCOM","email":"secom@gloria.se.gov.br"},"titulo":"Prefeita Luana sanciona leis que garantem direitos aos servidores municipais","slug":"prefeita-luana-sanciona-leis-que-garantem-direitos-aos-servidores-municipais","subtitulo":"Com essa atitude a Capital Sergipana do Leite passa a ser o primeiro munic\u00edpio do Estado de Sergipe a conceder o reajuste aos servidores municipais, al\u00e9m dos pisos do magist\u00e9rio, dos agentes de sa\u00fade e endemias e dos enfermeiros, t\u00e9cnicos e auxiliares de","imagem":"\/img\/imagem\/prefdegloria-326135693-565439968553080-8024677557468957423-n_3aab6556a6496ae77bfaac9b0.jpg,\/img\/imagem\/media_prefdegloria-326135693-565439968553080-8024677557468957423-n_3aab6556a6496ae77bfaac9b0.jpg,\/img\/imagem\/thumb_prefdegloria-326135693-565439968553080-8024677557468957423-n_3aab6556a6496ae77bfaac9b0.jpg,\/img\/imagem\/thumb_fix_prefdegloria-326135693-565439968553080-8024677557468957423-n_3aab6556a6496ae77bfaac9b0.jpg","texto":"\u003Cp style=\u0022text-align: justify;\u0022\u003EA prefeita do munic\u0026iacute;pio, Luana Oliveira, sancionou projetos de leis que garantem direitos aos servidores p\u0026uacute;blicos municipais da Capital Sergipana do Leite, como: os pagamentos dos Pisos Nacionais: do Magist\u0026eacute;rio; dos Agentes Comunit\u0026aacute;rios de Sa\u0026uacute;de; dos Agentes de Combate \u0026agrave;s Endemias; dos Enfermeiros, T\u0026eacute;cnicos de Enfermagem e Auxiliares de Enfermagem, al\u0026eacute;m do reajuste a todos os servidores efetivos do munic\u0026iacute;pio e o pagamento do incentivo ao agente comunit\u0026aacute;rio de sa\u0026uacute;de e de endemias - um percentual de 50% do sal\u0026aacute;rio m\u0026iacute;nimo.\u003C\/p\u003E\r\n\u003Cp style=\u0022text-align: justify;\u0022\u003EO reajuste dever\u0026aacute; ser efetuado j\u0026aacute; em janeiro para o magist\u0026eacute;rio municipal, e em fevereiro para os demais servidores, que \u0026eacute; a sua data base. Os projetos foram encaminhadas para a C\u0026acirc;mara de Vereadores no dia 18 de janeiro, e votados e sancionados nesta sexta-feira, 20, uma atitude que demonstra o compromisso da administra\u0026ccedil;\u0026atilde;o municipal com a valoriza\u0026ccedil;\u0026atilde;o do funcionalismo p\u0026uacute;blico gloriense.\u003C\/p\u003E\r\n\u003Cp style=\u0022text-align: justify;\u0022\u003ECom essa atitude a Capital Sergipana do Leite passa a ser o primeiro munic\u0026iacute;pio do Estado de Sergipe a conceder o reajuste aos servidores municipais, al\u0026eacute;m dos pisos do magist\u0026eacute;rio, dos agentes de sa\u0026uacute;de e endemias e dos enfermeiros, t\u0026eacute;cnicos e auxiliares de enfermagem. Assim como, injetando mais dinheiro na economia gloriense.\u003C\/p\u003E\r\n\u003Cp style=\u0022text-align: justify;\u0022\u003EPrefeitura Municipal de Nossa Senhora da Gl\u0026oacute;ria\u003Cbr \/\u003EConstruindo o Futuro da Nossa Gente!\u003C\/p\u003E\r\n\u003Cp\u003E\u003Cimg style=\u0022display: block; margin-left: auto; margin-right: auto;\u0022 src=\u0022https:\/\/gloria.se.gov.br\/img\/imagem\/media_prefdegloria-326135693-565439968553080-8024677557468957423-n_3aab6556a6496ae77bfaac9b0.jpg\u0022 alt=\u0022prefdegloria-326135693-565439968553080-8024677557468957423-n_3aab6556a6496ae77bfaac9b0.jpg\u0022 width=\u0022600\u0022 height=\u0022600\u0022 \/\u003E\u003C\/p\u003E","tags":"Administra\u00e7\u00e3o ,Direitos ,Servidores ,Magist\u00e9rio ,Professores ,Piso Salarial ,San\u00e7\u00e3o","publicacao":"2023-03-14 10:52:00","criado":"2023-03-14 10:52:26","alterado":"2023-03-14 10:52:48"},"outros":[{"id":743,"categoria_id":"5","categoria":{"id":5,"nome":"CULTURA"},"autor_id":"4","autor":{"id":4,"nome":"ASCOM","email":"secom@gloria.se.gov.br"},"titulo":"Carnaforr\u00f3 2026 foi sucesso em p\u00fablico e organiza\u00e7\u00e3o","slug":"carnaforro-2026-foi-sucesso-em-publico-e-organizacao","subtitulo":"28\u00aa edi\u00e7\u00e3o da festa movimentou a economia local e trouxe grandes atra\u00e7\u00f5es","imagem":"\/img\/imagem\/capa-materia-geral_87ccfb282980f18e516db0.jpg,\/img\/imagem\/media_capa-materia-geral_87ccfb282980f18e516db0.jpg,\/img\/imagem\/thumb_capa-materia-geral_87ccfb282980f18e516db0.jpg,\/img\/imagem\/thumb_fix_capa-materia-geral_87ccfb282980f18e516db0.jpg","texto":"\u003Cp\u003E\u003Cimg style=\u0022display: block; margin-left: auto; margin-right: auto;\u0022 src=\u0022https:\/\/gloria.se.gov.br\/img\/imagem\/media_capa-materia-geral_507137da4369d80b9aef82469a59.jpg\u0022 alt=\u0022capa-materia-geral_507137da4369d80b9aef82469a59.jpg\u0022 width=\u0022600\u0022 height=\u0022400\u0022 \/\u003E\u003C\/p\u003E\r\n\u003Cp style=\u0022text-align: justify;\u0022\u003EA 28\u0026ordf; edi\u0026ccedil;\u0026atilde;o do Carnaforr\u0026oacute; aconteceu no \u0026uacute;ltimo final de semana, na Pra\u0026ccedil;a de Eventos de Nossa Senhora da Gl\u0026oacute;ria e encerrou no domingo, 26, com balan\u0026ccedil;o positivo de p\u0026uacute;blico e estrutura. A Pol\u0026iacute;cia Militar estimou 155 mil pessoas nos tr\u0026ecirc;s dias de evento. O n\u0026uacute;mero consolidou a festa como uma das maiores do Estado de Sergipe. Na sexta-feira, 24, a PM registrou cerca de 25 mil foli\u0026otilde;es. No s\u0026aacute;bado, 25, a anima\u0026ccedil;\u0026atilde;o dividiu o arrast\u0026atilde;o do trio el\u0026eacute;trico e a programa\u0026ccedil;\u0026atilde;o do palco: 50 mil pessoas no total \u0026mdash; 15 mil concentradas nas ruas do fluxo e no trio e 35 mil na pra\u0026ccedil;a de eventos. J\u0026aacute; no domingo, 26, o p\u0026uacute;blico alcan\u0026ccedil;ou 40 mil pessoas. O esquema especial de tr\u0026acirc;nsito, seguran\u0026ccedil;a e limpeza urbana entrou em a\u0026ccedil;\u0026atilde;o, mantendo a cidade limpa ap\u0026oacute;s a passagem dos foli\u0026otilde;es. A festa n\u0026atilde;o registrou ocorr\u0026ecirc;ncias graves.\u003C\/p\u003E\r\n\u003Cp style=\u0022text-align: justify;\u0022\u003EA grade de atra\u0026ccedil;\u0026otilde;es agradou todos os gostos. Na sexta-feira, subiram ao palco Lorrane Medrade, Magn\u0026iacute;ficos, L\u0026eacute;o Foguete, Rei Vaqueiro e Luanzinho Moraes. O s\u0026aacute;bado come\u0026ccedil;ou com o arrast\u0026atilde;o comandado por Lucas Brito e Filhos do Brasil. Em seguida, aconteceram os shows noturnos de L\u0026eacute;o Safad\u0026atilde;o, Jonas Esticado, Unha Pintada e Fernandinha. No domingo, a multid\u0026atilde;o dan\u0026ccedil;ou ao som de Matteus Crazy e L\u0026eacute;o Santana, com trio el\u0026eacute;trico e arrast\u0026atilde;o pelas ruas da cidade.\u003C\/p\u003E\r\n\u003Cp style=\u0022text-align: justify;\u0022\u003EA prefeita Luana Oliveira avaliou o evento como um marco para o turismo e o com\u0026eacute;rcio local. \u0026ldquo;Planejamos cada detalhe para garantir uma festa alegre, inclusiva e segura. Vi a Pra\u0026ccedil;a de Eventos lotada, fam\u0026iacute;lias inteiras brincaram no Carnaforr\u0026oacute;. Isso mostra nosso acerto. Aquecemos a economia, geramos emprego tempor\u0026aacute;rio e colocamos nossa cidade ainda mais no circuito cultural sergipano\u0026rdquo;, declarou.\u003C\/p\u003E\r\n\u003Cp style=\u0022text-align: justify;\u0022\u003EO secret\u0026aacute;rio municipal de Governo, Junior Gazeta, tamb\u0026eacute;m comemorou a integra\u0026ccedil;\u0026atilde;o entre os poderes p\u0026uacute;blicos e a iniciativa privada. \u0026ldquo;Enfrentamos uma log\u0026iacute;stica desafiadora, mas a parceria com a Pol\u0026iacute;cia Militar, Corpo de Bombeiros, equipes de sa\u0026uacute;de e ambulantes fez a diferen\u0026ccedil;a. O resultado: tr\u0026ecirc;s dias de festa com tranquilidade e muita alegria. Nossa Senhora da Gl\u0026oacute;ria sai de parab\u0026eacute;ns\u0026rdquo;, afirmou.\u003C\/p\u003E\r\n\u003Cp style=\u0022text-align: justify;\u0022\u003ECom o fim da edi\u0026ccedil;\u0026atilde;o de 2026, a organiza\u0026ccedil;\u0026atilde;o projeta melhorias para o pr\u0026oacute;ximo ano e mant\u0026eacute;m a identidade do Carnaforr\u0026oacute;. O balan\u0026ccedil;o final dos tr\u0026ecirc;s dias aponta: sexta-feira (24\/01): 25 mil pessoas; s\u0026aacute;bado (25\/01): 50 mil pessoas (15 mil no arrast\u0026atilde;o\/fluxo e 35 mil na pra\u0026ccedil;a de eventos); e domingo (26\/01): 40 mil pessoas (arrast\u0026atilde;o e ruas). Os tr\u0026ecirc;s dias somaram 155 mil participantes.\u003C\/p\u003E\r\n\u003Cp style=\u0022text-align: justify;\u0022\u003E\u003Cem\u003E\u003Cstrong\u003EPor \u003C\/strong\u003EBruno Balbino Jornalista DRT 2039\/Se - Ascom Gl\u0026oacute;ria \/ \u003Cstrong\u003EFotos:\u003C\/strong\u003E Evillyn Silva - Ascom Gl\u0026oacute;ria\u003C\/em\u003E\u003C\/p\u003E\r\n\u003Cp style=\u0022text-align: justify;\u0022\u003E\u003Cem\u003E\u003Cimg src=\u0022https:\/\/gloria.se.gov.br\/img\/imagem\/thumb_whatsapp-image-2026-04-25-at-14-19-36-2_3ba320d0ec5aa0bde64db9.jpeg\u0022 alt=\u0022whatsapp-image-2026-04-25-at-14-19-36-2_3ba320d0ec5aa0bde64db9.jpeg\u0022 width=\u0022300\u0022 height=\u0022225\u0022 \/\u003E\u003Cimg src=\u0022https:\/\/gloria.se.gov.br\/img\/imagem\/thumb_whatsapp-image-2026-04-25-at-14-19-36_a62a879f8a6abe26b4322a7bb5e.jpeg\u0022 alt=\u0022whatsapp-image-2026-04-25-at-14-19-36_a62a879f8a6abe26b4322a7bb5e.jpeg\u0022 width=\u0022300\u0022 height=\u0022225\u0022 \/\u003E\u003Cimg src=\u0022https:\/\/gloria.se.gov.br\/img\/imagem\/thumb_whatsapp-image-2026-04-25-at-14-19-37-2_1dd34753673860cf44d3d6b.jpeg\u0022 alt=\u0022whatsapp-image-2026-04-25-at-14-19-37-2_1dd34753673860cf44d3d6b.jpeg\u0022 width=\u0022300\u0022 height=\u0022225\u0022 \/\u003E\u003Cimg src=\u0022https:\/\/gloria.se.gov.br\/img\/imagem\/thumb_whatsapp-image-2026-04-25-at-14-19-38-1_94bd5166c4e971c37be91f.jpeg\u0022 alt=\u0022whatsapp-image-2026-04-25-at-14-19-38-1_94bd5166c4e971c37be91f.jpeg\u0022 width=\u0022300\u0022 height=\u0022225\u0022 \/\u003E\u003Cimg src=\u0022https:\/\/gloria.se.gov.br\/img\/imagem\/thumb_whatsapp-image-2026-04-25-at-14-19-38_376eaf8ed98c6d7d64ea3.jpeg\u0022 alt=\u0022whatsapp-image-2026-04-25-at-14-19-38_376eaf8ed98c6d7d64ea3.jpeg\u0022 width=\u0022300\u0022 height=\u0022225\u0022 \/\u003E\u003Cimg src=\u0022https:\/\/gloria.se.gov.br\/img\/imagem\/thumb_whatsapp-image-2026-04-25-at-14-19-37-1_e428878a3ed1980dcfc356ca6bc050.jpeg\u0022 alt=\u0022whatsapp-image-2026-04-25-at-14-19-37-1_e428878a3ed1980dcfc356ca6bc050.jpeg\u0022 width=\u0022300\u0022 height=\u0022225\u0022 \/\u003E\u003Cimg src=\u0022https:\/\/gloria.se.gov.br\/img\/imagem\/thumb_whatsapp-image-2026-04-25-at-14-19-39_d4ad28ad6faba30425b2c6.jpeg\u0022 alt=\u0022whatsapp-image-2026-04-25-at-14-19-39_d4ad28ad6faba30425b2c6.jpeg\u0022 width=\u0022300\u0022 height=\u0022225\u0022 \/\u003E\u003Cimg src=\u0022https:\/\/gloria.se.gov.br\/img\/imagem\/thumb_whatsapp-image-2026-04-25-at-14-19-39-1_84e4976125d2c510146da.jpeg\u0022 alt=\u0022whatsapp-image-2026-04-25-at-14-19-39-1_84e4976125d2c510146da.jpeg\u0022 width=\u0022300\u0022 height=\u0022225\u0022 \/\u003E\u003Cimg src=\u0022https:\/\/gloria.se.gov.br\/img\/imagem\/thumb_whatsapp-image-2026-04-25-at-14-19-40_33c682c476511735f844374.jpeg\u0022 alt=\u0022whatsapp-image-2026-04-25-at-14-19-40_33c682c476511735f844374.jpeg\u0022 width=\u0022300\u0022 height=\u0022225\u0022 \/\u003E\u003Cimg src=\u0022https:\/\/gloria.se.gov.br\/img\/imagem\/thumb_whatsapp-image-2026-04-25-at-14-19-36-1_e1f43cda052a9c5ff76f22.jpeg\u0022 alt=\u0022whatsapp-image-2026-04-25-at-14-19-36-1_e1f43cda052a9c5ff76f22.jpeg\u0022 width=\u0022300\u0022 height=\u0022225\u0022 \/\u003E\u003Cimg src=\u0022https:\/\/gloria.se.gov.br\/img\/imagem\/thumb_whatsapp-image-2026-04-25-at-14-19-42-2_a055426274a26a349c4fb54f.jpeg\u0022 alt=\u0022whatsapp-image-2026-04-25-at-14-19-42-2_a055426274a26a349c4fb54f.jpeg\u0022 width=\u0022300\u0022 height=\u0022225\u0022 \/\u003E\u003Cimg src=\u0022https:\/\/gloria.se.gov.br\/img\/imagem\/thumb_whatsapp-image-2026-04-25-at-14-19-42_b3af2dcf1ae1403e442b61e0.jpeg\u0022 alt=\u0022whatsapp-image-2026-04-25-at-14-19-42_b3af2dcf1ae1403e442b61e0.jpeg\u0022 width=\u0022300\u0022 height=\u0022225\u0022 \/\u003E\u003Cimg src=\u0022https:\/\/gloria.se.gov.br\/img\/imagem\/thumb_whatsapp-image-2026-04-25-at-14-19-41-1_4775545f732ea66435b97aa3.jpeg\u0022 alt=\u0022whatsapp-image-2026-04-25-at-14-19-41-1_4775545f732ea66435b97aa3.jpeg\u0022 width=\u0022300\u0022 height=\u0022225\u0022 \/\u003E\u003Cimg src=\u0022https:\/\/gloria.se.gov.br\/img\/imagem\/thumb_whatsapp-image-2026-04-25-at-14-19-42-1_0a22fb1721aa442f64d3.jpeg\u0022 alt=\u0022whatsapp-image-2026-04-25-at-14-19-42-1_0a22fb1721aa442f64d3.jpeg\u0022 width=\u0022300\u0022 height=\u0022225\u0022 \/\u003E\u003Cimg src=\u0022https:\/\/gloria.se.gov.br\/img\/imagem\/thumb_whatsapp-image-2026-04-25-at-14-19-43-1_8fea06eea477a719544f869a.jpeg\u0022 alt=\u0022whatsapp-image-2026-04-25-at-14-19-43-1_8fea06eea477a719544f869a.jpeg\u0022 width=\u0022300\u0022 height=\u0022225\u0022 \/\u003E\u003Cimg src=\u0022https:\/\/gloria.se.gov.br\/img\/imagem\/thumb_whatsapp-image-2026-04-25-at-14-19-43-3_700423941a406e9d9fd811.jpeg\u0022 alt=\u0022whatsapp-image-2026-04-25-at-14-19-43-3_700423941a406e9d9fd811.jpeg\u0022 width=\u0022300\u0022 height=\u0022225\u0022 \/\u003E\u003Cimg src=\u0022https:\/\/gloria.se.gov.br\/img\/imagem\/thumb_whatsapp-image-2026-04-25-at-14-19-49-2_910636f6c94d3fc5555bf0fea9.jpeg\u0022 alt=\u0022whatsapp-image-2026-04-25-at-14-19-49-2_910636f6c94d3fc5555bf0fea9.jpeg\u0022 width=\u0022300\u0022 height=\u0022225\u0022 \/\u003E\u003Cimg src=\u0022https:\/\/gloria.se.gov.br\/img\/imagem\/thumb_whatsapp-image-2026-04-25-at-14-19-50_45ceb0ada342acb921f98d.jpeg\u0022 alt=\u0022whatsapp-image-2026-04-25-at-14-19-50_45ceb0ada342acb921f98d.jpeg\u0022 width=\u0022300\u0022 height=\u0022225\u0022 \/\u003E\u003Cimg src=\u0022https:\/\/gloria.se.gov.br\/img\/imagem\/thumb_whatsapp-image-2026-04-25-at-14-19-48-1_39d734f31dbd19f0d93a.jpeg\u0022 alt=\u0022whatsapp-image-2026-04-25-at-14-19-48-1_39d734f31dbd19f0d93a.jpeg\u0022 width=\u0022300\u0022 height=\u0022225\u0022 \/\u003E\u003Cimg src=\u0022https:\/\/gloria.se.gov.br\/img\/imagem\/thumb_whatsapp-image-2026-04-25-at-14-19-49-1_463ffddbaf5a438196afb3103.jpeg\u0022 alt=\u0022whatsapp-image-2026-04-25-at-14-19-49-1_463ffddbaf5a438196afb3103.jpeg\u0022 width=\u0022300\u0022 height=\u0022225\u0022 \/\u003E\u003Cimg src=\u0022https:\/\/gloria.se.gov.br\/img\/imagem\/thumb_whatsapp-image-2026-04-25-at-14-19-55-1_c908bbf4378481a6104a0ff177e0.jpeg\u0022 alt=\u0022whatsapp-image-2026-04-25-at-14-19-55-1_c908bbf4378481a6104a0ff177e0.jpeg\u0022 width=\u0022300\u0022 height=\u0022225\u0022 \/\u003E\u003Cimg src=\u0022https:\/\/gloria.se.gov.br\/img\/imagem\/thumb_whatsapp-image-2026-04-25-at-14-19-51_153ecdf46655282d70abb.jpeg\u0022 alt=\u0022whatsapp-image-2026-04-25-at-14-19-51_153ecdf46655282d70abb.jpeg\u0022 width=\u0022300\u0022 height=\u0022225\u0022 \/\u003E\u003Cimg src=\u0022https:\/\/gloria.se.gov.br\/img\/imagem\/thumb_whatsapp-image-2026-04-25-at-14-19-55_1c91ad51ee697a2c6f19738f.jpeg\u0022 alt=\u0022whatsapp-image-2026-04-25-at-14-19-55_1c91ad51ee697a2c6f19738f.jpeg\u0022 width=\u0022300\u0022 height=\u0022225\u0022 \/\u003E\u003Cimg src=\u0022https:\/\/gloria.se.gov.br\/img\/imagem\/thumb_whatsapp-image-2026-04-26-at-13-19-52-2_b6ea93c4cc204804588ccdd291ca.jpeg\u0022 alt=\u0022whatsapp-image-2026-04-26-at-13-19-52-2_b6ea93c4cc204804588ccdd291ca.jpeg\u0022 width=\u0022300\u0022 height=\u0022225\u0022 \/\u003E\u003Cimg src=\u0022https:\/\/gloria.se.gov.br\/img\/imagem\/thumb_whatsapp-image-2026-04-26-at-13-19-52-1_d7fdd96355a6cf7b9ceeeaf.jpeg\u0022 alt=\u0022whatsapp-image-2026-04-26-at-13-19-52-1_d7fdd96355a6cf7b9ceeeaf.jpeg\u0022 width=\u0022300\u0022 height=\u0022225\u0022 \/\u003E\u003Cimg src=\u0022https:\/\/gloria.se.gov.br\/img\/imagem\/thumb_segundodiado-carnaforro2026_84d697f9675f946f9fcd2768.jpg\u0022 alt=\u0022segundodiado-carnaforro2026_84d697f9675f946f9fcd2768.jpg\u0022 width=\u0022300\u0022 height=\u0022200\u0022 \/\u003E\u003Cimg src=\u0022https:\/\/gloria.se.gov.br\/img\/imagem\/thumb_whatsapp-image-2026-04-26-at-13-19-58-2_0cf4bd74a46fced85c9240.jpeg\u0022 alt=\u0022whatsapp-image-2026-04-26-at-13-19-58-2_0cf4bd74a46fced85c9240.jpeg\u0022 width=\u0022300\u0022 height=\u0022225\u0022 \/\u003E\u003Cimg src=\u0022https:\/\/gloria.se.gov.br\/img\/imagem\/thumb_whatsapp-image-2026-04-26-at-13-19-58_fbba25c13ec1d27ee05b1e.jpeg\u0022 alt=\u0022whatsapp-image-2026-04-26-at-13-19-58_fbba25c13ec1d27ee05b1e.jpeg\u0022 width=\u0022300\u0022 height=\u0022225\u0022 \/\u003E\u003Cimg src=\u0022https:\/\/gloria.se.gov.br\/img\/imagem\/thumb_whatsapp-image-2026-04-26-at-13-20-01_8f0e4e267eae0a42faf11f.jpeg\u0022 alt=\u0022whatsapp-image-2026-04-26-at-13-20-01_8f0e4e267eae0a42faf11f.jpeg\u0022 width=\u0022300\u0022 height=\u0022225\u0022 \/\u003E\u003Cimg src=\u0022https:\/\/gloria.se.gov.br\/img\/imagem\/thumb_whatsapp-image-2026-04-26-at-13-20-09_5d05e82cd2f2cf7adb13df.jpeg\u0022 alt=\u0022whatsapp-image-2026-04-26-at-13-20-09_5d05e82cd2f2cf7adb13df.jpeg\u0022 width=\u0022300\u0022 height=\u0022225\u0022 \/\u003E\u003Cimg src=\u0022https:\/\/gloria.se.gov.br\/img\/imagem\/thumb_whatsapp-image-2026-04-26-at-13-20-12_32973985470da6902b19.jpeg\u0022 alt=\u0022whatsapp-image-2026-04-26-at-13-20-12_32973985470da6902b19.jpeg\u0022 width=\u0022300\u0022 height=\u0022225\u0022 \/\u003E\u003Cimg src=\u0022https:\/\/gloria.se.gov.br\/img\/imagem\/thumb_whatsapp-image-2026-04-26-at-13-20-10_b4697999f81d2303a32c26.jpeg\u0022 alt=\u0022whatsapp-image-2026-04-26-at-13-20-10_b4697999f81d2303a32c26.jpeg\u0022 width=\u0022300\u0022 height=\u0022225\u0022 \/\u003E\u003Cimg src=\u0022https:\/\/gloria.se.gov.br\/img\/imagem\/thumb_whatsapp-image-2026-04-26-at-13-20-11-1_bffb6127c8ae1cd054f35b7.jpeg\u0022 alt=\u0022whatsapp-image-2026-04-26-at-13-20-11-1_bffb6127c8ae1cd054f35b7.jpeg\u0022 width=\u0022300\u0022 height=\u0022225\u0022 \/\u003E\u003Cimg src=\u0022https:\/\/gloria.se.gov.br\/img\/imagem\/thumb_whatsapp-image-2026-04-26-at-13-20-13_356c18e00be29cea25d74b27304335.jpeg\u0022 alt=\u0022whatsapp-image-2026-04-26-at-13-20-13_356c18e00be29cea25d74b27304335.jpeg\u0022 width=\u0022300\u0022 height=\u0022225\u0022 \/\u003E\u003Cimg src=\u0022https:\/\/gloria.se.gov.br\/img\/imagem\/thumb_whatsapp-image-2026-04-26-at-13-20-11_cd789d591824d83f2e1f91790b7f.jpeg\u0022 alt=\u0022whatsapp-image-2026-04-26-at-13-20-11_cd789d591824d83f2e1f91790b7f.jpeg\u0022 width=\u0022300\u0022 height=\u0022225\u0022 \/\u003E\u003Cimg src=\u0022https:\/\/gloria.se.gov.br\/img\/imagem\/thumb_whatsapp-image-2026-04-26-at-13-20-15_1d0690376f02031e31f7dacfc62.jpeg\u0022 alt=\u0022whatsapp-image-2026-04-26-at-13-20-15_1d0690376f02031e31f7dacfc62.jpeg\u0022 width=\u0022300\u0022 height=\u0022225\u0022 \/\u003E\u003Cimg src=\u0022https:\/\/gloria.se.gov.br\/img\/imagem\/thumb_whatsapp-image-2026-04-26-at-13-20-15-1_4896b876102a061901f121ddd85.jpeg\u0022 alt=\u0022whatsapp-image-2026-04-26-at-13-20-15-1_4896b876102a061901f121ddd85.jpeg\u0022 width=\u0022300\u0022 height=\u0022225\u0022 \/\u003E\u003C\/em\u003E\u003C\/p\u003E","tags":"Carnaforr\u00f3 2026,Tradi\u00e7\u00e3o ,Folia e Forr\u00f3,Cultura","publicacao":"2026-05-01 14:07:00","criado":"2026-05-01 14:07:12","alterado":"2026-05-01 14:08:27"},{"id":742,"categoria_id":"5","categoria":{"id":5,"nome":"CULTURA"},"autor_id":"4","autor":{"id":4,"nome":"ASCOM","email":"secom@gloria.se.gov.br"},"titulo":"Confira as fotos do terceiro dia do Carnaforr\u00f3 2026","slug":"confira-as-fotos-do-terceiro-dia-do-carnaforro-2026","subtitulo":"L\u00e9o Santana e Lucas Brito arrastaram uma multid\u00e3o pela avenida","imagem":"\/img\/imagem\/03_e7c4e4713af6e14c313428.jpg,\/img\/imagem\/media_03_e7c4e4713af6e14c313428.jpg,\/img\/imagem\/thumb_03_e7c4e4713af6e14c313428.jpg,\/img\/imagem\/thumb_fix_03_e7c4e4713af6e14c313428.jpg","texto":"\u003Cp\u003E\u003Cimg style=\u0022display: block; margin-left: auto; margin-right: auto;\u0022 src=\u0022https:\/\/gloria.se.gov.br\/img\/imagem\/media_03_e7c4e4713af6e14c313428.jpg\u0022 alt=\u002203_e7c4e4713af6e14c313428.jpg\u0022 width=\u0022497\u0022 height=\u0022331\u0022 \/\u003E\u003C\/p\u003E\r\n\u003Cp\u003EA festa teve in\u0026iacute;cio neste domingo, 26, terceiro dia do Carnaforr\u0026oacute; 2026 - Folia e Forr\u0026oacute; Numa Festa S\u0026oacute;, com o bloco Acorda Gl\u0026oacute;ria, com Lucas Brito puxando os foli\u0026otilde;es pela Rua do Fluxo, depois a movimenta\u0026ccedil;\u0026atilde;o foi por conta dos pared\u0026otilde;es. J\u0026aacute; no final da tarde, fechando a programa\u0026ccedil;\u0026atilde;o de uma das maiores festas populares do interior do Estado de Sergipe, o L\u0026eacute;o Santana puxou uma multid\u0026atilde;o, que seguiu o trio ao som de grandes sucessos do artista e a suingueira baiana.\u003C\/p\u003E\r\n\u003Cp\u003E\u003Cstrong\u003EConfira todas as fotos do primeiro dia clicando \u003Ca href=\u0022https:\/\/gloria.se.gov.br\/galeria\/8\/terceiro-dia-do-carnaforro-2026\u0022\u003Eaqui.\u003C\/a\u003E\u003C\/strong\u003E\u003C\/p\u003E","tags":"Terceiro dia ,Carnaforr\u00f3 ,Folia e Forr\u00f3 ,Tradi\u00e7\u00e3o ,Cultura","publicacao":"2026-04-27 12:16:00","criado":"2026-04-27 12:16:57","alterado":"2026-04-27 12:21:35"},{"id":741,"categoria_id":"5","categoria":{"id":5,"nome":"CULTURA"},"autor_id":"4","autor":{"id":4,"nome":"ASCOM","email":"secom@gloria.se.gov.br"},"titulo":"Confira as fotos do segundo dia do Carnaforr\u00f3 2026","slug":"confira-as-fotos-do-segundo-dia-do-carnaforro-2026","subtitulo":"Quatro atra\u00e7\u00f5es levaram uma multid\u00e3o para pra\u00e7a de eventos","imagem":"\/img\/imagem\/segundodiado-carnaforro2026_9e55483c6537154e46b4adb8.jpg,\/img\/imagem\/media_segundodiado-carnaforro2026_9e55483c6537154e46b4adb8.jpg,\/img\/imagem\/thumb_segundodiado-carnaforro2026_9e55483c6537154e46b4adb8.jpg,\/img\/imagem\/thumb_fix_segundodiado-carnaforro2026_9e55483c6537154e46b4adb8.jpg","texto":"\u003Cp\u003E\u003Cimg style=\u0022display: block; margin-left: auto; margin-right: auto;\u0022 src=\u0022https:\/\/gloria.se.gov.br\/img\/imagem\/media_segundodiado-carnaforro2026_9e55483c6537154e46b4adb8.jpg\u0022 alt=\u0022segundodiado-carnaforro2026_9e55483c6537154e46b4adb8.jpg\u0022 width=\u0022600\u0022 height=\u0022400\u0022 \/\u003E\u003C\/p\u003E\r\n\u003Cp style=\u0022text-align: justify;\u0022\u003ECom a pra\u0026ccedil;a de eventos lotada, a segunda noite do Carnaforr\u0026oacute; 2026 - Folia e Forr\u0026oacute; Numa Festa S\u0026oacute;, foi um verdadeiro sucesso, tendo como atra\u0026ccedil;\u0026otilde;es, a prata da casa, C\u0026eacute;sar Silva, Jonas Esticado, Unha Pintada e Fernandinha.\u0026nbsp;\u003C\/p\u003E\r\n\u003Cp style=\u0022text-align: justify;\u0022\u003E\u003Cstrong\u003EConfira todas as fotos do primeiro dia clicando \u003Ca href=\u0022https:\/\/gloria.se.gov.br\/galeria\/7\/segundo-dia-do-carnaforro\u0022\u003Eaqui\u003C\/a\u003E.\u003C\/strong\u003E\u003C\/p\u003E","tags":"Segundo dia ,Carnaforr\u00f3 ,Folia e Forr\u00f3 ,Tradi\u00e7\u00e3o ,Fotos","publicacao":"2026-04-26 20:45:00","criado":"2026-04-26 20:45:51","alterado":"2026-04-26 20:48:01"}]}