{"item":{"id":536,"categoria_id":"13","categoria":{"id":13,"nome":"ADMINISTRA\u00c7\u00c3O"},"autor_id":"4","autor":{"id":4,"nome":"ASCOM","email":"secom@gloria.se.gov.br"},"titulo":"Gl\u00f3ria \u00e9 primeiro munic\u00edpio a garantir reajuste salarial aos servidores e o piso do magist\u00e9rio","slug":"gloria-e-primeiro-municipio-a-garantir-reajuste-salarial-aos-servidores-e-o-piso-do-magisterio","subtitulo":"A Administra\u00e7\u00e3o Municipal mant\u00e9m o compromisso com a valoriza\u00e7\u00e3o do funcionalismo p\u00fablico gloriense.","imagem":"\/img\/imagem\/prefdegloria-324897529-1538584559949871-2509315593919415520-n_23c983267148c529ffe33d3.jpg,\/img\/imagem\/media_prefdegloria-324897529-1538584559949871-2509315593919415520-n_23c983267148c529ffe33d3.jpg,\/img\/imagem\/thumb_prefdegloria-324897529-1538584559949871-2509315593919415520-n_23c983267148c529ffe33d3.jpg,\/img\/imagem\/thumb_fix_prefdegloria-324897529-1538584559949871-2509315593919415520-n_23c983267148c529ffe33d3.jpg","texto":"\u003Cp style=\u0022text-align: justify;\u0022\u003EA gest\u0026atilde;o da Capital do Leite \u0026eacute; o primeiro munic\u0026iacute;pio sergipano a garantir o reajuste de 8,9% para os servidores do munic\u0026iacute;pio, e de 14,95% do Piso Salarial para os professores de Nossa Senhora da Gl\u0026oacute;ria.\u003C\/p\u003E\r\n\u003Cp style=\u0022text-align: justify;\u0022\u003EA Administra\u0026ccedil;\u0026atilde;o Municipal mant\u0026eacute;m o compromisso com a valoriza\u0026ccedil;\u0026atilde;o do funcionalismo p\u0026uacute;blico gloriense e a responsabilidade fiscal com o munic\u0026iacute;pio, garantindo o pagamento dos servidores e fornecedores em dias, al\u0026eacute;m de realizar investimentos em todas as \u0026aacute;reas, assim como, construindo as bases para que a economia gloriense cres\u0026ccedil;a e o com\u0026eacute;rcio local continue pujante.\u003C\/p\u003E\r\n\u003Cp style=\u0022text-align: justify;\u0022\u003EO an\u0026uacute;ncio foi feito no in\u0026iacute;cio da tarde desta sexta-feira, 13, pela prefeita do munic\u0026iacute;pio, Luana Oliveira, durante entrevista ao jornalista Aparecido Santana, no Jornal da Xod\u0026oacute; - pela Xod\u0026oacute; FM.\u003C\/p\u003E\r\n\u003Cp style=\u0022text-align: justify;\u0022\u003EPrefeitura Municipal de Nossa Senhora da Gl\u0026oacute;ria\u003Cbr \/\u003EConstruindo o Futuro da Nossa Gente!\u003C\/p\u003E\r\n\u003Cp style=\u0022text-align: justify;\u0022\u003E\u003Cimg src=\u0022https:\/\/gloria.se.gov.br\/img\/imagem\/thumb_prefdegloria-324887779-1211906813073813-2483122940614039923-n_2df251b2108e6117e364bc6d546.jpg\u0022 alt=\u0022prefdegloria-324887779-1211906813073813-2483122940614039923-n_2df251b2108e6117e364bc6d546.jpg\u0022 width=\u0022300\u0022 height=\u0022240\u0022 \/\u003E\u003Cimg src=\u0022https:\/\/gloria.se.gov.br\/img\/imagem\/thumb_prefdegloria-324897529-1538584559949871-2509315593919415520-n_23c983267148c529ffe33d3.jpg\u0022 alt=\u0022prefdegloria-324897529-1538584559949871-2509315593919415520-n_23c983267148c529ffe33d3.jpg\u0022 width=\u0022300\u0022 height=\u0022240\u0022 \/\u003E\u003Cimg src=\u0022https:\/\/gloria.se.gov.br\/img\/imagem\/thumb_prefdegloria-325334993-581142866677164-8256176637057148245-n_b687f4d50c462a8826ed4f790a.jpg\u0022 alt=\u0022prefdegloria-325334993-581142866677164-8256176637057148245-n_b687f4d50c462a8826ed4f790a.jpg\u0022 width=\u0022300\u0022 height=\u0022240\u0022 \/\u003E\u003C\/p\u003E","tags":"Administra\u00e7\u00e3o ,Reajuste ,Sal\u00e1rio","publicacao":"2023-03-14 10:37:38","criado":"2023-03-14 10:37:38","alterado":"2023-03-14 10:37:38"},"outros":[{"id":742,"categoria_id":"5","categoria":{"id":5,"nome":"CULTURA"},"autor_id":"4","autor":{"id":4,"nome":"ASCOM","email":"secom@gloria.se.gov.br"},"titulo":"Confira as fotos do terceiro dia do Carnaforr\u00f3 2026","slug":"confira-as-fotos-do-terceiro-dia-do-carnaforro-2026","subtitulo":"L\u00e9o Santana e Lucas Brito arrastaram uma multid\u00e3o pela avenida","imagem":"\/img\/imagem\/03_e7c4e4713af6e14c313428.jpg,\/img\/imagem\/media_03_e7c4e4713af6e14c313428.jpg,\/img\/imagem\/thumb_03_e7c4e4713af6e14c313428.jpg,\/img\/imagem\/thumb_fix_03_e7c4e4713af6e14c313428.jpg","texto":"\u003Cp\u003E\u003Cimg style=\u0022display: block; margin-left: auto; margin-right: auto;\u0022 src=\u0022https:\/\/gloria.se.gov.br\/img\/imagem\/media_03_e7c4e4713af6e14c313428.jpg\u0022 alt=\u002203_e7c4e4713af6e14c313428.jpg\u0022 width=\u0022497\u0022 height=\u0022331\u0022 \/\u003E\u003C\/p\u003E\r\n\u003Cp\u003EA festa teve in\u0026iacute;cio neste domingo, 26, terceiro dia do Carnaforr\u0026oacute; 2026 - Folia e Forr\u0026oacute; Numa Festa S\u0026oacute;, com o bloco Acorda Gl\u0026oacute;ria, com Lucas Brito puxando os foli\u0026otilde;es pela Rua do Fluxo, depois a movimenta\u0026ccedil;\u0026atilde;o foi por conta dos pared\u0026otilde;es. J\u0026aacute; no final da tarde, fechando a programa\u0026ccedil;\u0026atilde;o de uma das maiores festas populares do interior do Estado de Sergipe, o L\u0026eacute;o Santana puxou uma multid\u0026atilde;o, que seguiu o trio ao som de grandes sucessos do artista e a suingueira baiana.\u003C\/p\u003E\r\n\u003Cp\u003E\u003Cstrong\u003EConfira todas as fotos do primeiro dia clicando \u003Ca href=\u0022https:\/\/gloria.se.gov.br\/galeria\/8\/terceiro-dia-do-carnaforro-2026\u0022\u003Eaqui.\u003C\/a\u003E\u003C\/strong\u003E\u003C\/p\u003E","tags":"Terceiro dia ,Carnaforr\u00f3 ,Folia e Forr\u00f3 ,Tradi\u00e7\u00e3o ,Cultura","publicacao":"2026-04-27 12:16:00","criado":"2026-04-27 12:16:57","alterado":"2026-04-27 12:21:35"},{"id":741,"categoria_id":"5","categoria":{"id":5,"nome":"CULTURA"},"autor_id":"4","autor":{"id":4,"nome":"ASCOM","email":"secom@gloria.se.gov.br"},"titulo":"Confira as fotos do segundo dia do Carnaforr\u00f3 2026","slug":"confira-as-fotos-do-segundo-dia-do-carnaforro-2026","subtitulo":"Quatro atra\u00e7\u00f5es levaram uma multid\u00e3o para pra\u00e7a de eventos","imagem":"\/img\/imagem\/segundodiado-carnaforro2026_9e55483c6537154e46b4adb8.jpg,\/img\/imagem\/media_segundodiado-carnaforro2026_9e55483c6537154e46b4adb8.jpg,\/img\/imagem\/thumb_segundodiado-carnaforro2026_9e55483c6537154e46b4adb8.jpg,\/img\/imagem\/thumb_fix_segundodiado-carnaforro2026_9e55483c6537154e46b4adb8.jpg","texto":"\u003Cp\u003E\u003Cimg style=\u0022display: block; margin-left: auto; margin-right: auto;\u0022 src=\u0022https:\/\/gloria.se.gov.br\/img\/imagem\/media_segundodiado-carnaforro2026_9e55483c6537154e46b4adb8.jpg\u0022 alt=\u0022segundodiado-carnaforro2026_9e55483c6537154e46b4adb8.jpg\u0022 width=\u0022600\u0022 height=\u0022400\u0022 \/\u003E\u003C\/p\u003E\r\n\u003Cp style=\u0022text-align: justify;\u0022\u003ECom a pra\u0026ccedil;a de eventos lotada, a segunda noite do Carnaforr\u0026oacute; 2026 - Folia e Forr\u0026oacute; Numa Festa S\u0026oacute;, foi um verdadeiro sucesso, tendo como atra\u0026ccedil;\u0026otilde;es, a prata da casa, C\u0026eacute;sar Silva, Jonas Esticado, Unha Pintada e Fernandinha.\u0026nbsp;\u003C\/p\u003E\r\n\u003Cp style=\u0022text-align: justify;\u0022\u003E\u003Cstrong\u003EConfira todas as fotos do primeiro dia clicando \u003Ca href=\u0022https:\/\/gloria.se.gov.br\/galeria\/7\/segundo-dia-do-carnaforro\u0022\u003Eaqui\u003C\/a\u003E.\u003C\/strong\u003E\u003C\/p\u003E","tags":"Segundo dia ,Carnaforr\u00f3 ,Folia e Forr\u00f3 ,Tradi\u00e7\u00e3o ,Fotos","publicacao":"2026-04-26 20:45:00","criado":"2026-04-26 20:45:51","alterado":"2026-04-26 20:48:01"},{"id":740,"categoria_id":"5","categoria":{"id":5,"nome":"CULTURA"},"autor_id":"4","autor":{"id":4,"nome":"ASCOM","email":"secom@gloria.se.gov.br"},"titulo":"Confira as fotos do primeiro dia do Carnaforr\u00f3 2026","slug":"confira-as-fotos-do-primeiro-dia-do-carnaforro-2026","subtitulo":"Cinco atra\u00e7\u00f5es fizeram a alegria do p\u00fablico presente","imagem":"\/img\/imagem\/capa-primeiro-dia_8c014ef8a20cc8e5e75d1e30eecda.jpg,\/img\/imagem\/media_capa-primeiro-dia_8c014ef8a20cc8e5e75d1e30eecda.jpg,\/img\/imagem\/thumb_capa-primeiro-dia_8c014ef8a20cc8e5e75d1e30eecda.jpg,\/img\/imagem\/thumb_fix_capa-primeiro-dia_8c014ef8a20cc8e5e75d1e30eecda.jpg","texto":"\u003Cp\u003E\u003Cimg style=\u0022display: block; margin-left: auto; margin-right: auto;\u0022 src=\u0022https:\/\/gloria.se.gov.br\/img\/imagem\/media_capa-primeiro-dia_8c014ef8a20cc8e5e75d1e30eecda.jpg\u0022 alt=\u0022capa-primeiro-dia_8c014ef8a20cc8e5e75d1e30eecda.jpg\u0022 width=\u0022491\u0022 height=\u0022327\u0022 \/\u003E\u003C\/p\u003E\r\n\u003Cp\u003ECom a pra\u0026ccedil;a de eventos lotada, a primeira noite do Carnaforr\u0026oacute; 2026 - Folia e Forr\u0026oacute; Numa Festa S\u0026oacute;, foi um verdadeiro sucesso, tendo como atra\u0026ccedil;\u0026otilde;es, a prata da casa, Lorrane Medrade, e primeira banda de forr\u0026oacute; eletr\u0026ocirc;nico rom\u0026acirc;ntico, Banda Magn\u0026iacute;ficos, L\u0026eacute;o Foguete, Rey Vaqueiro e Luanzinho Moraes.\u0026nbsp;\u003C\/p\u003E\r\n\u003Cp\u003E\u003Cstrong\u003EConfira todas as fotos do primeiro dia clicando \u003Ca href=\u0022https:\/\/gloria.se.gov.br\/galeria\/6\/primeira-dia-do-carnaforro-2026\u0022\u003Eaqui\u003C\/a\u003E.\u003C\/strong\u003E\u003Cbr \/\u003E\u0026nbsp;\u003C\/p\u003E","tags":"Carnaforr\u00f3 2026,Folia e Forr\u00f3,Festa ,Tradi\u00e7\u00e3o ,Economia ,Com\u00e9rcio Forte","publicacao":"2026-04-25 15:23:00","criado":"2026-04-25 15:23:00","alterado":"2026-04-25 15:29:53"}]}