{"categorias":[{"id":1,"nome":"Chamada P\u00fablica","slug":"chamada-publica"},{"id":2,"nome":"Concorr\u00eancia P\u00fablica","slug":"concorrencia-publica"},{"id":10,"nome":"Concurso","slug":"concurso"},{"id":13,"nome":"Conv\u00eanio","slug":"convenio"},{"id":3,"nome":"Convite","slug":"convite"},{"id":4,"nome":"Dispensa de Licita\u00e7\u00e3o","slug":"dispensa-d-licitacao"},{"id":12,"nome":"Fundo do Meio Ambiente","slug":"fundo-do-meio-ambiente"},{"id":5,"nome":"Inexigibilidade","slug":"inexigibilidade"},{"id":6,"nome":"Leil\u00e3o","slug":"leilao"},{"id":11,"nome":"Penalidade","slug":"penalidade"},{"id":7,"nome":"Preg\u00e3o Eletr\u00f4nico","slug":"pregao-eletronico"},{"id":8,"nome":"Preg\u00e3o Presencial","slug":"pregao-presencial"},{"id":9,"nome":"Tomada de Pre\u00e7o","slug":"tomada-de-preco"}],"categoria":null,"orgaos":[{"id":"2","0":"2","nome":"FMAS - Fundo Municipal de Assist\u00eancia Social","1":"FMAS - Fundo Municipal de Assist\u00eancia Social","slug":"fmas-fundo-municipal-de-assistencia-social","2":"fmas-fundo-municipal-de-assistencia-social","criado":null,"3":null,"alterado":null,"4":null,"log":null,"5":null,"6":"1"},{"id":"3","0":"3","nome":"FMS - Fundo Municipal de Sa\u00fade","1":"FMS - Fundo Municipal de Sa\u00fade","slug":"fms-fundo-municipal-de-saude","2":"fms-fundo-municipal-de-saude","criado":null,"3":null,"alterado":null,"4":null,"log":null,"5":null,"6":"1"},{"id":"1","0":"1","nome":"Prefeitura Municipal","1":"Prefeitura Municipal","slug":"prefeitura-municipal","2":"prefeitura-municipal","criado":null,"3":null,"alterado":null,"4":null,"log":null,"5":null,"6":"1"},{"id":"4","0":"4","nome":"SMTT - Superintend\u00eancia Municipal de Tr\u00e2nsito e Transporte","1":"SMTT - Superintend\u00eancia Municipal de Tr\u00e2nsito e Transporte","slug":"smtt-superintendencia-municipal-de-transito-e-transporte","2":"smtt-superintendencia-municipal-de-transito-e-transporte","criado":null,"3":null,"alterado":null,"4":null,"log":null,"5":null,"6":"1"}],"orgao":null,"situacao":null,"paginacao":{"atual":43,"proxima":44,"anterior":42,"total_registros":1127,"total_paginas":76},"itens":[{"id":5935,"titulo":"INEXIGIBILIDADE","numero":"061\/2018","objeto":"OBJETO: a contrata\u00e7\u00e3o de artistas de renome nacional e regional para realiza\u00e7\u00e3o da 53\u00aa Feira do Caminh\u00e3o, no per\u00edodo de 09 \u00e0 12 de junho de 2018, no munic\u00edpio de Itabaiana, de acordo com as especifica\u00e7\u00f5es constantes da Inexigibilidade de Licita\u00e7\u00e3o n\u00b0. 061\/2018, e em atendimento aos termos do Conv\u00eanio n\u00ba 869294\/2018 celebrado entre a Uni\u00e3o, por interm\u00e9dio do Minist\u00e9rio da Cultura\/ Secretaria de Articula\u00e7\u00e3o e Desenvolvimento Institucional\/SADI e o Munic\u00edpio de Itabaiana. Dia: 12\/06\/2018 - Apresenta\u00e7\u00e3o art\u00edstica: BANDA DEVINHO NOVAES\r\nCONTRATADA: Bora Bora Produ\u00e7\u00f5es e Eventos Ltda Epp","orgao_id":1,"categoria_id":5,"slug":"inexigibilidade","criado":"2018-09-20 09:14:49","alterado":"2018-09-20 09:14:49"},{"id":5934,"titulo":"INEXIGIBILIDADE","numero":"060\/2018","objeto":"OBJETO: contrata\u00e7\u00e3o de artistas de renome nacional e regional para realiza\u00e7\u00e3o da 53\u00aa Feira do Caminh\u00e3o, no per\u00edodo de 09 \u00e0 12 de junho de 2018, no munic\u00edpio de Itabaiana, de acordo com as especifica\u00e7\u00f5es constantes da Inexigibilidade de Licita\u00e7\u00e3o n\u00b0. 060\/2018, e em atendimento aos termos do Conv\u00eanio n\u00ba 869294\/2018 celebrado entre a Uni\u00e3o, por interm\u00e9dio do Minist\u00e9rio da Cultura\/ Secretaria de Articula\u00e7\u00e3o e Desenvolvimento Institucional\/SADI e o Munic\u00edpio de Itabaiana. Dia 12\/06\/2018. Apresenta\u00e7\u00e3o art\u00edstica: Banda Alma G\u00eamea.\r\nCONTRATADA: Banda Alma G\u00eamea Ltda Me","orgao_id":1,"categoria_id":5,"slug":"inexigibilidade","criado":"2018-09-20 09:04:07","alterado":"2018-09-20 09:04:07"},{"id":5933,"titulo":"INEXIGIBILIDADE","numero":"059\/2018","objeto":"OBJETO: Contrata\u00e7\u00e3o de artistas de renome nacional e regional para realiza\u00e7\u00e3o da 53\u00aa Feira do Caminh\u00e3o, no per\u00edodo de 09 \u00e0 12 de junho de 2018, no munic\u00edpio de Itabaiana, de acordo com as especifica\u00e7\u00f5es constantes da Inexigibilidade de Licita\u00e7\u00e3o n\u00b0. 059\/2018, e em atendimento aos termos do Conv\u00eanio n\u00ba 869294\/2018 celebrado entre a Uni\u00e3o, por interm\u00e9dio do Minist\u00e9rio da Cultura\/ Secretaria de Articula\u00e7\u00e3o e Desenvolvimento Institucional\/SADI e o Munic\u00edpio de Itabaiana.Apresenta\u00e7\u00e3o art\u00edstica: Z\u00c9 NETO E CRISTIANO - Dia: 11\/06\/2018\r\nCONTRATADA: Nave Balada Produ\u00e7\u00f5es Artisticas Ltda Me","orgao_id":1,"categoria_id":5,"slug":"inexigibilidade","criado":"2018-09-20 09:01:25","alterado":"2018-09-20 09:01:25"},{"id":5932,"titulo":"INEXIGIBILIDADE","numero":"058\/2018","objeto":"OBJETO: Contrata\u00e7\u00e3o de artistas de renome nacional e regional para realiza\u00e7\u00e3o da 53\u00aa Feira do Caminh\u00e3o, no per\u00edodo de 09 \u00e0 12 de junho de 2018, no munic\u00edpio de Itabaiana, de acordo com as especifica\u00e7\u00f5es constantes da Inexigibilidade de Licita\u00e7\u00e3o n\u00b0. 058\/2018, e em atendimento aos termos do Conv\u00eanio n\u00ba 869294\/2018 celebrado entre a Uni\u00e3o, por interm\u00e9dio do Minist\u00e9rio da Cultura\/ Secretaria de Articula\u00e7\u00e3o e Desenvolvimento Institucional\/SADI e o Munic\u00edpio de Itabaiana. Dia: 12\/06\/2018 Apresenta\u00e7\u00e3o art\u00edstica: SIMONE \u0026 SIMARIA.","orgao_id":1,"categoria_id":5,"slug":"inexigibilidade","criado":"2018-09-20 08:58:51","alterado":"2018-09-20 08:58:51"},{"id":5931,"titulo":"INEXIGIBILIDADE","numero":"057\/2018","objeto":"da 53\u00aa Feira do Caminh\u00e3o, no per\u00edodo de 09 \u00e0 12 de junho de 2018, no munic\u00edpio de Itabaiana.  Dia: 10\/06\/2018. Apresenta\u00e7\u00e3o art\u00edstica: XAND E AVI\u00d5ES DO FORR\u00d3.\r\nCONTRATADA: Avi\u00f5es do Forr\u00f3 Grava\u00e7\u00f5es e Edi\u00e7\u00f5es Musicais Ltda","orgao_id":1,"categoria_id":5,"slug":"inexigibilidade","criado":"2018-09-20 08:49:23","alterado":"2018-09-20 08:49:23"},{"id":5930,"titulo":"INEXIGIBILIDADE","numero":"050\/2018","objeto":"OBJETO: presta\u00e7\u00e3o de servi\u00e7os de apresenta\u00e7\u00e3o art\u00edstica de FUL\u00d4 DE MANDACARU no dia 03 de junho de 2018, em decorr\u00eancia da Festa do Caminhoneiro a ser realizada neste munic\u00edpio.\r\nCONTRATADA: ASSOCIA\u00c7\u00c3O DOS FORROZERIOS E TRIOS PES DE SERRA DE CARUARU.","orgao_id":1,"categoria_id":5,"slug":"inexigibilidade","criado":"2018-09-20 08:47:22","alterado":"2018-09-20 08:47:22"},{"id":5929,"titulo":"INEXIGIBILIDADE","numero":"056\/2018","objeto":"OBJETO Contrata\u00e7\u00e3o de presta\u00e7\u00e3o de servi\u00e7os de apresenta\u00e7\u00e3o art\u00edstica de Marquinhos Sofr\u00eancia  no dia 12 de junho de 2018, em decorr\u00eancia da Festa do Caminhoneiro a ser realizada neste munic\u00edpio.\r\nCONTRATADA: ANTONIO MARCOS ALVES","orgao_id":1,"categoria_id":5,"slug":"inexigibilidade","criado":"2018-09-20 08:45:35","alterado":"2018-09-20 08:45:35"},{"id":5928,"titulo":"INEXIGIBILIDADE","numero":"055\/2018","objeto":"OBJETO Contrata\u00e7\u00e3o de presta\u00e7\u00e3o de servi\u00e7os de apresenta\u00e7\u00e3o art\u00edstica de AMADO J\u00daNIOR  no dia O9  de junho de 2018, em decorr\u00eancia da Festa do Caminhoneiro a ser realizada neste munic\u00edpio.\r\nCONTRATADA: JOS\u00c9 COSME DOS PASSOS","orgao_id":1,"categoria_id":5,"slug":"inexigibilidade","criado":"2018-09-20 08:42:59","alterado":"2018-09-20 08:42:59"},{"id":5927,"titulo":"INEXIGIBILIDADE","numero":"054\/2018","objeto":"OBJETO Contrata\u00e7\u00e3o de presta\u00e7\u00e3o de servi\u00e7os de apresenta\u00e7\u00e3o art\u00edstica de L\u00e9o Costa  no dia 12  de junho de 2018, em decorr\u00eancia da Festa do Caminhoneiro a ser realizada neste munic\u00edpio.\r\nCONTRATADA: Manoel Costa Junior","orgao_id":1,"categoria_id":5,"slug":"inexigibilidade","criado":"2018-09-20 08:40:00","alterado":"2018-09-20 08:40:00"},{"id":5926,"titulo":"INEXIGIBILIDADE","numero":"053\/2018","objeto":"OBJETO Contrata\u00e7\u00e3o de presta\u00e7\u00e3o de servi\u00e7os de apresenta\u00e7\u00e3o art\u00edstica de ALINE SOUZA \u0026 BANDA no dia 11 de junho de 2018, em decorr\u00eancia da Festa do Caminhoneiro a ser realizada neste munic\u00edpio.\r\nCONTRATADA: ALINE SOUZA DIAS","orgao_id":1,"categoria_id":5,"slug":"inexigibilidade","criado":"2018-09-20 08:34:22","alterado":"2018-09-20 08:34:22"},{"id":5925,"titulo":"INEXIGIBILIDADE","numero":"052\/2018","objeto":"OBJETO Contrata\u00e7\u00e3o de presta\u00e7\u00e3o de servi\u00e7os de apresenta\u00e7\u00e3o art\u00edstica de  Jailson Lima  e L\u00e9o Lopes no dia 09 de junho de 2018, em decorr\u00eancia da Festa do Caminhoneiro a ser realizada neste munic\u00edpio.\r\nCONTRATADA: Jailson  de Lima","orgao_id":1,"categoria_id":5,"slug":"inexigibilidade","criado":"2018-09-20 08:32:39","alterado":"2018-09-20 08:32:39"},{"id":5924,"titulo":"INEXIGIBILIDADE","numero":"051\/2018","objeto":"Contrata\u00e7\u00e3o de presta\u00e7\u00e3o de servi\u00e7os de apresenta\u00e7\u00e3o art\u00edstica de Reinan Santos no dia 10 de junho de 2018, em decorr\u00eancia da Festa do Caminhoneiro a ser realizada neste munic\u00edpio.\r\nCONTRATADA: JOSE REIS DE SOUZA","orgao_id":1,"categoria_id":5,"slug":"inexigibilidade","criado":"2018-09-20 08:24:49","alterado":"2018-09-20 08:24:49"},{"id":5923,"titulo":"INEXIGIBILIDADE","numero":"049\/2018","objeto":"Contrata\u00e7\u00e3o de presta\u00e7\u00e3o de servi\u00e7os de apresenta\u00e7\u00e3o art\u00edstica de DIONES COSTA  no dia 11 de junho de 2018, em decorr\u00eancia da Festa do Caminhoneiro a ser realizada neste munic\u00edpio.\r\nCONTRATADA: YURI ANDRADE DOS ANJOS","orgao_id":1,"categoria_id":5,"slug":"inexigibilidade","criado":"2018-09-20 07:50:45","alterado":"2018-09-20 07:50:45"},{"id":5922,"titulo":"INEXIGIBILIDADE","numero":"049\/2018","objeto":"YURI ANDRADE DOS ANJOS","orgao_id":1,"categoria_id":5,"slug":"inexigibilidade","criado":"2018-09-19 12:55:27","alterado":"2018-09-19 12:55:27"},{"id":5921,"titulo":"INEXIGIBILIDADE","numero":"048\/2018","objeto":"Contrata\u00e7\u00e3o de presta\u00e7\u00e3o de servi\u00e7os de apresenta\u00e7\u00e3o art\u00edstica de Nara Press\u00e3o  no dia 11 de junho de 2018, em decorr\u00eancia da Festa do Caminhoneiro a ser realizada neste munic\u00edpio.\r\nCONTRATADA: LUCINARA BITTENCOURT DA SILVA","orgao_id":1,"categoria_id":5,"slug":"inexigibilidade","criado":"2018-09-19 12:53:30","alterado":"2018-09-20 11:17:07"}],"busca":null,"ano":null}