{"categorias":[{"id":1,"nome":"Chamada P\u00fablica","slug":"chamada-publica"},{"id":2,"nome":"Concorr\u00eancia P\u00fablica","slug":"concorrencia-publica"},{"id":10,"nome":"Concurso","slug":"concurso"},{"id":13,"nome":"Conv\u00eanio","slug":"convenio"},{"id":3,"nome":"Convite","slug":"convite"},{"id":4,"nome":"Dispensa de Licita\u00e7\u00e3o","slug":"dispensa-d-licitacao"},{"id":12,"nome":"Fundo do Meio Ambiente","slug":"fundo-do-meio-ambiente"},{"id":5,"nome":"Inexigibilidade","slug":"inexigibilidade"},{"id":6,"nome":"Leil\u00e3o","slug":"leilao"},{"id":11,"nome":"Penalidade","slug":"penalidade"},{"id":7,"nome":"Preg\u00e3o Eletr\u00f4nico","slug":"pregao-eletronico"},{"id":8,"nome":"Preg\u00e3o Presencial","slug":"pregao-presencial"},{"id":9,"nome":"Tomada de Pre\u00e7o","slug":"tomada-de-preco"}],"categoria":null,"orgaos":[{"id":"2","0":"2","nome":"FMAS - Fundo Municipal de Assist\u00eancia Social","1":"FMAS - Fundo Municipal de Assist\u00eancia Social","slug":"fmas-fundo-municipal-de-assistencia-social","2":"fmas-fundo-municipal-de-assistencia-social","criado":null,"3":null,"alterado":null,"4":null,"log":null,"5":null,"6":"1"},{"id":"3","0":"3","nome":"FMS - Fundo Municipal de Sa\u00fade","1":"FMS - Fundo Municipal de Sa\u00fade","slug":"fms-fundo-municipal-de-saude","2":"fms-fundo-municipal-de-saude","criado":null,"3":null,"alterado":null,"4":null,"log":null,"5":null,"6":"1"},{"id":"1","0":"1","nome":"Prefeitura Municipal","1":"Prefeitura Municipal","slug":"prefeitura-municipal","2":"prefeitura-municipal","criado":null,"3":null,"alterado":null,"4":null,"log":null,"5":null,"6":"1"},{"id":"4","0":"4","nome":"SMTT - Superintend\u00eancia Municipal de Tr\u00e2nsito e Transporte","1":"SMTT - Superintend\u00eancia Municipal de Tr\u00e2nsito e Transporte","slug":"smtt-superintendencia-municipal-de-transito-e-transporte","2":"smtt-superintendencia-municipal-de-transito-e-transporte","criado":null,"3":null,"alterado":null,"4":null,"log":null,"5":null,"6":"1"}],"orgao":null,"situacao":null,"paginacao":{"atual":42,"proxima":43,"anterior":41,"total_registros":1127,"total_paginas":76},"itens":[{"id":5950,"titulo":"INEXIGIBILIDADE","numero":"076\/2018","objeto":"OBJETO: presta\u00e7\u00e3o de servi\u00e7os de apresenta\u00e7\u00e3o art\u00edstica de Damares   no dia 28 de agosto de 2018, em decorr\u00eancia da Festa da Emancipa\u00e7\u00e3o Politica a ser realizada neste munic\u00edpio.\r\nCONTRATADA: Victoria Records Comercio De Artigos Evangelicos Ltda","orgao_id":1,"categoria_id":5,"slug":"inexigibilidade","criado":"2018-09-20 09:59:13","alterado":"2018-09-20 09:59:13"},{"id":5949,"titulo":"INEXIGIBILIDADE","numero":"075\/2018","objeto":"OBJETO: presta\u00e7\u00e3o de servi\u00e7os de apresenta\u00e7\u00e3o art\u00edstica de Padre Alessandro Campos e Banda no dia 27 de agosto de 2018, em decorr\u00eancia da Festa da Emancipa\u00e7\u00e3o Politica a ser realizada neste munic\u00edpio.\r\nCONTRATADA: Ivan Junior Produ\u00e7\u00f5es Art\u00edsticas Ltda Epp","orgao_id":1,"categoria_id":5,"slug":"inexigibilidade","criado":"2018-09-20 09:56:15","alterado":"2018-09-20 09:56:15"},{"id":5948,"titulo":"INEXIGIBILIDADE","numero":"074\/2018","objeto":"OBJETO: presta\u00e7\u00e3o de servi\u00e7os de empresa especializada para  04 (quatro) taxa de inscri\u00e7\u00e3o  para a oficina pr\u00e1tica de Presta\u00e7\u00e3o de Contas quanto aos Termos de Compromisso SIMEC E OBRAS 2.1 que ocorrer\u00e1 no dia 20 de julho em             Fortaleza-CE.   \r\nCONTRATADA: F. Dalberto Eireli","orgao_id":1,"categoria_id":5,"slug":"inexigibilidade","criado":"2018-09-20 09:54:00","alterado":"2018-09-20 09:54:00"},{"id":5947,"titulo":"INEXIGIBILIDADE","numero":"073\/2018","objeto":"OBJETO: Contrata\u00e7\u00e3o de artistas de renome nacional e regional para realiza\u00e7\u00e3o da 53\u00aa Feira do Caminh\u00e3o, no per\u00edodo de 09 \u00e0 12 de junho de 2018, no munic\u00edpio de Itabaiana, em atendimento aos termos do Conv\u00eanio n\u00ba 869294\/2018 celebrado entre a Uni\u00e3o, por interm\u00e9dio do Minist\u00e9rio da Cultura\/ Secretaria de Articula\u00e7\u00e3o e Desenvolvimento Institucional\/SADI e o Munic\u00edpio de Itabaiana. Apresenta\u00e7\u00e3o art\u00edstica: BANDA ZUER\u00d5ES DO FORR\u00d3 - Dia: 10\/06\/2018.\r\nCONTRATADA: BANDA ZUER\u00d5ES PUBLICIDADES \u0026 EVENTOS ARTISTICOS LTDA-ME","orgao_id":1,"categoria_id":5,"slug":"inexigibilidade","criado":"2018-09-20 09:51:03","alterado":"2018-09-20 09:51:03"},{"id":5946,"titulo":"INEXIGIBILIDADE","numero":"072\/2018","objeto":"OBJETO: contrata\u00e7\u00e3o de artistas de renome nacional e regional para realiza\u00e7\u00e3o da 53\u00aa Feira do Caminh\u00e3o, no per\u00edodo de 09 \u00e0 12 de junho de 2018, no munic\u00edpio de Itabaiana, de acordo com as especifica\u00e7\u00f5es constantes da Inexigibilidade de Licita\u00e7\u00e3o n\u00b0. 072\/2018, e em atendimento aos termos do Conv\u00eanio n\u00ba 869294\/2018 celebrado entre a Uni\u00e3o, por interm\u00e9dio do Minist\u00e9rio da Cultura\/ Secretaria de Articula\u00e7\u00e3o e Desenvolvimento Institucional\/SADI e o Munic\u00edpio de Itabaiana. Dia: 10\/06\/2018 Apresenta\u00e7\u00e3o art\u00edstica: TAYRONE.\r\nCONTRATADA: LG PRODU\u00c7\u00d5ES \u0026 EVENTOS EIRELI","orgao_id":1,"categoria_id":5,"slug":"inexigibilidade","criado":"2018-09-20 09:46:37","alterado":"2018-09-20 09:46:37"},{"id":5945,"titulo":"INEXIGIBILIDADE","numero":"071\/2018","objeto":"OBJETO: contrata\u00e7\u00e3o de artistas de renome nacional e regional para realiza\u00e7\u00e3o da 53\u00aa Feira do Caminh\u00e3o, no per\u00edodo de 09 \u00e0 12 de junho de 2018, no munic\u00edpio de Itabaiana, de acordo com as especifica\u00e7\u00f5es constantes da Inexigibilidade de Licita\u00e7\u00e3o n\u00b0. 071\/2018, e em atendimento aos termos do Conv\u00eanio n\u00ba 869294\/2018 celebrado entre a Uni\u00e3o, por interm\u00e9dio do Minist\u00e9rio da Cultura\/ Secretaria de Articula\u00e7\u00e3o e Desenvolvimento Institucional\/SADI e o Munic\u00edpio de Itabaiana.Dia: 11\/06\/2018 Apresenta\u00e7\u00e3o art\u00edstica: SAIA RODADA.\r\nCONTRATADA: Saia Rodada Promo\u00e7\u00f5es Art\u00edsticas Ltda Epp","orgao_id":1,"categoria_id":5,"slug":"inexigibilidade","criado":"2018-09-20 09:43:42","alterado":"2018-09-20 09:43:42"},{"id":5944,"titulo":"INEXIGIBILIDADE","numero":"070\/2018","objeto":"OBJETO: . a contrata\u00e7\u00e3o de artistas de renome nacional e regional para realiza\u00e7\u00e3o da 53\u00aa Feira do Caminh\u00e3o, no per\u00edodo de 09 \u00e0 12 de junho de 2018, no munic\u00edpio de Itabaiana, de acordo com as especifica\u00e7\u00f5es constantes da Inexigibilidade de Licita\u00e7\u00e3o n\u00b0. 070\/2018, e em atendimento aos termos do Conv\u00eanio n\u00ba 869294\/2018 celebrado entre a Uni\u00e3o, por interm\u00e9dio do Minist\u00e9rio da Cultura\/ Secretaria de Articula\u00e7\u00e3o e Desenvolvimento Institucional\/SADI e o Munic\u00edpio de Itabaiana. Dia: 12\/06\/2018 Apresenta\u00e7\u00e3o art\u00edstica: MANO WALTER.\r\nCONTRATADA: Nova Produ\u00e7\u00f5es e Eventos Eireli-Me","orgao_id":1,"categoria_id":5,"slug":"inexigibilidade","criado":"2018-09-20 09:40:54","alterado":"2018-09-20 09:40:54"},{"id":5943,"titulo":"INEXIGIBILIDADE","numero":"069\/2018","objeto":"OBJETO: contrata\u00e7\u00e3o de artistas de renome nacional e regional para realiza\u00e7\u00e3o da 53\u00aa Feira do Caminh\u00e3o, no per\u00edodo de 09 \u00e0 12 de junho de 2018, no munic\u00edpio de Itabaiana, de acordo com as especifica\u00e7\u00f5es constantes da Inexigibilidade de Licita\u00e7\u00e3o n\u00b0. 069\/2018, e em atendimento aos termos do Conv\u00eanio n\u00ba 869294\/2018 celebrado entre a Uni\u00e3o, por interm\u00e9dio do Minist\u00e9rio da Cultura\/Secretaria de Articula\u00e7\u00e3o e Desenvolvimento Institucional\/SADI e o Munic\u00edpio de Itabaiana. Dia 09\/06\/2018.Apresenta\u00e7\u00e3o art\u00edstica: LUAN E FORRO ESTILIZADO. \r\nCONTRATADA: Luan Forr\u00f3 Estilizado Shows Eventos E Servi\u00e7os Ltda Me","orgao_id":1,"categoria_id":5,"slug":"inexigibilidade","criado":"2018-09-20 09:37:25","alterado":"2018-09-20 09:37:25"},{"id":5942,"titulo":"INEXIGIBILIDADE","numero":"068\/2018","objeto":"OBJETO: contrata\u00e7\u00e3o de artistas de renome nacional e regional para realiza\u00e7\u00e3o da 53\u00aa Feira do Caminh\u00e3o, no per\u00edodo de 09 \u00e0 12 de junho de 2018, no munic\u00edpio de Itabaiana, em atendimento aos termos do Conv\u00eanio n\u00ba 869294\/2018 celebrado entre a Uni\u00e3o, por interm\u00e9dio do Minist\u00e9rio da Cultura\/ Secretaria de Articula\u00e7\u00e3o e Desenvolvimento Institucional\/SADI e o Munic\u00edpio de Itabaiana. Dia 12\/06\/2018.Apresenta\u00e7\u00e3o art\u00edstica: JONAS ESTICADO\r\nCONTRATADA: JONAS ESTICADO GRAVA\u00c7\u00d5ES E EDI\u00c7\u00d5ES MUSICAIS LTDA ME-ME","orgao_id":1,"categoria_id":5,"slug":"inexigibilidade","criado":"2018-09-20 09:36:04","alterado":"2018-09-20 09:36:04"},{"id":5941,"titulo":"INEXIGIBILIDADE","numero":"067\/2018","objeto":"OBJETO: Contrata\u00e7\u00e3o de artistas de renome nacional e regional para realiza\u00e7\u00e3o da 53\u00aa Feira do Caminh\u00e3o, no per\u00edodo de 09 \u00e0 12 de junho de 2018, no munic\u00edpio de Itabaiana, em atendimento aos termos do Conv\u00eanio n\u00ba 869294\/2018 celebrado entre a Uni\u00e3o, por interm\u00e9dio do Minist\u00e9rio da Cultura\/ Secretaria de Articula\u00e7\u00e3o e Desenvolvimento Institucional\/SADI e o Munic\u00edpio de Itabaiana. Apresenta\u00e7\u00e3o art\u00edstica IGOR ATIVADO no dia 11 de junho de 2018.\r\nCONTRATADA: ADALBERTO MATOS DO NASCIMENTO FILHO ME","orgao_id":1,"categoria_id":5,"slug":"inexigibilidade","criado":"2018-09-20 09:34:56","alterado":"2018-09-20 09:34:56"},{"id":5940,"titulo":"INEXIGIBILIDADE","numero":"066\/2018","objeto":"OBJETO: Contrata\u00e7\u00e3o de artistas de renome nacional e regional para realiza\u00e7\u00e3o da 53\u00aa Feira do Caminh\u00e3o, no per\u00edodo de 09 \u00e0 12 de junho de 2018, no munic\u00edpio de Itabaiana, de acordo com as especifica\u00e7\u00f5es constantes da Inexigibilidade de Licita\u00e7\u00e3o n\u00b0. 066\/2018, e em atendimento aos termos do Conv\u00eanio n\u00ba 869294\/2018 celebrado entre a Uni\u00e3o, por interm\u00e9dio do Minist\u00e9rio da Cultura\/ Secretaria de Articula\u00e7\u00e3o e Desenvolvimento Institucional\/SADI e o Munic\u00edpio de Itabaiana. Apresenta\u00e7\u00e3o art\u00edstica: BANDA GIL MENDES - Dia: 10\/06\/2018.\r\nCONTRATADA: GM GRAVA\u00c7\u00d5ES \u0026 EDI\u00c7\u00d5ES MUSICAIS EIRELI","orgao_id":1,"categoria_id":5,"slug":"inexigibilidade","criado":"2018-09-20 09:29:32","alterado":"2018-09-20 09:29:32"},{"id":5939,"titulo":"INEXIGIBILIDADE","numero":"065\/2018","objeto":"OBJETO: Contrata\u00e7\u00e3o de artistas de renome nacional e regional para realiza\u00e7\u00e3o da 53\u00aa Feira do Caminh\u00e3o, no per\u00edodo de 09 \u00e0 12 de junho de 2018, no munic\u00edpio de Itabaiana, de acordo com as especifica\u00e7\u00f5es constantes da Inexigibilidade de Licita\u00e7\u00e3o n\u00b0. 065\/2018, e em atendimento aos termos do Conv\u00eanio n\u00ba 869294\/2018 celebrado entre a Uni\u00e3o, por interm\u00e9dio do Minist\u00e9rio da Cultura\/ Secretaria de Articula\u00e7\u00e3o e Desenvolvimento Institucional\/SADI e o Munic\u00edpio de Itabaiana. Dia: 11\/06\/2018 Apresenta\u00e7\u00e3o art\u00edstica: BANDA GABRIEL DINIZ.\r\nCONTRATADA: JDRW SHOWS LTDA","orgao_id":1,"categoria_id":5,"slug":"inexigibilidade","criado":"2018-09-20 09:27:07","alterado":"2018-09-20 09:27:07"},{"id":5938,"titulo":"INEXIGIBILIDADE","numero":"064\/2018","objeto":"OBJETO: Contrata\u00e7\u00e3o de artistas de renome nacional e regional para realiza\u00e7\u00e3o da 53\u00aa Feira do Caminh\u00e3o, no per\u00edodo de 09 \u00e0 12 de junho de 2018, no munic\u00edpio de Itabaiana, em atendimento aos termos do Conv\u00eanio n\u00ba 869294\/2018 celebrado entre a Uni\u00e3o, por interm\u00e9dio do Minist\u00e9rio da Cultura\/ Secretaria de Articula\u00e7\u00e3o e Desenvolvimento Institucional\/SADI e o Munic\u00edpio de Itabaiana. Apresenta\u00e7\u00e3o art\u00edstica: FORR\u00d3 BRASIL - Dia: 09\/06\/2018.\r\nCONTRATADA: VIVA COMUNICA\u00c7\u00d5ES E SERVI\u00c7OS LTDA ME","orgao_id":1,"categoria_id":5,"slug":"inexigibilidade","criado":"2018-09-20 09:24:22","alterado":"2018-09-20 09:24:22"},{"id":5937,"titulo":"INEXIGIBILIDADE","numero":"063\/2018","objeto":"OBJETO: contrata\u00e7\u00e3o de artistas de renome nacional e regional para realiza\u00e7\u00e3o da 53\u00aa Feira do Caminh\u00e3o, no per\u00edodo de 09 \u00e0 12 de junho de 2018, no munic\u00edpio de Itabaiana, de acordo com as especifica\u00e7\u00f5es constantes da Inexigibilidade de Licita\u00e7\u00e3o n\u00b0. 063\/2018, e em atendimento aos termos do Conv\u00eanio n\u00ba 869294\/2018 celebrado entre a Uni\u00e3o, por interm\u00e9dio do Minist\u00e9rio da Cultura\/ Secretaria de Articula\u00e7\u00e3o e Desenvolvimento Institucional\/SADI e o Munic\u00edpio de Itabaiana, Dia 09\/06\/2018\r\nApresenta\u00e7\u00e3o art\u00edstica: CINTURA FINA,  .\r\nCONTRATADA: XOD\u00d3 EVENTOS E AG\u00caNCIA DE PUBLICIDADES LTDA EPP","orgao_id":1,"categoria_id":5,"slug":"inexigibilidade","criado":"2018-09-20 09:22:17","alterado":"2018-09-20 09:22:17"},{"id":5936,"titulo":"INEXIGIBILIDADE","numero":"062\/2018","objeto":"OBJETO contrata\u00e7\u00e3o de artistas de renome nacional e regional para realiza\u00e7\u00e3o da 53\u00aa Feira do Caminh\u00e3o, no per\u00edodo de 09 \u00e0 12 de junho de 2018, no munic\u00edpio de Itabaiana, de acordo com as especifica\u00e7\u00f5es constantes da Inexigibilidade de Licita\u00e7\u00e3o n\u00b0. 062\/2018, e em atendimento aos termos do Conv\u00eanio n\u00ba 869294\/2018 celebrado entre a Uni\u00e3o, por interm\u00e9dio do Minist\u00e9rio da Cultura\/Secretaria de Articula\u00e7\u00e3o e Desenvolvimento Institucional\/SADI e o Munic\u00edpio de Itabaiana, Dia: 09\/06\/2018 Apresenta\u00e7\u00e3o art\u00edstica: BANDA CAVALEIROS DO FORR\u00d3.\r\nCONTRATADA: GRUPO MUSICAL CAVALEIROS DO FORRO LTDA-EPP","orgao_id":1,"categoria_id":5,"slug":"inexigibilidade","criado":"2018-09-20 09:16:05","alterado":"2018-09-20 09:16:05"}],"busca":null,"ano":null}