{"categorias":[{"id":1,"nome":"Chamada P\u00fablica","slug":"chamada-publica"},{"id":2,"nome":"Concorr\u00eancia P\u00fablica","slug":"concorrencia-publica"},{"id":10,"nome":"Concurso","slug":"concurso"},{"id":13,"nome":"Conv\u00eanio","slug":"convenio"},{"id":3,"nome":"Convite","slug":"convite"},{"id":4,"nome":"Dispensa de Licita\u00e7\u00e3o","slug":"dispensa-d-licitacao"},{"id":12,"nome":"Fundo do Meio Ambiente","slug":"fundo-do-meio-ambiente"},{"id":5,"nome":"Inexigibilidade","slug":"inexigibilidade"},{"id":6,"nome":"Leil\u00e3o","slug":"leilao"},{"id":11,"nome":"Penalidade","slug":"penalidade"},{"id":7,"nome":"Preg\u00e3o Eletr\u00f4nico","slug":"pregao-eletronico"},{"id":8,"nome":"Preg\u00e3o Presencial","slug":"pregao-presencial"},{"id":9,"nome":"Tomada de Pre\u00e7o","slug":"tomada-de-preco"}],"categoria":null,"orgaos":[{"id":"2","0":"2","nome":"FMAS - Fundo Municipal de Assist\u00eancia Social","1":"FMAS - Fundo Municipal de Assist\u00eancia Social","slug":"fmas-fundo-municipal-de-assistencia-social","2":"fmas-fundo-municipal-de-assistencia-social","criado":null,"3":null,"alterado":null,"4":null,"log":null,"5":null,"6":"1"},{"id":"3","0":"3","nome":"FMS - Fundo Municipal de Sa\u00fade","1":"FMS - Fundo Municipal de Sa\u00fade","slug":"fms-fundo-municipal-de-saude","2":"fms-fundo-municipal-de-saude","criado":null,"3":null,"alterado":null,"4":null,"log":null,"5":null,"6":"1"},{"id":"1","0":"1","nome":"Prefeitura Municipal","1":"Prefeitura Municipal","slug":"prefeitura-municipal","2":"prefeitura-municipal","criado":null,"3":null,"alterado":null,"4":null,"log":null,"5":null,"6":"1"},{"id":"4","0":"4","nome":"SMTT - Superintend\u00eancia Municipal de Tr\u00e2nsito e Transporte","1":"SMTT - Superintend\u00eancia Municipal de Tr\u00e2nsito e Transporte","slug":"smtt-superintendencia-municipal-de-transito-e-transporte","2":"smtt-superintendencia-municipal-de-transito-e-transporte","criado":null,"3":null,"alterado":null,"4":null,"log":null,"5":null,"6":"1"}],"orgao":null,"situacao":null,"paginacao":{"atual":40,"proxima":41,"anterior":39,"total_registros":1127,"total_paginas":76},"itens":[{"id":5980,"titulo":"DISPENSA","numero":"029\/2018","objeto":"Loca\u00e7\u00e3o do im\u00f3vel situado Povoado Taboca na Rua 01 \u2013 \u00e1rea rural que ser\u00e1 utilizado para funcionamento de um anexo da Escola Municipal Maria Vieira de Mendon\u00e7a, neste munic\u00edpio.\r\nCONTRATADA: S\u00e9rgio Jos\u00e9 dos Santos","orgao_id":1,"categoria_id":4,"slug":"dispensa","criado":"2018-09-21 08:46:50","alterado":"2018-09-21 08:46:50"},{"id":5979,"titulo":"DISPENSA","numero":"028\/2018","objeto":"loca\u00e7\u00e3o de 01 (um) im\u00f3vel situado na Rua Vinte e Oito de Agosto n\u00ba 1392, deste munic\u00edpio, com o intuito de ser utilizado para atender o setor de manuten\u00e7\u00e3o da Secretaria de Educa\u00e7\u00e3o, neste munic\u00edpio.\r\nCONTRATADO: JOS\u00c9 OSVALDO DE OLIVEIRA","orgao_id":1,"categoria_id":4,"slug":"dispensa","criado":"2018-09-21 08:45:01","alterado":"2018-09-21 08:45:01"},{"id":5978,"titulo":"DISPENSA","numero":"027\/2018","objeto":"Loca\u00e7\u00e3o do im\u00f3vel situado Povoado S\u00e3o Jos\u00e9 que ser\u00e1 utilizado para funcionamento de um anexo da Escola Municipal Dr. Florival de Oliveira, neste munic\u00edpio.\r\nCONTRATADO: ELENALDO DE OLIVEIRA","orgao_id":1,"categoria_id":4,"slug":"dispensa","criado":"2018-09-21 08:43:21","alterado":"2018-09-21 08:43:21"},{"id":5977,"titulo":"DISPENSA","numero":"026\/2018","objeto":"Loca\u00e7\u00e3o do im\u00f3vel situado na Rua Coronel Sebr\u00e3o, n\u00ba 495, Bairro S\u00e3o Crist\u00f3v\u00e3o, neste munic\u00edpio que ser\u00e1 utilizado para armazenamento de ve\u00edculos, m\u00e1quinas e equipamentos a serem utilizados pelo Setor de manuten\u00e7\u00e3o e limpeza dos pr\u00e9dios e logradouros p\u00fablicos deste munic\u00edpio.\r\nCONTRATADA: MARCOS ANTONIO DA CUNHA","orgao_id":1,"categoria_id":4,"slug":"dispensa","criado":"2018-09-21 08:41:24","alterado":"2018-09-21 08:41:24"},{"id":5976,"titulo":"DISPENSA","numero":"025\/2018","objeto":"loca\u00e7\u00e3o de 01 (um) im\u00f3vel situado no Povoado Bom Jardim, com o objetivo de funcionar um anexo da Escola Municipal Luiz Floresta para funcionar o 8\u00ba ano do Ensino Fundamental, neste munic\u00edpio.\r\nCONTRATADA: MARGARETH MARIA DE ARA\u00daJO","orgao_id":1,"categoria_id":1,"slug":"dispensa","criado":"2018-09-21 08:38:33","alterado":"2018-09-21 08:38:33"},{"id":5975,"titulo":"DISPENSA","numero":"024\/2018","objeto":"Loca\u00e7\u00e3o de um im\u00f3vel situado na Avenida Ivo Carvalho, n\u00ba 450, que ser\u00e1 utilizado para funcionamento da Secretaria da Agricultura, da Pecu\u00e1ria e do Abastecimento Alimentar  deste munic\u00edpio.\r\nCONTRATADA: MARIA JOS\u00c9 VIEIRA PIMENTEL","orgao_id":1,"categoria_id":4,"slug":"dispensa","criado":"2018-09-21 08:36:46","alterado":"2018-09-21 08:36:46"},{"id":5974,"titulo":"DISPENSA","numero":"023\/2018","objeto":"Loca\u00e7\u00e3o do im\u00f3vel situado na Rua Capit\u00e3o Jos\u00e9 Ferreira, n \u00ba 232, que ser\u00e1 utilizado para funcionamento do Arquivo Central deste munic\u00edpio.\r\nCONTRATADA: MARIA DO CARMO SANTOS.","orgao_id":1,"categoria_id":4,"slug":"dispensa","criado":"2018-09-21 08:30:21","alterado":"2018-09-21 08:30:21"},{"id":5973,"titulo":"DISPENSA","numero":"022\/2018","objeto":"Loca\u00e7\u00e3o do im\u00f3vel situado Rua Josefa Vieira Santos, n\u00ba 461, deste munic\u00edpio que funcionar\u00e1 como anexo da Escola Municipal 30 de Agosto.\r\nCONTRATADO: FILADELFO IN\u00c1CIO MACHADO","orgao_id":1,"categoria_id":4,"slug":"dispensa","criado":"2018-09-21 08:27:40","alterado":"2018-09-21 08:27:40"},{"id":5972,"titulo":"DISPENSA","numero":"021\/2018","objeto":"Loca\u00e7\u00e3o do im\u00f3vel situado Pov. Rio das Pedras que ser\u00e1 utilizado para funcionamento de salas que funcionar\u00e3o agregadas a Escola Municipal Dom Jos\u00e9 Tomaz, neste munic\u00edpio.\r\nCONTRATADA: Saulo Almeida Mendon\u00e7a","orgao_id":1,"categoria_id":4,"slug":"dispensa","criado":"2018-09-21 08:26:15","alterado":"2018-09-21 08:26:15"},{"id":5971,"titulo":"DISPENSA","numero":"020\/2018","objeto":"Loca\u00e7\u00e3o de 01 (um) im\u00f3vel situado na Av. Manoel Antonio dos Santos, n\u00ba 853  Apto 01- 01 Andar, para funcionamento da Escola Municipal Maria P. Clara Meireles, neste munic\u00edpio.\r\nCONTRATADO: JOS\u00c9 WILSON GOMES DA COSTA","orgao_id":1,"categoria_id":4,"slug":"dispensa","criado":"2018-09-21 08:24:50","alterado":"2018-09-21 08:24:50"},{"id":5970,"titulo":"DISPENSA","numero":"019\/2018","objeto":"Loca\u00e7\u00e3o do im\u00f3vel situado Rua Josefa Vieira dos Santos, 478 B, deste munic\u00edpio que ser\u00e1 utilizado para funcionamento da Escola 30 de Agosto.\r\nCONTRATADA: JOSEFINA DA COSTA LIMA","orgao_id":1,"categoria_id":4,"slug":"dispensa","criado":"2018-09-21 08:23:14","alterado":"2018-09-21 08:23:14"},{"id":5969,"titulo":"DISPENSA","numero":"018\/2018","objeto":"Loca\u00e7\u00e3o do im\u00f3vel situado no Pov. Agrovila que ser\u00e1 utilizado para funcionamento do n\u00facleo escolar da Escola Municipal Dr. Jo\u00e3o Alves Filho, neste munic\u00edpio.\r\nCONTRATADA: MARIA SILVANIRA OLIVEIRA DE GOIS","orgao_id":1,"categoria_id":4,"slug":"dispensa","criado":"2018-09-21 08:22:02","alterado":"2018-09-21 08:22:02"},{"id":5968,"titulo":"DISPENSA","numero":"017\/2018","objeto":"Loca\u00e7\u00e3o de um im\u00f3vel situado na Rua S\u00e3o Pedro, n\u00ba 2210, que ser\u00e1 utilizado para funcionamento de salas de aula que ser\u00e3o agregadas a escola Elizeu Oliveira neste munic\u00edpio. \r\nCONTRATADO: JOS\u00c9 DO NASCIMENTO","orgao_id":1,"categoria_id":4,"slug":"dispensa","criado":"2018-09-21 08:20:24","alterado":"2018-09-21 08:20:24"},{"id":5967,"titulo":"DISPENSA","numero":"016\/2018","objeto":"Loca\u00e7\u00e3o do im\u00f3vel situado no Pov. Dendezeiro deste munic\u00edpio que ser\u00e1 utilizado para funcionamento de salas de aula agregadas a Escola Municipal Prefeita Maria Vieira de Mendon\u00e7a.\r\nCONTRATADO: JO\u00c3O EVANGELISTA DO NASCIMENTO","orgao_id":1,"categoria_id":4,"slug":"dispensa","criado":"2018-09-21 08:18:59","alterado":"2018-09-21 08:18:59"},{"id":5966,"titulo":"DISPENSA","numero":"015\/2018","objeto":"Loca\u00e7\u00e3o do im\u00f3vel situado na Avenida 13 de Junho, n\u00ba 741,  Itabaiana\/SE, que ser\u00e1 utilizado o para funcionamento do Conselho Municipal de Educa\u00e7\u00e3o deste munic\u00edpio.\r\nCONTRATADA: JO\u00c3O DELFINO DA SILVEIRA","orgao_id":1,"categoria_id":4,"slug":"dispensa","criado":"2018-09-21 08:14:03","alterado":"2018-09-21 08:14:03"}],"busca":null,"ano":null}