{"categorias":[{"id":1,"nome":"Chamada P\u00fablica","slug":"chamada-publica"},{"id":2,"nome":"Concorr\u00eancia P\u00fablica","slug":"concorrencia-publica"},{"id":10,"nome":"Concurso","slug":"concurso"},{"id":13,"nome":"Conv\u00eanio","slug":"convenio"},{"id":3,"nome":"Convite","slug":"convite"},{"id":4,"nome":"Dispensa de Licita\u00e7\u00e3o","slug":"dispensa-d-licitacao"},{"id":12,"nome":"Fundo do Meio Ambiente","slug":"fundo-do-meio-ambiente"},{"id":5,"nome":"Inexigibilidade","slug":"inexigibilidade"},{"id":6,"nome":"Leil\u00e3o","slug":"leilao"},{"id":11,"nome":"Penalidade","slug":"penalidade"},{"id":7,"nome":"Preg\u00e3o Eletr\u00f4nico","slug":"pregao-eletronico"},{"id":8,"nome":"Preg\u00e3o Presencial","slug":"pregao-presencial"},{"id":9,"nome":"Tomada de Pre\u00e7o","slug":"tomada-de-preco"}],"categoria":null,"orgaos":[{"id":"2","0":"2","nome":"FMAS - Fundo Municipal de Assist\u00eancia Social","1":"FMAS - Fundo Municipal de Assist\u00eancia Social","slug":"fmas-fundo-municipal-de-assistencia-social","2":"fmas-fundo-municipal-de-assistencia-social","criado":null,"3":null,"alterado":null,"4":null,"log":null,"5":null,"6":"1"},{"id":"3","0":"3","nome":"FMS - Fundo Municipal de Sa\u00fade","1":"FMS - Fundo Municipal de Sa\u00fade","slug":"fms-fundo-municipal-de-saude","2":"fms-fundo-municipal-de-saude","criado":null,"3":null,"alterado":null,"4":null,"log":null,"5":null,"6":"1"},{"id":"1","0":"1","nome":"Prefeitura Municipal","1":"Prefeitura Municipal","slug":"prefeitura-municipal","2":"prefeitura-municipal","criado":null,"3":null,"alterado":null,"4":null,"log":null,"5":null,"6":"1"},{"id":"4","0":"4","nome":"SMTT - Superintend\u00eancia Municipal de Tr\u00e2nsito e Transporte","1":"SMTT - Superintend\u00eancia Municipal de Tr\u00e2nsito e Transporte","slug":"smtt-superintendencia-municipal-de-transito-e-transporte","2":"smtt-superintendencia-municipal-de-transito-e-transporte","criado":null,"3":null,"alterado":null,"4":null,"log":null,"5":null,"6":"1"}],"orgao":null,"situacao":null,"paginacao":{"atual":39,"proxima":40,"anterior":38,"total_registros":1127,"total_paginas":76},"itens":[{"id":5995,"titulo":"DISPENSA","numero":"044\/2018","objeto":"loca\u00e7\u00e3o de 01 (uma) casa situada na Rua Gumercindo de Oliveira, n\u00ba 1257, Bairro Mamede P. Mendon\u00e7a, nesta cidade de Itabaiana\/SE, com o intuito de ser utilizada como o funcionamento da casa da senhora Marli Menezes de Souza uma vez que a benefici\u00e1ria encontra-se em situa\u00e7\u00e3o de extrema vulnerabilidade social, necessitando que fosse locado um novo im\u00f3vel, conforme relat\u00f3rio em anexo.\r\nCONTRATADO: ADEILDE PINTO DE REZENDE","orgao_id":1,"categoria_id":4,"slug":"dispensa","criado":"2018-09-21 09:21:30","alterado":"2018-09-21 09:21:30"},{"id":5994,"titulo":"DISPENSA","numero":"043\/2018","objeto":"Loca\u00e7\u00e3o do im\u00f3vel situado Rua Arnaldo Silveira n\u00ba 119, Bairro Jos\u00e9 Milton Machado  nesta cidade,  para funcionamento da casa da senhora Maria Ver\u00f4nica de Melo Santos  visto que o propriet\u00e1rio da casa onde mora pediu que a mesma desocupasse devido n\u00e3o poder arcar com despesas de alugueis j\u00e1 vencidos.\r\nCONTRATADO: ALBERTO MAGNO GOMES DA SILVA","orgao_id":1,"categoria_id":4,"slug":"dispensa","criado":"2018-09-21 09:19:55","alterado":"2018-09-21 09:19:55"},{"id":5993,"titulo":"DISPENSA","numero":"042\/2018","objeto":"presta\u00e7\u00e3o de servi\u00e7os de coleta, transporte e destina\u00e7\u00e3o final de res\u00edduos, provenientes do Matadouro P\u00fablico Municipal.\r\nCONTRATADA: Campo do Gado Ind\u00fastria de Reciclagem Animal Ltda.","orgao_id":1,"categoria_id":4,"slug":"dispensa","criado":"2018-09-21 09:17:50","alterado":"2018-09-21 09:17:50"},{"id":5992,"titulo":"DISPENSA","numero":"041\/2018","objeto":"loca\u00e7\u00e3o de 01 (uma) casa situada na Av. Prof Jason Correia, n\u00ba 2006, nesta cidade de Itabaiana\/SE, com o intuito de ser utilizada como o funcionamento da casa da senhora Patr\u00edcia de Jesus Souza uma vez que a benefici\u00e1ria encontra-se em situa\u00e7\u00e3o de extrema vulnerabilidade social, necessitando que fosse locado um novo im\u00f3vel, conforme relat\u00f3rio em anexo.\r\nCONTRATADO: ADELMA OLIVEIRA DE JESUS","orgao_id":1,"categoria_id":4,"slug":"dispensa","criado":"2018-09-21 09:16:25","alterado":"2018-09-21 09:16:25"},{"id":5991,"titulo":"DISPENSA","numero":"040\/2018","objeto":"loca\u00e7\u00e3o de 01 (um) im\u00f3vel situado na Av. Capit\u00e3o Antonio Corn\u00e9lio da Fonseca n\u00ba 168  nesta cidade, que ser\u00e1 utilizada para o Senhor Adevaldo dos Santos Andrade, tendo em vista que o mesmo sofreu um acidente est\u00e1 impossibilitado de trabalhar vivendo da ajuda de familiares.\r\nCONTRATADO: DERNIVALDO BRITO DE LIMA","orgao_id":1,"categoria_id":4,"slug":"dispensa","criado":"2018-09-21 09:14:06","alterado":"2018-09-21 09:14:06"},{"id":5990,"titulo":"DISPENSA","numero":"039\/2018","objeto":"loca\u00e7\u00e3o de 01 (um) im\u00f3vel situado na Trav. Manoel Vitor Vasconcelos n\u00ba 156 nesta cidade, que ser\u00e1 utilizada para o Senhor Carlos Alberto dos Santos tendo em vista que o mesmo sofreu um acidente e est\u00e1 impossibilitado de trabalhar vivendo da ajuda de familiares.\r\nCONTRATADO: MARIA JANE DA TRINDADE","orgao_id":1,"categoria_id":4,"slug":"dispensa","criado":"2018-09-21 09:09:32","alterado":"2018-09-21 09:09:32"},{"id":5989,"titulo":"DISPENSA","numero":"038\/2018","objeto":"loca\u00e7\u00e3o de 01 (uma) casa situada na Rua Santa Cruz, n\u00ba 127, nesta cidade de Itabaiana\/SE, com o intuito de ser utilizada como o funcionamento da casa da senhora Maria Nivalda de Jesus Santos em virtude da precariedade das condi\u00e7\u00f5es de moradia da casa em que residia, necessitando que fosse locado um novo im\u00f3ve1.\r\nCONTRATADO: MARIA DO CARMO GUILHERME","orgao_id":1,"categoria_id":4,"slug":"dispensa","criado":"2018-09-21 09:04:40","alterado":"2018-09-21 09:04:40"},{"id":5988,"titulo":"DISPENSA","numero":"037\/2018","objeto":"loca\u00e7\u00e3o de 01 (uma) casa situada no Povoado Mangueiras S\/N, neste munic\u00edpio, com o intuito de ser utilizada como o funcionamento da casa da senhora Joseana dos Santos, uma vez que a benefici\u00e1ria encontra-se em situa\u00e7\u00e3o de extrema vulnerabilidade social, necessitando que fosse locado um novo im\u00f3vel, conforme relat\u00f3rio em anexo.\r\nCONTRATADO: JAIZA RIBEIRO DOS SANTOS","orgao_id":1,"categoria_id":4,"slug":"dispensa","criado":"2018-09-21 09:02:54","alterado":"2018-09-21 09:02:54"},{"id":5987,"titulo":"DISPENSA","numero":"036\/2018","objeto":"loca\u00e7\u00e3o de 01 (uma) casa situada no Povoado Ribeira S\/N, neste munic\u00edpio, com o intuito de ser utilizada como o funcionamento da casa da senhora Maria Jos\u00e9 Jesus dos Santos, uma vez que a benefici\u00e1ria encontra-se em situa\u00e7\u00e3o de extrema vulnerabilidade social, necessitando que fosse locado um novo im\u00f3vel, conforme relat\u00f3rio em anexo.\r\nCONTRATADO: PEDRO NASCIMENTO DA CUNHA JUNIOR","orgao_id":1,"categoria_id":4,"slug":"dispensa","criado":"2018-09-21 09:01:12","alterado":"2018-09-21 09:01:12"},{"id":5986,"titulo":"DISPENSA","numero":"035\/2018","objeto":"loca\u00e7\u00e3o de 01 (um) im\u00f3vel situada no Povoado Bom Jardim s\/n\u00ba, Itabaiana\/SE, que ser\u00e1 utilizado para funcionamento do Programa Mais Educa\u00e7\u00e3o da Escola Municipal Luiz Floresta, deste munic\u00edpio.\r\nCONTRATADA: ARQUIDIOCESE DE ARACAJU","orgao_id":1,"categoria_id":4,"slug":"dispensa","criado":"2018-09-21 08:59:05","alterado":"2018-09-21 08:59:05"},{"id":5985,"titulo":"DISPENSA","numero":"034\/2018","objeto":"loca\u00e7\u00e3o de 01 (um) im\u00f3vel situado Rua C,  n\u00ba 170, quadra 03, lote 15 Conjunto Euclides Paes Mendon\u00e7a, com o intuito de ser utilizado para funcionamento do Programa Mais Educa\u00e7\u00e3o da Escola Municipal Prof\u00aa Nivalda Lima Figueiredo neste munic\u00edpio.\r\nCONTRATADO: EVERALDO FRANCISCO DOS SANTOS","orgao_id":1,"categoria_id":4,"slug":"dispensa","criado":"2018-09-21 08:56:54","alterado":"2018-09-21 08:56:54"},{"id":5984,"titulo":"DISPENSA","numero":"033\/2018","objeto":"loca\u00e7\u00e3o de 01(um)  im\u00f3vel situado na Rua Projetada E Quadra G Loteamento Santa Luzia  Bairro Porto, com o intuito de ser utilizado para funcionamento do Programa Mais Educa\u00e7\u00e3o da Escola Municipal Maria Faustina Barreto, neste munic\u00edpio.\r\nCONTRATADO: GILSON ANJOS LIMA","orgao_id":1,"categoria_id":4,"slug":"dispensa","criado":"2018-09-21 08:55:27","alterado":"2018-09-21 08:55:27"},{"id":5983,"titulo":"DISPENSA","numero":"032\/2018","objeto":"loca\u00e7\u00e3o de  01 (um) im\u00f3vel situado na Esperidi\u00e3o Noronha, n\u00ba 1.334, neste munic\u00edpio que ser\u00e1 utilizado para atender as necessidades da Secretaria da Cultura, Juventude, Esporte e Lazer, neste munic\u00edpio.\r\nCONTRATADA: Jo\u00e3o da Trindade Mota","orgao_id":1,"categoria_id":4,"slug":"dispensa","criado":"2018-09-21 08:53:42","alterado":"2018-09-21 08:53:42"},{"id":5982,"titulo":"DISPENSA","numero":"031\/2018","objeto":"Loca\u00e7\u00e3o de um im\u00f3vel situado na Rua Pedro Diniz Gon\u00e7alves, n\u00ba 600, que ser\u00e1 utilizado para funcionamento da Secretaria das Obras, Urbanismo, Infraestrutura e dos Servi\u00e7os P\u00fablicos deste munic\u00edpio.\r\nCONTRATADA: JULIANA DOS SANTOS GOIS","orgao_id":1,"categoria_id":4,"slug":"dispensa","criado":"2018-09-21 08:52:08","alterado":"2018-09-21 08:52:08"},{"id":5981,"titulo":"DISPENSA","numero":"030\/2018","objeto":"loca\u00e7\u00e3o de 01 (um) im\u00f3vel situado na Rua Cec\u00edlia Vieira Santos, n\u00ba 784 e Rua Abdias Ven\u00e2ncio Neto n\u00ba 1.367 neste munic\u00edpio que ser\u00e1 utilizado para funcionamento da Secretaria do Desenvolvimento Social onde funcionar\u00e3o o Centro de Referencia Especializada de Assist\u00eancia Social \u2013 CREAS, Plant\u00e3o Social, Coordenadoria de Pol\u00edticas P\u00fablicas das Mulheres, Conselhos da Assist\u00eancia, Defesa Civil,   Cozinha Central, Setor de Corte e Costura, Oficineiros  e o  NAT \u2013 N\u00facleo de Apoio ao Trabalhador.\r\nCONTRATADA: Rafaella Santana Andrade","orgao_id":1,"categoria_id":4,"slug":"dispensa","criado":"2018-09-21 08:50:25","alterado":"2018-09-21 08:50:25"}],"busca":null,"ano":null}