{"categorias":[{"id":1,"nome":"Chamada P\u00fablica","slug":"chamada-publica"},{"id":2,"nome":"Concorr\u00eancia P\u00fablica","slug":"concorrencia-publica"},{"id":10,"nome":"Concurso","slug":"concurso"},{"id":13,"nome":"Conv\u00eanio","slug":"convenio"},{"id":3,"nome":"Convite","slug":"convite"},{"id":4,"nome":"Dispensa de Licita\u00e7\u00e3o","slug":"dispensa-d-licitacao"},{"id":12,"nome":"Fundo do Meio Ambiente","slug":"fundo-do-meio-ambiente"},{"id":5,"nome":"Inexigibilidade","slug":"inexigibilidade"},{"id":6,"nome":"Leil\u00e3o","slug":"leilao"},{"id":11,"nome":"Penalidade","slug":"penalidade"},{"id":7,"nome":"Preg\u00e3o Eletr\u00f4nico","slug":"pregao-eletronico"},{"id":8,"nome":"Preg\u00e3o Presencial","slug":"pregao-presencial"},{"id":9,"nome":"Tomada de Pre\u00e7o","slug":"tomada-de-preco"}],"categoria":null,"orgaos":[{"id":"2","0":"2","nome":"FMAS - Fundo Municipal de Assist\u00eancia Social","1":"FMAS - Fundo Municipal de Assist\u00eancia Social","slug":"fmas-fundo-municipal-de-assistencia-social","2":"fmas-fundo-municipal-de-assistencia-social","criado":null,"3":null,"alterado":null,"4":null,"log":null,"5":null,"6":"1"},{"id":"3","0":"3","nome":"FMS - Fundo Municipal de Sa\u00fade","1":"FMS - Fundo Municipal de Sa\u00fade","slug":"fms-fundo-municipal-de-saude","2":"fms-fundo-municipal-de-saude","criado":null,"3":null,"alterado":null,"4":null,"log":null,"5":null,"6":"1"},{"id":"1","0":"1","nome":"Prefeitura Municipal","1":"Prefeitura Municipal","slug":"prefeitura-municipal","2":"prefeitura-municipal","criado":null,"3":null,"alterado":null,"4":null,"log":null,"5":null,"6":"1"},{"id":"4","0":"4","nome":"SMTT - Superintend\u00eancia Municipal de Tr\u00e2nsito e Transporte","1":"SMTT - Superintend\u00eancia Municipal de Tr\u00e2nsito e Transporte","slug":"smtt-superintendencia-municipal-de-transito-e-transporte","2":"smtt-superintendencia-municipal-de-transito-e-transporte","criado":null,"3":null,"alterado":null,"4":null,"log":null,"5":null,"6":"1"}],"orgao":null,"situacao":null,"paginacao":{"atual":38,"proxima":39,"anterior":37,"total_registros":1127,"total_paginas":76},"itens":[{"id":6010,"titulo":"Dispensa","objeto":"Contrata\u00e7\u00e3o de empresa especializada na elabora\u00e7\u00e3o de Projeto T\u00e9cnico junto a Ag\u00eancia Nacional de Telecomunica\u00e7\u00f5es \u2013 ANATEL, para a obten\u00e7\u00e3o de outorga de funcionamento de rede r\u00e1dio digital.","orgao_id":4,"categoria_id":4,"slug":"dispensa","criado":"2018-09-25 11:50:52","alterado":"2018-09-25 11:50:52"},{"id":6009,"titulo":"Inexigibilidade","objeto":"Contrata\u00e7\u00e3o de empresa especializada em presta\u00e7\u00e3o de servi\u00e7os e vendas de produtos, que atendam \u00e0s necessidades da SMTT.","orgao_id":4,"categoria_id":5,"slug":"inexigibilidade","criado":"2018-09-25 11:22:53","alterado":"2018-09-25 11:22:53"},{"id":6008,"titulo":"Inexigibilidade","objeto":"Contrata\u00e7\u00e3o de empresa especializada na licen\u00e7a de uso e a manuten\u00e7\u00e3o da vers\u00e3o execut\u00e1vel dos sistemas em processamento de dados abaixo relacionados: \r\n\u2022\tMaquiavel \u2013 Planejamento: Emite or\u00e7amento anual e o plano plurianual conforme Lei federal n\u00b0 4.320\/64 e instru\u00e7\u00f5es do TCE-SE. \r\n\u2022\tMaquiavel - Gest\u00e3o: Gerencia toda a receita e despesa (Or\u00e7ament\u00e1ria e extra-or\u00e7ament\u00e1ria), a tesouraria, a LRF e a contabilidade p\u00fablica. \r\n\u2022\tMaquiavel \u2013 Resultado: Presta\u00e7\u00e3o de contas, consolida\u00e7\u00e3o cont\u00e1bil Municipal, apura\u00e7\u00e3o de resultados, SISAP e Controle Interno; \r\n\u2022\tMaquiavel \u2013 Municipalnet: Portal da Transpar\u00eancia;\r\n\u2022\tMaquiavel \u2013 LAI: Lei de Acesso \u00e0 Informa\u00e7\u00e3o.","orgao_id":4,"categoria_id":5,"slug":"inexigibilidade","criado":"2018-09-25 11:20:54","alterado":"2018-09-25 11:20:54"},{"id":6007,"titulo":"Dispensa","objeto":"Contrata\u00e7\u00e3o de empresa especializada no fornecimento parcelado de combust\u00edvel (gasolina comum) para atender as necessidades da Superintend\u00eancia Municipal de Tr\u00e2nsito e Transporte.","orgao_id":4,"categoria_id":4,"slug":"dispensa","criado":"2018-09-25 11:05:50","alterado":"2018-09-25 11:05:50"},{"id":6006,"titulo":"Dispensa","objeto":"Contrata\u00e7\u00e3o de empresa especializada em servi\u00e7os de impress\u00e3o e envelopamento de AR NAIT (Notifica\u00e7\u00e3o do Auto de Infra\u00e7\u00e3o de Tr\u00e2nsito) e AR NIP (Notifica\u00e7\u00e3o da Imposi\u00e7\u00e3o de Penalidade) para atender as necessidades da Superintend\u00eancia Municipal de Tr\u00e2nsito e Transporte","orgao_id":4,"categoria_id":4,"slug":"dispensa","criado":"2018-09-25 11:04:03","alterado":"2018-09-25 11:04:03"},{"id":6005,"titulo":"Dispensa","objeto":"Contrata\u00e7\u00e3o de empresa especializada em licenciamento mensal de programa de inform\u00e1tica customiz\u00e1veis e servi\u00e7o de cess\u00e3o de direito de uso mensal de programas de inform\u00e1tica de Gest\u00e3o P\u00fablica denominados: AG Portal M\u00f3dulo AGOP \u2013 Ordem de Pagamento; AG Portal M\u00f3dulo AGFolha\/RH \u2013 Folha Cliente.","orgao_id":4,"categoria_id":4,"slug":"dispensa","criado":"2018-09-25 11:00:42","alterado":"2018-09-25 11:00:42"},{"id":6004,"titulo":"DISPENSA","numero":"054\/2018","objeto":"loca\u00e7\u00e3o de 01 (um) im\u00f3vel situado na Rua Quintino Bocaiuva, n\u00ba 876, neste munic\u00edpio, que ser\u00e1 utilizado para o funcionamento do Centro de Atendimento Educacional Especializado CAEE, neste munic\u00edpio.\r\nCONTRATADA: Al\u00e9cia Machado Santos da Silva","orgao_id":1,"categoria_id":4,"slug":"dispensa","criado":"2018-09-21 09:56:18","alterado":"2018-09-21 09:56:18"},{"id":6003,"titulo":"DISPENSA","numero":"053\/2018","objeto":"contrata\u00e7\u00e3o de empresa especializada em obras e servi\u00e7os de engenharia para os servi\u00e7os de instala\u00e7\u00e3o de alarme de inc\u00eandio e constru\u00e7\u00e3o de casas de g\u00e1s em Escolas e creches municipais deste munic\u00edpio.\r\nCONTRATADA: J S Carvalho Servi\u00e7os e Loca\u00e7\u00e3o Ltda.","orgao_id":1,"categoria_id":4,"slug":"dispensa","criado":"2018-09-21 09:39:46","alterado":"2018-09-21 09:39:46"},{"id":6002,"titulo":"DISPENSA","numero":"052\/2018","objeto":"contrata\u00e7\u00e3o de entidade para presta\u00e7\u00e3o de servi\u00e7os de cursos de qualifica\u00e7\u00e3o profissional com a finalidade de promover a aprendizagem profissional comercial em servi\u00e7os administrativos.\r\nCONTRATADA: Servi\u00e7o Nacional de Aprendizagem Comercial \u2013 Senac.","orgao_id":1,"categoria_id":4,"slug":"dispensa","criado":"2018-09-21 09:38:10","alterado":"2018-09-21 09:38:10"},{"id":6001,"titulo":"DISPENSA","numero":"051\/2018","objeto":"loca\u00e7\u00e3o de 01 (um) im\u00f3vel situado na Avenida Manoel Antonio dos Santos, n\u00ba 882, o im\u00f3vel ora locado ser\u00e1 utilizado para funcionamento de um anexo da Escola Municipal Maria P. Clara Meireles, neste munic\u00edpio.\r\nCONTRATADA: Florival Machado","orgao_id":1,"categoria_id":4,"slug":"dispensa","criado":"2018-09-21 09:35:05","alterado":"2018-09-21 09:35:05"},{"id":6000,"titulo":"DISPENSA","numero":"050\/2018","objeto":"Loca\u00e7\u00e3o de 01 (um) im\u00f3vel que ser\u00e1 utilizado para funcionamento da Escola Municipal Prof\u00aa Maria Andrade Carvalho no Povoado Flexas neste Munic\u00edpio devido a reforma do pr\u00e9dio.\r\nCONTRATADA: Jaco Andrade","orgao_id":1,"categoria_id":4,"slug":"dispensa","criado":"2018-09-21 09:33:24","alterado":"2018-09-21 09:33:24"},{"id":5999,"titulo":"DISPENSA","numero":"048\/2018","objeto":"Loca\u00e7\u00e3o de 01(um)  im\u00f3vel situado Rua Josefa Vieira dos Santos, 478 B, deste munic\u00edpio que ser\u00e1 utilizado para funcionamento da Escola 30 de Agosto.\r\nCONTRATADA: JOSEFINA DA COSTA LIMA","orgao_id":1,"categoria_id":4,"slug":"dispensa","criado":"2018-09-21 09:30:16","alterado":"2018-09-21 09:30:16"},{"id":5998,"titulo":"DISPENSA","numero":"047\/2018","objeto":"loca\u00e7\u00e3o de 01 (uma) casa situada na Av. Prefeito Jason Correia, n\u00ba 1774, nesta cidade de Itabaiana\/SE, com o intuito de ser utilizada como o funcionamento da casa da senhora Patr\u00edcia de Jesus Souza uma vez que a benefici\u00e1ria encontra-se em situa\u00e7\u00e3o de extrema vulnerabilidade social, necessitando que fosse locado um novo im\u00f3vel.\r\nCONTRATADO:  MANOEL FRANCISCO DE OLIVEIRA","orgao_id":1,"categoria_id":4,"slug":"dispensa","criado":"2018-09-21 09:28:11","alterado":"2018-09-21 09:28:11"},{"id":5997,"titulo":"DISPENSA","numero":"046\/2018","objeto":"Loca\u00e7\u00e3o de 01 (uma) casa situada na Rua Abdon Pinto Monteiro, n\u00ba600, nesta cidade de Itabaiana\/SE, com o intuito de ser utilizada como o funcionamento da casa do senhor Pedro Miguel de Jesus, uma vez que o benefici\u00e1rio encontra-se em situa\u00e7\u00e3o de extrema vulnerabilidade social, necessitando que fosse locado um novo im\u00f3vel.\r\nCONTRATADA: Maria Adinete Mendon\u00e7a","orgao_id":1,"categoria_id":4,"slug":"dispensa","criado":"2018-09-21 09:26:44","alterado":"2018-09-21 09:26:44"},{"id":5996,"titulo":"DISPENSA","numero":"045\/2018","objeto":"loca\u00e7\u00e3o de (01 (uma) casa situada na Avenida Dr. Pedro Garcia Moreno n\u00ba 1343, A \u2013 Bairro Serrano, neste munic\u00edpio, com o intuito de ser utilizada como o funcionamento da casa da senhora Andrea Alves Silva Santos, uma vez que a benefici\u00e1ria encontra-se em situa\u00e7\u00e3o de extrema vulnerabilidade social, necessitando que fosse locado um novo im\u00f3vel.\r\nCONTRATADO: Luciano dos Santos","orgao_id":1,"categoria_id":4,"slug":"dispensa","criado":"2018-09-21 09:24:00","alterado":"2018-09-21 09:24:00"}],"busca":null,"ano":null}