{"categorias":[{"id":1,"nome":"Chamada P\u00fablica","slug":"chamada-publica"},{"id":2,"nome":"Concorr\u00eancia P\u00fablica","slug":"concorrencia-publica"},{"id":10,"nome":"Concurso","slug":"concurso"},{"id":13,"nome":"Conv\u00eanio","slug":"convenio"},{"id":3,"nome":"Convite","slug":"convite"},{"id":4,"nome":"Dispensa de Licita\u00e7\u00e3o","slug":"dispensa-d-licitacao"},{"id":12,"nome":"Fundo do Meio Ambiente","slug":"fundo-do-meio-ambiente"},{"id":5,"nome":"Inexigibilidade","slug":"inexigibilidade"},{"id":6,"nome":"Leil\u00e3o","slug":"leilao"},{"id":11,"nome":"Penalidade","slug":"penalidade"},{"id":7,"nome":"Preg\u00e3o Eletr\u00f4nico","slug":"pregao-eletronico"},{"id":8,"nome":"Preg\u00e3o Presencial","slug":"pregao-presencial"},{"id":9,"nome":"Tomada de Pre\u00e7o","slug":"tomada-de-preco"}],"categoria":null,"orgaos":[{"id":"2","0":"2","nome":"FMAS - Fundo Municipal de Assist\u00eancia Social","1":"FMAS - Fundo Municipal de Assist\u00eancia Social","slug":"fmas-fundo-municipal-de-assistencia-social","2":"fmas-fundo-municipal-de-assistencia-social","criado":null,"3":null,"alterado":null,"4":null,"log":null,"5":null,"6":"1"},{"id":"3","0":"3","nome":"FMS - Fundo Municipal de Sa\u00fade","1":"FMS - Fundo Municipal de Sa\u00fade","slug":"fms-fundo-municipal-de-saude","2":"fms-fundo-municipal-de-saude","criado":null,"3":null,"alterado":null,"4":null,"log":null,"5":null,"6":"1"},{"id":"1","0":"1","nome":"Prefeitura Municipal","1":"Prefeitura Municipal","slug":"prefeitura-municipal","2":"prefeitura-municipal","criado":null,"3":null,"alterado":null,"4":null,"log":null,"5":null,"6":"1"},{"id":"4","0":"4","nome":"SMTT - Superintend\u00eancia Municipal de Tr\u00e2nsito e Transporte","1":"SMTT - Superintend\u00eancia Municipal de Tr\u00e2nsito e Transporte","slug":"smtt-superintendencia-municipal-de-transito-e-transporte","2":"smtt-superintendencia-municipal-de-transito-e-transporte","criado":null,"3":null,"alterado":null,"4":null,"log":null,"5":null,"6":"1"}],"orgao":null,"situacao":null,"paginacao":{"atual":37,"proxima":38,"anterior":36,"total_registros":1127,"total_paginas":76},"itens":[{"id":6025,"titulo":"Dispensa de Licita\u00e7\u00e3o n\u00ba 003\/2018 (Lei 8.666\/93, Art. 24, Inciso X) Fundo Municipal de Sa\u00fade","numero":"003\/2018","objeto":"Loca\u00e7\u00e3o de 01 (um) im\u00f3vel, situado na Avenida Ant\u00f4nio dos Santos, n\u00ba 797, nesta cidade de Itabaiana\/SE, que ser\u00e1 utilizado para a instala\u00e7\u00e3o da Unidade de Sa\u00fade \u2013 Abrigo Nossas vidas em Suas M\u00e3os.","orgao_id":3,"categoria_id":4,"slug":"dispensa-de-licitacao-no-003-2018-lei-8-666-93-art-24-inciso-x-fundo-municipal-de-saude","criado":"2018-10-05 16:05:37","alterado":"2018-10-05 16:05:37"},{"id":6024,"titulo":"Dispensa de Licita\u00e7\u00e3o n\u00ba 002\/2018 (Lei 8.666\/93, Art. 24, Inciso X) Fundo Municipal de Sa\u00fade","numero":"002\/2018","objeto":"Loca\u00e7\u00e3o de 01 (um) im\u00f3vel, situado no Povoado Batula S\/N, Rua 01, que ser\u00e1 utilizado para o funcionamento do CANIL.","orgao_id":3,"categoria_id":4,"slug":"dispensa-de-licitacao-no-002-2018-lei-8-666-93-art-24-inciso-x-fundo-municipal-de-saude","criado":"2018-10-05 16:03:56","alterado":"2018-10-05 16:03:56"},{"id":6023,"titulo":"Dispensa de Licita\u00e7\u00e3o n\u00ba 001\/2018 (Lei 8.666\/93, Art. 24, Inciso X) Fundo Municipal de Sa\u00fade","numero":"001\/2018","objeto":"Loca\u00e7\u00e3o de 01 (um) im\u00f3vel, situado na Rua Maria Ang\u00e9lica da Concei\u00e7\u00e3o, n\u00ba 1589, Bairro Serrano, que ser\u00e1 utilizado para a instala\u00e7\u00e3o do CAPS \u2013 AD, deste Munic\u00edpio.","orgao_id":3,"categoria_id":4,"slug":"dispensa-de-licitacao-no-001-2018-lei-8-666-93-art-24-inciso-x-fundo-municipal-de-saude","criado":"2018-10-05 16:02:09","alterado":"2018-10-05 16:04:16"},{"id":6022,"titulo":"Tomada de Pre\u00e7os n\u00ba. 003\/2018 (Republicada) - Fundo Municipal de Sa\u00fade","numero":"003\/2018","objeto":"Contrata\u00e7\u00e3o de empresa especializada em obras e servi\u00e7os de engenharia objetivando a constru\u00e7\u00e3o de Unidade B\u00e1sica de Sa\u00fade, localizada no Povoado V\u00e1rzea do Gama, no munic\u00edpio de Itabaiana, Estado de Sergipe.","orgao_id":3,"categoria_id":9,"slug":"tomada-de-precos-no-003-2018-republicada-fundo-municipal-de-saude","criado":"2018-10-05 13:09:52","alterado":"2018-10-05 13:09:52"},{"id":6021,"titulo":"Inexigibilidade n\u00b0 008\/2018 (Fundo Municipal de Sa\u00fade)","numero":"008\/2018","objeto":"Contrata\u00e7\u00e3o de empresa especializada para presta\u00e7\u00e3o de servi\u00e7os de assist\u00eancia jur\u00eddica \u00e0 contratante em mat\u00e9ria administrativa, tribut\u00e1ria visando a recuperar, ressarcir, ampliar, recompor cr\u00e9ditos, repasses de terceiros ao fundo municipal de sa\u00fade de Itabaiana","orgao_id":3,"categoria_id":5,"slug":"inexigibilidade-n0-008-2018-fundo-municipal-de-saude","criado":"2018-10-05 11:07:02","alterado":"2018-10-05 11:07:02"},{"id":6020,"titulo":"Inexigibilidade n\u00b0 007\/2018 (Fundo Municipal de Sa\u00fade)","numero":"007\/2018","objeto":"Contrata\u00e7\u00e3o de empresa especializada para a presta\u00e7\u00e3o de servi\u00e7os de sa\u00fade na rede de terapia renal substitutiva (di\u00e1lise peritoneal, hemodi\u00e1lise), que ser\u00e3o prestados a usu\u00e1rios do SUS.","orgao_id":3,"categoria_id":5,"slug":"inexigibilidade-n0-007-2018-fundo-municipal-de-saude","criado":"2018-10-05 11:00:29","alterado":"2018-10-05 11:00:29"},{"id":6019,"titulo":"Inexigibilidade n\u00b0 006\/2018 (Fundo Municipal de Sa\u00fade)","numero":"006\/2018","objeto":"Integrar o HOSPITAL E MATERNIDADE S\u00c3O JOS\u00c9 no Sistema \u00danico de Sa\u00fade (SUS) e definir a sua inser\u00e7\u00e3o na rede regionalizada e hierarquizada de a\u00e7\u00f5es e servi\u00e7os de sa\u00fade, visando a garantia de aten\u00e7\u00e3o integral \u00e0 sa\u00fade dos munic\u00edpios que interagem \u00e0 regi\u00e3o de sa\u00fade na qual o HOSPITAL E MATERNIDADE S\u00c3O JOS\u00c9 est\u00e1 inserido, e conforme Plano Operativo previamente definido entre as partes.","orgao_id":3,"categoria_id":5,"slug":"inexigibilidade-n0-006-2018-fundo-municipal-de-saude","criado":"2018-10-05 10:52:34","alterado":"2018-10-05 10:52:34"},{"id":6018,"titulo":"Inexigibilidade n\u00b0 005\/2018 (Fundo Municipal de Sa\u00fade)","numero":"005\/2018","objeto":"Servi\u00e7os a serem prestados de manuten\u00e7\u00e3o da central de regula\u00e7\u00e3o e agendamento de consultas e exames via internet dos postos de sa\u00fade, cl\u00ednicas credenciadas e centro de especialidades de Itabaiana, mantido 24 (vinte e quatro) horas por dia, 7 (sete) dias por semana.","orgao_id":3,"categoria_id":5,"slug":"inexigibilidade-n0-005-2018-fundo-municipal-de-saude","criado":"2018-10-05 10:45:55","alterado":"2018-10-05 10:45:55"},{"id":6017,"titulo":"PREG\u00c3O 021\/2018","numero":"021\/2018","objeto":"Contrata\u00e7\u00e3o de empresa especializada em loca\u00e7\u00e3o de brinquedos infanto-juvenil para as Crian\u00e7as e Adolescentes do SCFV, (Servi\u00e7o de Conveni\u00eancia de Fortalecimento de Vinculos)  para atender o programa, pertencente a este Fundo Municipal de Assist\u00eancia Social de Itabaiana\/SE.","orgao_id":2,"categoria_id":8,"slug":"pregao-021-2018","criado":"2018-10-05 10:42:12","alterado":"2018-10-05 10:42:12"},{"id":6016,"titulo":"Inexigibilidade n\u00b0 004\/2018 (Fundo Municipal de Sa\u00fade)","numero":"004\/2018","objeto":"Contrata\u00e7\u00e3o de Servi\u00e7os de Loca\u00e7\u00e3o e Suporte T\u00e9cnico em Sistemas Informatizados espec\u00edficos para Administra\u00e7\u00e3o P\u00fablica Municipal (almoxarifado, controle do patrim\u00f4nio, controle de compras, or\u00e7amento anual e plano plurianual, gest\u00e3o or\u00e7ament\u00e1ria, extraor\u00e7ament\u00e1ria, tesouraria e contabilidade p\u00fablica, presta\u00e7\u00e3o de contas, consolida\u00e7\u00e3o cont\u00e1bil municipal, apura\u00e7\u00e3o de resultados, controle interno e LRF).","orgao_id":2,"categoria_id":5,"slug":"inexigibilidade-n0-004-2018-fundo-municipal-de-saude","criado":"2018-10-05 10:37:50","alterado":"2018-10-05 10:37:50"},{"id":6015,"titulo":"Inexigibilidade n\u00b0 003\/2018 (Fundo Municipal de Sa\u00fade)","numero":"003\/2018","objeto":"Contrata\u00e7\u00e3o de empresa de servi\u00e7os de assessoria e consultoria t\u00e9cnica especializada em gest\u00e3o na \u00e1rea de controle, avalia\u00e7\u00e3o e regula\u00e7\u00e3o de sistema de sa\u00fade deste munic\u00edpio no exerc\u00edcio de 2018.","orgao_id":3,"categoria_id":5,"slug":"inexigibilidade-n0-003-2018-fundo-municipal-de-saude","criado":"2018-10-05 10:10:04","alterado":"2018-10-05 10:10:04"},{"id":6014,"titulo":"Inexigibilidade n\u00b0 002\/2018 (Fundo Municipal de Sa\u00fade)","numero":"002\/2018","objeto":"Presta\u00e7\u00e3o de servi\u00e7os profissionais na \u00e1rea da Contabilidade P\u00fablica.","orgao_id":3,"categoria_id":5,"slug":"inexigibilidade-n0-002-2018-fundo-municipal-de-saude","criado":"2018-10-05 10:03:48","alterado":"2018-10-05 10:03:48"},{"id":6013,"titulo":"Inexigibilidade n\u00b0 001\/2018 (Fundo Municipal de Sa\u00fade)","numero":"001\/2018","objeto":"Execu\u00e7\u00e3o dos servi\u00e7os de Assessoria e Consultoria T\u00e9cnica especializada na \u00e1rea de licita\u00e7\u00f5es, conv\u00eanios e contratos administrativos, durante o exerc\u00edcio de 2018.","orgao_id":3,"categoria_id":5,"slug":"inexigibilidade-n0-001-2018-fundo-municipal-de-saude","criado":"2018-10-05 09:53:43","alterado":"2018-10-05 09:53:43"},{"id":6012,"titulo":"Inexigibilidade","objeto":"Contrata\u00e7\u00e3o de empresa especializada na presta\u00e7\u00e3o de servi\u00e7o t\u00e9cnico especializado.","orgao_id":4,"categoria_id":5,"slug":"inexigibilidade","criado":"2018-09-26 10:39:35","alterado":"2018-09-26 10:39:35"},{"id":6011,"titulo":"Dispensa","objeto":"Contrata\u00e7\u00e3o de empresa especializada objetivando a cria\u00e7\u00e3o e desenvolvimento de site institucional da SMTT, visando atender ao Princ\u00edpio da Publicidade, bem como das exig\u00eancias legislativas federais e estaduais.","orgao_id":4,"categoria_id":4,"slug":"dispensa","criado":"2018-09-25 11:52:22","alterado":"2018-09-25 11:52:22"}],"busca":null,"ano":null}