{"categorias":[{"id":1,"nome":"Chamada P\u00fablica","slug":"chamada-publica"},{"id":2,"nome":"Concorr\u00eancia P\u00fablica","slug":"concorrencia-publica"},{"id":10,"nome":"Concurso","slug":"concurso"},{"id":13,"nome":"Conv\u00eanio","slug":"convenio"},{"id":3,"nome":"Convite","slug":"convite"},{"id":4,"nome":"Dispensa de Licita\u00e7\u00e3o","slug":"dispensa-d-licitacao"},{"id":12,"nome":"Fundo do Meio Ambiente","slug":"fundo-do-meio-ambiente"},{"id":5,"nome":"Inexigibilidade","slug":"inexigibilidade"},{"id":6,"nome":"Leil\u00e3o","slug":"leilao"},{"id":11,"nome":"Penalidade","slug":"penalidade"},{"id":7,"nome":"Preg\u00e3o Eletr\u00f4nico","slug":"pregao-eletronico"},{"id":8,"nome":"Preg\u00e3o Presencial","slug":"pregao-presencial"},{"id":9,"nome":"Tomada de Pre\u00e7o","slug":"tomada-de-preco"}],"categoria":null,"orgaos":[{"id":"2","0":"2","nome":"FMAS - Fundo Municipal de Assist\u00eancia Social","1":"FMAS - Fundo Municipal de Assist\u00eancia Social","slug":"fmas-fundo-municipal-de-assistencia-social","2":"fmas-fundo-municipal-de-assistencia-social","criado":null,"3":null,"alterado":null,"4":null,"log":null,"5":null,"6":"1"},{"id":"3","0":"3","nome":"FMS - Fundo Municipal de Sa\u00fade","1":"FMS - Fundo Municipal de Sa\u00fade","slug":"fms-fundo-municipal-de-saude","2":"fms-fundo-municipal-de-saude","criado":null,"3":null,"alterado":null,"4":null,"log":null,"5":null,"6":"1"},{"id":"1","0":"1","nome":"Prefeitura Municipal","1":"Prefeitura Municipal","slug":"prefeitura-municipal","2":"prefeitura-municipal","criado":null,"3":null,"alterado":null,"4":null,"log":null,"5":null,"6":"1"},{"id":"4","0":"4","nome":"SMTT - Superintend\u00eancia Municipal de Tr\u00e2nsito e Transporte","1":"SMTT - Superintend\u00eancia Municipal de Tr\u00e2nsito e Transporte","slug":"smtt-superintendencia-municipal-de-transito-e-transporte","2":"smtt-superintendencia-municipal-de-transito-e-transporte","criado":null,"3":null,"alterado":null,"4":null,"log":null,"5":null,"6":"1"}],"orgao":null,"situacao":null,"paginacao":{"atual":34,"proxima":35,"anterior":33,"total_registros":1127,"total_paginas":76},"itens":[{"id":6070,"titulo":"Preg\u00e3o 007\/2019 - Ra\u00e7\u00e3o","numero":"007\/2019","publicacao":"2019-01-17 00:00:00","objeto":"Aquisi\u00e7\u00e3o e fornecimento parcelado de ra\u00e7\u00e3o animal para atender as necessidades da Escola T\u00e9cnica Agr\u00edcola e Abrigo de Animais deste munic\u00edpio.","orgao_id":1,"categoria_id":8,"slug":"pregao-007-2019-racao","criado":"2019-01-21 13:08:20","alterado":"2019-01-21 13:08:20"},{"id":6069,"titulo":"Preg\u00e3o Presencial n\u00ba. 002\/2019 - Fundo Municipal de Sa\u00fade (tiras de teste de glicemia)","numero":"002\/2019","abertura":"2019-01-31 00:00:00","objeto":"Contrata\u00e7\u00e3o de empresa especializada visando fornecimento parcelado de tiras reagentes de medida de glicemia capilar (insumos de insulina) que ser\u00e3o distribu\u00eddas gratuitamente, atendendo as necessidades da Farm\u00e1cia B\u00e1sica, no exerc\u00edcio de 2019.","orgao_id":3,"categoria_id":8,"slug":"pregao-presencial-no-002-2019-fundo-municipal-de-saude-tiras-de-teste-de-glicemia","criado":"2019-01-17 16:16:23","alterado":"2019-01-17 16:16:23"},{"id":6068,"titulo":"PREG\u00c3O PRESENCIAL n\u00b0 001\/2019","numero":"001\/2019","publicacao":"2019-01-17 00:00:00","abertura":"2019-02-04 00:00:00","objeto":"Contrata\u00e7\u00e3o de empresa para aquisi\u00e7\u00e3o e fornecimento parcelado de g\u00e1s GLP que ser\u00e3o utilizados juntos aos programas do Fundo Municipal de Assist\u00eancia Social.","orgao_id":2,"categoria_id":8,"tags":"#g\u00e1s,#glp","slug":"pregao-presencial-n0-001-2019","criado":"2019-01-17 13:22:29","alterado":"2019-01-17 13:22:29"},{"id":6067,"titulo":"PREG\u00c3O 006\/2019 PREFEITURA","numero":"006\/2019","publicacao":"2019-01-10 00:00:00","objeto":"Registro de pre\u00e7os visando contrata\u00e7\u00f5es de empresas para aquisi\u00e7\u00e3o e fornecimento parcelado de material de copa, cozinha, limpeza e outros, bem como g\u00eaneros aliment\u00edcios","orgao_id":1,"categoria_id":8,"tags":"copa,cozinha,limpeza","slug":"pregao-006-2019-prefeitura","criado":"2019-01-15 12:16:38","alterado":"2019-01-15 12:16:38"},{"id":6066,"titulo":"Preg\u00e3o Presencial n\u00ba. 001\/2019 - Fundo Municipal de Sa\u00fade","numero":"001\/2019","objeto":"Registro de pre\u00e7os visando futuras contrata\u00e7\u00f5es de empresas especializadas para aquisi\u00e7\u00e3o parcelada de equipamentos e materiais, de uso m\u00e9dico, hospitalares e laboratoriais, para atender as necessidades das unidades de sa\u00fade vinculadas ao Fundo Municipal de Sa\u00fade de Itabaiana.","orgao_id":3,"categoria_id":8,"slug":"pregao-presencial-no-001-2019-fundo-municipal-de-saude","criado":"2019-01-15 11:52:16","alterado":"2019-01-15 11:52:16"},{"id":6065,"titulo":"CONCORR\u00caNCIA 001\/2019 - Prefeitura de Itabaiana","numero":"001\/2019","publicacao":"2019-01-10 00:00:00","objeto":"Permiss\u00e3o de Servi\u00e7o P\u00fablico, mediante a explora\u00e7\u00e3o de atividade econ\u00f4mica, referente \u00e0 coleta transporte e destina\u00e7\u00e3o final de res\u00edduos, provenientes do Matadouro Municipal.","orgao_id":1,"categoria_id":2,"tags":"matadouro","slug":"concorrencia-001-2019-prefeitura-de-itabaiana","criado":"2019-01-14 11:05:39","alterado":"2019-01-14 11:05:39"},{"id":6064,"titulo":"PREG\u00c3O MATERIAL GR\u00c1FICO","numero":"005\/2019","abertura":"2019-01-22 00:00:00","objeto":"Aquisi\u00e7\u00e3o e fornecimento parcelado Material Gr\u00e1fico para atender as necessidades deste munic\u00edpio.","orgao_id":1,"categoria_id":8,"tags":"#materialgrafico,#iptu","slug":"pregao-material-grafico","criado":"2019-01-10 11:13:25","alterado":"2019-01-10 11:13:25"},{"id":6063,"titulo":"AVISO DE REPUBLICA\u00c7\u00c3O PREG\u00c3O PRESENCIAL n\u00b0 004\/2019","numero":"004\/2019","abertura":"2019-02-01 00:00:00","objeto":"contrata\u00e7\u00e3o de empresa visando a aquisi\u00e7\u00e3o e o fornecimento parcelado de utens\u00edlios de beb\u00ea para atenderem as pessoas carentes deste munic\u00edpio, atendendo orienta\u00e7\u00e3o da Lei 8.742 de 07 de Dezembro de 1993 \u2013 LOAS, em seu artigo 15 par\u00e1grafo II.","orgao_id":1,"categoria_id":8,"tags":"#kitgestante,#beb\u00ea","slug":"aviso-de-republicacao-pregao-presencial-n0-004-2019","criado":"2019-01-07 12:15:48","alterado":"2019-01-07 12:15:48"},{"id":6062,"titulo":"PREG\u00c3O 025\/2018 - REPUBLICA\u00c7\u00c3O - PREFEITURA","numero":"25\/2018","publicacao":"2019-01-03 00:00:00","objeto":"Loca\u00e7\u00e3o de ve\u00edculos e equipamentos para aux\u00edlio \u00e0s opera\u00e7\u00f5es de coleta e transporte regulares de res\u00edduos s\u00f3lidos e manuten\u00e7\u00e3o de vias e espa\u00e7os p\u00fablicos neste munic\u00edpio","orgao_id":1,"categoria_id":8,"tags":"LIXO","slug":"pregao-025-2018-republicacao-prefeitura","criado":"2019-01-07 10:58:20","alterado":"2019-01-07 10:58:20"},{"id":6061,"titulo":"PREG\u00c3O 003\/2019 - Prefeitura","numero":"003\/2019","publicacao":"2019-01-03 00:00:00","objeto":"Aquisi\u00e7\u00e3o e fornecimento parcelado de g\u00e1s GLP com entrega di\u00e1ria, bem como vasilhames para atender as necessidades das secretarias deste munic\u00edpio.","orgao_id":1,"categoria_id":8,"tags":"glp","slug":"pregao-003-2019-prefeitura","criado":"2019-01-07 08:01:12","alterado":"2019-01-07 08:01:12"},{"id":6060,"titulo":"CHAMADA P\u00daBLICA - PREFEITURA","numero":"001\/2019","publicacao":"2019-01-02 00:00:00","objeto":"Aquisi\u00e7\u00e3o de g\u00eaneros aliment\u00edcios da agricultura familiar e empreendedor familiar rural para alimenta\u00e7\u00e3o escolar.","orgao_id":1,"categoria_id":1,"tags":"chamada","slug":"chamada-publica-prefeitura","criado":"2019-01-04 13:19:14","alterado":"2019-01-04 13:19:14"},{"id":6059,"titulo":"PREG\u00c3O 002\/2019 PREFEITURA","numero":"002\/2019","publicacao":"2019-01-02 00:00:00","objeto":"Contrata\u00e7\u00e3o de empresa visando a aquisi\u00e7\u00e3o e fornecimento parcelado de g\u00eaneros aliment\u00edcios perec\u00edveis e n\u00e3o perec\u00edveis para Merenda Escolar, Mais Educa\u00e7\u00e3o, Eja, Creche, Pr\u00e9-Escola e Col\u00e9gio Agr\u00edcola, para esta Prefeitura.","orgao_id":1,"categoria_id":8,"tags":"merenda","slug":"pregao-002-2019-prefeitura","criado":"2019-01-04 13:14:07","alterado":"2019-01-04 13:14:07"},{"id":6058,"titulo":"PREG\u00c3O 001\/2019 PREFEITURA","numero":"001","publicacao":"2019-01-02 00:00:00","abertura":"2019-01-18 00:00:00","objeto":"contrata\u00e7\u00e3o de empresa especializada visando a aquisi\u00e7\u00e3o e fornecimento parcelado de g\u00eaneros aliment\u00edcios espec\u00edficos para atendimento de portadores de necessidades nutricionais especiais, como tamb\u00e9m aquisi\u00e7\u00e3o e fornecimento parcelado de g\u00eaneros aliment\u00edcios espec\u00edficos para atender as creches","orgao_id":1,"categoria_id":8,"slug":"pregao-001-2019-prefeitura","criado":"2019-01-04 13:10:00","alterado":"2019-01-04 13:12:16"},{"id":6057,"titulo":"PREG\u00c3O PRESENCIAL SMTT n\u00ba 001\/2019-SRP","numero":"001\/2019","publicacao":"2019-01-04 00:00:00","abertura":"2019-01-16 00:00:00","objeto":"Registro de pre\u00e7os visando a contrata\u00e7\u00e3o de empresa para fornecimento parcelado de \u00e1gua mineral, bem como garraf\u00e3o vazio (vasilhame) 20 litros, no exerc\u00edcio de 2019.","orgao_id":4,"categoria_id":8,"slug":"pregao-presencial-smtt-no-001-2019-srp","criado":"2019-01-04 10:38:16","alterado":"2019-01-04 10:44:05"},{"id":6056,"titulo":"PREG\u00c3O PRESENCIAL 033\/2018 - PASSAGENS","numero":"033\/2018","publicacao":"2018-12-28 00:00:00","abertura":"2019-01-15 00:00:00","objeto":"Registro de pre\u00e7os visando a contrata\u00e7\u00e3o de empresa especializada para presta\u00e7\u00e3o de servi\u00e7os de Agenciamento de Viagens, no exerc\u00edcio de 2019.","orgao_id":1,"categoria_id":8,"tags":"passagens","slug":"pregao-presencial-033-2018-passagens","criado":"2019-01-03 09:02:23","alterado":"2019-01-03 09:02:23"}],"busca":null,"ano":null}