{"categorias":[{"id":1,"nome":"Chamada P\u00fablica","slug":"chamada-publica"},{"id":2,"nome":"Concorr\u00eancia P\u00fablica","slug":"concorrencia-publica"},{"id":10,"nome":"Concurso","slug":"concurso"},{"id":13,"nome":"Conv\u00eanio","slug":"convenio"},{"id":3,"nome":"Convite","slug":"convite"},{"id":4,"nome":"Dispensa de Licita\u00e7\u00e3o","slug":"dispensa-d-licitacao"},{"id":12,"nome":"Fundo do Meio Ambiente","slug":"fundo-do-meio-ambiente"},{"id":5,"nome":"Inexigibilidade","slug":"inexigibilidade"},{"id":6,"nome":"Leil\u00e3o","slug":"leilao"},{"id":11,"nome":"Penalidade","slug":"penalidade"},{"id":7,"nome":"Preg\u00e3o Eletr\u00f4nico","slug":"pregao-eletronico"},{"id":8,"nome":"Preg\u00e3o Presencial","slug":"pregao-presencial"},{"id":9,"nome":"Tomada de Pre\u00e7o","slug":"tomada-de-preco"}],"categoria":null,"orgaos":[{"id":"2","0":"2","nome":"FMAS - Fundo Municipal de Assist\u00eancia Social","1":"FMAS - Fundo Municipal de Assist\u00eancia Social","slug":"fmas-fundo-municipal-de-assistencia-social","2":"fmas-fundo-municipal-de-assistencia-social","criado":null,"3":null,"alterado":null,"4":null,"log":null,"5":null,"6":"1"},{"id":"3","0":"3","nome":"FMS - Fundo Municipal de Sa\u00fade","1":"FMS - Fundo Municipal de Sa\u00fade","slug":"fms-fundo-municipal-de-saude","2":"fms-fundo-municipal-de-saude","criado":null,"3":null,"alterado":null,"4":null,"log":null,"5":null,"6":"1"},{"id":"1","0":"1","nome":"Prefeitura Municipal","1":"Prefeitura Municipal","slug":"prefeitura-municipal","2":"prefeitura-municipal","criado":null,"3":null,"alterado":null,"4":null,"log":null,"5":null,"6":"1"},{"id":"4","0":"4","nome":"SMTT - Superintend\u00eancia Municipal de Tr\u00e2nsito e Transporte","1":"SMTT - Superintend\u00eancia Municipal de Tr\u00e2nsito e Transporte","slug":"smtt-superintendencia-municipal-de-transito-e-transporte","2":"smtt-superintendencia-municipal-de-transito-e-transporte","criado":null,"3":null,"alterado":null,"4":null,"log":null,"5":null,"6":"1"}],"orgao":null,"situacao":null,"paginacao":{"atual":31,"proxima":32,"anterior":30,"total_registros":1127,"total_paginas":76},"itens":[{"id":6115,"titulo":"TOMADA DE PRE\u00c7O 004\/2019","numero":"004\/2019","orgao_id":1,"categoria_id":9,"slug":"tomada-de-preco-004-2019","criado":"2019-04-01 12:03:01","alterado":"2019-04-01 12:03:01"},{"id":6114,"titulo":"PREG\u00c3O 021\/2019 Prefeitura","numero":"2019","objeto":"Contrata\u00e7\u00e3o de empresa especializada em presta\u00e7\u00e3o de servi\u00e7os de impress\u00e3o de plotagem de projetos destinados a Secretaria de Obras para obras em execu\u00e7\u00e3o e a executar, al\u00e9m de futuras capta\u00e7\u00f5es de recursos junto ao governo federal.","orgao_id":1,"categoria_id":8,"slug":"pregao-021-2019-prefeitura","criado":"2019-04-01 10:42:36","alterado":"2019-04-01 10:42:36"},{"id":6113,"titulo":"PREG\u00c3O 020\/2019 PREFEITURA","numero":"020\/2019","objeto":"Registro de Pre\u00e7os visando futuras contrata\u00e7\u00f5es de empresas para fornecimento parcelado de material de consumo (material de expediente, material de processamento de dados).","orgao_id":1,"categoria_id":8,"slug":"pregao-020-2019-prefeitura","criado":"2019-03-27 12:58:08","alterado":"2019-03-27 13:04:25"},{"id":6112,"titulo":"Aluguel","numero":"006\/2019","objeto":"Loca\u00e7\u00e3o de 01 (um) im\u00f3vel, na Avenida Jos\u00e9 Vicente Monteiro n\u00ba 182, Bairro Queimadas, ora locado ser\u00e1 utilizado para funcionamento do Programa Novo Mais Educa\u00e7\u00e3o da Escola Municipal Maria Faustina Barreto neste munic\u00edpio.","orgao_id":1,"categoria_id":4,"slug":"aluguel","criado":"2019-03-20 13:09:26","alterado":"2019-03-20 13:09:26"},{"id":6111,"titulo":"Aluguel","numero":"005\/2019","objeto":"loca\u00e7\u00e3o de 01 (um) im\u00f3vel que ser\u00e1 utilizado para atender as necessidades da Secretaria da Cultura, Juventude, Esporte e Lazer, neste munic\u00edpio","orgao_id":1,"categoria_id":4,"slug":"aluguel","criado":"2019-03-20 13:07:54","alterado":"2019-03-20 13:07:54"},{"id":6110,"titulo":"Aluguel","numero":"004\/2019","objeto":"Loca\u00e7\u00e3o de 01 (um) im\u00f3vel, na Rua Judite Dantas de Andrade n\u00ba 552, ora locado ser\u00e1 utilizado para funcionamento da Escola Municipal Vera C\u00e2ndida Costa Santana neste munic\u00edpio.","orgao_id":1,"categoria_id":4,"slug":"aluguel","criado":"2019-03-20 13:04:51","alterado":"2019-03-20 13:04:51"},{"id":6109,"titulo":"Aluguel","numero":"002\/2019","objeto":"Loca\u00e7\u00e3o de 01 (um) im\u00f3vel, que ser\u00e1 utilizado a Escola Municipal Prof\u00aa Clara Meireles Teles para funcionar o Programa Mais Educa\u00e7\u00e3o, neste munic\u00edpio.","orgao_id":1,"categoria_id":4,"slug":"aluguel","criado":"2019-03-20 13:02:40","alterado":"2019-03-20 13:02:40"},{"id":6108,"titulo":"Aluguel","numero":"03\/2019","objeto":"Loca\u00e7\u00e3o de 01 (um) im\u00f3vel, o im\u00f3vel ora locado ser\u00e1 utilizado para funcionamento da Escola 30 de agosto neste munic\u00edpio.","orgao_id":1,"categoria_id":4,"slug":"aluguel","criado":"2019-03-20 12:58:47","alterado":"2019-03-20 12:58:47"},{"id":6107,"titulo":"Inexigibilidade","numero":"06\/2019","objeto":"O presente contrato tem como objeto os servi\u00e7os assessoria t\u00e9cnica na \u00e1rea de gest\u00e3o p\u00fablica abrangendo os seguintes itens: Cadastramento de propostas, acompanhamento, complementa\u00e7\u00e3o e dilig\u00eancias; SIMEC \u2013 Gerenciamento, acompanhamento e alimenta\u00e7\u00e3o do sistema de monitoramento de obras, com solicita\u00e7\u00e3o dos termos aditivos; PAR \u2013 diagn\u00f3stico, elabora\u00e7\u00e3o, execu\u00e7\u00e3o e acompanhamento do plano de a\u00e7\u00f5es articuladas; Acompanhamento e monitoramento dos Conselhos: CAE \u2013 Conselho de Alimenta\u00e7\u00e3o Escolar; CACS \u2013 FUNDEB \u2013 Conselho de Acompanhamento e Controle Social, CME \u2013 Conselho Municipal de Educa\u00e7\u00e3o.","orgao_id":1,"categoria_id":5,"slug":"inexigibilidade","criado":"2019-03-19 12:56:46","alterado":"2019-03-19 12:56:46"},{"id":6106,"titulo":"Inexigibilidade - ERPAC","numero":"05\/2019","objeto":"Presta\u00e7\u00e3o de servi\u00e7o t\u00e9cnico especializado por parte do ERPAC, conforme segue:\r\n1)Consultoria e assessoria relacionadas \u00e0 Contabilidade P\u00fablica, Legisla\u00e7\u00e3o Or\u00e7ament\u00e1ria e normas gerais de Finan\u00e7as P\u00fablicas;\r\n2) Apoio in loco a equipe interna do \u00f3rg\u00e3o nas atividades de fechamento do movimento mensal;\r\n3)Processamento e registro cont\u00e1bil da movimenta\u00e7\u00e3o or\u00e7ament\u00e1ria e financeira encaminhada pelo \u00f3rg\u00e3o;\r\n4) Elabora\u00e7\u00e3o de balancetes mensais e presta\u00e7\u00e3o de contas;\r\n5) Elabora\u00e7\u00e3o de Relat\u00f3rios Resumidos da Execu\u00e7\u00e3o Or\u00e7ament\u00e1ria e Relat\u00f3rios de Gest\u00e3o Fiscal, nos termos estabelecidos na Lei Complementar Federal n\u00ba 101\/00 Lei de Responsabilidade Fiscal;\r\n6) Acompanhamento dos limites constitucionais e legais de gastos com a Educa\u00e7\u00e3o e pessoal;\r\n7) Assessoria na elabora\u00e7\u00e3o dos Projetos de Lei referentes \u00e0 Lei de Diretrizes Or\u00e7ament\u00e1rias e Lei Or\u00e7ament\u00e1ria Anual;\r\n8) Envio a Secretaria do Tesouro Nacional (por meio do SICONFI, dos dados relativos aos relat\u00f3rios da Lei de Responsabilidade Fiscal, a execu\u00e7\u00e3o or\u00e7ament\u00e1ria e cont\u00e1bil;\r\n9) Assessoria no envio das informa\u00e7\u00f5es para o Tribunal de Contas do Estado de Sergipe, por meio do SAGRES;\r\n10)Acompanhamento permanente da situa\u00e7\u00e3o do \u00f3rg\u00e3o junto ao CAUC de modo a n\u00e3o prejudicar a transfer\u00eancia de recursos por parte do Governo Federal;\r\n11)Preenchimento e encaminhamento dos dados relativos ao SIOPE;\r\n12)Assessoria na elabora\u00e7\u00e3o de estudo de impacto or\u00e7ament\u00e1rio e financeiro decorrente do aumento da folha de pagamento;\r\n13)Acompanhamento da tramita\u00e7\u00e3o dos processos do \u00f3rg\u00e3o junto ao Tribunal de Contas do Estado, quando solicitado pelo Contratante;\r\n14)Assessoria a Procuradoria Municipal, quando em defesa dos interesses do Munic\u00edpio, junto aos \u00f3rg\u00e3os de controle, em mat\u00e9rias relacionadas ao objeto da presta\u00e7\u00e3o dos servi\u00e7os do contratado; \r\n15)Assessoria na elabora\u00e7\u00e3o de minutas de atos administrativos, desde de que relacionados ao objeto da nossa presta\u00e7\u00e3o de servi\u00e7os;\r\n16)Assessoria na elabora\u00e7\u00e3o de  Presta\u00e7\u00e3o de Contas dos recursos recebidos (transfer\u00eancias legais e volunt\u00e1rias);\r\n17)Assessoria na Elabora\u00e7\u00e3o do Relat\u00f3rio Trimestral de Audit\u00f3rio(Controle  Interno) para envio ao Tribunal de Contas do Estado (Resolu\u00e7\u00e3o TC n\u00ba 206\/001).\r\n18)Presta\u00e7\u00e3o de Contas (Balan\u00e7o Geral) de 2019; \r\n19)Projeto de Lei Or\u00e7ament\u00e1ria anual 2020; \r\n20)Projeto de Lei de Diretrizes Or\u00e7ament\u00e1ria 2020;","orgao_id":1,"categoria_id":5,"slug":"inexigibilidade-erpac","criado":"2019-03-19 12:55:57","alterado":"2019-04-11 09:24:25"},{"id":6105,"titulo":"DISPENSA","numero":"2019","objeto":"servi\u00e7os a serem prestados de ilustra\u00e7\u00f5es pedag\u00f3gicas nas paredes internas e externas das salas de aula, como tamb\u00e9m abertura de gravuras nos corredores da Escola Municipal Professora Maria Andrade Carvalho no povoado flechas.","orgao_id":1,"categoria_id":4,"slug":"dispensa","criado":"2019-03-19 12:46:02","alterado":"2019-03-19 12:46:02"},{"id":6104,"titulo":"DISPENSA ITWEB","numero":"2019","objeto":"objeto a contrata\u00e7\u00e3o de empresa especializada objetivando o desenvolvimento de homepage e loca\u00e7\u00e3o de servi\u00e7os de software, sistema de gerenciamento de conte\u00fado e hospedagem virtual de dados de conte\u00fado de p\u00e1ginas eletr\u00f4nicas vinculadas a rede de internet da Prefeitura Municipal de Itabaiana","orgao_id":1,"categoria_id":4,"slug":"dispensa-itweb","criado":"2019-03-19 12:44:10","alterado":"2019-03-19 12:44:10"},{"id":6103,"titulo":"DISPENSA TECSIS","numero":"2019","objeto":"contrata\u00e7\u00e3o para loca\u00e7\u00e3o de sistema (software) que permita a edi\u00e7\u00e3o, diagrama\u00e7\u00e3o, arte-finaliza\u00e7\u00e3o e publica\u00e7\u00e3o autom\u00e1tica na internet do Di\u00e1rio Oficial do Munic\u00edpio, al\u00e9m de disponibilizar o arquivo digital da edi\u00e7\u00e3o, em servidor dotado de Certifica\u00e7\u00e3o Digital ICP Brasil, para impress\u00e3o, buscando o aperfei\u00e7oamento e o desenvolvimento institucional da municipalidade, com vistas \u00e0 moderniza\u00e7\u00e3o e eficientiza\u00e7\u00e3o da administra\u00e7\u00e3o p\u00fablica","orgao_id":1,"categoria_id":4,"slug":"dispensa-tecsis","criado":"2019-03-19 12:42:49","alterado":"2019-03-19 12:42:49"},{"id":6102,"titulo":"DISPENSA AGSITEMA","numero":"2019","objeto":"Contrata\u00e7\u00e3o de empresa visando o licenciamento mensal de programas de inform\u00e1tica customiz\u00e1veis e Servi\u00e7os de cess\u00e3o direito de uso mensal de programas de inform\u00e1tica de Gest\u00e3o P\u00fablica denominado ordem de pagamento durante o per\u00edodo de Janeiro a Dezembro de 2019.","orgao_id":1,"categoria_id":4,"slug":"dispensa-agsitema","criado":"2019-03-19 12:41:16","alterado":"2019-03-19 12:41:16"},{"id":6101,"titulo":"Inexigibilidade","numero":"04\/2019","objeto":"contrata\u00e7\u00e3o de empresa especializada em direito de uso do Software ERP contabilis e seus respectivos m\u00f3dulos descritos abaixo: Controle Interno, Compras, Licita\u00e7\u00f5es e Preg\u00e3o Gerencial, Contratos, Conv\u00eanios, Almoxarifado, Patrim\u00f4nio para atender a Secretaria da Administra\u00e7\u00e3o e da Gest\u00e3o das Pessoas e  Planejamento Or\u00e7ament\u00e1rio, Administra\u00e7\u00e3o e Financeiro, Contabilidade e Lei 131 para atender a Secretaria da Fazenda neste Munic\u00edpio.","orgao_id":1,"categoria_id":5,"slug":"inexigibilidade","criado":"2019-03-19 12:40:59","alterado":"2019-03-19 12:40:59"}],"busca":null,"ano":null}