{"categorias":[{"id":1,"nome":"Chamada P\u00fablica","slug":"chamada-publica"},{"id":2,"nome":"Concorr\u00eancia P\u00fablica","slug":"concorrencia-publica"},{"id":10,"nome":"Concurso","slug":"concurso"},{"id":13,"nome":"Conv\u00eanio","slug":"convenio"},{"id":3,"nome":"Convite","slug":"convite"},{"id":4,"nome":"Dispensa de Licita\u00e7\u00e3o","slug":"dispensa-d-licitacao"},{"id":12,"nome":"Fundo do Meio Ambiente","slug":"fundo-do-meio-ambiente"},{"id":5,"nome":"Inexigibilidade","slug":"inexigibilidade"},{"id":6,"nome":"Leil\u00e3o","slug":"leilao"},{"id":11,"nome":"Penalidade","slug":"penalidade"},{"id":7,"nome":"Preg\u00e3o Eletr\u00f4nico","slug":"pregao-eletronico"},{"id":8,"nome":"Preg\u00e3o Presencial","slug":"pregao-presencial"},{"id":9,"nome":"Tomada de Pre\u00e7o","slug":"tomada-de-preco"}],"categoria":null,"orgaos":[{"id":"2","0":"2","nome":"FMAS - Fundo Municipal de Assist\u00eancia Social","1":"FMAS - Fundo Municipal de Assist\u00eancia Social","slug":"fmas-fundo-municipal-de-assistencia-social","2":"fmas-fundo-municipal-de-assistencia-social","criado":null,"3":null,"alterado":null,"4":null,"log":null,"5":null,"6":"1"},{"id":"3","0":"3","nome":"FMS - Fundo Municipal de Sa\u00fade","1":"FMS - Fundo Municipal de Sa\u00fade","slug":"fms-fundo-municipal-de-saude","2":"fms-fundo-municipal-de-saude","criado":null,"3":null,"alterado":null,"4":null,"log":null,"5":null,"6":"1"},{"id":"1","0":"1","nome":"Prefeitura Municipal","1":"Prefeitura Municipal","slug":"prefeitura-municipal","2":"prefeitura-municipal","criado":null,"3":null,"alterado":null,"4":null,"log":null,"5":null,"6":"1"},{"id":"4","0":"4","nome":"SMTT - Superintend\u00eancia Municipal de Tr\u00e2nsito e Transporte","1":"SMTT - Superintend\u00eancia Municipal de Tr\u00e2nsito e Transporte","slug":"smtt-superintendencia-municipal-de-transito-e-transporte","2":"smtt-superintendencia-municipal-de-transito-e-transporte","criado":null,"3":null,"alterado":null,"4":null,"log":null,"5":null,"6":"1"}],"orgao":null,"situacao":null,"paginacao":{"atual":30,"proxima":31,"anterior":29,"total_registros":1127,"total_paginas":76},"itens":[{"id":6131,"titulo":"INEXIGIBILIDADE - C\u00cdCERO TADEU","numero":"2019","objeto":"Presta\u00e7\u00e3o de servi\u00e7os de bonecos gigantes no dia 28 de Fevereiro de 2019, em decorr\u00eancia Bloco carnavalesco Folia Social, com o tema \u201cPreven\u00e7\u00e3o e combate \u00e0 gravidez na adolesc\u00eancia\u201d,","orgao_id":2,"categoria_id":5,"slug":"inexigibilidade-cicero-tadeu","criado":"2019-04-08 12:52:03","alterado":"2019-04-08 13:04:29"},{"id":6130,"titulo":"INEXIGIBILIDADE - 3 TECNOS","numero":"2019","objeto":"Licen\u00e7a de Uso e a Manuten\u00e7\u00e3o da vers\u00e3o execut\u00e1vel dos sistemas em processamento de dados abaixo relacionados:\r\nb)\t\r\n\u00c1reas \/ Setores \tDescri\u00e7\u00e3o\tSistemas \r\nPlanejamento e Contabilidade \tOr\u00e7amento Anual e Plano Plurianual\tPLANEJAMENTO\r\nContabilidade e Tesouraria\tGest\u00e3o Or\u00e7ament\u00e1ria, Extra-or\u00e7ament\u00e1ria, Tesouraria e Contabilidade P\u00fablica\tGEST\u00c3O \r\nContabilidade e Controle interno\tPresta\u00e7\u00e3o de Contas, Consolida\u00e7\u00e3o  Cont\u00e1bil Municipal, Apura\u00e7\u00e3o de Resultados, Controle Interno e LRF\tRESULTADO \r\nControle Interno \tPortal da Transpar\u00eancia\tMUNICIPALNET\r\nControle Interno \tLei de Acesso a informa\u00e7\u00e3o\tLAI","orgao_id":2,"categoria_id":5,"slug":"inexigibilidade-3-tecnos","criado":"2019-04-08 12:49:02","alterado":"2019-04-08 13:05:39"},{"id":6129,"titulo":"DISPENSA THIAGO S\u00c1","numero":"2019","objeto":"Presta\u00e7\u00e3o de servi\u00e7os de Orquestra de Frevo no dia 28 de Fevereiro de 2019, em decorr\u00eancia Bloco carnavalesco Folia Social, com o tema \u201cPreven\u00e7\u00e3o e combate \u00e0 gravidez na adolesc\u00eancia\u201d","orgao_id":2,"categoria_id":4,"slug":"dispensa-thiago-sa","criado":"2019-04-08 12:46:43","alterado":"2019-04-08 14:03:13"},{"id":6128,"titulo":"DISPENSA REZENDE E PEIXOTO","numero":"2019","objeto":"Contrata\u00e7\u00e3o de empresa especializada para Aquisi\u00e7\u00e3o de adere\u00e7os para carnaval que ser\u00e3o utilizados no bloco carnavalesco \u201cFolia Social\u201d que tem como tema \u201cPreven\u00e7\u00e3o e combate a gravidez na adolesc\u00eancia\u201d","orgao_id":2,"categoria_id":4,"slug":"dispensa-rezende-e-peixoto","criado":"2019-04-08 12:45:40","alterado":"2019-04-08 14:04:10"},{"id":6127,"titulo":"DISPENSA TECSIS","numero":"2019","objeto":"Contrata\u00e7\u00e3o de empresa para o Software de di\u00e1rio Oficial Eletr\u00f4nico, composto de um site de imprensa oficial eletr\u00f4nica e com sistema gerenciador de publica\u00e7\u00e3o operado pela TECSIS (Tecnologia e sistemas eireli me)","orgao_id":2,"categoria_id":4,"slug":"dispensa-tecsis","criado":"2019-04-08 12:44:18","alterado":"2019-04-08 14:04:55"},{"id":6126,"titulo":"DISPENSA 001 - Jo\u00e3o dos Santos","numero":"2019","orgao_id":2,"categoria_id":4,"slug":"dispensa-001-joao-dos-santos","criado":"2019-04-08 12:41:40","alterado":"2019-04-08 12:41:40"},{"id":6125,"titulo":"TOMADA DE PRE\u00c7OS n\u00b0 007\/2019","numero":"007\/2019","abertura":"2019-04-26 00:00:00","objeto":"Contrata\u00e7\u00e3o de empresa especializada em obras e servi\u00e7os de engenharia para reforma e amplia\u00e7\u00e3o da escola municipal F\u00e9lix Diniz Barreto localizada no povoado V\u00e1rzea do Gama deste munic\u00edpio.","orgao_id":1,"categoria_id":9,"tags":"#tomadadepre\u00e7o,#varzeadogama","slug":"tomada-de-precos-n0-007-2019","criado":"2019-04-05 12:46:56","alterado":"2019-04-05 12:46:56"},{"id":6124,"titulo":"TOMADA DE PRE\u00c7OS n\u00b0 006\/2019","numero":"006\/2019","abertura":"2019-04-25 00:00:00","objeto":"Contrata\u00e7\u00e3o de empresa especializada em obras e servi\u00e7os de engenharia para pavimenta\u00e7\u00e3o de Ruas do An\u00edzio Am\u00e2ncio de Oliveira, neste munic\u00edpio.","orgao_id":1,"categoria_id":9,"tags":"#pavimenta\u00e7\u00e3o,#tomadadepre\u00e7o","slug":"tomada-de-precos-n0-006-2019","criado":"2019-04-05 12:31:46","alterado":"2019-04-05 12:31:46"},{"id":6123,"titulo":"TOMADA DE PRE\u00c7OS n\u00b0 005\/2019","numero":"005\/2019","abertura":"2019-04-24 00:00:00","objeto":"Contrata\u00e7\u00e3o de empresa especializada em obras e servi\u00e7os de engenharia para execu\u00e7\u00e3o de servi\u00e7os remanescente da constru\u00e7\u00e3o de pra\u00e7as, neste munic\u00edpio","orgao_id":1,"categoria_id":9,"tags":"#pra\u00e7as","slug":"tomada-de-precos-n0-005-2019","criado":"2019-04-05 12:21:13","alterado":"2019-04-05 12:21:13"},{"id":6122,"titulo":"Inexigibilidade","numero":"010\/2019","objeto":"presta\u00e7\u00e3o de servi\u00e7os para  treinamento e aperfei\u00e7oamento na qualidade dos servidores da Secretaria da Educa\u00e7\u00e3o desta Prefeitura, visando a realiza\u00e7\u00e3o de curso \u201c Introdut\u00f3rio em An\u00e1lise do Comportamento Aplicado ABA: ao Ensino de Crian\u00e7a no Transtorno ao Espectro Autista, a ser realizado nos dias 23 e 24 de fevereiro de 2019 no hotel Del Canto Rua Alferes Jos\u00e9 Pedro de Brito, 67 Farol\u00e2ndia   Aracaju\/Se.","orgao_id":1,"categoria_id":5,"slug":"inexigibilidade","criado":"2019-04-05 10:41:58","alterado":"2019-04-05 10:41:58"},{"id":6121,"titulo":"DISPENSA JACKSON 2019","numero":"029\/2019","objeto":"Tem por objeto a loca\u00e7\u00e3o de 01 (um) im\u00f3vel situado na Rua Manoel Domingos Pereira n\u00ba 311, T\u00e9rreo Bairro Anizio Am\u00e2ncio neste munic\u00edpio.\r\nPar\u00e1grafo \u00fanico \u2013 O im\u00f3vel ora locado ser\u00e1 utilizado para o armazenamento de bens inserv\u00edveis  de diversas secretarias neste munic\u00edpio.","orgao_id":1,"categoria_id":4,"slug":"dispensa-jackson-2019","criado":"2019-04-04 12:48:07","alterado":"2019-04-04 12:48:07"},{"id":6120,"titulo":"DISPENSA CLEBER","numero":"2019","objeto":"servi\u00e7os de dedetiza\u00e7\u00e3o em geral a ser prestado nos Centro Educacional (Creches) no total de 07 (sete) unidades e nas Escolas Municipais no total de 48 (quarenta e oito ) unidades neste Munic\u00edpio, conforme proposta da contratada.","orgao_id":1,"categoria_id":4,"slug":"dispensa-cleber","criado":"2019-04-04 12:32:44","alterado":"2019-04-04 12:32:44"},{"id":6119,"titulo":"DISPENSA SENAC 2019","numero":"2019","publicacao":"2019-04-04 00:00:00","abertura":"2019-04-04 00:00:00","objeto":"contrata\u00e7\u00e3o de entidade para presta\u00e7\u00e3o de servi\u00e7os de cursos de qualifica\u00e7\u00e3o profissional com a finalidade de promover a aprendizagem profissional comercial em servi\u00e7os administrativos, conforme projeto\/proposta.","orgao_id":1,"categoria_id":4,"slug":"dispensa-senac-2019","criado":"2019-04-04 11:52:17","alterado":"2019-04-04 12:00:55"},{"id":6118,"titulo":"PREG\u00c3O 022\/2019 - Prefeitura","numero":"022\/2019","objeto":"contrata\u00e7\u00e3o de empresa visando a aquisi\u00e7\u00e3o e fornecimento parcelado de g\u00eaneros aliment\u00edcios perec\u00edveis e n\u00e3o perec\u00edveis para Merenda Escolar, Mais Educa\u00e7\u00e3o, Eja, Creche, Pr\u00e9-Escola e Col\u00e9gio Agr\u00edcola, n\u00e3o adquiridos no preg\u00e3o presencial n\u00ba 001  002, 015\/2019, chamada p\u00fablica 001 e 002\/2019.","orgao_id":1,"categoria_id":8,"slug":"pregao-022-2019-prefeitura","criado":"2019-04-04 11:28:37","alterado":"2019-04-04 11:35:56"},{"id":6117,"titulo":"Tomada de Pre\u00e7o n\u00b0 002\/2019 - Republica\u00e7\u00e3o","numero":"2019","abertura":"2019-04-23 00:00:00","objeto":"Contrata\u00e7\u00e3o de empresa para execu\u00e7\u00e3o de servi\u00e7os remanescentes objetivando a execu\u00e7\u00e3o de a\u00e7\u00f5es relativas ao Apoio a Projetos de Infraestrutura Tur\u00edstica \u2013 Sinaliza\u00e7\u00e3o Tur\u00edstica, neste munic\u00edpio \u2013 contrato de repasse n\u00ba 1.008.939-57\/2013\/MTUR\/CAIXA.","orgao_id":1,"categoria_id":9,"tags":"#tomadadepre\u00e7o ,#Sinaliza\u00e7\u00e3oTur\u00edstica","slug":"tomada-de-preco-n0-002-2019-republicacao","criado":"2019-04-02 12:54:56","alterado":"2019-04-02 12:54:56"}],"busca":null,"ano":null}