{"categorias":[{"id":1,"nome":"Chamada P\u00fablica","slug":"chamada-publica"},{"id":2,"nome":"Concorr\u00eancia P\u00fablica","slug":"concorrencia-publica"},{"id":10,"nome":"Concurso","slug":"concurso"},{"id":13,"nome":"Conv\u00eanio","slug":"convenio"},{"id":3,"nome":"Convite","slug":"convite"},{"id":4,"nome":"Dispensa de Licita\u00e7\u00e3o","slug":"dispensa-d-licitacao"},{"id":12,"nome":"Fundo do Meio Ambiente","slug":"fundo-do-meio-ambiente"},{"id":5,"nome":"Inexigibilidade","slug":"inexigibilidade"},{"id":6,"nome":"Leil\u00e3o","slug":"leilao"},{"id":11,"nome":"Penalidade","slug":"penalidade"},{"id":7,"nome":"Preg\u00e3o Eletr\u00f4nico","slug":"pregao-eletronico"},{"id":8,"nome":"Preg\u00e3o Presencial","slug":"pregao-presencial"},{"id":9,"nome":"Tomada de Pre\u00e7o","slug":"tomada-de-preco"}],"categoria":null,"orgaos":[{"id":"2","0":"2","nome":"FMAS - Fundo Municipal de Assist\u00eancia Social","1":"FMAS - Fundo Municipal de Assist\u00eancia Social","slug":"fmas-fundo-municipal-de-assistencia-social","2":"fmas-fundo-municipal-de-assistencia-social","criado":null,"3":null,"alterado":null,"4":null,"log":null,"5":null,"6":"1"},{"id":"3","0":"3","nome":"FMS - Fundo Municipal de Sa\u00fade","1":"FMS - Fundo Municipal de Sa\u00fade","slug":"fms-fundo-municipal-de-saude","2":"fms-fundo-municipal-de-saude","criado":null,"3":null,"alterado":null,"4":null,"log":null,"5":null,"6":"1"},{"id":"1","0":"1","nome":"Prefeitura Municipal","1":"Prefeitura Municipal","slug":"prefeitura-municipal","2":"prefeitura-municipal","criado":null,"3":null,"alterado":null,"4":null,"log":null,"5":null,"6":"1"},{"id":"4","0":"4","nome":"SMTT - Superintend\u00eancia Municipal de Tr\u00e2nsito e Transporte","1":"SMTT - Superintend\u00eancia Municipal de Tr\u00e2nsito e Transporte","slug":"smtt-superintendencia-municipal-de-transito-e-transporte","2":"smtt-superintendencia-municipal-de-transito-e-transporte","criado":null,"3":null,"alterado":null,"4":null,"log":null,"5":null,"6":"1"}],"orgao":null,"situacao":null,"paginacao":{"atual":3,"proxima":4,"anterior":2,"total_registros":1127,"total_paginas":76},"itens":[{"id":6542,"titulo":"INEXIGIBILIDADE ERPAC","objeto":"Presta\u00e7\u00e3o de servi\u00e7o t\u00e9cnico especializado por parte do ERPAC.","orgao_id":1,"categoria_id":5,"slug":"inexigibilidade-erpac","criado":"2021-03-10 10:04:02","alterado":"2021-03-10 10:04:02"},{"id":6541,"titulo":"INEXIGIBILIDADE ELCONTRI","objeto":"Presta\u00e7\u00e3o de servi\u00e7os t\u00e9cnicos especializados de assessoria e consultoria e Assessoria em Planejamento Tribut\u00e1rio, inclusive, na elabora\u00e7\u00e3o de minuta de Projeto de Lei Complementar que versa sobre tributos, incremento e recupera\u00e7\u00e3o de cr\u00e9ditos municipais, decorrentes dos tributos municipais.","orgao_id":1,"categoria_id":5,"slug":"inexigibilidade-elcontri","criado":"2021-03-10 10:02:34","alterado":"2021-03-10 10:02:34"},{"id":6540,"titulo":"DISPENSA BANESE","objeto":"servi\u00e7os de arrecada\u00e7\u00e3o dos pagamentos de documentos com c\u00f3digo de barras de emiss\u00e3o do(a) CONTRATAI\\TE, estando o BANESE autorizado a\r\nreceber os mencionados pagamentos por qualquer modalidade pela qual estes se processem, nos termos desse contrato.","orgao_id":1,"categoria_id":4,"slug":"dispensa-banese","criado":"2021-03-10 09:57:57","alterado":"2021-03-10 09:57:57"},{"id":6539,"titulo":"DISPENSA TECSIS","objeto":"Contrata\u00e7\u00e3o de empresa para loca\u00e7\u00e3o de sistema (software) que permita a edi\u00e7\u00e3o, diagrama\u00e7\u00e3o, arte-finaliza\u00e7\u00e3o e publica\u00e7\u00e3o autom\u00e1tica na internet no Di\u00e1rio Oficial do Munic\u00edpio.","orgao_id":1,"categoria_id":4,"slug":"dispensa-tecsis","criado":"2021-03-10 09:52:24","alterado":"2021-03-10 09:52:24"},{"id":6538,"titulo":"DISPENSA - ERPAC - FMDAC","numero":"2021","orgao_id":2,"categoria_id":4,"slug":"dispensa-erpac-fmdac","criado":"2021-03-03 12:02:24","alterado":"2021-03-03 12:02:24"},{"id":6537,"titulo":"DISPENSA - ERPAC","numero":"2021","orgao_id":2,"categoria_id":4,"slug":"dispensa-erpac","criado":"2021-03-03 12:01:11","alterado":"2021-03-03 12:01:11"},{"id":6536,"titulo":"INEXIGIBILIDADE - ENERGISA","numero":"2021","orgao_id":2,"categoria_id":5,"slug":"inexigibilidade-energisa","criado":"2021-03-03 11:59:05","alterado":"2021-03-03 11:59:05"},{"id":6535,"titulo":"INEXIGIBILIDADE - CAT CONSULTORIA","numero":"2021","orgao_id":2,"categoria_id":5,"slug":"inexigibilidade-cat-consultoria","criado":"2021-03-03 11:56:09","alterado":"2021-03-03 11:56:09"},{"id":6534,"titulo":"DISPENSA A.A.I - ALUGUEL","numero":"2021","objeto":"ALUGUEL DA A.A.I.","orgao_id":2,"categoria_id":4,"slug":"dispensa-a-a-i-aluguel","criado":"2021-03-03 11:54:04","alterado":"2021-03-03 11:54:04"},{"id":6533,"titulo":"TOMADA DE PRE\u00c7O N\u00ba 004\/2021 - PREFEITURA","objeto":"Contrata\u00e7\u00e3o de empresa especializada em obras e servi\u00e7os de engenharia para a Pavimenta\u00e7\u00e3o de Ruas do Loteamento S\u00e3o Jo\u00e3o II.","orgao_id":1,"categoria_id":9,"slug":"tomada-de-preco-no-004-2021-prefeitura","criado":"2021-03-02 13:58:53","alterado":"2021-03-02 13:58:53"},{"id":6532,"titulo":"TOMADA DE PRE\u00c7O N\u00ba 003\/2021 - PREFEITURA","objeto":"Contrata\u00e7\u00e3o de empresa especializada em obras e servi\u00e7os de engenharia para amplia\u00e7\u00e3o da Escola Municipal Professora Vera C\u00e2ndida Costa Santana, de Ensino Fundamental, situada no Loteamento Santa M\u00f4nica, Bairro Mamede Paes Mendon\u00e7a para atender o Conv\u00eanio n\u00ba 007\/2020 celebrado entre o Estado de Sergipe por meio da Secretaria de Estado da Educa\u00e7\u00e3o, do Esporte e da Cultura \u2013 SEDUC e o Munic\u00edpio de Itabaiana,.","orgao_id":1,"categoria_id":9,"slug":"tomada-de-preco-no-003-2021-prefeitura","criado":"2021-03-02 13:55:04","alterado":"2021-03-02 14:01:50"},{"id":6531,"titulo":"PREG\u00c3O ELETR\u00d4NICO 015\/2021 REPUBLICA\u00c7\u00c3O","numero":"015\/2021 -  REPUBLICA\u00c7\u00c3O","objeto":"contrata\u00e7\u00e3o de empresa na presta\u00e7\u00e3o de servi\u00e7os de manuten\u00e7\u00e3o preventiva, corretiva e assist\u00eancia mec\u00e2nica para a Usina de Asfalto e Vibro Acabadora, de propriedade deste munic\u00edpio, sem reposi\u00e7\u00e3o de pe\u00e7as.","orgao_id":1,"categoria_id":7,"slug":"pregao-eletronico-015-2021-republicacao","criado":"2021-03-01 10:14:38","alterado":"2021-03-01 10:18:11"},{"id":6530,"titulo":"PREG\u00c3O 013\/2021 REPUBLICA\u00c7\u00c3O","numero":"013\/2021","objeto":"aquisi\u00e7\u00e3o de Purificador de Agua para atender o Termo de Compromisso PAR n\u00ba 201601099 celebrado entre o Fundo Nacional de Desenvolvimento da Educa\u00e7\u00e3o-Fnde e o Munic\u00edpio de Itabaiana\/Se, que ser\u00e3o destinados a unidade de educa\u00e7\u00e3o infantil \u2013 Creche\/Pr\u00e9-Escola \u2013 Escola Proinf\u00e2ncia C \u2013 Metodologias Inovadoras no Povoado Carrilho, n\u00e3o adquirido no Preg\u00e3o 004\/2021.","orgao_id":1,"categoria_id":7,"slug":"pregao-013-2021-republicacao","criado":"2021-02-26 09:39:43","alterado":"2021-02-26 09:39:43"},{"id":6529,"titulo":"PREG\u00c3O ELETR\u00d4NICO 016\/2021 - PREFEITURA","objeto":"Registro de pre\u00e7os visando execu\u00e7\u00e3o de servi\u00e7os de cobertura de pneus, dos ve\u00edculos e maquinas de propriedade deste munic\u00edpio.","orgao_id":1,"categoria_id":7,"slug":"pregao-eletronico-016-2021-prefeitura","criado":"2021-02-25 12:05:08","alterado":"2021-02-25 12:05:08"},{"id":6528,"titulo":"PREG\u00c3O ELETR\u00d4NICO 008\/2021 - EPIs","numero":"008\/2021","objeto":"Aquisi\u00e7\u00e3o e fornecimento parcelado de 154 kits de EPI \u2013 Equipamentos de Prote\u00e7\u00e3o Individual a serem utilizados pelos trabalhadores do SUAS \u2013 Sistema \u00danico de Assist\u00eancia.","orgao_id":2,"categoria_id":7,"tags":"EPIs,Equipamentos de prote\u00e7\u00e3o","slug":"pregao-eletronico-008-2021-epis","criado":"2021-02-24 12:33:03","alterado":"2021-02-24 12:33:03"}],"busca":null,"ano":null}