{"categorias":[{"id":1,"nome":"Chamada P\u00fablica","slug":"chamada-publica"},{"id":2,"nome":"Concorr\u00eancia P\u00fablica","slug":"concorrencia-publica"},{"id":10,"nome":"Concurso","slug":"concurso"},{"id":13,"nome":"Conv\u00eanio","slug":"convenio"},{"id":3,"nome":"Convite","slug":"convite"},{"id":4,"nome":"Dispensa de Licita\u00e7\u00e3o","slug":"dispensa-d-licitacao"},{"id":12,"nome":"Fundo do Meio Ambiente","slug":"fundo-do-meio-ambiente"},{"id":5,"nome":"Inexigibilidade","slug":"inexigibilidade"},{"id":6,"nome":"Leil\u00e3o","slug":"leilao"},{"id":11,"nome":"Penalidade","slug":"penalidade"},{"id":7,"nome":"Preg\u00e3o Eletr\u00f4nico","slug":"pregao-eletronico"},{"id":8,"nome":"Preg\u00e3o Presencial","slug":"pregao-presencial"},{"id":9,"nome":"Tomada de Pre\u00e7o","slug":"tomada-de-preco"}],"categoria":null,"orgaos":[{"id":"2","0":"2","nome":"FMAS - Fundo Municipal de Assist\u00eancia Social","1":"FMAS - Fundo Municipal de Assist\u00eancia Social","slug":"fmas-fundo-municipal-de-assistencia-social","2":"fmas-fundo-municipal-de-assistencia-social","criado":null,"3":null,"alterado":null,"4":null,"log":null,"5":null,"6":"1"},{"id":"3","0":"3","nome":"FMS - Fundo Municipal de Sa\u00fade","1":"FMS - Fundo Municipal de Sa\u00fade","slug":"fms-fundo-municipal-de-saude","2":"fms-fundo-municipal-de-saude","criado":null,"3":null,"alterado":null,"4":null,"log":null,"5":null,"6":"1"},{"id":"1","0":"1","nome":"Prefeitura Municipal","1":"Prefeitura Municipal","slug":"prefeitura-municipal","2":"prefeitura-municipal","criado":null,"3":null,"alterado":null,"4":null,"log":null,"5":null,"6":"1"},{"id":"4","0":"4","nome":"SMTT - Superintend\u00eancia Municipal de Tr\u00e2nsito e Transporte","1":"SMTT - Superintend\u00eancia Municipal de Tr\u00e2nsito e Transporte","slug":"smtt-superintendencia-municipal-de-transito-e-transporte","2":"smtt-superintendencia-municipal-de-transito-e-transporte","criado":null,"3":null,"alterado":null,"4":null,"log":null,"5":null,"6":"1"}],"orgao":null,"situacao":null,"paginacao":{"atual":29,"proxima":30,"anterior":28,"total_registros":1127,"total_paginas":76},"itens":[{"id":6146,"titulo":"Chamada P\u00fablica","numero":"002\/2019","objeto":"Aquisi\u00e7\u00e3o de g\u00eaneros aliment\u00edcios da agricultura familiar e empreendedor familiar rural para alimenta\u00e7\u00e3o escolar, n\u00e3o adquiridos na Chamada P\u00fablica 001\/2019, conforme especifica\u00e7\u00f5es constantes do anexo II desta Chamada.","orgao_id":1,"categoria_id":1,"slug":"chamada-publica","criado":"2019-04-15 10:02:27","alterado":"2019-04-15 10:02:27"},{"id":6145,"titulo":"Inexigibilidade","numero":"008\/2019","objeto":"A Assessoria e Consultoria Jur\u00eddica na \u00e1rea do direito municipal, envolvendo o contencioso e administrativo abaixo relacionadas, de acordo com as especifica\u00e7\u00f5es constantes da Inexigibilidade.\r\nAcompanhamento dos recursos c\u00edveis em tr\u00e2mite no Tribunal de Justi\u00e7a de Sergipe que tenham como parte o Munic\u00edpio de Itabaiana;\r\nAcompanhamento dos recursos c\u00edveis em tr\u00e2mite no Superior Tribunal de Justi\u00e7a e no Supremo Tribunal Federal decorrentes de ac\u00f3rd\u00e3os proferidos na Justi\u00e7a Estadual que tenham como parte o Munic\u00edpio de Itabaiana;\r\nAcompanhamento e defesa do Ente nos processos em tr\u00e2mite perante o TCE, TCU e Minist\u00e9rios;\r\nAjuizamento de a\u00e7\u00f5es de improbidade com fundamento nos artigos 9\u00b0 a 11\u00b0 da Lei 8429\/92, bem como o acompanhamento de a\u00e7\u00f5es civis p\u00fablicas que tenham o Munic\u00edpio como demandado.","orgao_id":1,"categoria_id":5,"slug":"inexigibilidade","criado":"2019-04-12 10:30:31","alterado":"2019-04-12 10:30:31"},{"id":6144,"titulo":"Inexigibilidade - 3 Tecnos","numero":"2019","objeto":"Contrata\u00e7\u00e3o de empresa especializada em direito de uso do Software ERP Contabilis e seus respectivos m\u00f3dulos descritos abaixo:\r\nPlanejamento Or\u00e7ament\u00e1rio \r\nAdministrativo e Financeiro \r\nContabilidade e Lei 131\r\nControle Interno\r\nCompras, Licita\u00e7\u00e3o e Preg\u00e3o Gerencial \r\nContratos\/ Conv\u00eanios \r\nAlmoxarifado\r\nPatrim\u00f4nio","orgao_id":1,"categoria_id":5,"slug":"inexigibilidade-3-tecnos","criado":"2019-04-12 08:09:54","alterado":"2019-04-12 08:09:54"},{"id":6143,"titulo":"Dispensa - Servi\u00e7os Gr\u00e1ficos de Sergipe","numero":"2019","objeto":"A contrata\u00e7\u00e3o de empresa especializada em servi\u00e7os referente a publica\u00e7\u00e3o do Di\u00e1rio Oficial - Estado de Sergipe, relativo ao per\u00edodo de Janeiro a Dezembro\/2019.","orgao_id":1,"categoria_id":4,"slug":"dispensa-servicos-graficos-de-sergipe","criado":"2019-04-11 08:33:31","alterado":"2019-04-11 08:50:58"},{"id":6142,"titulo":"Dispensa - NP Capacita\u00e7\u00f5es e Solu\u00e7\u00f5es Tecnol\u00f3gica LTDA","numero":"2019","objeto":"Contrata\u00e7\u00e3o de empresa especializada visando acesso ao sistema de Banco de Pre\u00e7os pelo per\u00edodo de 12 (doze) meses, para atender as necessidades das secretarias deste munic\u00edpio.","orgao_id":1,"categoria_id":4,"slug":"dispensa-np-capacitacoes-e-solucoes-tecnologica-ltda","criado":"2019-04-10 09:59:23","alterado":"2019-04-10 09:59:23"},{"id":6141,"titulo":"023\/2019 - Prefeitura de Itabaiana\/Se","numero":"023\/2019","objeto":"Registro de pre\u00e7os visando a manuten\u00e7\u00e3o e recarga de recargas para extintores, n\u00e3o adquiridos no Preg\u00e3o 017\/2019.","orgao_id":1,"categoria_id":8,"slug":"023-2019-prefeitura-de-itabaiana-se","criado":"2019-04-10 09:19:41","alterado":"2019-04-10 09:19:41"},{"id":6140,"titulo":"Aluguel - Florival Machado","numero":"2019","objeto":"A loca\u00e7\u00e3o de 01(um) im\u00f3vel situado na Avenida Manoel Antonio dos Santos, n\u00b0 882, neste munic\u00edpio.","orgao_id":1,"categoria_id":4,"slug":"aluguel-florival-machado","criado":"2019-04-10 09:14:22","alterado":"2019-04-10 09:14:22"},{"id":6139,"titulo":"Aluguel - Maria Jos\u00e9 dos Santos","numero":"2019","objeto":"Loca\u00e7\u00e3o de 01(um) im\u00f3vel situado na Rua Judite Dantas de Andrade. n\u00b0 552 - Bairro Paes Mendon\u00e7a , neste Munic\u00edpio.","orgao_id":1,"categoria_id":4,"slug":"aluguel-maria-jose-dos-santos","criado":"2019-04-10 08:34:21","alterado":"2019-04-10 08:34:21"},{"id":6138,"titulo":"ALUGUEL - MILENA KATRINE ANDRADE SANTOS","numero":"2019","objeto":"Loca\u00e7\u00e3o de um im\u00f3vel situado na Avenida Padre Airton Gon\u00e7alves de Lima n\u00ba 363, Bairro S\u00e3o Cristov\u00e3o, em Itabaiana\/Sergipe.","orgao_id":2,"categoria_id":4,"slug":"aluguel-milena-katrine-andrade-santos","criado":"2019-04-09 12:59:47","alterado":"2019-04-09 12:59:47"},{"id":6137,"titulo":"ALUGUEL - A.A.I.","numero":"2019","objeto":"Utiliza\u00e7\u00e3o de \u00e1rea de lazer que integra o pr\u00e9dio da Associa\u00e7\u00e3o Atl\u00e9tica de Itabaiana, situado na Avenida Ivo de Carvalho, n\u00ba 360 nesta cidade de Itabaiana\/Sergipe.","orgao_id":2,"categoria_id":4,"slug":"aluguel-a-a-i","criado":"2019-04-09 12:13:56","alterado":"2019-04-09 12:13:56"},{"id":6136,"titulo":"ALUGUEL - FERNANDO DOS SANTOS","numero":"2019","objeto":"Loca\u00e7\u00e3o de um im\u00f3vel situado na estrada de Beto n\u00ba 1011, no Povoado Taboca na cidade de Itabaiana\/Sergipe","orgao_id":2,"categoria_id":4,"slug":"aluguel-fernando-dos-santos","criado":"2019-04-09 12:08:42","alterado":"2019-04-09 12:08:42"},{"id":6135,"titulo":"ALUGUEL - TAMIRES DE ARA\u00daJO SANTOS","numero":"2019","objeto":"Loca\u00e7\u00e3o de im\u00f3vel situado a rua F. Lot. Munez, n\u00ba 207, no Povoado Rio das Pedras, no munic\u00edpio de Itabaiana-Sergipe","orgao_id":2,"categoria_id":4,"slug":"aluguel-tamires-de-araujo-santos","criado":"2019-04-09 12:02:31","alterado":"2019-04-09 12:02:31"},{"id":6134,"titulo":"ALUGUEL - NEUMA CRISTINA PINHEIRO NORONHA MENEZES","numero":"2019","objeto":"Loca\u00e7\u00e3o de um im\u00f3vel situado \u00e0 rua Marcelino R. Bispo n\u00ba 09, Conjunto General Jo\u00e3o Pereira, nesta cidade de Itabaiana.","orgao_id":2,"categoria_id":4,"slug":"aluguel-neuma-cristina-pinheiro-noronha-menezes","criado":"2019-04-09 11:56:28","alterado":"2019-04-09 11:56:28"},{"id":6133,"titulo":"Aluguel - Alessandro Rocha Santana","numero":"2019","objeto":"Loca\u00e7\u00e3o de 01 (um) casa situada na Rua Perc\u00edlio Andrade, 1369, nesta cidade de Itabaiana\/SE.","orgao_id":1,"categoria_id":4,"slug":"aluguel-alessandro-rocha-santana","criado":"2019-04-09 10:36:43","alterado":"2019-04-09 10:36:43"},{"id":6132,"titulo":"Aluguel - Agostinho Agamenon dos Santoa","numero":"2019","objeto":"Loca\u00e7\u00e3o de 01 (um) im\u00f3vel situado na Rua Francisco Santos , n\u00b0 160, nesta cidade Itabaiana\/SE.","orgao_id":1,"categoria_id":4,"slug":"aluguel-agostinho-agamenon-dos-santoa","criado":"2019-04-09 09:42:38","alterado":"2019-04-09 09:42:38"}],"busca":null,"ano":null}