{"categorias":[{"id":1,"nome":"Chamada P\u00fablica","slug":"chamada-publica"},{"id":2,"nome":"Concorr\u00eancia P\u00fablica","slug":"concorrencia-publica"},{"id":10,"nome":"Concurso","slug":"concurso"},{"id":13,"nome":"Conv\u00eanio","slug":"convenio"},{"id":3,"nome":"Convite","slug":"convite"},{"id":4,"nome":"Dispensa de Licita\u00e7\u00e3o","slug":"dispensa-d-licitacao"},{"id":12,"nome":"Fundo do Meio Ambiente","slug":"fundo-do-meio-ambiente"},{"id":5,"nome":"Inexigibilidade","slug":"inexigibilidade"},{"id":6,"nome":"Leil\u00e3o","slug":"leilao"},{"id":11,"nome":"Penalidade","slug":"penalidade"},{"id":7,"nome":"Preg\u00e3o Eletr\u00f4nico","slug":"pregao-eletronico"},{"id":8,"nome":"Preg\u00e3o Presencial","slug":"pregao-presencial"},{"id":9,"nome":"Tomada de Pre\u00e7o","slug":"tomada-de-preco"}],"categoria":null,"orgaos":[{"id":"2","0":"2","nome":"FMAS - Fundo Municipal de Assist\u00eancia Social","1":"FMAS - Fundo Municipal de Assist\u00eancia Social","slug":"fmas-fundo-municipal-de-assistencia-social","2":"fmas-fundo-municipal-de-assistencia-social","criado":null,"3":null,"alterado":null,"4":null,"log":null,"5":null,"6":"1"},{"id":"3","0":"3","nome":"FMS - Fundo Municipal de Sa\u00fade","1":"FMS - Fundo Municipal de Sa\u00fade","slug":"fms-fundo-municipal-de-saude","2":"fms-fundo-municipal-de-saude","criado":null,"3":null,"alterado":null,"4":null,"log":null,"5":null,"6":"1"},{"id":"1","0":"1","nome":"Prefeitura Municipal","1":"Prefeitura Municipal","slug":"prefeitura-municipal","2":"prefeitura-municipal","criado":null,"3":null,"alterado":null,"4":null,"log":null,"5":null,"6":"1"},{"id":"4","0":"4","nome":"SMTT - Superintend\u00eancia Municipal de Tr\u00e2nsito e Transporte","1":"SMTT - Superintend\u00eancia Municipal de Tr\u00e2nsito e Transporte","slug":"smtt-superintendencia-municipal-de-transito-e-transporte","2":"smtt-superintendencia-municipal-de-transito-e-transporte","criado":null,"3":null,"alterado":null,"4":null,"log":null,"5":null,"6":"1"}],"orgao":null,"situacao":null,"paginacao":{"atual":28,"proxima":29,"anterior":27,"total_registros":1127,"total_paginas":76},"itens":[{"id":6161,"titulo":"TOMADA DE PRE\u00c7OS 008\/2019 PREFEITURA","numero":"008\/2019","objeto":"contrata\u00e7\u00e3o de pessoa jur\u00eddica para presta\u00e7\u00e3o de servi\u00e7os t\u00e9cnicos especializados em organiza\u00e7\u00e3o e execu\u00e7\u00e3o de concurso p\u00fablico para provimento de empregos p\u00fablicos do Quadro de Pessoal da Prefeitura de Itabaiana, conforme disp\u00f5e a Lei complementar n\u00ba 066, de 10 de abril de 2019, de acordo com Projeto B\u00e1sico, convertido em Anexo I do instrumento.","orgao_id":1,"categoria_id":9,"slug":"tomada-de-precos-008-2019-prefeitura","criado":"2019-05-13 17:05:37","alterado":"2019-05-14 12:24:21"},{"id":6160,"titulo":"031\/2019","numero":"2019","objeto":"contrata\u00e7\u00e3o de empresa especializada visando \u00e0 presta\u00e7\u00e3o de servi\u00e7os para capta\u00e7\u00e3o de cotas de patroc\u00ednio, loca\u00e7\u00e3o de \u00e1reas de stand`s e outras a\u00e7\u00f5es promocionais, para promo\u00e7\u00e3o da 54\u00aa Festa do Caminhoneiro.","orgao_id":1,"categoria_id":8,"slug":"031-2019","criado":"2019-05-08 12:55:39","alterado":"2019-05-08 12:55:39"},{"id":6159,"titulo":"PREG\u00c3O 030\/2019 PREFEITURA","numero":"030\/2019","objeto":"loca\u00e7\u00e3o de ve\u00edculos tipo van destinada ao transporte de professores com motorista e combust\u00edvel por conta da contratada, conforme especifica\u00e7\u00f5es constantes no Anexo I deste Edital","orgao_id":1,"categoria_id":8,"slug":"pregao-030-2019-prefeitura","criado":"2019-05-07 13:31:49","alterado":"2019-05-07 13:31:49"},{"id":6158,"titulo":"Preg\u00e3o Presencial n\u00ba. 009\/2019 - Fundo Municipal de Sa\u00fade (Pneus)","numero":"009\/2019","objeto":"Registro de pre\u00e7os visando aquisi\u00e7\u00e3o parcelada de pneus, c\u00e2maras de ar e protetores para a frota de ve\u00edculos\/m\u00e1quinas, no intuito de suprir as necessidades dos \u00f3rg\u00e3os p\u00fablicos vinculados \u00e0 Prefeitura Municipal de Itabaiana\/SE.","orgao_id":3,"categoria_id":8,"slug":"pregao-presencial-no-009-2019-fundo-municipal-de-saude-pneus","criado":"2019-05-03 13:40:27","alterado":"2019-05-27 11:26:37"},{"id":6157,"titulo":"PREG\u00c3O PRESENCIAL n\u00b0 029\/2019 - FORNECIMENTO DE ALMO\u00c7O","numero":"029\/2019","abertura":"2019-05-16 00:00:00","objeto":"OBJETO: Contrata\u00e7\u00e3o de empresa para fornecimento de almo\u00e7o que ser\u00e1 servido aos Caminhoneiros deste munic\u00edpio.","orgao_id":1,"categoria_id":8,"tags":"#ALMO\u00c7O","slug":"pregao-presencial-n0-029-2019-fornecimento-de-almoco","criado":"2019-05-02 10:31:55","alterado":"2019-05-02 10:31:55"},{"id":6156,"titulo":"PREG\u00c3O PRESENCIAL n\u00b0 028\/2019 - BANDEIROLAS","numero":"028\/2019","abertura":"2019-05-16 00:00:00","objeto":"OBJETO: Contrata\u00e7\u00e3o de empresa especializada para realizar a decora\u00e7\u00e3o em bandeirolas dos locais onde ser\u00e1 realizada a 54\u00aa Feira do Caminh\u00e3o.","orgao_id":1,"categoria_id":8,"tags":"#BANDEIROLAS,#DECORA\u00c7\u00c3O","slug":"pregao-presencial-n0-028-2019-bandeirolas","criado":"2019-05-02 10:29:35","alterado":"2019-05-02 10:29:35"},{"id":6155,"titulo":"PREG\u00c3O PRESENCIAL SRP N\u00b0 027\/2019 - FOR\u00c7A DE PNEU","numero":"027\/2019","abertura":"2019-05-14 00:00:00","objeto":"Registro de pre\u00e7os visando futuras contrata\u00e7\u00f5es de empresas para a execu\u00e7\u00e3o de servi\u00e7os de reparo e cobertura de pneus dos ve\u00edculos e maquinas de propriedade deste munic\u00edpio.","orgao_id":1,"categoria_id":8,"tags":"#PNEUS","slug":"pregao-presencial-srp-n0-027-2019-forca-de-pneu","criado":"2019-05-02 10:26:41","alterado":"2019-05-02 10:26:41"},{"id":6154,"titulo":"AVISO DE LICITA\u00c7\u00c3O PREG\u00c3O PRESENCIAL n\u00b0 026\/2019","numero":"026\/2019","abertura":"2019-05-13 00:00:00","objeto":"Aquisi\u00e7\u00e3o de mobili\u00e1rio, equipamentos padronizados e outros conforme Termo de Compromisso PAR n\u00ba 201601099 celebrado entre o FNDE e o Munic\u00edpio de Itabaiana\/Se para atender a creche do Povoado Carrilho e Creche do Bairro Miguel Teles Mendon\u00e7a deste munic\u00edpio.","orgao_id":1,"categoria_id":8,"slug":"aviso-de-licitacao-pregao-presencial-n0-026-2019","criado":"2019-05-02 10:22:41","alterado":"2019-05-02 10:22:41"},{"id":6153,"titulo":"PREG\u00c3O 025\/2019 PREFEITURA","numero":"025\/2019","objeto":"Contrata\u00e7\u00e3o de empresa para fornecimento parcelado de coletes bal\u00edsticos destinados para a Secretaria de rela\u00e7\u00f5es Institucionais e da Ordem P\u00fablica, bem como para a Guarda Municipal.","orgao_id":1,"categoria_id":8,"slug":"pregao-025-2019-prefeitura","criado":"2019-04-29 16:13:12","alterado":"2019-04-29 16:13:12"},{"id":6152,"titulo":"Preg\u00e3o Presencial n\u00ba. 008\/2019 - Fundo Municipal de Sa\u00fade","numero":"008\/2019","objeto":"Registro de Pre\u00e7os visando aquisi\u00e7\u00e3o parcelada de materiais, equipamentos, acess\u00f3rios, suprimentos de inform\u00e1tica que atender\u00e3o a diversos \u00f3rg\u00e3os vinculados a Prefeitura Municipal de Itabaiana.","orgao_id":3,"categoria_id":8,"slug":"pregao-presencial-no-008-2019-fundo-municipal-de-saude","criado":"2019-04-29 13:14:46","alterado":"2019-04-29 13:14:46"},{"id":6151,"titulo":"PREG\u00c3O PRESENCIAL SRP N\u00b0 006\/2019 - AQUISI\u00c7\u00c3O DE VE\u00cdCULOS","numero":"006\/2019","abertura":"2019-05-10 00:00:00","objeto":"A presente licita\u00e7\u00e3o tem como objeto contrata\u00e7\u00e3o de empresa especializada visando aquisi\u00e7\u00e3o de 02 (dois) ve\u00edculos ano 2019 0 Km, na cor branca motor flex para atender as necessidades do Fundo Municipal de Assist\u00eancia Social de Itabaiana.","orgao_id":2,"categoria_id":8,"tags":"#CARROS,#VE\u00cdCULOS","slug":"pregao-presencial-srp-n0-006-2019-aquisicao-de-veiculos","criado":"2019-04-29 08:02:30","alterado":"2019-04-29 08:02:30"},{"id":6150,"titulo":"Preg\u00e3o Presencial n\u00ba. 007\/2019 - Fundo Municipal de Sa\u00fade","numero":"007\/2019","objeto":"Registro de pre\u00e7os visando futuras contrata\u00e7\u00f5es de empresas especializadas para presta\u00e7\u00e3o de servi\u00e7os de manuten\u00e7\u00e3o preventiva e corretiva de impressoras, recarga de cartuchos, tonner e substitui\u00e7\u00e3o de chip, que atender\u00e1 as necessidades de diversas secretarias deste munic\u00edpio","orgao_id":3,"categoria_id":8,"slug":"pregao-presencial-no-007-2019-fundo-municipal-de-saude","criado":"2019-04-24 16:12:54","alterado":"2019-04-24 16:12:54"},{"id":6149,"titulo":"Preg\u00e3o Presencial n\u00ba. 006\/2019 - Fundo Municipal de Sa\u00fade","numero":"006\/2019","objeto":"Registro de Pre\u00e7os visando aquisi\u00e7\u00e3o parcelada de medicamentos, para atender as necessidades do Fundo Municipal de Sa\u00fade de Itabaiana.","orgao_id":3,"categoria_id":8,"slug":"pregao-presencial-no-006-2019-fundo-municipal-de-saude","criado":"2019-04-15 16:24:10","alterado":"2019-04-15 16:24:10"},{"id":6148,"titulo":"Preg\u00e3o Presencial n\u00ba. 005\/2019 - Fundo Municipal de Sa\u00fade","numero":"005\/2019","objeto":"Contrata\u00e7\u00e3o de empresa prestadora de servi\u00e7os t\u00e9cnicos para implanta\u00e7\u00e3o, manuten\u00e7\u00e3o e corre\u00e7\u00e3o de solu\u00e7\u00e3o integrada de gest\u00e3o de sa\u00fade, com atendimento t\u00e9cnico e licenciamento de plataforma web por prazo determinado, em atendimento ao Fundo Municipal de Sa\u00fade de Itabaiana, Estado de Sergipe.","orgao_id":3,"categoria_id":8,"slug":"pregao-presencial-no-005-2019-fundo-municipal-de-saude","criado":"2019-04-15 16:22:14","alterado":"2019-04-29 09:23:28"},{"id":6147,"titulo":"PREG\u00c3O 024\/2019 PREFEITURA","numero":"024\/2019","objeto":"Registro de pre\u00e7os visando aquisi\u00e7\u00e3o e fornecimento parcelado de pe\u00e7as e baterias para ve\u00edculos pesados bem como m\u00e1quinas de propriedade deste munic\u00edpio.","orgao_id":1,"categoria_id":8,"slug":"pregao-024-2019-prefeitura","criado":"2019-04-15 12:29:23","alterado":"2019-04-15 12:29:23"}],"busca":null,"ano":null}