{"categorias":[{"id":1,"nome":"Chamada P\u00fablica","slug":"chamada-publica"},{"id":2,"nome":"Concorr\u00eancia P\u00fablica","slug":"concorrencia-publica"},{"id":10,"nome":"Concurso","slug":"concurso"},{"id":13,"nome":"Conv\u00eanio","slug":"convenio"},{"id":3,"nome":"Convite","slug":"convite"},{"id":4,"nome":"Dispensa de Licita\u00e7\u00e3o","slug":"dispensa-d-licitacao"},{"id":12,"nome":"Fundo do Meio Ambiente","slug":"fundo-do-meio-ambiente"},{"id":5,"nome":"Inexigibilidade","slug":"inexigibilidade"},{"id":6,"nome":"Leil\u00e3o","slug":"leilao"},{"id":11,"nome":"Penalidade","slug":"penalidade"},{"id":7,"nome":"Preg\u00e3o Eletr\u00f4nico","slug":"pregao-eletronico"},{"id":8,"nome":"Preg\u00e3o Presencial","slug":"pregao-presencial"},{"id":9,"nome":"Tomada de Pre\u00e7o","slug":"tomada-de-preco"}],"categoria":null,"orgaos":[{"id":"2","0":"2","nome":"FMAS - Fundo Municipal de Assist\u00eancia Social","1":"FMAS - Fundo Municipal de Assist\u00eancia Social","slug":"fmas-fundo-municipal-de-assistencia-social","2":"fmas-fundo-municipal-de-assistencia-social","criado":null,"3":null,"alterado":null,"4":null,"log":null,"5":null,"6":"1"},{"id":"3","0":"3","nome":"FMS - Fundo Municipal de Sa\u00fade","1":"FMS - Fundo Municipal de Sa\u00fade","slug":"fms-fundo-municipal-de-saude","2":"fms-fundo-municipal-de-saude","criado":null,"3":null,"alterado":null,"4":null,"log":null,"5":null,"6":"1"},{"id":"1","0":"1","nome":"Prefeitura Municipal","1":"Prefeitura Municipal","slug":"prefeitura-municipal","2":"prefeitura-municipal","criado":null,"3":null,"alterado":null,"4":null,"log":null,"5":null,"6":"1"},{"id":"4","0":"4","nome":"SMTT - Superintend\u00eancia Municipal de Tr\u00e2nsito e Transporte","1":"SMTT - Superintend\u00eancia Municipal de Tr\u00e2nsito e Transporte","slug":"smtt-superintendencia-municipal-de-transito-e-transporte","2":"smtt-superintendencia-municipal-de-transito-e-transporte","criado":null,"3":null,"alterado":null,"4":null,"log":null,"5":null,"6":"1"}],"orgao":null,"situacao":null,"paginacao":{"atual":27,"proxima":28,"anterior":26,"total_registros":1127,"total_paginas":76},"itens":[{"id":6176,"titulo":"Preg\u00e3o Presencial n\u00ba. 012\/2019 - Fundo Municipal de Sa\u00fade (Ve\u00edculos)","numero":"012\/2019","objeto":"Contrata\u00e7\u00e3o de empresa especializada visando aquisi\u00e7\u00e3o de ve\u00edculo automotivo, tipo Van, novo 0 KM, em conformidade com o Termo de Refer\u00eancia do Edital, para atender as necessidades do Fundo Municipal de Sa\u00fade de Itabaiana","orgao_id":3,"categoria_id":8,"slug":"pregao-presencial-no-012-2019-fundo-municipal-de-saude-veiculos","criado":"2019-05-31 09:21:22","alterado":"2019-05-31 09:21:22"},{"id":6175,"titulo":"REPUBLICA\u00c7\u00c3O DA TOMADA DE PRE\u00c7OS N\u00ba 010\/2019","numero":"10\/2019","publicacao":"2019-05-29 00:00:00","abertura":"2019-06-21 00:00:00","valor":"0.00","objeto":"contrata\u00e7\u00e3o de empresa especializada em obras e servi\u00e7os de engenharia para: 1- Revitaliza\u00e7\u00e3o do Canteiro central da Avenida Pedro Garcia Moreno; 2- Revitaliza\u00e7\u00e3o do Canteiro central da Avenida Jo\u00e3o Teixeira 2\u00ba trecho; 3- Revitaliza\u00e7\u00e3o do Canteiro da Avenida Manoel Francisco Teles e Engenheiro Carlos Reis e 4 \u2013 Revitaliza\u00e7\u00e3o do Canteiro da Avenida Dr. Luiz Magalh\u00e3es e Ivo de Carvalho, todos neste munic\u00edpio, conforme descri\u00e7\u00e3o no anexo I do edital","orgao_id":1,"categoria_id":9,"slug":"republicacao-da-tomada-de-precos-no-010-2019","criado":"2019-05-29 12:52:40","alterado":"2019-05-29 12:52:40"},{"id":6174,"titulo":"PREG\u00c3O 038\/2019","numero":"038\/2019","publicacao":"2019-05-28 00:00:00","objeto":"Registro de pre\u00e7os visando aquisi\u00e7\u00e3o de flores para decora\u00e7\u00e3o de solenidades e festividades, de acordo com as necessidades deste munic\u00edpio.","orgao_id":1,"categoria_id":8,"slug":"pregao-038-2019","criado":"2019-05-28 16:22:25","alterado":"2019-05-29 09:54:30"},{"id":6173,"titulo":"PREG\u00c3O 037\/2019 PREFEITURA","numero":"037\/2019","publicacao":"2019-05-28 00:00:00","objeto":"arboriza\u00e7\u00e3o no munic\u00edpio de Itabaiana.","orgao_id":1,"categoria_id":8,"slug":"pregao-037-2019-prefeitura","criado":"2019-05-28 16:19:02","alterado":"2019-05-28 16:20:38"},{"id":6172,"titulo":"PREG\u00c3O 036\/2019 PREFEITURA","numero":"036\/2019","publicacao":"2019-05-28 00:00:00","objeto":"Registro de pre\u00e7os visando \u00e0 aquisi\u00e7\u00e3o e fornecimento parcelado de material de constru\u00e7\u00e3o para recuperar os pr\u00e9dios p\u00fablicos, logradouros, pra\u00e7as p\u00fablicas e outros bens deste munic\u00edpio, como tamb\u00e9m os n\u00e3o adquiridos no Preg\u00e3o 019\/2019.","orgao_id":1,"categoria_id":8,"slug":"pregao-036-2019-prefeitura","criado":"2019-05-28 16:17:07","alterado":"2019-05-28 16:21:41"},{"id":6171,"titulo":"PREG\u00c3O 035\/2019 - PREFEITURA","numero":"035\/2019","publicacao":"2019-05-28 00:00:00","objeto":"na modalidade acima especificada, e mediante informa\u00e7\u00f5es a seguir:\r\nOBJETO: Contrata\u00e7\u00e3o de empresa especializada na presta\u00e7\u00e3o de servi\u00e7os em organiza\u00e7\u00e3o de eventos, correlacionados a estrutura e suporte t\u00e9cnico, para apresenta\u00e7\u00f5es art\u00edsticas e de shows musicais, para a 54\u00aa festa dos Caminhoneiros deste munic\u00edpio, incluindo mobiliza\u00e7\u00e3o e desmobiliza\u00e7\u00e3o, n\u00e3o contratados no Preg\u00e3o 032\/2019","orgao_id":1,"categoria_id":8,"slug":"pregao-035-2019-prefeitura","criado":"2019-05-28 16:15:08","alterado":"2019-05-28 16:15:08"},{"id":6170,"titulo":"TOMADA DE PRE\u00c7OS N\u00ba 10\/2019 - PREFEITURA","numero":"010\/2019","abertura":"2019-06-10 00:00:00","objeto":"contrata\u00e7\u00e3o de empresa especializada em obras e servi\u00e7os de engenharia para: 1- Revitaliza\u00e7\u00e3o do Canteiro central da Avenida Pedro Garcia Moreno; 2- Revitaliza\u00e7\u00e3o do Canteiro central da Avenida Jo\u00e3o Teixeira 2\u00ba trecho; 3- Revitaliza\u00e7\u00e3o do Canteiro da Avenida Manoel Francisco Teles e Engenheiro Carlos Reis e 4 \u2013 Revitaliza\u00e7\u00e3o do Canteiro da Avenida Dr. Luiz Magalh\u00e3es e Ivo de Carvalho, todos neste munic\u00edpio, conforme descri\u00e7\u00e3o no anexo I do edital","orgao_id":1,"categoria_id":9,"slug":"tomada-de-precos-no-10-2019-prefeitura","criado":"2019-05-27 10:24:52","alterado":"2019-05-27 10:24:52"},{"id":6169,"titulo":"Preg\u00e3o Presencial n\u00ba. 011\/2019 - Fundo Municipal de Sa\u00fade (Odontol\u00f3gico)","numero":"011\/2019","objeto":"Registro de pre\u00e7os visando futuras contrata\u00e7\u00f5es de empresas especializadas para aquisi\u00e7\u00e3o parcelada de equipamentos, materiais, instrumentais e anest\u00e9sicos de uso odontol\u00f3gico, para atender as necessidades das unidades de sa\u00fade vinculadas ao Fundo Municipal de Sa\u00fade de Itabaiana.","orgao_id":3,"categoria_id":8,"slug":"pregao-presencial-no-011-2019-fundo-municipal-de-saude-odontologico","criado":"2019-05-27 09:48:05","alterado":"2019-05-27 09:48:05"},{"id":6168,"titulo":"Preg\u00e3o Presencial n\u00ba. 010\/2019 - Fundo Municipal de Sa\u00fade (Coffee Break)","numero":"010\/2019","objeto":"Registro de pre\u00e7os visando futuras contrata\u00e7\u00f5es de empresas especializadas para aquisi\u00e7\u00e3o parcelada de coffee breaks, lanches individuais e refrigerantes, no intuito de suprir as necessidades dos \u00f3rg\u00e3os p\u00fablicos vinculados \u00e0 Prefeitura Municipal de Itabaiana.","orgao_id":3,"categoria_id":8,"slug":"pregao-presencial-no-010-2019-fundo-municipal-de-saude-coffee-break","criado":"2019-05-24 11:59:07","alterado":"2019-05-24 11:59:07"},{"id":6167,"titulo":"PREG\u00c3O 031\/2019 Republica\u00e7\u00e3o * Prefeitura","numero":"031\/2019","objeto":"contrata\u00e7\u00e3o de empresa especializada visando \u00e0 presta\u00e7\u00e3o de servi\u00e7os para capta\u00e7\u00e3o de cotas de patroc\u00ednio, loca\u00e7\u00e3o de \u00e1reas de stand`s e outras a\u00e7\u00f5es promocionais, para promo\u00e7\u00e3o da 54\u00aa Festa do Caminhoneiro.","orgao_id":1,"categoria_id":8,"slug":"pregao-031-2019-republicacao-prefeitura","criado":"2019-05-24 10:17:53","alterado":"2019-05-24 10:17:53"},{"id":6166,"titulo":"PREG\u00c3O 034\/2019 PREFEITURA","numero":"034\/2019","objeto":"Aquisi\u00e7\u00e3o de mobili\u00e1rio e equipamentos padronizados n\u00e3o adquiridos no preg\u00e3o 026\/2019 para atender o Termo de Compromisso PAR n\u00ba 201601099 celebrado entre o Fundo Nacional de Desenvolvimento da Educa\u00e7\u00e3o-Fnde e o Munic\u00edpio de Itabaiana\/Se, que ser\u00e3o destinados a unidade de educa\u00e7\u00e3o infantil \u2013 Creche\/Pr\u00e9-Escola \u2013 Escola Proinf\u00e2ncia C \u2013 Metodologias Inovadoras no Povoado Carrilho e a unidade de educa\u00e7\u00e3o infantil \u2013 Creche\/Pr\u00e9-Escola \u2013 Escola Proinf\u00e2ncia C \u2013 Metodologias Inovadoras, na Rua Projetada H, Bairro Miguel Teles de Mendon\u00e7a.","orgao_id":1,"categoria_id":8,"slug":"pregao-034-2019-prefeitura","criado":"2019-05-23 12:44:44","alterado":"2019-05-28 07:38:00"},{"id":6165,"titulo":"PREG\u00c3O 033\/2019 PREFEITURA","numero":"033\/2019","objeto":"Registro de pre\u00e7os visando futuras contrata\u00e7\u00f5es de empresas para a execu\u00e7\u00e3o de servi\u00e7os de reparo e cobertura de pneus dos ve\u00edculos e maquinas de propriedade deste munic\u00edpio, n\u00e3o adquiridos no preg\u00e3o 027\/2019.","orgao_id":1,"categoria_id":8,"slug":"pregao-033-2019-prefeitura","criado":"2019-05-23 12:40:50","alterado":"2019-05-23 12:40:50"},{"id":6164,"titulo":"PREG\u00c3O PRESENCIAL - SRP - MATERIAL ESPORTIVO","numero":"007\/2019","abertura":"2019-06-10 00:00:00","objeto":"Registro de pre\u00e7os visando futuras contrata\u00e7\u00f5es de empresas para a aquisi\u00e7\u00e3o de Material Esportivo.","orgao_id":2,"categoria_id":8,"tags":"#MATERIALESPORTIVO,#ESPORTE","slug":"pregao-presencial-srp-material-esportivo","criado":"2019-05-23 11:02:42","alterado":"2019-05-23 11:02:42"},{"id":6163,"titulo":"TOMADA DE PRE\u00c7O 009\/2019","numero":"009\/2019","objeto":"Servi\u00e7os de m\u00e3o de obra para recupera\u00e7\u00e3o de pavimenta\u00e7\u00e3o \u00e0 paralelep\u00edpedo de diversas ruas deste munic\u00edpio.","orgao_id":1,"categoria_id":9,"slug":"tomada-de-preco-009-2019","criado":"2019-05-21 08:08:04","alterado":"2019-05-21 08:08:04"},{"id":6162,"titulo":"PREG\u00c3O 032\/2019 PREFEITURA","numero":"032\/2019","objeto":"Contrata\u00e7\u00e3o de empresa especializada na presta\u00e7\u00e3o de servi\u00e7os em organiza\u00e7\u00e3o de eventos, correlacionados a estrutura e suporte t\u00e9cnico, para apresenta\u00e7\u00f5es art\u00edsticas e de shows musicais, para a 54\u00aa festa dos Caminhoneiros deste munic\u00edpio, incluindo mobiliza\u00e7\u00e3o e desmobiliza\u00e7\u00e3o.","orgao_id":1,"categoria_id":8,"slug":"pregao-032-2019-prefeitura","criado":"2019-05-14 11:01:28","alterado":"2019-05-14 11:01:28"}],"busca":null,"ano":null}