{"categorias":[{"id":1,"nome":"Chamada P\u00fablica","slug":"chamada-publica"},{"id":2,"nome":"Concorr\u00eancia P\u00fablica","slug":"concorrencia-publica"},{"id":10,"nome":"Concurso","slug":"concurso"},{"id":13,"nome":"Conv\u00eanio","slug":"convenio"},{"id":3,"nome":"Convite","slug":"convite"},{"id":4,"nome":"Dispensa de Licita\u00e7\u00e3o","slug":"dispensa-d-licitacao"},{"id":12,"nome":"Fundo do Meio Ambiente","slug":"fundo-do-meio-ambiente"},{"id":5,"nome":"Inexigibilidade","slug":"inexigibilidade"},{"id":6,"nome":"Leil\u00e3o","slug":"leilao"},{"id":11,"nome":"Penalidade","slug":"penalidade"},{"id":7,"nome":"Preg\u00e3o Eletr\u00f4nico","slug":"pregao-eletronico"},{"id":8,"nome":"Preg\u00e3o Presencial","slug":"pregao-presencial"},{"id":9,"nome":"Tomada de Pre\u00e7o","slug":"tomada-de-preco"}],"categoria":null,"orgaos":[{"id":"2","0":"2","nome":"FMAS - Fundo Municipal de Assist\u00eancia Social","1":"FMAS - Fundo Municipal de Assist\u00eancia Social","slug":"fmas-fundo-municipal-de-assistencia-social","2":"fmas-fundo-municipal-de-assistencia-social","criado":null,"3":null,"alterado":null,"4":null,"log":null,"5":null,"6":"1"},{"id":"3","0":"3","nome":"FMS - Fundo Municipal de Sa\u00fade","1":"FMS - Fundo Municipal de Sa\u00fade","slug":"fms-fundo-municipal-de-saude","2":"fms-fundo-municipal-de-saude","criado":null,"3":null,"alterado":null,"4":null,"log":null,"5":null,"6":"1"},{"id":"1","0":"1","nome":"Prefeitura Municipal","1":"Prefeitura Municipal","slug":"prefeitura-municipal","2":"prefeitura-municipal","criado":null,"3":null,"alterado":null,"4":null,"log":null,"5":null,"6":"1"},{"id":"4","0":"4","nome":"SMTT - Superintend\u00eancia Municipal de Tr\u00e2nsito e Transporte","1":"SMTT - Superintend\u00eancia Municipal de Tr\u00e2nsito e Transporte","slug":"smtt-superintendencia-municipal-de-transito-e-transporte","2":"smtt-superintendencia-municipal-de-transito-e-transporte","criado":null,"3":null,"alterado":null,"4":null,"log":null,"5":null,"6":"1"}],"orgao":null,"situacao":null,"paginacao":{"atual":26,"proxima":27,"anterior":25,"total_registros":1127,"total_paginas":76},"itens":[{"id":6192,"titulo":"Preg\u00e3o Presencial n\u00ba. 014\/2019 - Fundo Municipal de Sa\u00fade (Manuten\u00e7\u00e3o de Ar Condicionado)","numero":"014\/2019","abertura":"2019-07-26 00:00:00","objeto":"Registro de pre\u00e7os visando futuras contrata\u00e7\u00f5es de empresas especializa na presta\u00e7\u00e3o de servi\u00e7os continuados de manuten\u00e7\u00e3o preventiva e corretiva de equipamentos de ar condicionado, com fornecimento de pe\u00e7as, componentes e acess\u00f3rios, instalados nas depend\u00eancias dos diversos pr\u00e9dios p\u00fablicos deste munic\u00edpio, no intuito de suprir as necessidades dos \u00f3rg\u00e3os p\u00fablicos vinculados \u00e0 Prefeitura Municipal de Itabaiana.","orgao_id":3,"categoria_id":8,"slug":"pregao-presencial-no-014-2019-fundo-municipal-de-saude-manutencao-de-ar-condicionado","criado":"2019-07-15 13:04:21","alterado":"2019-09-12 12:13:37"},{"id":6191,"titulo":"PREG\u00c3O PRESENCIAL","numero":"12\/2019","publicacao":"2019-07-11 00:00:00","abertura":"2019-07-24 00:00:00","objeto":"Registro de pre\u00e7os visando futuras contrata\u00e7\u00f5es de empresas para a aquisi\u00e7\u00e3o de Tecidos.","orgao_id":2,"categoria_id":8,"slug":"pregao-presencial","criado":"2019-07-11 16:15:02","alterado":"2019-07-11 16:15:02"},{"id":6190,"titulo":"PREG\u00c3O 040\/2019 PREFEITURA","numero":"040\/2018","objeto":"Registro de pre\u00e7os visando futuras contrata\u00e7\u00f5es de empresas para a execu\u00e7\u00e3o de servi\u00e7os de reparo e cobertura de pneus dos ve\u00edculos e maquinas de propriedade deste munic\u00edpio, n\u00e3o contratados  no preg\u00e3o 027\/2019 e 033\/2019.","orgao_id":1,"categoria_id":8,"slug":"pregao-040-2019-prefeitura","criado":"2019-07-04 12:06:31","alterado":"2019-07-04 12:06:58"},{"id":6189,"titulo":"AVISO DE LICITA\u00c7\u00c3O PREG\u00c3O PRESENCIAL SRP N\u00b0 011\/2019.","numero":"011\/2019","abertura":"2019-07-18 00:00:00","objeto":"Registro de pre\u00e7os visando futuras contrata\u00e7\u00f5es de empresas para a aquisi\u00e7\u00e3o Mobili\u00e1rio","orgao_id":2,"categoria_id":8,"tags":"#mobili\u00e1rio","slug":"aviso-de-licitacao-pregao-presencial-srp-n0-011-2019","criado":"2019-07-03 13:03:51","alterado":"2019-07-03 13:03:51"},{"id":6188,"titulo":"Preg\u00e3o Presencial n\u00ba. 013\/2019 - Fundo Municipal de Sa\u00fade (Medicamentos)","numero":"013\/2019","objeto":"Registro de Pre\u00e7os visando aquisi\u00e7\u00e3o parcelada de medicamentos, para atender as necessidades do Fundo Municipal de Sa\u00fade de Itabaiana.","orgao_id":3,"categoria_id":8,"slug":"pregao-presencial-no-013-2019-fundo-municipal-de-saude-medicamentos","criado":"2019-07-03 11:37:20","alterado":"2019-07-03 11:37:20"},{"id":6187,"titulo":"AVISO DE LICITA\u00c7\u00c3O PREG\u00c3O PRESENCIAL SRP N\u00b0 010\/2019 - Material Gr\u00e1fico","numero":"010\/2019","abertura":"2019-07-19 00:00:00","objeto":"Registro de pre\u00e7os visando futuras contrata\u00e7\u00f5es de empresas para a aquisi\u00e7\u00e3o de material gr\u00e1fico","orgao_id":2,"categoria_id":8,"tags":"#grafico,#materialgr\u00e1fico","slug":"aviso-de-licitacao-pregao-presencial-srp-n0-010-2019-material-grafico","criado":"2019-06-28 09:24:31","alterado":"2019-06-28 09:24:31"},{"id":6186,"titulo":"AVISO DE LICITA\u00c7\u00c3O PREG\u00c3O PRESENCIAL SRP N\u00b0 009\/2019","numero":"009\/2019","abertura":"2019-07-17 00:00:00","objeto":"A presente licita\u00e7\u00e3o tem como objeto contrata\u00e7\u00e3o de empresa especializada visando aquisi\u00e7\u00e3o de 02 (dois) ve\u00edculos ano 2019 0 Km, na cor branca motor flex para atender as necessidades do Fundo Municipal de Assist\u00eancia Social de Itabaiana","orgao_id":2,"categoria_id":8,"tags":"#carro,#ve\u00edculos","slug":"aviso-de-licitacao-pregao-presencial-srp-n0-009-2019","criado":"2019-06-25 12:39:23","alterado":"2019-06-25 12:39:23"},{"id":6185,"titulo":"TOMADA DE PRE\u00c7OS  N\u00ba 012-2019","abertura":"2019-07-16 00:00:00","valor":"250177.46","objeto":"contrata\u00e7\u00e3o de empresa especializada em obras e servi\u00e7os de engenharia para revitaliza\u00e7\u00e3o da Avenida 13 de junho, neste munic\u00edpio","orgao_id":1,"categoria_id":9,"slug":"tomada-de-precos-no-012-2019","criado":"2019-06-25 11:11:50","alterado":"2019-10-09 11:50:27"},{"id":6184,"titulo":"TOMADA DE PRE\u00c7OS N\u00ba 11\/2019","abertura":"2019-07-12 00:00:00","valor":"0.00","objeto":"contrata\u00e7\u00e3o de empresa especializada para os servi\u00e7os de: 1- Ilumina\u00e7\u00e3o P\u00fablica de Led da Avenida Dr. Pedro Garcia Moreno; 2 - Ilumina\u00e7\u00e3o P\u00fablica de Led da Avenida Dr Luiz Magalh\u00e3es e Ivo de Carvalho, todas neste munic\u00edpio, conforme descri\u00e7\u00e3o no anexo I do edital","orgao_id":1,"categoria_id":9,"slug":"tomada-de-precos-no-11-2019","criado":"2019-06-25 10:51:25","alterado":"2019-06-25 10:51:25"},{"id":6183,"titulo":"AVISO DE PUBLICA\u00c7\u00c3O PREG\u00c3O PRESENCIAL n\u00b0 008\/2019","numero":"008\/2019","abertura":"2019-07-15 00:00:00","objeto":"Contrata\u00e7\u00e3o de empresa especializada visando a  aquisi\u00e7\u00e3o de carrinhos de madeira para a campanha de Combate ao Trabalho Infantil deste Fundo Municipal de Assist\u00eancia Social","orgao_id":2,"categoria_id":8,"tags":"#carrinhos,#madeira","slug":"aviso-de-publicacao-pregao-presencial-n0-008-2019","criado":"2019-06-21 12:08:25","alterado":"2019-06-21 12:08:25"},{"id":6181,"titulo":"PREG\u00c3O PRESENCIAL n\u00b0 037\/2019 - REPUBLICA\u00c7\u00c3O","numero":"037\/2019","publicacao":"2019-06-18 00:00:00","objeto":"arboriza\u00e7\u00e3o no munic\u00edpio de Itabaiana.","orgao_id":1,"categoria_id":8,"slug":"pregao-presencial-n0-037-2019-republicacao","criado":"2019-06-18 11:27:15","alterado":"2019-06-18 11:27:15"},{"id":6180,"titulo":"PREG\u00c3O PRESENCIAL SRP N\u00b0 002\/2019 - SMTT","numero":"002\/2019","publicacao":"2019-06-17 00:00:00","abertura":"2019-07-02 00:00:00","objeto":"Registro de pre\u00e7os visando a contrata\u00e7\u00e3o de empresa para aquisi\u00e7\u00e3o e fornecimento parcelado de pe\u00e7as e baterias para ve\u00edculos usados e fora da garantia de f\u00e1brica.","orgao_id":4,"categoria_id":8,"slug":"pregao-presencial-srp-n0-002-2019-smtt","criado":"2019-06-17 12:33:44","alterado":"2019-06-17 12:33:44"},{"id":6179,"titulo":"AVISO DE ADIAMENTO E 2\u00ba REPUBLICA\u00c7\u00c3O  TOMADA DE PRE\u00c7OS n\u00b0 010\/2019","numero":"010\/2019","objeto":"contrata\u00e7\u00e3o de empresa especializada em obras e servi\u00e7os de engenharia para: 1- Revitaliza\u00e7\u00e3o do Canteiro central da Avenida Pedro Garcia Moreno; 2- Revitaliza\u00e7\u00e3o do Canteiro central da Avenida Jo\u00e3o Teixeira 2\u00ba trecho; 3- Revitaliza\u00e7\u00e3o do Canteiro da Avenida Manoel Francisco Teles e Engenheiro Carlos Reis e 4 \u2013 Revitaliza\u00e7\u00e3o do Canteiro da Avenida Dr. Luiz Magalh\u00e3es e Ivo de Carvalho, todos neste munic\u00edpio, conforme descri\u00e7\u00e3o no anexo I do edital.","orgao_id":1,"categoria_id":9,"slug":"aviso-de-adiamento-e-2o-republicacao-tomada-de-precos-n0-010-2019","criado":"2019-06-11 12:26:06","alterado":"2019-06-11 12:26:06"},{"id":6178,"titulo":"PREG\u00c3O 039\/2019 PREFEITURA","numero":"039\/2019","publicacao":"2019-06-04 00:00:00","objeto":"contrata\u00e7\u00e3o de empresa visando aquisi\u00e7\u00e3o de equipamentos para atender as necessidades da Usina de Asfalto deste Munic\u00edpio","orgao_id":1,"categoria_id":8,"slug":"pregao-039-2019-prefeitura","criado":"2019-06-04 12:45:58","alterado":"2019-06-04 12:45:58"},{"id":6177,"titulo":"CONCORR\u00caNCIA N\u00ba 002-2019","numero":"002\/2019","abertura":"2019-07-09 00:00:00","valor":"6438013.34","objeto":"contrata\u00e7\u00e3o de empresa especializada em obras e servi\u00e7os de engenharia para pavimenta\u00e7\u00e3o asf\u00e1ltica de ruas no munic\u00edpio de Itabaiana\/SE, atendendo o contrato de repasse 1.048.228-51\/2017- 863435\/MCIDADES\/CAIXA","orgao_id":1,"categoria_id":2,"slug":"concorrencia-no-002-2019","criado":"2019-06-03 09:22:15","alterado":"2019-10-09 11:25:06"}],"busca":null,"ano":null}