{"categorias":[{"id":1,"nome":"Chamada P\u00fablica","slug":"chamada-publica"},{"id":2,"nome":"Concorr\u00eancia P\u00fablica","slug":"concorrencia-publica"},{"id":10,"nome":"Concurso","slug":"concurso"},{"id":13,"nome":"Conv\u00eanio","slug":"convenio"},{"id":3,"nome":"Convite","slug":"convite"},{"id":4,"nome":"Dispensa de Licita\u00e7\u00e3o","slug":"dispensa-d-licitacao"},{"id":12,"nome":"Fundo do Meio Ambiente","slug":"fundo-do-meio-ambiente"},{"id":5,"nome":"Inexigibilidade","slug":"inexigibilidade"},{"id":6,"nome":"Leil\u00e3o","slug":"leilao"},{"id":11,"nome":"Penalidade","slug":"penalidade"},{"id":7,"nome":"Preg\u00e3o Eletr\u00f4nico","slug":"pregao-eletronico"},{"id":8,"nome":"Preg\u00e3o Presencial","slug":"pregao-presencial"},{"id":9,"nome":"Tomada de Pre\u00e7o","slug":"tomada-de-preco"}],"categoria":null,"orgaos":[{"id":"2","0":"2","nome":"FMAS - Fundo Municipal de Assist\u00eancia Social","1":"FMAS - Fundo Municipal de Assist\u00eancia Social","slug":"fmas-fundo-municipal-de-assistencia-social","2":"fmas-fundo-municipal-de-assistencia-social","criado":null,"3":null,"alterado":null,"4":null,"log":null,"5":null,"6":"1"},{"id":"3","0":"3","nome":"FMS - Fundo Municipal de Sa\u00fade","1":"FMS - Fundo Municipal de Sa\u00fade","slug":"fms-fundo-municipal-de-saude","2":"fms-fundo-municipal-de-saude","criado":null,"3":null,"alterado":null,"4":null,"log":null,"5":null,"6":"1"},{"id":"1","0":"1","nome":"Prefeitura Municipal","1":"Prefeitura Municipal","slug":"prefeitura-municipal","2":"prefeitura-municipal","criado":null,"3":null,"alterado":null,"4":null,"log":null,"5":null,"6":"1"},{"id":"4","0":"4","nome":"SMTT - Superintend\u00eancia Municipal de Tr\u00e2nsito e Transporte","1":"SMTT - Superintend\u00eancia Municipal de Tr\u00e2nsito e Transporte","slug":"smtt-superintendencia-municipal-de-transito-e-transporte","2":"smtt-superintendencia-municipal-de-transito-e-transporte","criado":null,"3":null,"alterado":null,"4":null,"log":null,"5":null,"6":"1"}],"orgao":null,"situacao":null,"paginacao":{"atual":25,"proxima":26,"anterior":24,"total_registros":1127,"total_paginas":76},"itens":[{"id":6207,"titulo":"INEXIGIBILIDADE JAILSON LIMA","numero":"023","orgao_id":1,"categoria_id":5,"slug":"inexigibilidade-jailson-lima","criado":"2019-08-02 07:56:25","alterado":"2019-08-02 07:56:25"},{"id":6206,"titulo":"INEXIGIBILIDADE GIL MENDES","numero":"019","orgao_id":1,"categoria_id":5,"slug":"inexigibilidade-gil-mendes","criado":"2019-08-02 07:55:49","alterado":"2019-08-02 07:55:49"},{"id":6205,"titulo":"INEXIGIBILIDADE DIONES COSTA","numero":"013","orgao_id":1,"categoria_id":5,"slug":"inexigibilidade-diones-costa","criado":"2019-08-02 07:54:56","alterado":"2019-08-02 07:54:56"},{"id":6204,"titulo":"INEXIGIBILIDADE CAVALEIROS DO FORR\u00d3","numero":"016","orgao_id":1,"categoria_id":5,"slug":"inexigibilidade-cavaleiros-do-forro","criado":"2019-08-02 07:54:07","alterado":"2019-08-02 07:54:07"},{"id":6203,"titulo":"INEXIGIBILIDADE WBM PRODUTORA","numero":"014","orgao_id":1,"categoria_id":5,"slug":"inexigibilidade-wbm-produtora","criado":"2019-08-02 07:48:11","alterado":"2019-08-02 07:50:19"},{"id":6202,"titulo":"INEXIGIBILIDADE AVIOES DO FORR\u00d3","numero":"011","orgao_id":1,"categoria_id":5,"slug":"inexigibilidade-avioes-do-forro","criado":"2019-08-02 07:44:50","alterado":"2019-08-02 07:44:50"},{"id":6201,"titulo":"INEXIGIBILIDADE ALMA GEMEA","numero":"017","orgao_id":1,"categoria_id":5,"slug":"inexigibilidade-alma-gemea","criado":"2019-08-02 07:43:27","alterado":"2019-08-02 07:43:27"},{"id":6200,"titulo":"INEXIGIBILIDADE ALINE SOUZA","numero":"012","orgao_id":1,"categoria_id":5,"slug":"inexigibilidade-aline-souza","criado":"2019-08-02 07:41:39","alterado":"2019-08-02 07:41:39"},{"id":6199,"titulo":"INEXIGIBILIDADE FERROLHO FECHADO","numero":"018","orgao_id":1,"categoria_id":5,"slug":"inexigibilidade-ferrolho-fechado","criado":"2019-08-01 12:15:13","alterado":"2019-08-02 07:38:25"},{"id":6198,"titulo":"PREG\u00c3O PRESENCIAL SRP N\u00b0 014\/2019","numero":"014\/2019","abertura":"2019-08-08 00:00:00","objeto":"Registro de pre\u00e7os visando futuras contrata\u00e7\u00f5es de empresas para a aquisi\u00e7\u00e3o de material de armarinho","orgao_id":2,"categoria_id":8,"tags":"#armarinho","slug":"pregao-presencial-srp-n0-014-2019","criado":"2019-07-29 12:12:33","alterado":"2019-07-29 12:12:33"},{"id":6197,"titulo":"PREG\u00c3O 041\/2019 PREFEITURA","numero":"041\/2019","objeto":"aquisi\u00e7\u00e3o de mobili\u00e1rio padronizados (casinha de boneca e escorregador) n\u00e3o adquiridos no preg\u00e3o 026\/2019 e 034\/2019 para atender o Termo de Compromisso PAR n\u00ba 201601099 celebrado entre o FNDE e o Munic\u00edpio de Itabaiana\/Se, que ser\u00e3o destinados a unidade de educa\u00e7\u00e3o infantil \u2013 Creche\/Pr\u00e9-Escola \u2013no Povoado Carrilho e Bairro Miguel Teles de Mendon\u00e7a.","orgao_id":1,"categoria_id":8,"slug":"pregao-041-2019-prefeitura","criado":"2019-07-26 09:59:22","alterado":"2019-07-26 09:59:22"},{"id":6196,"titulo":"TOMADA DE PRE\u00c7O 013\/2019 PREFEITURA DE ITABAIANA","numero":"013\/2019","objeto":"Contrata\u00e7\u00e3o de empresa especializada em obras e servi\u00e7os de engenharia para reforma, amplia\u00e7\u00e3o e adequa\u00e7\u00e3o do pr\u00e9dio p\u00fablico localizado no Povoado Estreito para uso de casa de acolhimento e passagem de animais.","orgao_id":1,"categoria_id":9,"slug":"tomada-de-preco-013-2019-prefeitura-de-itabaiana","criado":"2019-07-23 12:27:12","alterado":"2019-07-23 12:27:13"},{"id":6195,"titulo":"PREG\u00c3O PRESENCIAL SRP N\u00b0 013\/2019 - INSTRUMENTOS MUSICAIS","numero":"013\/2019","abertura":"2019-07-30 00:00:00","objeto":"Registro de pre\u00e7os visando futuras contrata\u00e7\u00f5es de empresas para a aquisi\u00e7\u00e3o de Instrumentos Musicais","orgao_id":2,"categoria_id":8,"tags":"#instrumentosmusicais","slug":"pregao-presencial-srp-n0-013-2019-instrumentos-musicais","criado":"2019-07-15 14:44:47","alterado":"2019-07-15 14:44:47"},{"id":6194,"titulo":"Preg\u00e3o Presencial n\u00ba. 016\/2019 - Fundo Municipal de Sa\u00fade (material m\u00e9dico\/hospitalar)","numero":"016\/2019","abertura":"2019-08-01 00:00:00","objeto":"Registro de pre\u00e7os visando futuras contrata\u00e7\u00f5es de empresas especializadas para aquisi\u00e7\u00e3o parcelada de equipamentos (balan\u00e7as port\u00e1teis) e materiais, de uso m\u00e9dico, hospitalares e laboratoriais, para atender as necessidades das unidades de sa\u00fade vinculadas ao Fundo Municipal de Sa\u00fade de Itabaiana.","orgao_id":3,"categoria_id":8,"slug":"pregao-presencial-no-016-2019-fundo-municipal-de-saude-material-medico-hospitalar","criado":"2019-07-15 13:07:44","alterado":"2019-07-31 10:09:19"},{"id":6193,"titulo":"Preg\u00e3o Presencial n\u00ba. 015\/2019 - Fundo Municipal de Sa\u00fade (Equipamentos e materiais para fisioterapia)","numero":"015\/2019","abertura":"2019-07-30 00:00:00","objeto":"Registro de pre\u00e7os visando futuras contrata\u00e7\u00f5es de empresas especializadas para aquisi\u00e7\u00e3o parcelada de equipamentos e materiais, de uso fisioterap\u00eautico, para atender as necessidades da Resid\u00eancia Terap\u00eautica vinculada ao Fundo Municipal de Sa\u00fade de Itabaiana.","orgao_id":3,"categoria_id":8,"slug":"pregao-presencial-no-015-2019-fundo-municipal-de-saude-equipamentos-e-materiais-para-fisioterapia","criado":"2019-07-15 13:05:53","alterado":"2019-07-15 13:05:53"}],"busca":null,"ano":null}