{"categorias":[{"id":1,"nome":"Chamada P\u00fablica","slug":"chamada-publica"},{"id":2,"nome":"Concorr\u00eancia P\u00fablica","slug":"concorrencia-publica"},{"id":10,"nome":"Concurso","slug":"concurso"},{"id":13,"nome":"Conv\u00eanio","slug":"convenio"},{"id":3,"nome":"Convite","slug":"convite"},{"id":4,"nome":"Dispensa de Licita\u00e7\u00e3o","slug":"dispensa-d-licitacao"},{"id":12,"nome":"Fundo do Meio Ambiente","slug":"fundo-do-meio-ambiente"},{"id":5,"nome":"Inexigibilidade","slug":"inexigibilidade"},{"id":6,"nome":"Leil\u00e3o","slug":"leilao"},{"id":11,"nome":"Penalidade","slug":"penalidade"},{"id":7,"nome":"Preg\u00e3o Eletr\u00f4nico","slug":"pregao-eletronico"},{"id":8,"nome":"Preg\u00e3o Presencial","slug":"pregao-presencial"},{"id":9,"nome":"Tomada de Pre\u00e7o","slug":"tomada-de-preco"}],"categoria":null,"orgaos":[{"id":"2","0":"2","nome":"FMAS - Fundo Municipal de Assist\u00eancia Social","1":"FMAS - Fundo Municipal de Assist\u00eancia Social","slug":"fmas-fundo-municipal-de-assistencia-social","2":"fmas-fundo-municipal-de-assistencia-social","criado":null,"3":null,"alterado":null,"4":null,"log":null,"5":null,"6":"1"},{"id":"3","0":"3","nome":"FMS - Fundo Municipal de Sa\u00fade","1":"FMS - Fundo Municipal de Sa\u00fade","slug":"fms-fundo-municipal-de-saude","2":"fms-fundo-municipal-de-saude","criado":null,"3":null,"alterado":null,"4":null,"log":null,"5":null,"6":"1"},{"id":"1","0":"1","nome":"Prefeitura Municipal","1":"Prefeitura Municipal","slug":"prefeitura-municipal","2":"prefeitura-municipal","criado":null,"3":null,"alterado":null,"4":null,"log":null,"5":null,"6":"1"},{"id":"4","0":"4","nome":"SMTT - Superintend\u00eancia Municipal de Tr\u00e2nsito e Transporte","1":"SMTT - Superintend\u00eancia Municipal de Tr\u00e2nsito e Transporte","slug":"smtt-superintendencia-municipal-de-transito-e-transporte","2":"smtt-superintendencia-municipal-de-transito-e-transporte","criado":null,"3":null,"alterado":null,"4":null,"log":null,"5":null,"6":"1"}],"orgao":null,"situacao":null,"paginacao":{"atual":24,"proxima":25,"anterior":23,"total_registros":1127,"total_paginas":76},"itens":[{"id":6223,"titulo":"PREG\u00c3O 045\/2019 PREFEITURA","numero":"045\/2019","publicacao":"2019-08-09 00:00:00","objeto":"Contrata\u00e7\u00e3o de empresa para presta\u00e7\u00e3o de servi\u00e7os em organiza\u00e7\u00e3o de eventos, correlacionados a estrutura e suporte t\u00e9cnico, para apresenta\u00e7\u00f5es art\u00edsticas e de shows musicais, para diversos eventos, neste Munic\u00edpio, conforme anexo I do Edital.","orgao_id":1,"categoria_id":8,"slug":"pregao-045-2019-prefeitura","criado":"2019-08-12 10:49:55","alterado":"2019-08-12 10:49:55"},{"id":6222,"titulo":"PREGAO PRESENCIAL 044\/2019","numero":"044\/2019","objeto":": Fornecimento parcelado de material de consumo e permanente para os po\u00e7os artesianos.","orgao_id":1,"categoria_id":8,"slug":"pregao-presencial-044-2019","criado":"2019-08-09 11:19:52","alterado":"2019-08-09 11:19:52"},{"id":6221,"titulo":"PREG\u00c3O 043\/2019 PREFEITURA","numero":"043\/2019","objeto":"Loca\u00e7\u00e3o de ve\u00edculos tipo \u00f4nibus destinado ao transporte das bandas que ir\u00e3o se apresentar no desfile c\u00edvico de 07 de setembro, com motorista e combust\u00edvel por conta da contratada.","orgao_id":1,"categoria_id":8,"slug":"pregao-043-2019-prefeitura","criado":"2019-08-05 13:16:47","alterado":"2019-08-05 13:16:47"},{"id":6220,"titulo":"PREGAO PRESENCIAL 042\/2019","numero":"042\/2019","publicacao":"2019-08-02 00:00:00","objeto":"Registro de Pre\u00e7os visando futuras contrata\u00e7\u00e3o de empresa na presta\u00e7\u00e3o de servi\u00e7os de manuten\u00e7\u00e3o preventiva, corretiva e assist\u00eancia mec\u00e2nica para os ve\u00edculos leves e pesados, de propriedade deste munic\u00edpio","orgao_id":1,"categoria_id":8,"slug":"pregao-presencial-042-2019","criado":"2019-08-02 12:18:29","alterado":"2019-08-02 12:18:29"},{"id":6218,"titulo":"INEXIGIBILIDADE ADENILSON FERREIRA","numero":"032","orgao_id":1,"categoria_id":5,"slug":"inexigibilidade-adenilson-ferreira","criado":"2019-08-02 08:10:22","alterado":"2019-08-02 08:10:22"},{"id":6217,"titulo":"INEXIGIBILIDADE SAIA RODADA","numero":"027","orgao_id":1,"categoria_id":5,"slug":"inexigibilidade-saia-rodada","criado":"2019-08-02 08:09:18","alterado":"2019-08-02 08:09:18"},{"id":6216,"titulo":"INEXIGIBILIDADE RAFAELA DOS SANTOS","numero":"031","orgao_id":1,"categoria_id":5,"slug":"inexigibilidade-rafaela-dos-santos","criado":"2019-08-02 08:07:59","alterado":"2019-08-02 08:07:59"},{"id":6215,"titulo":"INEXIGIBILIDADE RADAR EVENTOS","numero":"026","orgao_id":1,"categoria_id":5,"slug":"inexigibilidade-radar-eventos","criado":"2019-08-02 08:07:19","alterado":"2019-08-02 08:07:19"},{"id":6214,"titulo":"INEXIGIBILIDADE MARCELO MARCOS","numero":"025","orgao_id":1,"categoria_id":5,"slug":"inexigibilidade-marcelo-marcos","criado":"2019-08-02 08:06:37","alterado":"2019-08-02 08:06:37"},{"id":6213,"titulo":"INEXIGIBILIDADE ANTONIO MARCOS ALVES","numero":"030","orgao_id":1,"categoria_id":5,"slug":"inexigibilidade-antonio-marcos-alves","criado":"2019-08-02 08:05:42","alterado":"2019-08-02 08:05:42"},{"id":6212,"titulo":"INEXIGIBILIDADE ADALBERTO MATOS","numero":"028","orgao_id":1,"categoria_id":5,"slug":"inexigibilidade-adalberto-matos","criado":"2019-08-02 08:04:46","alterado":"2019-08-02 08:04:46"},{"id":6211,"titulo":"INEXIGIBILIDADE LUAN PROMO\u00c7\u00d5ES","numero":"015","orgao_id":1,"categoria_id":5,"slug":"inexigibilidade-luan-promocoes","criado":"2019-08-02 08:00:58","alterado":"2019-08-02 08:00:58"},{"id":6210,"titulo":"INEXIGIBILIDADE VALDENO REZENDE","numero":"024","orgao_id":1,"categoria_id":5,"slug":"inexigibilidade-valdeno-rezende","criado":"2019-08-02 07:59:36","alterado":"2019-08-02 07:59:36"},{"id":6209,"titulo":"INEXIGIBILIDADE JONAS ESTICADO","numero":"020","orgao_id":1,"categoria_id":5,"slug":"inexigibilidade-jonas-esticado","criado":"2019-08-02 07:58:34","alterado":"2019-08-02 07:58:34"},{"id":6208,"titulo":"INEXIGIBILIDADE JANIO SEVERINO","numero":"022","orgao_id":1,"categoria_id":5,"slug":"inexigibilidade-janio-severino","criado":"2019-08-02 07:57:44","alterado":"2019-08-02 07:57:44"}],"busca":null,"ano":null}