{"categorias":[{"id":1,"nome":"Chamada P\u00fablica","slug":"chamada-publica"},{"id":2,"nome":"Concorr\u00eancia P\u00fablica","slug":"concorrencia-publica"},{"id":10,"nome":"Concurso","slug":"concurso"},{"id":13,"nome":"Conv\u00eanio","slug":"convenio"},{"id":3,"nome":"Convite","slug":"convite"},{"id":4,"nome":"Dispensa de Licita\u00e7\u00e3o","slug":"dispensa-d-licitacao"},{"id":12,"nome":"Fundo do Meio Ambiente","slug":"fundo-do-meio-ambiente"},{"id":5,"nome":"Inexigibilidade","slug":"inexigibilidade"},{"id":6,"nome":"Leil\u00e3o","slug":"leilao"},{"id":11,"nome":"Penalidade","slug":"penalidade"},{"id":7,"nome":"Preg\u00e3o Eletr\u00f4nico","slug":"pregao-eletronico"},{"id":8,"nome":"Preg\u00e3o Presencial","slug":"pregao-presencial"},{"id":9,"nome":"Tomada de Pre\u00e7o","slug":"tomada-de-preco"}],"categoria":null,"orgaos":[{"id":"2","0":"2","nome":"FMAS - Fundo Municipal de Assist\u00eancia Social","1":"FMAS - Fundo Municipal de Assist\u00eancia Social","slug":"fmas-fundo-municipal-de-assistencia-social","2":"fmas-fundo-municipal-de-assistencia-social","criado":null,"3":null,"alterado":null,"4":null,"log":null,"5":null,"6":"1"},{"id":"3","0":"3","nome":"FMS - Fundo Municipal de Sa\u00fade","1":"FMS - Fundo Municipal de Sa\u00fade","slug":"fms-fundo-municipal-de-saude","2":"fms-fundo-municipal-de-saude","criado":null,"3":null,"alterado":null,"4":null,"log":null,"5":null,"6":"1"},{"id":"1","0":"1","nome":"Prefeitura Municipal","1":"Prefeitura Municipal","slug":"prefeitura-municipal","2":"prefeitura-municipal","criado":null,"3":null,"alterado":null,"4":null,"log":null,"5":null,"6":"1"},{"id":"4","0":"4","nome":"SMTT - Superintend\u00eancia Municipal de Tr\u00e2nsito e Transporte","1":"SMTT - Superintend\u00eancia Municipal de Tr\u00e2nsito e Transporte","slug":"smtt-superintendencia-municipal-de-transito-e-transporte","2":"smtt-superintendencia-municipal-de-transito-e-transporte","criado":null,"3":null,"alterado":null,"4":null,"log":null,"5":null,"6":"1"}],"orgao":null,"situacao":null,"paginacao":{"atual":23,"proxima":24,"anterior":22,"total_registros":1127,"total_paginas":76},"itens":[{"id":6238,"titulo":"TOMADA DE PRE\u00c7O 014\/2019","numero":"014\/2019","orgao_id":1,"categoria_id":9,"slug":"tomada-de-preco-014-2019","criado":"2019-09-09 10:54:58","alterado":"2019-09-09 10:54:58"},{"id":6237,"titulo":"PREG\u00c3O PRESENCIAL 016\/2019","numero":"016\/2019","orgao_id":2,"categoria_id":8,"slug":"pregao-presencial-016-2019","criado":"2019-09-04 11:52:33","alterado":"2019-09-04 11:52:33"},{"id":6236,"titulo":"TOMADA DE PRE\u00c7OS n\u00b0 001\/2019","numero":"001\/2019","abertura":"2019-09-19 00:00:00","objeto":"Contrata\u00e7\u00e3o de empresa especializada em obras e servi\u00e7os de engenharia objetivando a Estrutura\u00e7\u00e3o da Rede de Servi\u00e7os de Prote\u00e7\u00e3o Social B\u00e1sica\u2013 Constru\u00e7\u00e3o de CRAS para atender o contrato de repasse n\u00ba\u20132646.1036.534-06\/2016\/FNAS.","orgao_id":2,"categoria_id":9,"tags":"#cras","slug":"tomada-de-precos-n0-001-2019","criado":"2019-09-02 12:18:45","alterado":"2019-09-02 12:18:45"},{"id":6235,"titulo":"DISPENSA JOS\u00c9 DALISSON","orgao_id":1,"categoria_id":4,"slug":"dispensa-jose-dalisson","criado":"2019-08-29 12:28:52","alterado":"2019-08-29 12:28:52"},{"id":6234,"titulo":"DISPENSA GENILDE","orgao_id":1,"categoria_id":4,"slug":"dispensa-genilde","criado":"2019-08-29 12:26:56","alterado":"2019-08-29 12:26:56"},{"id":6233,"titulo":"DISPENSA DIEGO","orgao_id":1,"categoria_id":4,"slug":"dispensa-diego","criado":"2019-08-29 12:26:17","alterado":"2019-08-29 12:26:17"},{"id":6232,"titulo":"DISPENSA DEA","orgao_id":1,"categoria_id":4,"slug":"dispensa-dea","criado":"2019-08-29 12:25:08","alterado":"2019-08-29 12:25:08"},{"id":6231,"titulo":"DISPENSA ALUGUEL MARIA CARMELIA","orgao_id":1,"categoria_id":4,"slug":"dispensa-aluguel-maria-carmelia","criado":"2019-08-29 12:24:19","alterado":"2019-08-29 12:24:19"},{"id":6230,"titulo":"INEXIGIBILIDADE LUANZINHO MORAES","orgao_id":1,"categoria_id":5,"slug":"inexigibilidade-luanzinho-moraes","criado":"2019-08-29 12:20:56","alterado":"2019-08-29 12:20:56"},{"id":6229,"titulo":"INEXIGIBILIDADE ESCOLA BRASILEIRA","orgao_id":1,"categoria_id":5,"slug":"inexigibilidade-escola-brasileira","criado":"2019-08-29 12:12:26","alterado":"2019-08-29 12:12:26"},{"id":6228,"titulo":"INEXIGIBILIDADE AVANT","orgao_id":1,"categoria_id":5,"slug":"inexigibilidade-avant","criado":"2019-08-29 12:09:21","alterado":"2019-08-29 12:09:21"},{"id":6227,"titulo":"PREG\u00c3O 046\/2019 PREFEITURA","numero":"046\/2019","objeto":"Loca\u00e7\u00e3o de ve\u00edculos tipo \u00f4nibus e Micro-\u00f4nibus destinados ao transporte escolar com motorista e combust\u00edvel por conta da contratada, conforme especifica\u00e7\u00f5es constantes no Anexo I deste Edital.","orgao_id":1,"categoria_id":8,"slug":"pregao-046-2019-prefeitura","criado":"2019-08-27 11:23:05","alterado":"2019-08-27 11:23:05"},{"id":6226,"titulo":"PREG\u00c3O PRESENCIAL n\u00ba 003\/2019-SRP","numero":"00\/2019","publicacao":"2019-08-26 00:00:00","abertura":"2019-09-10 00:00:00","objeto":"Registro de pre\u00e7os visando futuras contrata\u00e7\u00f5es de empresas para presta\u00e7\u00e3o de servi\u00e7os de sinaliza\u00e7\u00e3o horizontal, vertical e dispositivos auxiliares na malha vi\u00e1ria, compreendendo fornecimento, implanta\u00e7\u00e3o e manuten\u00e7\u00e3o da mesma no munic\u00edpio de Itabaiana.","orgao_id":4,"categoria_id":8,"slug":"pregao-presencial-no-003-2019-srp","criado":"2019-08-26 12:21:14","alterado":"2019-08-26 12:21:14"},{"id":6225,"titulo":"Tomada de Pre\u00e7os n\u00ba. 01\/2019 - Fundo Municipal de Sa\u00fade (UBS Pov. Riacho Doce)","numero":"001\/2019","objeto":"Contrata\u00e7\u00e3o de empresa especializada em obras e servi\u00e7os de engenharia para constru\u00e7\u00e3o de Unidade B\u00e1sica de Sa\u00fade, localizada no Povoado Riacho Doce, no Munic\u00edpio de Itabaiana, Estado de Sergipe.","orgao_id":3,"categoria_id":8,"slug":"tomada-de-precos-no-01-2019-fundo-municipal-de-saude-ubs-pov-riacho-doce","criado":"2019-08-26 11:40:57","alterado":"2019-08-26 11:43:06"},{"id":6224,"titulo":"PREG\u00c3O 015 -DIVIS\u00d3RIAS EM MADEIRA","numero":"015\/2019","abertura":"2019-09-04 00:00:00","objeto":"Registro de pre\u00e7os visando futuras contrata\u00e7\u00f5es de empresas para a aquisi\u00e7\u00e3o divis\u00f3rias em madeira.","orgao_id":2,"categoria_id":8,"tags":"#DIVIS\u00d3RIAS,#MADEIRA","slug":"pregao-015-divisorias-em-madeira","criado":"2019-08-26 08:47:21","alterado":"2019-08-26 08:47:21"}],"busca":null,"ano":null}