{"categorias":[{"id":1,"nome":"Chamada P\u00fablica","slug":"chamada-publica"},{"id":2,"nome":"Concorr\u00eancia P\u00fablica","slug":"concorrencia-publica"},{"id":10,"nome":"Concurso","slug":"concurso"},{"id":13,"nome":"Conv\u00eanio","slug":"convenio"},{"id":3,"nome":"Convite","slug":"convite"},{"id":4,"nome":"Dispensa de Licita\u00e7\u00e3o","slug":"dispensa-d-licitacao"},{"id":12,"nome":"Fundo do Meio Ambiente","slug":"fundo-do-meio-ambiente"},{"id":5,"nome":"Inexigibilidade","slug":"inexigibilidade"},{"id":6,"nome":"Leil\u00e3o","slug":"leilao"},{"id":11,"nome":"Penalidade","slug":"penalidade"},{"id":7,"nome":"Preg\u00e3o Eletr\u00f4nico","slug":"pregao-eletronico"},{"id":8,"nome":"Preg\u00e3o Presencial","slug":"pregao-presencial"},{"id":9,"nome":"Tomada de Pre\u00e7o","slug":"tomada-de-preco"}],"categoria":null,"orgaos":[{"id":"2","0":"2","nome":"FMAS - Fundo Municipal de Assist\u00eancia Social","1":"FMAS - Fundo Municipal de Assist\u00eancia Social","slug":"fmas-fundo-municipal-de-assistencia-social","2":"fmas-fundo-municipal-de-assistencia-social","criado":null,"3":null,"alterado":null,"4":null,"log":null,"5":null,"6":"1"},{"id":"3","0":"3","nome":"FMS - Fundo Municipal de Sa\u00fade","1":"FMS - Fundo Municipal de Sa\u00fade","slug":"fms-fundo-municipal-de-saude","2":"fms-fundo-municipal-de-saude","criado":null,"3":null,"alterado":null,"4":null,"log":null,"5":null,"6":"1"},{"id":"1","0":"1","nome":"Prefeitura Municipal","1":"Prefeitura Municipal","slug":"prefeitura-municipal","2":"prefeitura-municipal","criado":null,"3":null,"alterado":null,"4":null,"log":null,"5":null,"6":"1"},{"id":"4","0":"4","nome":"SMTT - Superintend\u00eancia Municipal de Tr\u00e2nsito e Transporte","1":"SMTT - Superintend\u00eancia Municipal de Tr\u00e2nsito e Transporte","slug":"smtt-superintendencia-municipal-de-transito-e-transporte","2":"smtt-superintendencia-municipal-de-transito-e-transporte","criado":null,"3":null,"alterado":null,"4":null,"log":null,"5":null,"6":"1"}],"orgao":null,"situacao":null,"paginacao":{"atual":22,"proxima":23,"anterior":21,"total_registros":1127,"total_paginas":76},"itens":[{"id":6253,"titulo":"INEXIGIBILIDADE COMUNICA\u00c7\u00c3O PUBLICIDADE VISUAL EIRELI","numero":"040","objeto":"Loca\u00e7\u00e3o de 04 stand\u0027s que ser\u00e3o utilizados na V Bienal do Livro de Itabaiana a ser realizado no per\u00edodo de 11 \u00e0 15 de setembro de 2019","orgao_id":1,"categoria_id":5,"slug":"inexigibilidade-comunicacao-publicidade-visual-eireli","criado":"2019-10-15 08:13:18","alterado":"2019-10-15 08:13:18"},{"id":6252,"titulo":"Preg\u00e3o Presencial n\u00ba. 018\/2019 - Fundo Municipal de Sa\u00fade (loca\u00e7\u00e3o de tendas e posto m\u00e9dico)","numero":"018\/2019","abertura":"2019-10-24 00:00:00","objeto":"Contrata\u00e7\u00e3o de servi\u00e7os de instala\u00e7\u00e3o tempor\u00e1ria de estruturas de apoio (tendas tipo piramidal e posto m\u00e9dico), com montagem e desmontagem, para realiza\u00e7\u00e3o de eventos institucionais e campanhas de sa\u00fade, no intuito de suprir as necessidades do Fundo Municipal de Sa\u00fade de Itabaiana, Estado de Sergipe.","orgao_id":3,"categoria_id":8,"slug":"pregao-presencial-no-018-2019-fundo-municipal-de-saude-locacao-de-tendas-e-posto-medico","criado":"2019-10-11 11:56:54","alterado":"2019-10-11 11:56:54"},{"id":6251,"titulo":"DISPENSA JO\u00c3O VIEIRA","objeto":"Loca\u00e7\u00e3o de um im\u00f3vel situado no Povoado Samba\u00edba neste munic\u00edpio","orgao_id":1,"categoria_id":4,"slug":"dispensa-joao-vieira","criado":"2019-10-09 11:41:05","alterado":"2019-10-09 11:41:05"},{"id":6250,"titulo":"INEXIGIBILIDADE SENAC","numero":"037\/2019","objeto":"Qualifica\u00e7\u00e3o e o aperfei\u00e7oamento profissional de servidores que trabalham na secretaria das obras, urbanismo, infraestrutura e dos servi\u00e7os p\u00fablicos por meio dos cursos profissionalizantes","orgao_id":1,"categoria_id":5,"slug":"inexigibilidade-senac","criado":"2019-10-09 11:33:37","alterado":"2019-10-09 11:33:37"},{"id":6249,"titulo":"INEXIGIBILIDADE ANT\u00d4NIO L\u00c1ZARO","numero":"038\/2019","objeto":"Presta\u00e7\u00e3o de servi\u00e7o de apresenta\u00e7\u00e3o art\u00edstica de Irm\u00e3o L\u00e1zaro no dia 27 de agosto de 2019, em decorr\u00eancia das festividades alusivas a emancipa\u00e7\u00e3o pol\u00edtica a ser realizada neste munic\u00edpio.","orgao_id":1,"categoria_id":5,"slug":"inexigibilidade-antonio-lazaro","criado":"2019-10-09 11:29:44","alterado":"2019-10-09 11:29:44"},{"id":6248,"titulo":"INEXIGIBILIDADE SOUZA E SILVA","objeto":"Presta\u00e7\u00e3o de servi\u00e7os de apresenta\u00e7\u00e3o art\u00edstica de Jonny no dia 28 de Agosto de 2019, em decorr\u00eancia das Festividades alusivas a Emancipa\u00e7\u00e3o Pol\u00edtica a ser realizada neste munic\u00edpio.","orgao_id":1,"categoria_id":5,"slug":"inexigibilidade-souza-e-silva","criado":"2019-10-08 10:27:26","alterado":"2019-10-08 10:27:26"},{"id":6247,"titulo":"DISPENSA JOS\u00c9 VALDER","objeto":"Presta\u00e7\u00e3o de servi\u00e7o de ornamenta\u00e7\u00e3o de 03 (tr\u00eas) carros aleg\u00f3ricos e decora\u00e7\u00e3o de palanque Oficial retratando o tema \u0022Um pa\u00eds rico em cultura precisa respeitar a diversidade para construir a sua cidadania\u0022 para o desfile c\u00edvico de 7 de Setembro de 2019 que acontecer\u00e1 na Av. Dr. Luiz Magalh\u00e3es neste Munic\u00edpio,","orgao_id":1,"categoria_id":4,"slug":"dispensa-jose-valder","criado":"2019-10-08 10:24:26","alterado":"2019-10-08 10:24:26"},{"id":6246,"titulo":"PREG\u00c3O PRESENCIAL N\u00ba 048\/2019","numero":"048\/2019","objeto":"Contrata\u00e7\u00e3o de empresa para aquisi\u00e7\u00e3o de armas e muni\u00e7\u00f5es de fogo para Guarda Municipal deste munic\u00edpio.","orgao_id":1,"categoria_id":8,"slug":"pregao-presencial-no-048-2019","criado":"2019-10-07 11:32:44","alterado":"2019-10-07 11:35:18"},{"id":6245,"titulo":"CONCORR\u00caNCIA 003\/2019","numero":"003\/2019","abertura":"2019-11-05 00:00:00","valor":"4752300.00","objeto":"concess\u00e3o de uso real onerosa, p\u00fablico de administra\u00e7\u00e3o e fiscaliza\u00e7\u00e3o, transporte refrigerado e adequa\u00e7\u00e3o do matadouro municipal para transforma\u00e7\u00e3o em abatedouro frigorifico, conforme edital e seus anexos.","orgao_id":1,"categoria_id":2,"slug":"concorrencia-003-2019","criado":"2019-10-04 11:11:20","alterado":"2019-10-04 11:11:20"},{"id":6244,"titulo":"Preg\u00e3o Presencial n\u00ba. 017\/2019 - Fundo Municipal de Sa\u00fade (material m\u00e9dico\/hospitalar, odontol\u00f3gico e fisioterapia)","numero":"017\/2019","objeto":"Registro de pre\u00e7os objetivando aquisi\u00e7\u00e3o parcelada de equipamentos, materiais, instrumentais de uso odontol\u00f3gico e uso fisioterap\u00eautico, e aquisi\u00e7\u00e3o de clor\u00edmetro e peag\u00e2metro, itens fracassados nos Preg\u00f5es Presenciais n\u00ba. 011\/2019, 015\/2019 e 016\/2019, respectivamente, visando atender as necessidades das unidades de sa\u00fade vinculadas ao Fundo Municipal de Sa\u00fade de Itabaiana.","orgao_id":3,"categoria_id":8,"slug":"pregao-presencial-no-017-2019-fundo-municipal-de-saude-material-medico-hospitalar-odontologico-e-fisioterapia","criado":"2019-10-01 11:34:24","alterado":"2019-10-01 11:34:24"},{"id":6243,"titulo":"INEXIGIBILIDADE","numero":"2019","orgao_id":1,"categoria_id":5,"slug":"inexigibilidade","criado":"2019-09-26 09:51:59","alterado":"2019-09-26 09:51:59"},{"id":6242,"titulo":"Aviso de Penalidade","numero":"2019","objeto":"Aviso de Impedimento da Empresa I9 Publicidade e Eventos Art\u00edsticos Ltda ME de participa\u00e7\u00e3o em Licita\u00e7\u00e3o e de contratar com o Munic\u00edpio de Itabaiana\/SE.","orgao_id":1,"categoria_id":11,"slug":"aviso-de-penalidade","criado":"2019-09-25 12:51:17","alterado":"2019-09-25 12:51:17"},{"id":6241,"titulo":"PREG\u00c3O 017 - FRETE DE \u00d4NIBUS","numero":"017\/2019","abertura":"2019-10-10 00:00:00","objeto":"Registro de pre\u00e7os visando futuras contrata\u00e7\u00f5es de empresas para a servi\u00e7o de fretamento de \u00f4nibus.","orgao_id":2,"categoria_id":8,"tags":"#FRETE,#\u00d4NIBUS","slug":"pregao-017-frete-de-onibus","criado":"2019-09-25 12:34:30","alterado":"2019-09-25 12:34:30"},{"id":6240,"titulo":"PREG\u00c3O 047\/2019","numero":"047\/2019","objeto":"Aquisi\u00e7\u00e3o de mobili\u00e1rio padronizado (escorregadores) n\u00e3o adquiridos no preg\u00e3o 026\/2019, 034\/2019 e 041\/2019 para atender o Termo de Compromisso PAR n\u00ba 201601099 celebrado entre o FNDE e o Munic\u00edpio de Itabaiana\/Se, que ser\u00e3o destinados a unidade de educa\u00e7\u00e3o infantil \u2013 Creche\/Pr\u00e9-Escola \u2013no Povoado Carrilho e Bairro Miguel Teles de Mendon\u00e7a.","orgao_id":1,"categoria_id":8,"slug":"pregao-047-2019","criado":"2019-09-19 11:36:40","alterado":"2019-09-20 08:04:04"},{"id":6239,"titulo":"TOMADA DE PRE\u00c7O 015\/2019","numero":"015\/2019","orgao_id":1,"categoria_id":9,"slug":"tomada-de-preco-015-2019","criado":"2019-09-09 11:04:51","alterado":"2019-09-09 11:04:51"}],"busca":null,"ano":null}