{"categorias":[{"id":1,"nome":"Chamada P\u00fablica","slug":"chamada-publica"},{"id":2,"nome":"Concorr\u00eancia P\u00fablica","slug":"concorrencia-publica"},{"id":10,"nome":"Concurso","slug":"concurso"},{"id":13,"nome":"Conv\u00eanio","slug":"convenio"},{"id":3,"nome":"Convite","slug":"convite"},{"id":4,"nome":"Dispensa de Licita\u00e7\u00e3o","slug":"dispensa-d-licitacao"},{"id":12,"nome":"Fundo do Meio Ambiente","slug":"fundo-do-meio-ambiente"},{"id":5,"nome":"Inexigibilidade","slug":"inexigibilidade"},{"id":6,"nome":"Leil\u00e3o","slug":"leilao"},{"id":11,"nome":"Penalidade","slug":"penalidade"},{"id":7,"nome":"Preg\u00e3o Eletr\u00f4nico","slug":"pregao-eletronico"},{"id":8,"nome":"Preg\u00e3o Presencial","slug":"pregao-presencial"},{"id":9,"nome":"Tomada de Pre\u00e7o","slug":"tomada-de-preco"}],"categoria":null,"orgaos":[{"id":"2","0":"2","nome":"FMAS - Fundo Municipal de Assist\u00eancia Social","1":"FMAS - Fundo Municipal de Assist\u00eancia Social","slug":"fmas-fundo-municipal-de-assistencia-social","2":"fmas-fundo-municipal-de-assistencia-social","criado":null,"3":null,"alterado":null,"4":null,"log":null,"5":null,"6":"1"},{"id":"3","0":"3","nome":"FMS - Fundo Municipal de Sa\u00fade","1":"FMS - Fundo Municipal de Sa\u00fade","slug":"fms-fundo-municipal-de-saude","2":"fms-fundo-municipal-de-saude","criado":null,"3":null,"alterado":null,"4":null,"log":null,"5":null,"6":"1"},{"id":"1","0":"1","nome":"Prefeitura Municipal","1":"Prefeitura Municipal","slug":"prefeitura-municipal","2":"prefeitura-municipal","criado":null,"3":null,"alterado":null,"4":null,"log":null,"5":null,"6":"1"},{"id":"4","0":"4","nome":"SMTT - Superintend\u00eancia Municipal de Tr\u00e2nsito e Transporte","1":"SMTT - Superintend\u00eancia Municipal de Tr\u00e2nsito e Transporte","slug":"smtt-superintendencia-municipal-de-transito-e-transporte","2":"smtt-superintendencia-municipal-de-transito-e-transporte","criado":null,"3":null,"alterado":null,"4":null,"log":null,"5":null,"6":"1"}],"orgao":null,"situacao":null,"paginacao":{"atual":21,"proxima":22,"anterior":20,"total_registros":1127,"total_paginas":76},"itens":[{"id":6268,"titulo":"DISPENSA MARIA DO CARMO","objeto":"Loca\u00e7\u00e3o de 02 (duas) salas situadas na Rua Capit\u00e3o Jos\u00e9 Ferreira, n\u00ba 232","orgao_id":1,"categoria_id":4,"slug":"dispensa-maria-do-carmo","criado":"2019-11-05 09:31:51","alterado":"2019-11-05 09:35:36"},{"id":6267,"titulo":"DISPENSA - CARRINHOS DE MADEIRA","objeto":"Aquisi\u00e7\u00e3o de Copos Personalizados, que ser\u00e3o utilizados na comemora\u00e7\u00e3o ao Dia das M\u00e3es , onde acontecer\u00e3o atividades  que enfatizam \u201co poder  da efetividade na constru\u00e7\u00e3o da identidade da crian\u00e7a e do adolescente\u201d","orgao_id":2,"categoria_id":4,"slug":"dispensa-carrinhos-de-madeira","criado":"2019-11-05 09:30:53","alterado":"2019-11-05 09:30:53"},{"id":6266,"titulo":"DISPENSA - COPOS PERSONALIZADOS","objeto":"Contrata\u00e7\u00e3o de empresa especializada para Aquisi\u00e7\u00e3o de Copos Personalizados, que ser\u00e3o utilizados na comemora\u00e7\u00e3o ao Dia das M\u00e3es , onde acontecer\u00e3o atividades  que enfatizam \u201co poder  da efetividade na constru\u00e7\u00e3o da identidade da crian\u00e7a e do adolescente\u201d e que acontecer\u00e1 no dia 09 de Maio de 2019","orgao_id":2,"categoria_id":4,"slug":"dispensa-copos-personalizados","criado":"2019-11-05 09:24:25","alterado":"2019-11-05 09:24:25"},{"id":6265,"titulo":"DISPENSA - SHOW MUSICAL","objeto":"Presta\u00e7\u00e3o de servi\u00e7os de Sandro de Jesus J\u00fanior no dia 09 de Maio de 2019, em decorr\u00eancia do evento em comemora\u00e7\u00e3o ao Dias das m\u00e3es, em que acontecer\u00e1 atividades que enfatizam \u201co poder da afetividade na constru\u00e7\u00e3o da identidade da crian\u00e7a e do adolescente\u201d","orgao_id":2,"categoria_id":4,"slug":"dispensa-show-musical","criado":"2019-11-05 09:18:31","alterado":"2019-11-05 09:18:31"},{"id":6264,"titulo":"DISPENSA - PAPEL A4","objeto":"Contrata\u00e7\u00e3o de empresa para aquisi\u00e7\u00e3o de papel A4 para atender as necessidades do Fundo Municipal de Assist\u00eancia Social","orgao_id":2,"categoria_id":4,"slug":"dispensa-papel-a4","criado":"2019-11-05 08:16:04","alterado":"2019-11-05 08:16:04"},{"id":6263,"titulo":"DISPENSA - OFICINAS SUAS- APOIO OPERACIONAL","objeto":"Presta\u00e7\u00e3o de servi\u00e7os de apoio operacional nas oficinas com a finalidade de promover o desenvolvimento de habilidades e compet\u00eancias vocacionais e s\u00f3cio relacionais aos usu\u00e1rios SUAS","orgao_id":2,"categoria_id":4,"slug":"dispensa-oficinas-suas-apoio-operacional","criado":"2019-11-05 07:57:09","alterado":"2019-11-05 07:57:09"},{"id":6262,"titulo":"DISPENSA - HIGIENIZA\u00c7\u00c3O DE VE\u00cdCULOS","objeto":"Servi\u00e7os de Lavagem completa de ve\u00edculos com higieniza\u00e7\u00e3o interna para os ve\u00edculos pertencentes ao Fundo Municipal de Assist\u00eancia Social","orgao_id":2,"categoria_id":4,"slug":"dispensa-higienizacao-de-veiculos","criado":"2019-11-05 07:51:39","alterado":"2019-11-05 07:51:39"},{"id":6261,"titulo":"Preg\u00e3o Presencial n\u00ba. 019\/2019 - Fundo Municipal de Sa\u00fade (medicamentos)","numero":"019\/2019","abertura":"2019-11-14 00:00:00","objeto":"Registro de Pre\u00e7os visando aquisi\u00e7\u00e3o parcelada de medicamentos, para atender as necessidades do Fundo Municipal de Sa\u00fade de Itabaiana.","orgao_id":3,"categoria_id":8,"slug":"pregao-presencial-no-019-2019-fundo-municipal-de-saude-medicamentos","criado":"2019-11-04 10:09:48","alterado":"2019-11-04 10:09:48"},{"id":6260,"titulo":"DISPENSA","numero":"201","objeto":"Contrata\u00e7\u00e3o de empresa para aquisi\u00e7\u00e3o de sab\u00e3o em p\u00f3 para atender as necessidades das secretarias deste munic\u00edpio","orgao_id":1,"categoria_id":4,"slug":"dispensa","criado":"2019-10-21 09:27:27","alterado":"2019-10-21 09:27:27"},{"id":6259,"titulo":"DISPENSA MARIA JOSILENE","objeto":"Contrata\u00e7\u00e3o de empresa para aquisi\u00e7\u00e3o de papel A4 para atender as necessidades das Secret\u00e1rias deste munic\u00edpio","orgao_id":1,"categoria_id":4,"slug":"dispensa-maria-josilene","criado":"2019-10-21 09:23:55","alterado":"2019-10-21 09:23:55"},{"id":6258,"titulo":"PREG\u00c3O 48\/2019 PREFEITURA - REPUBLICA\u00c7\u00c3O","numero":"48\/2019","objeto":"Contrata\u00e7\u00e3o de empresa para aquisi\u00e7\u00e3o de armas e muni\u00e7\u00f5es de fogo para Guarda Municipal deste munic\u00edpio.","orgao_id":1,"categoria_id":8,"slug":"pregao-48-2019-prefeitura-republicacao","criado":"2019-10-17 10:25:32","alterado":"2019-10-17 10:25:32"},{"id":6257,"titulo":"PREG\u00c3O 050\/2019 PREFEITURA","numero":"050\/2019","objeto":"Aquisi\u00e7\u00e3o de mangueira luminosa e rabicho para decora\u00e7\u00e3o natalina de pra\u00e7as deste munic\u00edpio.","orgao_id":1,"categoria_id":8,"slug":"pregao-050-2019-prefeitura","criado":"2019-10-17 10:01:11","alterado":"2019-10-17 10:01:11"},{"id":6256,"titulo":"PREG\u00c3O 049\/2019 PREFEITURA","numero":"049\/2019","objeto":"contrata\u00e7\u00f5es de empresas para fornecimento parcelado  de material de copa, cozinha, limpeza, material de expediente e outros.","orgao_id":1,"categoria_id":8,"slug":"pregao-049-2019-prefeitura","criado":"2019-10-15 12:25:44","alterado":"2019-10-15 12:25:44"},{"id":6255,"titulo":"TOMADA DE PRE\u00c7O 016\/2019","numero":"016\/2019","objeto":"Contrata\u00e7\u00e3o de empresa especializada em obras e servi\u00e7os de engenharia para reforma da Escola Municipal Anita Carvalho, localizada no povoado Samba\u00edba deste munic\u00edpio.","orgao_id":1,"categoria_id":9,"slug":"tomada-de-preco-016-2019","criado":"2019-10-15 09:49:24","alterado":"2019-10-15 09:49:24"},{"id":6254,"titulo":"ALUGUEL GINALVA","objeto":"Loca\u00e7\u00e3o de 01 (um) im\u00f3vel situado na Avenida Rinaldo Mota Santos, 882.","orgao_id":1,"categoria_id":4,"slug":"aluguel-ginalva","criado":"2019-10-15 08:15:45","alterado":"2019-10-15 08:15:45"}],"busca":null,"ano":null}