{"categorias":[{"id":1,"nome":"Chamada P\u00fablica","slug":"chamada-publica"},{"id":2,"nome":"Concorr\u00eancia P\u00fablica","slug":"concorrencia-publica"},{"id":10,"nome":"Concurso","slug":"concurso"},{"id":13,"nome":"Conv\u00eanio","slug":"convenio"},{"id":3,"nome":"Convite","slug":"convite"},{"id":4,"nome":"Dispensa de Licita\u00e7\u00e3o","slug":"dispensa-d-licitacao"},{"id":12,"nome":"Fundo do Meio Ambiente","slug":"fundo-do-meio-ambiente"},{"id":5,"nome":"Inexigibilidade","slug":"inexigibilidade"},{"id":6,"nome":"Leil\u00e3o","slug":"leilao"},{"id":11,"nome":"Penalidade","slug":"penalidade"},{"id":7,"nome":"Preg\u00e3o Eletr\u00f4nico","slug":"pregao-eletronico"},{"id":8,"nome":"Preg\u00e3o Presencial","slug":"pregao-presencial"},{"id":9,"nome":"Tomada de Pre\u00e7o","slug":"tomada-de-preco"}],"categoria":null,"orgaos":[{"id":"2","0":"2","nome":"FMAS - Fundo Municipal de Assist\u00eancia Social","1":"FMAS - Fundo Municipal de Assist\u00eancia Social","slug":"fmas-fundo-municipal-de-assistencia-social","2":"fmas-fundo-municipal-de-assistencia-social","criado":null,"3":null,"alterado":null,"4":null,"log":null,"5":null,"6":"1"},{"id":"3","0":"3","nome":"FMS - Fundo Municipal de Sa\u00fade","1":"FMS - Fundo Municipal de Sa\u00fade","slug":"fms-fundo-municipal-de-saude","2":"fms-fundo-municipal-de-saude","criado":null,"3":null,"alterado":null,"4":null,"log":null,"5":null,"6":"1"},{"id":"1","0":"1","nome":"Prefeitura Municipal","1":"Prefeitura Municipal","slug":"prefeitura-municipal","2":"prefeitura-municipal","criado":null,"3":null,"alterado":null,"4":null,"log":null,"5":null,"6":"1"},{"id":"4","0":"4","nome":"SMTT - Superintend\u00eancia Municipal de Tr\u00e2nsito e Transporte","1":"SMTT - Superintend\u00eancia Municipal de Tr\u00e2nsito e Transporte","slug":"smtt-superintendencia-municipal-de-transito-e-transporte","2":"smtt-superintendencia-municipal-de-transito-e-transporte","criado":null,"3":null,"alterado":null,"4":null,"log":null,"5":null,"6":"1"}],"orgao":null,"situacao":null,"paginacao":{"atual":20,"proxima":21,"anterior":19,"total_registros":1127,"total_paginas":76},"itens":[{"id":6283,"titulo":"PREG\u00c3O PRESENCIAL N\u00b0 053\/2019","numero":"053\/2019","objeto":"Contrata\u00e7\u00e3o de empresa especializada em presta\u00e7\u00e3o de servi\u00e7os de impress\u00e3o de plotagem de projetos destinados a Secretaria de Obras para obras em execu\u00e7\u00e3o e a executar, al\u00e9m de futuras capta\u00e7\u00f5es de recursos junto ao governo federal.","orgao_id":1,"categoria_id":8,"slug":"pregao-presencial-n0-053-2019","criado":"2019-12-19 12:16:54","alterado":"2019-12-19 12:16:54"},{"id":6282,"titulo":"PREG\u00c3O PRESENCIAL n\u00ba 052\/2019","numero":"052\/2019","objeto":"Aquisi\u00e7\u00e3o e fornecimento parcelado de g\u00e1s GLP com entrega di\u00e1ria, bem como vasilhames para atender as necessidades das secretarias deste munic\u00edpio, no exerc\u00edcio de 2020.","orgao_id":1,"categoria_id":8,"slug":"pregao-presencial-no-052-2019","criado":"2019-12-16 12:05:39","alterado":"2019-12-16 12:05:39"},{"id":6281,"titulo":"Preg\u00e3o Presencial n\u00ba. 025\/2019 - Fundo Municipal de Sa\u00fade (refei\u00e7\u00f5es)","numero":"025\/2019","objeto":"Registro de Pre\u00e7os visando aquisi\u00e7\u00e3o parcelada de refei\u00e7\u00f5es prontas (tipo quentinhas) e almo\u00e7os tipo self-service, que atender\u00e3o aos \u00f3rg\u00e3os vinculados a Prefeitura Municipal de Itabaiana.","orgao_id":3,"categoria_id":8,"slug":"pregao-presencial-no-025-2019-fundo-municipal-de-saude-refeicoes","criado":"2019-12-12 14:23:31","alterado":"2020-01-10 08:48:58"},{"id":6280,"titulo":"PREG\u00c3O 051\/2019 PREFEITURA","numero":"051\/2019","objeto":"Aquisi\u00e7\u00e3o de equipamento clorador, com instala\u00e7\u00e3o inclusa, entre outros materiais para Tratamento de \u00c1gua de Po\u00e7os Artesianos, no exerc\u00edcio de 2020","orgao_id":1,"categoria_id":8,"slug":"pregao-051-2019-prefeitura","criado":"2019-12-10 10:34:34","alterado":"2019-12-10 10:34:34"},{"id":6279,"titulo":"Preg\u00e3o Presencial n\u00ba. 024\/2019 - Fundo Municipal de Sa\u00fade (Medicamentos ABC Farma)","numero":"024\/2019","abertura":"2019-12-20 00:00:00","objeto":"Contrata\u00e7\u00e3o de empresa especializada visando aquisi\u00e7\u00e3o e o fornecimento parcelado de medicamentos listados na revista do ABC FARMA, \u00faltima edi\u00e7\u00e3o e atualizada, com pronta entrega para o exerc\u00edcio de 2020.","orgao_id":3,"categoria_id":8,"slug":"pregao-presencial-no-024-2019-fundo-municipal-de-saude-medicamentos-abc-farma","criado":"2019-12-05 10:44:38","alterado":"2019-12-05 10:44:38"},{"id":6278,"titulo":"Preg\u00e3o Presencial n\u00ba. 023\/2019 (SRP) - Fundo Municipal de Sa\u00fade (Fraldas Descart\u00e1veis)","numero":"023\/2019","abertura":"2019-12-18 00:00:00","objeto":"Aquisi\u00e7\u00e3o e fornecimento parcelado de fraldas geri\u00e1tricas e infantis para distribui\u00e7\u00e3o gratuita objetivando atender as necessidades do Fundo Municipal de Sa\u00fade de Itabaiana, estado de Sergipe, durante exerc\u00edcio de 2020.","orgao_id":3,"categoria_id":8,"slug":"pregao-presencial-no-023-2019-srp-fundo-municipal-de-saude-fraldas-descartaveis","criado":"2019-12-04 11:55:22","alterado":"2019-12-04 11:55:22"},{"id":6277,"titulo":"Preg\u00e3o Presencial n\u00ba. 022\/2019 (SRP) - Fundo Municipal de Sa\u00fade (Tiras de teste de glicemia)","numero":"022\/2019","abertura":"2019-12-17 00:00:00","objeto":"Contrata\u00e7\u00e3o de empresa especializada visando fornecimento parcelado de tiras reagentes de medida de glicemia capilar (insumos de insulina) que ser\u00e3o distribu\u00eddas gratuitamente, atendendo as necessidades da Farm\u00e1cia B\u00e1sica, no exerc\u00edcio de 2020.","orgao_id":3,"categoria_id":8,"slug":"pregao-presencial-no-022-2019-srp-fundo-municipal-de-saude-tiras-de-teste-de-glicemia","criado":"2019-12-04 11:51:49","alterado":"2019-12-26 08:32:37"},{"id":6276,"titulo":"Preg\u00e3o Presencial n\u00ba. 021\/2019 (SRP) - Fundo Municipal de Sa\u00fade (Manuten\u00e7\u00e3o Predial)","numero":"021\/2019","abertura":"2019-12-13 00:00:00","objeto":"Registro de pre\u00e7os visando futura contrata\u00e7\u00e3o de empresa especializada objetivando a realiza\u00e7\u00e3o de servi\u00e7os de manuten\u00e7\u00f5es prediais a serem realizados nos pr\u00e9dios p\u00fablicos utilizados pelos \u00f3rg\u00e3os vinculados a Prefeitura Municipal de Itabaiana, Estado de Sergipe.","orgao_id":3,"categoria_id":8,"slug":"pregao-presencial-no-021-2019-srp-fundo-municipal-de-saude-manutencao-predial","criado":"2019-12-02 13:12:41","alterado":"2019-12-02 13:12:41"},{"id":6275,"titulo":"Preg\u00e3o Presencial n\u00ba. 020\/2019 (SRP) - Fundo Municipal de Sa\u00fade (Aquisi\u00e7\u00e3o de Combust\u00edveis)","numero":"020\/2019","abertura":"2019-12-12 00:00:00","objeto":"Registro de Pre\u00e7os visando aquisi\u00e7\u00e3o parcelada de combust\u00edveis (gasolina comum, \u00f3leo diesel s-500 e s-10), que atender\u00e3o a diversos \u00f3rg\u00e3os vinculados a Prefeitura Municipal de Itabaiana\/SE.","orgao_id":3,"categoria_id":8,"slug":"pregao-presencial-no-020-2019-srp-fundo-municipal-de-saude-aquisicao-de-combustiveis","criado":"2019-11-29 12:32:01","alterado":"2019-11-29 12:32:58"},{"id":6274,"titulo":"PREG\u00c3O PRESENCIAL SRP N\u00b0 018\/2019","numero":"018\/2019","publicacao":"2019-11-27 00:00:00","abertura":"2019-12-10 00:00:00","objeto":"Registro de pre\u00e7os visando futuras contrata\u00e7\u00f5es de empresas para a aquisi\u00e7\u00e3o de Material Gr\u00e1fico n\u00e3o adquiridos no preg\u00e3o 010\/2019, e outros,  bem como sua aplica\u00e7\u00e3o, quando necess\u00e1rio.","orgao_id":2,"categoria_id":8,"tags":"#gr\u00e1fico","slug":"pregao-presencial-srp-n0-018-2019","criado":"2019-11-27 12:30:45","alterado":"2019-11-27 13:01:10"},{"id":6273,"titulo":"TOMADA DE PRE\u00c7O 017\/2019","numero":"017\/2019","objeto":"Contrata\u00e7\u00e3o de empresa especializada em obras e servi\u00e7os de engenharia para reforma da Escola Municipal Artur Barbosa de Gois no Povoado Cajueiro.","orgao_id":1,"categoria_id":9,"slug":"tomada-de-preco-017-2019","criado":"2019-11-14 09:41:25","alterado":"2019-11-14 09:41:25"},{"id":6272,"titulo":"CONCORR\u00caNCIA 003\/2019 - Prefeitura de Itabaiana - REPUBLICA\u00c7\u00c3O","numero":"03\/2019 REPUBLICA\u00c7\u00c3O","objeto":"Concess\u00e3o de uso real onerosa, p\u00fablico de administra\u00e7\u00e3o e fiscaliza\u00e7\u00e3o, transporte refrigerado e adequa\u00e7\u00e3o do matadouro municipal para transforma\u00e7\u00e3o em abatedouro frigorifico, conforme edital e seus anexos.","orgao_id":1,"categoria_id":2,"slug":"concorrencia-003-2019-prefeitura-de-itabaiana-republicacao","criado":"2019-11-06 11:21:00","alterado":"2019-11-06 11:21:00"},{"id":6271,"titulo":"DISPENSA - MATERIAL COMUNICA\u00c7\u00c3O VISUAL - CAMPANHA \u0022FA\u00c7A BONITO\u0022","objeto":"Aquisi\u00e7\u00e3o de itens de material gr\u00e1ficos e comunica\u00e7\u00e3o visual, bem como aventais e camisas para a campanha \u201cFA\u00c7A BONITO \u2013 PROTEJA NOSSAS CRIAN\u00c7AS E ADOLESCENTES\u201d para o Fundo Municipal dos Direitos da Crian\u00e7a e do Adolescente neste Munic\u00edpio","orgao_id":2,"categoria_id":4,"slug":"dispensa-material-comunicacao-visual-campanha-faca-bonito","criado":"2019-11-05 09:52:55","alterado":"2019-11-05 09:52:55"},{"id":6270,"titulo":"DISPENSA EMPRESA GILMARA","objeto":"Servi\u00e7os a serem prestados na elabora\u00e7\u00e3o de PCMSO (NR7 MTE, Portaria 3.214\/78) - Programa de controle de medicina e sa\u00fade ocupacional e LTCAT (Lei 8.213\/91 e anexo V do decreto 3.048\/99)","orgao_id":1,"categoria_id":4,"slug":"dispensa-empresa-gilmara","criado":"2019-11-05 09:40:14","alterado":"2019-11-05 09:40:14"},{"id":6269,"titulo":"DISPENSA - LOCA\u00c7\u00c3O DE MESAS E CADEIRAS","objeto":"Contrata\u00e7\u00e3o de empresa especializada para Aquisi\u00e7\u00e3o de Copos Personalizados, que ser\u00e3o utilizados na comemora\u00e7\u00e3o ao Dia das M\u00e3es , onde acontecer\u00e3o atividades  que enfatizam \u201co poder  da efetividade na constru\u00e7\u00e3o da identidade da crian\u00e7a e do adolescente\u201d","orgao_id":2,"categoria_id":4,"slug":"dispensa-locacao-de-mesas-e-cadeiras","criado":"2019-11-05 09:39:32","alterado":"2019-11-05 09:39:32"}],"busca":null,"ano":null}