{"categorias":[{"id":1,"nome":"Chamada P\u00fablica","slug":"chamada-publica"},{"id":2,"nome":"Concorr\u00eancia P\u00fablica","slug":"concorrencia-publica"},{"id":10,"nome":"Concurso","slug":"concurso"},{"id":13,"nome":"Conv\u00eanio","slug":"convenio"},{"id":3,"nome":"Convite","slug":"convite"},{"id":4,"nome":"Dispensa de Licita\u00e7\u00e3o","slug":"dispensa-d-licitacao"},{"id":12,"nome":"Fundo do Meio Ambiente","slug":"fundo-do-meio-ambiente"},{"id":5,"nome":"Inexigibilidade","slug":"inexigibilidade"},{"id":6,"nome":"Leil\u00e3o","slug":"leilao"},{"id":11,"nome":"Penalidade","slug":"penalidade"},{"id":7,"nome":"Preg\u00e3o Eletr\u00f4nico","slug":"pregao-eletronico"},{"id":8,"nome":"Preg\u00e3o Presencial","slug":"pregao-presencial"},{"id":9,"nome":"Tomada de Pre\u00e7o","slug":"tomada-de-preco"}],"categoria":null,"orgaos":[{"id":"2","0":"2","nome":"FMAS - Fundo Municipal de Assist\u00eancia Social","1":"FMAS - Fundo Municipal de Assist\u00eancia Social","slug":"fmas-fundo-municipal-de-assistencia-social","2":"fmas-fundo-municipal-de-assistencia-social","criado":null,"3":null,"alterado":null,"4":null,"log":null,"5":null,"6":"1"},{"id":"3","0":"3","nome":"FMS - Fundo Municipal de Sa\u00fade","1":"FMS - Fundo Municipal de Sa\u00fade","slug":"fms-fundo-municipal-de-saude","2":"fms-fundo-municipal-de-saude","criado":null,"3":null,"alterado":null,"4":null,"log":null,"5":null,"6":"1"},{"id":"1","0":"1","nome":"Prefeitura Municipal","1":"Prefeitura Municipal","slug":"prefeitura-municipal","2":"prefeitura-municipal","criado":null,"3":null,"alterado":null,"4":null,"log":null,"5":null,"6":"1"},{"id":"4","0":"4","nome":"SMTT - Superintend\u00eancia Municipal de Tr\u00e2nsito e Transporte","1":"SMTT - Superintend\u00eancia Municipal de Tr\u00e2nsito e Transporte","slug":"smtt-superintendencia-municipal-de-transito-e-transporte","2":"smtt-superintendencia-municipal-de-transito-e-transporte","criado":null,"3":null,"alterado":null,"4":null,"log":null,"5":null,"6":"1"}],"orgao":null,"situacao":null,"paginacao":{"atual":19,"proxima":20,"anterior":18,"total_registros":1127,"total_paginas":76},"itens":[{"id":6298,"titulo":"051\/2019 REPUBLICA\u00c7\u00c3O","numero":"51\/2019","objeto":"Aquisi\u00e7\u00e3o de equipamento clorador, com instala\u00e7\u00e3o inclusa, entre outros materiais para Tratamento de \u00c1gua de Po\u00e7os Artesianos, no exerc\u00edcio de 2020.","orgao_id":1,"categoria_id":8,"slug":"051-2019-republicacao","criado":"2020-01-08 10:37:20","alterado":"2020-01-08 10:37:20"},{"id":6297,"titulo":"PREG\u00c3O PRESENCIAL n\u00b0 004\/2020 - Kit Gestante","numero":"004\/2020","abertura":"2020-01-22 00:00:00","objeto":"Contrata\u00e7\u00e3o de empresa visando a aquisi\u00e7\u00e3o e o fornecimento parcelado de utens\u00edlios de beb\u00ea para atenderem as pessoas carentes deste munic\u00edpio, atendendo orienta\u00e7\u00e3o da Lei 8.742 de 07 de Dezembro de 1993 \u2013 LOAS, em seu artigo 15 par\u00e1grafo II","orgao_id":1,"categoria_id":8,"tags":"#kit,#gestante,#beb\u00ea","slug":"pregao-presencial-n0-004-2020-kit-gestante","criado":"2020-01-08 08:30:19","alterado":"2020-01-08 08:30:19"},{"id":6296,"titulo":"PREG\u00c3O PRESENCIAL n\u00b0 002\/2020 - Frutas e Verduras - FMAS","numero":"002\/2020","abertura":"2020-01-27 00:00:00","objeto":"Contrata\u00e7\u00e3o de empresa especializada visando a aquisi\u00e7\u00e3o e fornecimento parcelado de frutas e verduras para diversos Programas deste Fundo Municipal de Assist\u00eancia Social.","orgao_id":2,"categoria_id":8,"tags":"#FRUTAS,#VERDURAS","slug":"pregao-presencial-n0-002-2020-frutas-e-verduras-fmas","criado":"2020-01-08 08:22:17","alterado":"2020-01-08 08:22:17"},{"id":6295,"titulo":"PREG\u00c3O PRESENCIAL n\u00b0 001\/2020 - G\u00caNEROS ALIMENT\u00cdCIOS - FMAS","numero":"001\/2020","abertura":"2020-01-20 00:00:00","objeto":"Contrata\u00e7\u00e3o de empresa especializada visando a aquisi\u00e7\u00e3o e fornecimento parcelado de g\u00eaneros aliment\u00edcios perec\u00edveis e n\u00e3o perec\u00edveis para diversos Programas deste Fundo Municipal de Assist\u00eancia Social.","orgao_id":2,"categoria_id":8,"tags":"#G\u00caNEROS,#ALIMENTOS","slug":"pregao-presencial-n0-001-2020-generos-alimenticios-fmas","criado":"2020-01-08 08:11:38","alterado":"2020-01-08 08:11:38"},{"id":6294,"titulo":"Preg\u00e3o Presencial n\u00ba. 003\/2020 - Fundo Municipal de Sa\u00fade (Leiloeiro)","numero":"003\/2020","abertura":"2020-01-22 00:00:00","objeto":"Registro de pre\u00e7os visando a contrata\u00e7\u00e3o especializada para a presta\u00e7\u00e3o de servi\u00e7os de Leiloeiro Oficial que atender\u00e1 a diversos \u00f3rg\u00e3os vinculados a Prefeitura Municipal de Itabaiana\/SE.","orgao_id":3,"categoria_id":8,"slug":"pregao-presencial-no-003-2020-fundo-municipal-de-saude-leiloeiro","criado":"2020-01-06 17:03:09","alterado":"2020-01-29 15:12:44"},{"id":6293,"titulo":"Preg\u00e3o Presencial n\u00ba. 002\/2020 - Fundo Municipal de Sa\u00fade (Compressores - Raio X)","numero":"002\/2020","abertura":"2020-01-20 00:00:00","objeto":"Registro de pre\u00e7os visando a contrata\u00e7\u00e3o de empresa especializada para aquisi\u00e7\u00e3o de compressores e aparelhos de raio-x, ambos de uso odontol\u00f3gico, que atender\u00e3o as necessidades das unidades de sa\u00fade vinculadas ao Fundo Municipal de Sa\u00fade de Itabaiana\/SE.","orgao_id":3,"categoria_id":8,"slug":"pregao-presencial-no-002-2020-fundo-municipal-de-saude-compressores-raio-x","criado":"2020-01-06 17:00:27","alterado":"2020-01-06 17:00:27"},{"id":6292,"titulo":"Preg\u00e3o Presencial n\u00ba. 001\/2020 - Fundo Municipal de Sa\u00fade (Sistemas de Gest\u00e3o)","numero":"001\/2020","objeto":"Registro de pre\u00e7os visando a contrata\u00e7\u00e3o de empresa especializada na presta\u00e7\u00e3o de servi\u00e7os de licen\u00e7a de uso de software de gest\u00e3o p\u00fablica incluindo implanta\u00e7\u00e3o, migra\u00e7\u00e3o de dados, treinamento, manuten\u00e7\u00e3o e suporte t\u00e9cnico, para atender \u00e0s necessidades da Prefeitura Municipal de Itabaiana.","orgao_id":3,"categoria_id":8,"slug":"pregao-presencial-no-001-2020-fundo-municipal-de-saude-sistemas-de-gestao","criado":"2020-01-06 16:57:26","alterado":"2020-06-19 13:26:31"},{"id":6291,"titulo":"PREG\u00c3O PRESENCIAL n\u00b0 003\/2020 - CESTAS B\u00c1SICAS","numero":"003\/2020","abertura":"2020-01-20 00:00:00","objeto":"Fornecimento parcelado de 1000 (mil) cestas b\u00e1sicas composta de 13 (treze) itens para a p\u00e1scoa, e mais outras 1.500 (mil e quinhentas) cestas b\u00e1sicas composta por 17 (dezessete) itens, atendendo orienta\u00e7\u00e3o da Lei Federal 8.742 de 07 de Dezembro de 1993 \u2013 LOAS e art. 1\u00b0, III da Lei Municipal n\u00b0 1.163 de 07 de Junho de 2005.","orgao_id":1,"categoria_id":8,"tags":"#CESTAB\u00c1SICA,#CESTAS","slug":"pregao-presencial-n0-003-2020-cestas-basicas","criado":"2020-01-06 11:04:26","alterado":"2020-01-06 11:04:26"},{"id":6290,"titulo":"PREG\u00c3O PRESENCIAL N\u00ba 002\/2020","objeto":"contrata\u00e7\u00e3o de empresa especializada visando a aquisi\u00e7\u00e3o e fornecimento parcelado de g\u00eaneros aliment\u00edcios espec\u00edficos para atendimento de portadores de necessidades nutricionais especiais, como tamb\u00e9m aquisi\u00e7\u00e3o e fornecimento parcelado de g\u00eaneros aliment\u00edcios espec\u00edficos para atender as creches.","orgao_id":1,"categoria_id":8,"slug":"pregao-presencial-no-002-2020","criado":"2020-01-06 09:14:37","alterado":"2020-01-06 09:14:37"},{"id":6289,"titulo":"CHAMADA P\u00daBLICA 003\/2019","numero":"003\/2019","objeto":"aquisi\u00e7\u00e3o de g\u00eaneros aliment\u00edcios da agricultura familiar e empreendedor familiar rural para alimenta\u00e7\u00e3o escolar, para o exerc\u00edcio de 2020.","orgao_id":1,"categoria_id":1,"slug":"chamada-publica-003-2019","criado":"2020-01-03 12:42:54","alterado":"2020-01-03 12:42:54"},{"id":6288,"titulo":"PREG\u00c3O PRESENCIAL N\u00ba 001\/2020","numero":"001","objeto":"contrata\u00e7\u00e3o de empresa visando a aquisi\u00e7\u00e3o e fornecimento parcelado de g\u00eaneros aliment\u00edcios perec\u00edveis e n\u00e3o perec\u00edveis para Merenda Escolar, Mais Educa\u00e7\u00e3o, Eja, Creche, Pr\u00e9-Escola e Col\u00e9gio Agr\u00edcola, para esta Prefeitura.","orgao_id":1,"categoria_id":8,"slug":"pregao-presencial-no-001-2020","criado":"2020-01-03 09:53:22","alterado":"2020-01-03 09:53:22"},{"id":6287,"titulo":"PREG\u00c3O PRESENCIAL 019\/2019","numero":"019","objeto":"Contrata\u00e7\u00e3o de empresa para aquisi\u00e7\u00e3o e fornecimento parcelado de g\u00e1s GLP que ser\u00e3o utilizados pelos programas do Fundo Municipal de Assist\u00eancia Social, para o exerc\u00edcio de 2020.","orgao_id":2,"categoria_id":8,"slug":"pregao-presencial-019-2019","criado":"2019-12-26 12:40:07","alterado":"2019-12-26 12:40:07"},{"id":6286,"titulo":"PREG\u00c3O PRESENCIAL N\u00b0 055\/2019","numero":"055","objeto":"Registro de pre\u00e7os visando a contrata\u00e7\u00e3o de empresa especializada para presta\u00e7\u00e3o de servi\u00e7os de Agenciamento de Viagens, no exerc\u00edcio de 2020.","orgao_id":1,"categoria_id":8,"slug":"pregao-presencial-n0-055-2019","criado":"2019-12-26 11:26:29","alterado":"2019-12-26 11:26:29"},{"id":6285,"titulo":"Preg\u00e3o Presencial SRP","numero":"004\/2019","objeto":"Registro de Pre\u00e7os visando futuras contrata\u00e7\u00f5es de empresas para aquisi\u00e7\u00e3o e fornecimento parcelado de filtros, \u00f3leo lubrificantes e outros, conforme especifica\u00e7\u00f5es constantes do Termo de Refer\u00eancia (Anexo I), para suprir as necessidades dos \u00f3rg\u00e3os p\u00fablicos abaixo relacionados:\r\n\u2022\tSuperintend\u00eancia Municipal de Tr\u00e2nsito e Transporte de Itabaiana;\r\n\u2022\tPrefeitura Municipal de Itabaiana;\r\n\u2022\tFundo Municipal de Sa\u00fade de Itabaiana;\r\n\u2022\tFundo Municipal de Assist\u00eancia Social de Itabaiana.","orgao_id":4,"categoria_id":8,"slug":"pregao-presencial-srp","criado":"2019-12-19 13:03:35","alterado":"2019-12-19 13:03:35"},{"id":6284,"titulo":"PREG\u00c3O PRESENCIAL N\u00b0 054\/2019","objeto":"Aquisi\u00e7\u00e3o e fornecimento parcelado de ra\u00e7\u00e3o animal para atender as necessidades da Escola T\u00e9cnica Agr\u00edcola e Abrigo de Animais deste munic\u00edpio.","orgao_id":1,"categoria_id":8,"slug":"pregao-presencial-n0-054-2019","criado":"2019-12-19 12:18:51","alterado":"2019-12-19 12:18:51"}],"busca":null,"ano":null}