{"categorias":[{"id":1,"nome":"Chamada P\u00fablica","slug":"chamada-publica"},{"id":2,"nome":"Concorr\u00eancia P\u00fablica","slug":"concorrencia-publica"},{"id":10,"nome":"Concurso","slug":"concurso"},{"id":13,"nome":"Conv\u00eanio","slug":"convenio"},{"id":3,"nome":"Convite","slug":"convite"},{"id":4,"nome":"Dispensa de Licita\u00e7\u00e3o","slug":"dispensa-d-licitacao"},{"id":12,"nome":"Fundo do Meio Ambiente","slug":"fundo-do-meio-ambiente"},{"id":5,"nome":"Inexigibilidade","slug":"inexigibilidade"},{"id":6,"nome":"Leil\u00e3o","slug":"leilao"},{"id":11,"nome":"Penalidade","slug":"penalidade"},{"id":7,"nome":"Preg\u00e3o Eletr\u00f4nico","slug":"pregao-eletronico"},{"id":8,"nome":"Preg\u00e3o Presencial","slug":"pregao-presencial"},{"id":9,"nome":"Tomada de Pre\u00e7o","slug":"tomada-de-preco"}],"categoria":null,"orgaos":[{"id":"2","0":"2","nome":"FMAS - Fundo Municipal de Assist\u00eancia Social","1":"FMAS - Fundo Municipal de Assist\u00eancia Social","slug":"fmas-fundo-municipal-de-assistencia-social","2":"fmas-fundo-municipal-de-assistencia-social","criado":null,"3":null,"alterado":null,"4":null,"log":null,"5":null,"6":"1"},{"id":"3","0":"3","nome":"FMS - Fundo Municipal de Sa\u00fade","1":"FMS - Fundo Municipal de Sa\u00fade","slug":"fms-fundo-municipal-de-saude","2":"fms-fundo-municipal-de-saude","criado":null,"3":null,"alterado":null,"4":null,"log":null,"5":null,"6":"1"},{"id":"1","0":"1","nome":"Prefeitura Municipal","1":"Prefeitura Municipal","slug":"prefeitura-municipal","2":"prefeitura-municipal","criado":null,"3":null,"alterado":null,"4":null,"log":null,"5":null,"6":"1"},{"id":"4","0":"4","nome":"SMTT - Superintend\u00eancia Municipal de Tr\u00e2nsito e Transporte","1":"SMTT - Superintend\u00eancia Municipal de Tr\u00e2nsito e Transporte","slug":"smtt-superintendencia-municipal-de-transito-e-transporte","2":"smtt-superintendencia-municipal-de-transito-e-transporte","criado":null,"3":null,"alterado":null,"4":null,"log":null,"5":null,"6":"1"}],"orgao":null,"situacao":null,"paginacao":{"atual":18,"proxima":19,"anterior":17,"total_registros":1127,"total_paginas":76},"itens":[{"id":6314,"titulo":"Preg\u00e3o Presencial n\u00ba. 004\/2020 - Fundo Municipal de Sa\u00fade (C\u00e2maras de Refrigera\u00e7\u00e3o)","numero":"004\/2020","abertura":"2020-02-03 00:00:00","objeto":"Contrata\u00e7\u00e3o de empresa especializada visando aquisi\u00e7\u00e3o parcelada de c\u00e2maras de refrigera\u00e7\u00e3o que atender\u00e3o as necessidades do Fundo Municipal de Sa\u00fade de Itabaiana\/SE.","orgao_id":3,"categoria_id":8,"slug":"pregao-presencial-no-004-2020-fundo-municipal-de-saude-camaras-de-refrigeracao","criado":"2020-01-17 13:53:37","alterado":"2020-01-29 15:15:55"},{"id":6313,"titulo":"Preg\u00e3o Presencial SRP SMTT","numero":"001\/2020","objeto":"REGISTRO DE PRE\u00c7OS visando futuras contrata\u00e7\u00f5es de empresas para fornecimento parcelado de \u00e1gua mineral, bem como garraf\u00e3o vazio (vasilhame) de 20 litros","orgao_id":4,"categoria_id":8,"slug":"pregao-presencial-srp-smtt","criado":"2020-01-16 13:54:21","alterado":"2020-01-22 08:33:56"},{"id":6312,"titulo":"PREG\u00c3O PRESENCIAL N\u00ba 009\/2020","objeto":"aquisi\u00e7\u00e3o e fornecimento parcelado de ra\u00e7\u00e3o animal para atender as necessidades da Escola T\u00e9cnica Agr\u00edcola deste munic\u00edpio, n\u00e3o adquiridos no Preg\u00e3o 054\/2019, bem como outros.","orgao_id":1,"categoria_id":8,"slug":"pregao-presencial-no-009-2020","criado":"2020-01-16 12:26:34","alterado":"2020-01-16 12:26:34"},{"id":6311,"titulo":"PREG\u00c3O PRESENCIAL N\u00ba 003\/2020 - FMAS","objeto":"Contrata\u00e7\u00e3o de empresa especializada visando a aquisi\u00e7\u00e3o e fornecimento parcelado de p\u00e3es, bolo, broa e queijada para atender os programas, pertencentes ao Fundo Municipal de Assist\u00eancia Social de Itabaiana\/SE.","orgao_id":2,"categoria_id":8,"slug":"pregao-presencial-no-003-2020-fmas","criado":"2020-01-15 11:59:18","alterado":"2020-01-15 11:59:18"},{"id":6310,"titulo":"TOMADA DE PRE\u00c7O 011\/2019 - REPUBLICA\u00c7\u00c3O","objeto":"contrata\u00e7\u00e3o de empresa especializada para os servi\u00e7os de: 1- Ilumina\u00e7\u00e3o P\u00fablica de Led da Avenida Dr. Pedro Garcia Moreno; 2 - Ilumina\u00e7\u00e3o P\u00fablica de Led da Avenida Dr Luiz Magalh\u00e3es e Ivo de Carvalho, todas neste munic\u00edpio, conforme descri\u00e7\u00e3o no anexo I do edital.","orgao_id":1,"categoria_id":9,"slug":"tomada-de-preco-011-2019-republicacao","criado":"2020-01-15 11:43:13","alterado":"2020-01-15 11:43:13"},{"id":6309,"titulo":"PREG\u00c3O PRESENCIAL N\u00ba 007\/2020","objeto":"contrata\u00e7\u00e3o de institui\u00e7\u00e3o financeira, p\u00fablica ou privada, para a presta\u00e7\u00e3o de servi\u00e7os de pagamento de vencimentos, sal\u00e1rios, proventos, aposentadorias, pens\u00f5es, e similares, dos servidores desta Prefeitura.","orgao_id":1,"categoria_id":8,"slug":"pregao-presencial-no-007-2020","criado":"2020-01-15 11:40:46","alterado":"2020-01-15 11:40:46"},{"id":6308,"titulo":"PREG\u00c3O 008\/2020 PREFEITURA","numero":"008\/2020","objeto":"Aquisi\u00e7\u00e3o e fornecimento parcelado de material de copa, cozinha, limpeza e outros, bem como g\u00eaneros aliment\u00edcios","orgao_id":1,"categoria_id":8,"slug":"pregao-008-2020-prefeitura","criado":"2020-01-15 10:47:43","alterado":"2020-01-15 10:47:43"},{"id":6306,"titulo":"INEXIGIBILIDADE SEMEAR - FUNDO DA CRIAN\u00c7A","objeto":"Presta\u00e7\u00e3o de servi\u00e7os de empresa especializada para realiza\u00e7\u00e3o de capacita\u00e7\u00e3o para os Conselheiros Tutelares eleitos e seus respectivos suplentes do Munic\u00edpio de Itabaiana\/SE","orgao_id":1,"categoria_id":5,"slug":"inexigibilidade-semear-fundo-da-crianca","criado":"2020-01-13 09:17:41","alterado":"2020-01-13 09:17:41"},{"id":6305,"titulo":"INEXIGIBILIDADE RODRIGO GRA\u00c7A","objeto":"Apresenta\u00e7\u00e3o art\u00edstica de rodrigo gra\u00e7a e banda no dia 21 de dezembro de 2019, em decorr\u00eancia da festividade natalina","orgao_id":1,"categoria_id":5,"slug":"inexigibilidade-rodrigo-graca","criado":"2020-01-13 09:11:51","alterado":"2020-01-13 09:11:51"},{"id":6304,"titulo":"INEXIGIBILIDADE ALEX LIMA","objeto":"Apresenta\u00e7\u00e3o art\u00edstica de Alex Lima e banda no dia 14 de dezembro de 2019, em decorr\u00eancia da festividade natalina","orgao_id":1,"categoria_id":5,"slug":"inexigibilidade-alex-lima","criado":"2020-01-13 09:09:01","alterado":"2020-01-13 09:09:01"},{"id":6303,"titulo":"INEXIGIBILIDADE MARIZA SOBRINHO","objeto":"Apresenta\u00e7\u00e3o art\u00edstica de Mariza no dia 01 de dezembro de 2019, em decorr\u00eancia da festividade natalina","orgao_id":1,"categoria_id":5,"slug":"inexigibilidade-mariza-sobrinho","criado":"2020-01-13 09:04:31","alterado":"2020-01-13 09:04:31"},{"id":6302,"titulo":"INEXIGIBILIDADE LARISSA VIEIRA","objeto":"Apresenta\u00e7\u00e3o art\u00edstica de Salom\u00e3o e Banda no dia 07 de dezembro de 2019, em decorr\u00eancia da festividade natalina","orgao_id":1,"categoria_id":5,"slug":"inexigibilidade-larissa-vieira","criado":"2020-01-13 09:01:19","alterado":"2020-01-13 09:01:19"},{"id":6301,"titulo":"TOMADA DE PRE\u00c7O N\u00ba 001\/2020","numero":"001\/2020","objeto":"contrata\u00e7\u00e3o de empresa especializada para os servi\u00e7os de Ilumina\u00e7\u00e3o P\u00fablica de Led da Avenida Manoel Francisco Teles e Engenheiro Carlos Reis neste munic\u00edpio.","orgao_id":1,"categoria_id":9,"slug":"tomada-de-preco-no-001-2020","criado":"2020-01-10 09:06:11","alterado":"2020-01-10 09:07:06"},{"id":6300,"titulo":"PREG\u00c3O PRESENCIAL N\u00ba 006\/2020","numero":"006\/2020","objeto":"contrata\u00e7\u00e3o de empresa especializada visando a aquisi\u00e7\u00e3o e fornecimento parcelado de mat\u00e9ria prima para produ\u00e7\u00e3o de asfalto: CAP 50\/70, CM\u201330, emuls\u00e3o asf\u00e1ltica tipo RR1-C e dope, para esse munic\u00edpio.","orgao_id":1,"categoria_id":8,"slug":"pregao-presencial-no-006-2020","criado":"2020-01-10 08:52:41","alterado":"2020-01-10 08:52:41"},{"id":6299,"titulo":"PREG\u00c3O PRESENCIAL N\u00ba 005\/2020","numero":"005\/2020","objeto":"aquisi\u00e7\u00e3o e fornecimento parcelado de GLP \u2013 g\u00e1s liquefeito de petr\u00f3leo para abastecimento da usina de asfalto de propriedade deste munic\u00edpio.","orgao_id":1,"categoria_id":8,"slug":"pregao-presencial-no-005-2020","criado":"2020-01-10 08:51:14","alterado":"2020-01-10 08:51:14"}],"busca":null,"ano":null}