{"categorias":[{"id":1,"nome":"Chamada P\u00fablica","slug":"chamada-publica"},{"id":2,"nome":"Concorr\u00eancia P\u00fablica","slug":"concorrencia-publica"},{"id":10,"nome":"Concurso","slug":"concurso"},{"id":13,"nome":"Conv\u00eanio","slug":"convenio"},{"id":3,"nome":"Convite","slug":"convite"},{"id":4,"nome":"Dispensa de Licita\u00e7\u00e3o","slug":"dispensa-d-licitacao"},{"id":12,"nome":"Fundo do Meio Ambiente","slug":"fundo-do-meio-ambiente"},{"id":5,"nome":"Inexigibilidade","slug":"inexigibilidade"},{"id":6,"nome":"Leil\u00e3o","slug":"leilao"},{"id":11,"nome":"Penalidade","slug":"penalidade"},{"id":7,"nome":"Preg\u00e3o Eletr\u00f4nico","slug":"pregao-eletronico"},{"id":8,"nome":"Preg\u00e3o Presencial","slug":"pregao-presencial"},{"id":9,"nome":"Tomada de Pre\u00e7o","slug":"tomada-de-preco"}],"categoria":null,"orgaos":[{"id":"2","0":"2","nome":"FMAS - Fundo Municipal de Assist\u00eancia Social","1":"FMAS - Fundo Municipal de Assist\u00eancia Social","slug":"fmas-fundo-municipal-de-assistencia-social","2":"fmas-fundo-municipal-de-assistencia-social","criado":null,"3":null,"alterado":null,"4":null,"log":null,"5":null,"6":"1"},{"id":"3","0":"3","nome":"FMS - Fundo Municipal de Sa\u00fade","1":"FMS - Fundo Municipal de Sa\u00fade","slug":"fms-fundo-municipal-de-saude","2":"fms-fundo-municipal-de-saude","criado":null,"3":null,"alterado":null,"4":null,"log":null,"5":null,"6":"1"},{"id":"1","0":"1","nome":"Prefeitura Municipal","1":"Prefeitura Municipal","slug":"prefeitura-municipal","2":"prefeitura-municipal","criado":null,"3":null,"alterado":null,"4":null,"log":null,"5":null,"6":"1"},{"id":"4","0":"4","nome":"SMTT - Superintend\u00eancia Municipal de Tr\u00e2nsito e Transporte","1":"SMTT - Superintend\u00eancia Municipal de Tr\u00e2nsito e Transporte","slug":"smtt-superintendencia-municipal-de-transito-e-transporte","2":"smtt-superintendencia-municipal-de-transito-e-transporte","criado":null,"3":null,"alterado":null,"4":null,"log":null,"5":null,"6":"1"}],"orgao":null,"situacao":null,"paginacao":{"atual":17,"proxima":18,"anterior":16,"total_registros":1127,"total_paginas":76},"itens":[{"id":6329,"titulo":"INEXIGIBILIDADE AVANT","objeto":"Contrata\u00e7\u00e3o profissional prestador de servi\u00e7o para aperfei\u00e7oamento dos servidores da Secretaria da Administra\u00e7\u00e3o desta Prefeitura","orgao_id":1,"categoria_id":5,"slug":"inexigibilidade-avant","criado":"2020-03-03 12:24:39","alterado":"2020-03-03 12:24:39"},{"id":6328,"titulo":"PREG\u00c3O 015\/2020 - MATERIAL ESPORTIVO - COPAS","numero":"015\/2020","abertura":"2020-03-09 00:00:00","objeto":"Aquisi\u00e7\u00e3o de material esportivo para serem distribu\u00eddas aos times da VIII COPA CHICO CANTAGALO, TORNEIO FEMININO, TORNEIO GAY, TORNEIO DE FUTEVOLEI E COPA MASCULINA DE FUSTAL.","orgao_id":1,"categoria_id":8,"tags":"#ESPORTIVO,#COPAS,#TORNEIO","slug":"pregao-015-2020-material-esportivo-copas","criado":"2020-02-21 11:28:29","alterado":"2020-02-21 11:28:29"},{"id":6327,"titulo":"PREG\u00c3O 016\/2020 - UNIFORMES PARA ELETRICISTAS","numero":"016\/2020","abertura":"2020-03-11 00:00:00","objeto":"Aquisi\u00e7\u00e3o de Uniformes para eletricistas para atender as necessidades das secretarias  deste munic\u00edpio.","orgao_id":1,"categoria_id":8,"tags":"#UNIFORME,#ELETRICISTA","slug":"pregao-016-2020-uniformes-para-eletricistas","criado":"2020-02-21 11:25:20","alterado":"2020-02-21 11:25:20"},{"id":6326,"titulo":"PREG\u00c3O 048\/2019 - AQUISI\u00c7\u00c3O DE ARMAS DE FOGO E MUNI\u00c7\u00d5ES","numero":"048\/2019","abertura":"2020-03-09 00:00:00","objeto":"Contrata\u00e7\u00e3o de empresa para aquisi\u00e7\u00e3o de armas e muni\u00e7\u00f5es de fogo para Guarda Municipal deste munic\u00edpio","orgao_id":1,"categoria_id":8,"tags":"#ARMAS,#MUNI\u00c7\u00c3O","slug":"pregao-048-2019-aquisicao-de-armas-de-fogo-e-municoes","criado":"2020-02-21 11:21:21","alterado":"2020-02-21 11:21:21"},{"id":6325,"titulo":"TOMADA DE PRE\u00c7O 002\/2020","objeto":"contrata\u00e7\u00e3o de empresa especializada em obras e servi\u00e7os de engenharia para \u2013 1 - Revitaliza\u00e7\u00e3o do Canteiro central da Avenida Pedro Garcia Moreno; 2 \u2013 Revitaliza\u00e7\u00e3o do Canteiro da Avenida Dr. Luiz Magalh\u00e3es e Ivo de Carvalho, todos neste munic\u00edpio. DATA DE RECEBIMENTO DOS ENVELOPES: 03\/03\/2020 (tr\u00eas de mar\u00e7o de dois mil e vinte) \u00e0s 08:00h (oito horas). TIPO: Menor Pre\u00e7o global por item\/revitaliza\u00e7\u00e3o licitado PRAZO: 04 (quatro) meses para o item 01 e 08 (oito) meses para o item 02.","orgao_id":1,"categoria_id":9,"slug":"tomada-de-preco-002-2020","criado":"2020-02-14 11:30:21","alterado":"2020-02-14 11:30:21"},{"id":6324,"titulo":"CHAMADA P\u00daBLICA 001\/2020","objeto":"aquisi\u00e7\u00e3o de g\u00eaneros aliment\u00edcios da agricultura familiar e empreendedor familiar rural para alimenta\u00e7\u00e3o escolar, para o exerc\u00edcio de 2020, n\u00e3o adquiridos na chamada p\u00fablica n\u00ba 003\/2019.","orgao_id":1,"categoria_id":1,"slug":"chamada-publica-001-2020","criado":"2020-02-12 10:12:32","alterado":"2020-02-12 10:12:32"},{"id":6323,"titulo":"PREG\u00c3O PRESENCIAL N\u00ba 014\/2020","numero":"014\/2020","objeto":"Aquisi\u00e7\u00e3o e fornecimento parcelado de materiais para manuten\u00e7\u00e3o e conserva\u00e7\u00e3o de maquinas, implementos e fiscaliza\u00e7\u00e3o de obras no munic\u00edpio.","orgao_id":1,"categoria_id":8,"slug":"pregao-presencial-no-014-2020","criado":"2020-02-11 12:17:09","alterado":"2020-02-11 12:17:09"},{"id":6322,"titulo":"INEXIGIBILIDADE ANTONIO ROG\u00c9RIO","objeto":"Apresenta\u00e7\u00e3o art\u00edstica de Chico Queiroga e Antonio Rogerio no dia 24 de dezembro de 2019, em decorr\u00eancia da festividade natalina a ser realizada neste municipio","orgao_id":1,"categoria_id":5,"slug":"inexigibilidade-antonio-rogerio","criado":"2020-02-07 12:28:44","alterado":"2020-02-07 12:28:44"},{"id":6321,"titulo":"PREG\u00c3O PRESENCIAL N\u00ba 013\/2020","numero":"013","objeto":"Aquisi\u00e7\u00e3o de Uniformes para eletricistas, bem com vestu\u00e1rio infantil para atender as creches deste munic\u00edpio","orgao_id":1,"categoria_id":8,"slug":"pregao-presencial-no-013-2020","criado":"2020-02-06 10:04:56","alterado":"2020-02-06 10:04:56"},{"id":6320,"titulo":"PREG\u00c3O PRESENCIAL N\u00ba 007\/2020 - REPUBLICA\u00c7\u00c3O","numero":"007","objeto":"contrata\u00e7\u00e3o de institui\u00e7\u00e3o financeira, p\u00fablica ou privada, para a presta\u00e7\u00e3o de servi\u00e7os de pagamento de vencimentos, sal\u00e1rios, proventos, aposentadorias, pens\u00f5es, e similares, dos servidores desta Prefeitura.","orgao_id":1,"categoria_id":8,"slug":"pregao-presencial-no-007-2020-republicacao","criado":"2020-02-04 11:16:36","alterado":"2020-02-04 11:16:36"},{"id":6319,"titulo":"PREG\u00c3O PRESENCIAL N\u00ba 012\/2020","numero":"012","objeto":"aquisi\u00e7\u00e3o de mobili\u00e1rios, utens\u00edlios dom\u00e9sticos, equipamentos e outros para atender creches e escolas deste munic\u00edpio, conforme descri\u00e7\u00e3o no anexo I do edital.","orgao_id":1,"categoria_id":8,"slug":"pregao-presencial-no-012-2020","criado":"2020-02-04 11:12:17","alterado":"2020-02-04 11:12:17"},{"id":6318,"titulo":"Preg\u00e3o Presencial n\u00ba. 006\/2020 - Fundo Municipal de Sa\u00fade (Dedetiza\u00e7\u00e3o)","numero":"006\/2020","abertura":"2020-02-18 00:00:00","objeto":"Registro de pre\u00e7os visando a contrata\u00e7\u00e3o de empresa especializada na presta\u00e7\u00e3o de servi\u00e7o de controle de pragas urbanas (dedetiza\u00e7\u00e3o, desinsetiza\u00e7\u00e3o, desratiza\u00e7\u00e3o, entre outros) nos diversos \u00d3rg\u00e3os P\u00fablicos vinculados a Prefeitura Municipal de Itabaiana, Estado de Sergipe.","orgao_id":3,"categoria_id":8,"slug":"pregao-presencial-no-006-2020-fundo-municipal-de-saude-dedetizacao","criado":"2020-01-31 18:10:37","alterado":"2020-01-31 18:10:37"},{"id":6317,"titulo":"PREG\u00c3O 011\/2020","numero":"011\/2020","objeto":"Contrata\u00e7\u00e3o de empresa especializada visando \u00e0 aquisi\u00e7\u00e3o e fornecimento parcelado de fogos de artif\u00edcios e realiza\u00e7\u00e3o de Show Pirot\u00e9cnico no R\u00e9veillon, bem como para eventuais necessidades deste munic\u00edpio.","orgao_id":1,"categoria_id":8,"tags":"fogos","slug":"pregao-011-2020","criado":"2020-01-24 09:02:48","alterado":"2020-01-24 09:02:48"},{"id":6316,"titulo":"PREG\u00c3O 010\/2020 PREFEITURA","numero":"010\/2020","objeto":"Registro de pre\u00e7os visando Aquisi\u00e7\u00e3o e fornecimento parcelado de EPI\u00b4S \u2013 Equipamento de Prote\u00e7\u00e3o Individual, bem como equipamentos para servidores, deste Munic\u00edpio.","orgao_id":1,"categoria_id":8,"slug":"pregao-010-2020-prefeitura","criado":"2020-01-21 13:22:22","alterado":"2020-01-21 13:22:22"},{"id":6315,"titulo":"Preg\u00e3o Presencial n\u00ba. 005\/2020 - Fundo Municipal de Sa\u00fade (Ambul\u00e2ncias)","numero":"005\/2020","abertura":"2020-02-04 00:00:00","objeto":"Contrata\u00e7\u00e3o de empresa especializada visando aquisi\u00e7\u00e3o parcelada de ve\u00edculo automotivo, 02 (duas) ambul\u00e2ncias, Tipo A Simples Remo\u00e7\u00e3o (ambul\u00e2ncia de transporte), zero quil\u00f4metros, para atender as necessidades do Fundo Municipal de Sa\u00fade Itabaiana\/SE","orgao_id":3,"categoria_id":8,"slug":"pregao-presencial-no-005-2020-fundo-municipal-de-saude-ambulancias","criado":"2020-01-17 13:55:54","alterado":"2020-01-29 15:19:13"}],"busca":null,"ano":null}