{"categorias":[{"id":1,"nome":"Chamada P\u00fablica","slug":"chamada-publica"},{"id":2,"nome":"Concorr\u00eancia P\u00fablica","slug":"concorrencia-publica"},{"id":10,"nome":"Concurso","slug":"concurso"},{"id":13,"nome":"Conv\u00eanio","slug":"convenio"},{"id":3,"nome":"Convite","slug":"convite"},{"id":4,"nome":"Dispensa de Licita\u00e7\u00e3o","slug":"dispensa-d-licitacao"},{"id":12,"nome":"Fundo do Meio Ambiente","slug":"fundo-do-meio-ambiente"},{"id":5,"nome":"Inexigibilidade","slug":"inexigibilidade"},{"id":6,"nome":"Leil\u00e3o","slug":"leilao"},{"id":11,"nome":"Penalidade","slug":"penalidade"},{"id":7,"nome":"Preg\u00e3o Eletr\u00f4nico","slug":"pregao-eletronico"},{"id":8,"nome":"Preg\u00e3o Presencial","slug":"pregao-presencial"},{"id":9,"nome":"Tomada de Pre\u00e7o","slug":"tomada-de-preco"}],"categoria":null,"orgaos":[{"id":"2","0":"2","nome":"FMAS - Fundo Municipal de Assist\u00eancia Social","1":"FMAS - Fundo Municipal de Assist\u00eancia Social","slug":"fmas-fundo-municipal-de-assistencia-social","2":"fmas-fundo-municipal-de-assistencia-social","criado":null,"3":null,"alterado":null,"4":null,"log":null,"5":null,"6":"1"},{"id":"3","0":"3","nome":"FMS - Fundo Municipal de Sa\u00fade","1":"FMS - Fundo Municipal de Sa\u00fade","slug":"fms-fundo-municipal-de-saude","2":"fms-fundo-municipal-de-saude","criado":null,"3":null,"alterado":null,"4":null,"log":null,"5":null,"6":"1"},{"id":"1","0":"1","nome":"Prefeitura Municipal","1":"Prefeitura Municipal","slug":"prefeitura-municipal","2":"prefeitura-municipal","criado":null,"3":null,"alterado":null,"4":null,"log":null,"5":null,"6":"1"},{"id":"4","0":"4","nome":"SMTT - Superintend\u00eancia Municipal de Tr\u00e2nsito e Transporte","1":"SMTT - Superintend\u00eancia Municipal de Tr\u00e2nsito e Transporte","slug":"smtt-superintendencia-municipal-de-transito-e-transporte","2":"smtt-superintendencia-municipal-de-transito-e-transporte","criado":null,"3":null,"alterado":null,"4":null,"log":null,"5":null,"6":"1"}],"orgao":null,"situacao":null,"paginacao":{"atual":15,"proxima":16,"anterior":14,"total_registros":1127,"total_paginas":76},"itens":[{"id":6359,"titulo":"Preg\u00e3o Presencial 021\/2020","numero":"021\/2020","objeto":"Fornecimento parcelado de material de consumo e permanente para os po\u00e7os artesianos.","orgao_id":1,"categoria_id":8,"slug":"pregao-presencial-021-2020","criado":"2020-04-13 13:07:26","alterado":"2020-04-13 13:07:26"},{"id":6358,"titulo":"Preg\u00e3o Presencial 019\/2020 - Republica\u00e7\u00e3o","numero":"019\/2020","objeto":"contrata\u00e7\u00e3o de empresa especializada visando a aquisi\u00e7\u00e3o e fornecimento parcelado de g\u00eaneros aliment\u00edcios espec\u00edficos para atendimento de portadores de necessidades nutricionais especiais., n\u00e3o adquiridos no preg\u00e3o presencial n\u00ba 002\/2020","orgao_id":1,"categoria_id":8,"slug":"pregao-presencial-019-2020-republicacao","criado":"2020-04-13 13:03:28","alterado":"2020-04-13 13:03:28"},{"id":6357,"titulo":"TOMADA DE PRE\u00c7OS N\u00ba 003\/2020 - REPUBLICA\u00c7\u00c3O","numero":"003\/2020","publicacao":"2020-04-08 00:00:00","abertura":"2020-04-29 00:00:00","objeto":"contrata\u00e7\u00e3o de empresa especializada em obras e servi\u00e7os de engenharia para pavimenta\u00e7\u00e3o de ruas no munic\u00edpio de Itabaiana","orgao_id":1,"categoria_id":9,"slug":"tomada-de-precos-no-003-2020-republicacao","criado":"2020-04-08 11:52:25","alterado":"2020-04-08 11:52:25"},{"id":6356,"titulo":"AVISO DE LICITA\u00c7\u00c3O PREG\u00c3O PRESENCIAL SRP N\u00b0 020\/2020","numero":"020\/2020","objeto":"Registro de pre\u00e7os visando \u00e0 aquisi\u00e7\u00e3o e fornecimento parcelado de material de constru\u00e7\u00e3o para recuperar os pr\u00e9dios p\u00fablicos, logradouros, pra\u00e7as p\u00fablicas e outros bens deste munic\u00edpio.","orgao_id":1,"categoria_id":8,"slug":"aviso-de-licitacao-pregao-presencial-srp-n0-020-2020","criado":"2020-04-03 19:12:59","alterado":"2020-04-03 19:12:59"},{"id":6355,"titulo":"INEXIGIBILIDADE ENCONTEC","orgao_id":1,"categoria_id":5,"slug":"inexigibilidade-encontec","criado":"2020-03-18 09:40:40","alterado":"2020-03-18 09:40:40"},{"id":6354,"titulo":"DISPENSA - TECSIS","numero":"2020","objeto":"Contrata\u00e7\u00e3o de empresa para o Software de di\u00e1rio Oficial Eletr\u00f4nico, composto de um site de imprensa oficial eletr\u00f4nica e com sistema gerenciador de publica\u00e7\u00e3o operado pela TECSIS (Tecnologia e sistemas EIRELI me), de acordo com as especifica\u00e7\u00f5es constantes dos procedimentos de dispensa e seus anexos, e proposta da contratada, que passam a fazer parte integrante deste instrumento, de acordo com o art. 55, XI da Lei n\u00ba 8.666\/93, independentemente de suas transcri\u00e7\u00f5es.","orgao_id":2,"categoria_id":4,"slug":"dispensa-tecsis","criado":"2020-03-18 09:28:46","alterado":"2020-03-18 09:28:46"},{"id":6353,"titulo":"INEXIGIBILIDADE - ERPAC - FMAS","numero":"2020","objeto":"1)\tConsultoria e assessoria relacionadas \u00e0 Contabilidade P\u00fablica, Legisla\u00e7\u00e3o Or\u00e7ament\u00e1ria e normas gerais de Finan\u00e7as P\u00fablicas;\r\n2)\tApoio in loco a equipe interna do \u00f3rg\u00e3o nas atividades de fechamento do movimento mensal;\r\n3)\tProcessamento e registro cont\u00e1bil da movimenta\u00e7\u00e3o or\u00e7ament\u00e1ria e financeira encaminhada pelo \u00f3rg\u00e3o;\r\n4)\tElabora\u00e7\u00e3o de balancetes mensais e presta\u00e7\u00e3o de contas;\r\n5)\tAssessoria no envio das informa\u00e7\u00f5es para o Tribunal de Contas do Estado de Sergipe, por meio do SAGRES;\r\n6)\tAssessoria na elabora\u00e7\u00e3o de estudo de impacto or\u00e7ament\u00e1rio e financeiro decorrente do aumento da folha de pagamento;\r\n7)\tAcompanhamento da tramita\u00e7\u00e3o dos processos do \u00f3rg\u00e3o junto ao Tribunal de Contas do Estado, quando solicitado pelo contratante;","orgao_id":2,"categoria_id":5,"slug":"inexigibilidade-erpac-fmas","criado":"2020-03-18 09:02:26","alterado":"2020-03-18 09:02:26"},{"id":6352,"titulo":"DISPENSA TECSIS","objeto":"Contrata\u00e7\u00e3o de empresa para loca\u00e7\u00e3o de sistema (software) que permita a edi\u00e7\u00e3o, diagrama\u00e7\u00e3o, arte-finaliza\u00e7\u00e3o e publica\u00e7\u00e3o autom\u00e1tica na internet no Di\u00e1rio Oficial do Munic\u00edpio","orgao_id":1,"categoria_id":4,"slug":"dispensa-tecsis","criado":"2020-03-18 09:00:25","alterado":"2020-03-18 09:00:25"},{"id":6351,"titulo":"INEXIGIBILIDADE - ERPAC - FUNDO DA CRIAN\u00c7A E DO ADOLESCENTE","numero":"2020","objeto":"1)\tConsultoria e assessoria relacionadas \u00e0 Contabilidade P\u00fablica, Legisla\u00e7\u00e3o Or\u00e7ament\u00e1ria e normas gerais de Finan\u00e7as P\u00fablicas;\r\n2)\tApoio in loco a equipe interna do \u00f3rg\u00e3o nas atividades de fechamento do movimento mensal;\r\n3)\tProcessamento e registro cont\u00e1bil da movimenta\u00e7\u00e3o or\u00e7ament\u00e1ria e financeira encaminhada pelo \u00f3rg\u00e3o;\r\n4)\tElabora\u00e7\u00e3o de balancetes mensais e presta\u00e7\u00e3o de contas;\r\n5)\tAssessoria no envio das informa\u00e7\u00f5es para o Tribunal de Contas do Estado de Sergipe, por meio do SAGRES;\r\n6)\tAssessoria na elabora\u00e7\u00e3o de estudo de impacto or\u00e7ament\u00e1rio e financeiro decorrente do aumento da folha de pagamento;\r\n7)\tAcompanhamento da tramita\u00e7\u00e3o dos processos do \u00f3rg\u00e3o junto ao Tribunal de Contas do Estado, quando solicitado pelo contratante;","orgao_id":2,"categoria_id":5,"slug":"inexigibilidade-erpac-fundo-da-crianca-e-do-adolescente","criado":"2020-03-18 08:54:33","alterado":"2020-03-18 08:54:33"},{"id":6350,"titulo":"DISPENSA SARA DE JESUS","objeto":"Loca\u00e7\u00e3o de 01 (um) im\u00f3vel situado na Avenida Jos\u00e9 Vicente Monteiro, n\u00ba 182, Bairro Queimadas neste munic\u00edpio","orgao_id":1,"categoria_id":4,"slug":"dispensa-sara-de-jesus","criado":"2020-03-18 08:53:35","alterado":"2020-03-18 08:53:35"},{"id":6349,"titulo":"DISPENSA SERVI\u00c7OS GR\u00c1FICOS DE SERGIPE","objeto":"Contrata\u00e7\u00e3o de empresa especializada em servi\u00e7os referente \u00e0 publica\u00e7\u00e3o no Di\u00e1rio Oficial - Estado de Sergipe","orgao_id":1,"categoria_id":4,"slug":"dispensa-servicos-graficos-de-sergipe","criado":"2020-03-18 08:51:12","alterado":"2020-03-18 08:51:12"},{"id":6348,"titulo":"DISPENSA NP CAPACITA\u00c7\u00d5ES","objeto":"Contrata\u00e7\u00e3o de empresas especializadas visando acesso ao sistema de Banco de Pre\u00e7os","orgao_id":1,"categoria_id":4,"slug":"dispensa-np-capacitacoes","criado":"2020-03-18 08:49:19","alterado":"2020-03-18 08:49:19"},{"id":6347,"titulo":"PREG\u00c3O PRESENCIAL N\u00ba 019\/2020","objeto":"contrata\u00e7\u00e3o de empresa especializada visando a aquisi\u00e7\u00e3o e fornecimento parcelado de g\u00eaneros aliment\u00edcios espec\u00edficos para atendimento de portadores de necessidades nutricionais especiais., n\u00e3o adquiridos no preg\u00e3o presencial n\u00ba 002\/2020.","orgao_id":1,"categoria_id":8,"slug":"pregao-presencial-no-019-2020","criado":"2020-03-12 11:17:09","alterado":"2020-03-12 11:17:09"},{"id":6346,"titulo":"DISPENSA MARIANO","objeto":"Loca\u00e7\u00e3o de (01) im\u00f3vel situado na Rua Antonio Dultra, n\u00ba 770, neste munic\u00edpio","orgao_id":1,"categoria_id":4,"slug":"dispensa-mariano","criado":"2020-03-12 09:29:25","alterado":"2020-03-12 09:29:25"},{"id":6345,"titulo":"DISPENSA MARIA JOS\u00c9","objeto":"Loca\u00e7\u00e3o de (01) im\u00f3vel situado na Rua Judite Dantas de Andrade, n\u00ba 552, bairro Paes Mendon\u00e7a,  neste munic\u00edpio","orgao_id":1,"categoria_id":4,"slug":"dispensa-maria-jose","criado":"2020-03-12 09:27:57","alterado":"2020-03-12 09:27:57"}],"busca":null,"ano":null}