{"categorias":[{"id":1,"nome":"Chamada P\u00fablica","slug":"chamada-publica"},{"id":2,"nome":"Concorr\u00eancia P\u00fablica","slug":"concorrencia-publica"},{"id":10,"nome":"Concurso","slug":"concurso"},{"id":13,"nome":"Conv\u00eanio","slug":"convenio"},{"id":3,"nome":"Convite","slug":"convite"},{"id":4,"nome":"Dispensa de Licita\u00e7\u00e3o","slug":"dispensa-d-licitacao"},{"id":12,"nome":"Fundo do Meio Ambiente","slug":"fundo-do-meio-ambiente"},{"id":5,"nome":"Inexigibilidade","slug":"inexigibilidade"},{"id":6,"nome":"Leil\u00e3o","slug":"leilao"},{"id":11,"nome":"Penalidade","slug":"penalidade"},{"id":7,"nome":"Preg\u00e3o Eletr\u00f4nico","slug":"pregao-eletronico"},{"id":8,"nome":"Preg\u00e3o Presencial","slug":"pregao-presencial"},{"id":9,"nome":"Tomada de Pre\u00e7o","slug":"tomada-de-preco"}],"categoria":null,"orgaos":[{"id":"2","0":"2","nome":"FMAS - Fundo Municipal de Assist\u00eancia Social","1":"FMAS - Fundo Municipal de Assist\u00eancia Social","slug":"fmas-fundo-municipal-de-assistencia-social","2":"fmas-fundo-municipal-de-assistencia-social","criado":null,"3":null,"alterado":null,"4":null,"log":null,"5":null,"6":"1"},{"id":"3","0":"3","nome":"FMS - Fundo Municipal de Sa\u00fade","1":"FMS - Fundo Municipal de Sa\u00fade","slug":"fms-fundo-municipal-de-saude","2":"fms-fundo-municipal-de-saude","criado":null,"3":null,"alterado":null,"4":null,"log":null,"5":null,"6":"1"},{"id":"1","0":"1","nome":"Prefeitura Municipal","1":"Prefeitura Municipal","slug":"prefeitura-municipal","2":"prefeitura-municipal","criado":null,"3":null,"alterado":null,"4":null,"log":null,"5":null,"6":"1"},{"id":"4","0":"4","nome":"SMTT - Superintend\u00eancia Municipal de Tr\u00e2nsito e Transporte","1":"SMTT - Superintend\u00eancia Municipal de Tr\u00e2nsito e Transporte","slug":"smtt-superintendencia-municipal-de-transito-e-transporte","2":"smtt-superintendencia-municipal-de-transito-e-transporte","criado":null,"3":null,"alterado":null,"4":null,"log":null,"5":null,"6":"1"}],"orgao":null,"situacao":null,"paginacao":{"atual":14,"proxima":15,"anterior":13,"total_registros":1127,"total_paginas":76},"itens":[{"id":6374,"titulo":"ALUGUEL MARIA RENILDES","objeto":"Loca\u00e7\u00e3o de 01 (um) im\u00f3vel situado na Avenida Pedro Teles Barbosa, n\u00ba 3185, Bairro Rotary","orgao_id":1,"categoria_id":4,"slug":"aluguel-maria-renildes","criado":"2020-05-18 09:36:17","alterado":"2020-05-18 09:36:17"},{"id":6373,"titulo":"Preg\u00e3o Presencial 025\/2020  REPUBLICA\u00c7\u00c3O","numero":"25\/2020","objeto":"contrata\u00e7\u00e3o de empresa especializada em aquisi\u00e7\u00e3o e fornecimento parcelado de pe\u00e7as e baterias para ve\u00edculos pesados bem como m\u00e1quinas de propriedade deste munic\u00edpio.","orgao_id":1,"categoria_id":8,"slug":"pregao-presencial-025-2020-republicacao","criado":"2020-05-15 12:43:09","alterado":"2020-05-15 12:49:30"},{"id":6372,"titulo":"Tomada de Pre\u00e7os n\u00ba. 02\/2020 - Fundo Municipal de Sa\u00fade (Ambulat\u00f3rial)","numero":"002\/2020","abertura":"2020-06-04 00:00:00","objeto":"Contrata\u00e7\u00e3o de empresa especializada em obras e servi\u00e7os de engenharia para reforma e amplia\u00e7\u00e3o do pr\u00e9dio para instala\u00e7\u00e3o do Ambulat\u00f3rio de Aten\u00e7\u00e3o Especializada da Rede Materno Infantil, no Munic\u00edpio de Itabaiana, Estado de Sergipe.","orgao_id":3,"categoria_id":9,"slug":"tomada-de-precos-no-02-2020-fundo-municipal-de-saude-ambulatorial","criado":"2020-05-14 16:38:12","alterado":"2020-05-14 16:38:12"},{"id":6371,"titulo":"PREG\u00c3O ELETR\u00d4NICO 026\/2020","numero":"026\/2020","objeto":"contrata\u00e7\u00e3o de empresa seguradora para realizar as ap\u00f3lices de seguro dos ve\u00edculos pertencentes a Secretaria de Educa\u00e7\u00e3o que comp\u00f5em a frota de ve\u00edculos desta Prefeitura.","orgao_id":1,"categoria_id":7,"tags":"eletronico","slug":"pregao-eletronico-026-2020","criado":"2020-05-13 12:54:57","alterado":"2020-05-13 12:54:57"},{"id":6370,"titulo":"Dispensa n\u00ba08\/2020 (A\u00e7\u00f5es COVID-19 Art. 4\u00ba da Lei Federal n. 13.979\/2020 - Kits de Higieniza\u00e7\u00e3o)","numero":"008\/2020","objeto":"Aquisi\u00e7\u00e3o de Kit de higieniza\u00e7\u00e3o individual para distribui\u00e7\u00e3o gratuita \u00e0 popula\u00e7\u00e3o municipal de Itabaiana objetivando o atendimento \u00e0s a\u00e7\u00f5es de combate e enfrentamento ao COVID-19 atrav\u00e9s do Fundo Municipal de Sa\u00fade de Itabaiana, Estado de Sergipe, conforme especifica\u00e7\u00f5es e quantitativos estabelecidos no Termo de Refer\u00eancia\/Projeto B\u00e1sico.","orgao_id":3,"categoria_id":4,"slug":"dispensa-no08-2020-acoes-covid-19-art-4o-da-lei-federal-n-13-979-2020-kits-de-higienizacao","criado":"2020-05-12 16:19:48","alterado":"2020-05-12 16:19:48"},{"id":6369,"titulo":"Dispensa n\u00ba07\/2020 (A\u00e7\u00f5es COVID-19 Art. 4\u00ba da Lei Federal n. 13.979\/2020 - Centro de Retaguarda a Pacientes V\u00edtimas do COVID-19)","numero":"007\/2020","objeto":"Aquisi\u00e7\u00e3o de equipamentos e mobili\u00e1rios de uso m\u00e9dico e hospitalar para implanta\u00e7\u00e3o do Centro de Retaguarda a Pacientes V\u00edtimas do COVID-19 no qual faz parte no atendimento \u00e0s a\u00e7\u00f5es e enfrentamento ao COVID-19 pelo Fundo Municipal de Sa\u00fade de Itabaiana, Estado de Sergipe, conforme especifica\u00e7\u00f5es e quantitativos estabelecidos no Termo de Refer\u00eancia\/Projeto B\u00e1sico","orgao_id":3,"categoria_id":4,"slug":"dispensa-no07-2020-acoes-covid-19-art-4o-da-lei-federal-n-13-979-2020-centro-de-retaguarda-a-pacientes-vitimas-do-covid-19","criado":"2020-05-12 16:16:29","alterado":"2020-05-12 16:16:29"},{"id":6368,"titulo":"Preg\u00e3o Presencial n\u00ba. 007\/2020 - Fundo Municipal de Sa\u00fade (Desinfec\u00e7\u00e3o)","numero":"007\/2020","abertura":"2020-05-15 00:00:00","objeto":"Contrata\u00e7\u00e3o de empresa especializada para presta\u00e7\u00e3o de servi\u00e7os de lavagem e desinfec\u00e7\u00e3o de monumentos, pr\u00e9dios e logradouros p\u00fablicos do munic\u00edpio de Itabaiana, Estado de Sergipe, para fins de enfrentamento da emerg\u00eancia de sa\u00fade p\u00fablica de import\u00e2ncia internacional decorrente do novo coronav\u00edrus, causador da COVID-19.","orgao_id":3,"categoria_id":8,"slug":"pregao-presencial-no-007-2020-fundo-municipal-de-saude-desinfeccao","criado":"2020-05-08 14:59:55","alterado":"2020-05-08 14:59:55"},{"id":6367,"titulo":"Preg\u00e3o 025\/2020","objeto":"Registro de pre\u00e7os visando aquisi\u00e7\u00e3o e fornecimento parcelado de pe\u00e7as e baterias para ve\u00edculos pesados bem como m\u00e1quinas de propriedade deste munic\u00edpio.","orgao_id":1,"categoria_id":8,"slug":"pregao-025-2020","criado":"2020-05-07 12:58:07","alterado":"2020-05-07 12:58:07"},{"id":6366,"titulo":"Leil\u00e3o n\u00ba. 001\/2020 (ve\u00edculos usados e sucatas diversas)","numero":"001\/2020","abertura":"2020-09-02 00:00:00","objeto":"Leil\u00e3o p\u00fablico a quem maior lance ofere\u00e7a em ve\u00edculos usados e materiais diversos (sucatas) da Prefeitura Municipal de Itabaiana e vender\u00e1 tamb\u00e9m ve\u00edculos usados e sucatas diversas da Secretaria Municipal de Sa\u00fade de Itabaiana no estado de conserva\u00e7\u00e3o em que se encontram.","orgao_id":1,"categoria_id":6,"slug":"leilao-no-001-2020-veiculos-usados-e-sucatas-diversas","criado":"2020-05-07 09:05:45","alterado":"2020-08-13 13:02:32"},{"id":6365,"titulo":"Dispensa n\u00ba06\/2020 (A\u00e7\u00f5es COVID-19 Art. 4\u00ba da Lei Federal n. 13.979\/2020 - m\u00e1scaras e aventais\/jalecos)","numero":"006\/2020","objeto":"Aquisi\u00e7\u00e3o de m\u00e1scaras em tecido (100% algod\u00e3o) ajust\u00e1veis para distribui\u00e7\u00e3o \u00e0 popula\u00e7\u00e3o e usu\u00e1rios do SUS e avental descart\u00e1vel para atendimento \u00e0s a\u00e7\u00f5es de combate e enfrentamento ao COVID-19 pelo Fundo Municipal de Sa\u00fade de Itabaiana, Estado de Sergipe, conforme especifica\u00e7\u00f5es e quantitativos estabelecidos no Termo de Refer\u00eancia\/Projeto B\u00e1sico.","orgao_id":3,"categoria_id":4,"slug":"dispensa-no06-2020-acoes-covid-19-art-4o-da-lei-federal-n-13-979-2020-mascaras-e-aventais-jalecos","criado":"2020-05-06 15:51:43","alterado":"2020-05-06 15:51:43"},{"id":6364,"titulo":"PREG\u00c3O PRESENCIAL N\u00ba 024\/2020 - PREFEITURA","numero":"024","objeto":"Registro de pre\u00e7os objetivando a aquisi\u00e7\u00e3o e fornecimento parcelado de pe\u00e7as para Usina de Asfalto de propriedade deste munic\u00edpio.","orgao_id":1,"categoria_id":8,"slug":"pregao-presencial-no-024-2020-prefeitura","criado":"2020-05-04 12:39:35","alterado":"2020-05-29 09:18:09"},{"id":6363,"titulo":"Dispensa n\u00ba05\/2020 (A\u00e7\u00f5es COVID-19 Art. 4\u00ba da Lei Federal n. 13.979\/2020 - material m\u00e9dico\/hospitalar)","numero":"005\/2020","objeto":"Aquisi\u00e7\u00e3o de material m\u00e9dico e hospitalar para atendimento \u00e0s a\u00e7\u00f5es de enfrentamento ao COVID-19 pelo Fundo Municipal de Sa\u00fade de Itabaiana, Estado de Sergipe, conforme especifica\u00e7\u00f5es e quantitativos estabelecidos no Termo de Refer\u00eancia\/Projeto B\u00e1sico.","orgao_id":3,"categoria_id":4,"slug":"dispensa-no05-2020-acoes-covid-19-art-4o-da-lei-federal-n-13-979-2020-material-medico-hospitalar","criado":"2020-04-30 13:43:34","alterado":"2020-04-30 13:43:34"},{"id":6362,"titulo":"PREG\u00c3O PRESENCIAL n\u00b0 004\/2020 - Cesta B\u00e1sica","numero":"004\/2020","abertura":"2020-05-07 00:00:00","objeto":"Fornecimento parcelado de 6.000 (seis mil)  cestas b\u00e1sicas composta por 17 (dezessete) itens, atendendo orienta\u00e7\u00e3o da Lei Federal 8.742 de 07 de Dezembro de 1993 \u2013 LOAS e art. 1\u00b0, III da Lei Municipal n\u00b0 1.163 de 07 de Junho de 2005 e Lei n\u00ba 13.979\/20.","orgao_id":2,"categoria_id":8,"tags":"#cestab\u00e1sica","slug":"pregao-presencial-n0-004-2020-cesta-basica","criado":"2020-04-29 09:43:32","alterado":"2020-10-01 08:46:45"},{"id":6361,"titulo":"PREG\u00c3O PRESENCIAL n\u00b0 023\/2020","numero":"023\/2020","objeto":"Servi\u00e7os de confec\u00e7\u00e3o e instala\u00e7\u00e3o de placas de sinaliza\u00e7\u00e3o permanente e identifica\u00e7\u00e3o de logradouros em diversas ruas do Munic\u00edpio.","orgao_id":1,"categoria_id":8,"slug":"pregao-presencial-n0-023-2020","criado":"2020-04-28 11:07:23","alterado":"2020-04-28 11:07:23"},{"id":6360,"titulo":"PREG\u00c3O PRESENCIAL SRP N\u00b0 022\/2020","numero":"022\/2020","objeto":"Registro de pre\u00e7os visando fornecimento parcelado de material de el\u00e9trico para recuperar os pr\u00e9dios p\u00fablicos, logradouros, pra\u00e7as p\u00fablicas e outros bens deste munic\u00edpio.","orgao_id":1,"categoria_id":8,"slug":"pregao-presencial-srp-n0-022-2020","criado":"2020-04-27 09:13:42","alterado":"2020-04-27 09:13:42"}],"busca":null,"ano":null}