{"item":{"id":6224,"titulo":"PREG\u00c3O 015 -DIVIS\u00d3RIAS EM MADEIRA","numero":"015\/2019","abertura":"2019-09-04 00:00:00","objeto":"Registro de pre\u00e7os visando futuras contrata\u00e7\u00f5es de empresas para a aquisi\u00e7\u00e3o divis\u00f3rias em madeira.","orgao_id":2,"categoria_id":8,"tags":"#DIVIS\u00d3RIAS,#MADEIRA","slug":"pregao-015-divisorias-em-madeira","criado":"2019-08-26 08:47:21","alterado":"2019-08-26 08:47:21"},"outros":[{"id":6572,"titulo":"PREG\u00c3O ELETR\u00d4NICO 023\/2021 - PREFEITURA","objeto":"Aquisi\u00e7\u00e3o de sacolas pl\u00e1sticas transparente modelo boca reta 50x70x0,009 ad 100% virgem para uso de entrega de kits de alimenta\u00e7\u00e3o escolar.","orgao_id":1,"categoria_id":7,"slug":"pregao-eletronico-023-2021-prefeitura","criado":"2021-04-15 14:23:26","alterado":"2021-04-15 14:23:26"},{"id":6571,"titulo":"PREG\u00c3O ELETR\u00d4NICO 022\/2021 PREFEITURA","numero":"022\/2021","objeto":"contrata\u00e7\u00f5es de empresas para fornecimento parcelado de material de consumo (material de copa, cozinha, limpeza e outros) para este munic\u00edpio.","orgao_id":1,"categoria_id":7,"slug":"pregao-eletronico-022-2021-prefeitura","criado":"2021-04-15 14:23:26","alterado":"2021-04-15 14:23:26"},{"id":6570,"titulo":"PREG\u00c3O ELETR\u00d4NICO 015\/2021 - REPUBLICA\u00c7\u00c3O PREFEITURA","objeto":"Contrata\u00e7\u00e3o de empresa na presta\u00e7\u00e3o de servi\u00e7os de manuten\u00e7\u00e3o preventiva, corretiva e assist\u00eancia mec\u00e2nica para a Usina de Asfalto e Vibro Acabadora, de propriedade deste munic\u00edpio, sem reposi\u00e7\u00e3o de pe\u00e7as, como tamb\u00e9m presta\u00e7\u00e3o de servi\u00e7os de manuten\u00e7\u00e3o preventiva, corretiva e assist\u00eancia mec\u00e2nica para os ve\u00edculos pesados, de propriedade deste munic\u00edpio, sem a reposi\u00e7\u00e3o de pe\u00e7as.","orgao_id":1,"categoria_id":7,"slug":"pregao-eletronico-015-2021-republicacao-prefeitura","criado":"2021-04-06 12:59:41","alterado":"2021-04-06 12:59:41"}],"arquivos":[{"id":2554,"nome":"Edital","arquivo":"editall_6388dec83af9b8753f385.pdf","link":"\/download\/editall_6388dec83af9b8753f385.pdf","mimetype":"application\/pdf","ext":"pdf","criado":"2019-08-26 08:47:49","alterado":"2019-08-26 08:47:49"},{"id":2555,"nome":"Aviso","arquivo":"aviso-de-licitacao_bbce9715643741ad0848b.pdf","link":"\/download\/aviso-de-licitacao_bbce9715643741ad0848b.pdf","mimetype":"application\/pdf","ext":"pdf","criado":"2019-08-26 08:48:06","alterado":"2019-08-26 08:48:06"},{"id":2587,"nome":"AVISO DE ADIAMENTO E REPUBLICA\u00c7\u00c3O","arquivo":"aviso-de-adiamento-e-republicacao-pregao_7678eab5966705808521665f.pdf","link":"\/download\/aviso-de-adiamento-e-republicacao-pregao_7678eab5966705808521665f.pdf","mimetype":"application\/pdf","ext":"pdf","criado":"2019-09-03 08:43:17","alterado":"2019-09-03 08:43:17"},{"id":2588,"nome":"Edital Republicado","arquivo":"edital-republicacao_1a39322d7ce6ae7ae00b.pdf","link":"\/download\/edital-republicacao_1a39322d7ce6ae7ae00b.pdf","mimetype":"application\/pdf","ext":"pdf","criado":"2019-09-03 09:13:38","alterado":"2019-09-03 09:13:38"}]}