{"item":{"id":6249,"titulo":"INEXIGIBILIDADE ANT\u00d4NIO L\u00c1ZARO","numero":"038\/2019","objeto":"Presta\u00e7\u00e3o de servi\u00e7o de apresenta\u00e7\u00e3o art\u00edstica de Irm\u00e3o L\u00e1zaro no dia 27 de agosto de 2019, em decorr\u00eancia das festividades alusivas a emancipa\u00e7\u00e3o pol\u00edtica a ser realizada neste munic\u00edpio.","orgao_id":1,"categoria_id":5,"slug":"inexigibilidade-antonio-lazaro","criado":"2019-10-09 11:29:44","alterado":"2019-10-09 11:29:44"},"outros":[{"id":6572,"titulo":"PREG\u00c3O ELETR\u00d4NICO 023\/2021 - PREFEITURA","objeto":"Aquisi\u00e7\u00e3o de sacolas pl\u00e1sticas transparente modelo boca reta 50x70x0,009 ad 100% virgem para uso de entrega de kits de alimenta\u00e7\u00e3o escolar.","orgao_id":1,"categoria_id":7,"slug":"pregao-eletronico-023-2021-prefeitura","criado":"2021-04-15 14:23:26","alterado":"2021-04-15 14:23:26"},{"id":6571,"titulo":"PREG\u00c3O ELETR\u00d4NICO 022\/2021 PREFEITURA","numero":"022\/2021","objeto":"contrata\u00e7\u00f5es de empresas para fornecimento parcelado de material de consumo (material de copa, cozinha, limpeza e outros) para este munic\u00edpio.","orgao_id":1,"categoria_id":7,"slug":"pregao-eletronico-022-2021-prefeitura","criado":"2021-04-15 14:23:26","alterado":"2021-04-15 14:23:26"},{"id":6570,"titulo":"PREG\u00c3O ELETR\u00d4NICO 015\/2021 - REPUBLICA\u00c7\u00c3O PREFEITURA","objeto":"Contrata\u00e7\u00e3o de empresa na presta\u00e7\u00e3o de servi\u00e7os de manuten\u00e7\u00e3o preventiva, corretiva e assist\u00eancia mec\u00e2nica para a Usina de Asfalto e Vibro Acabadora, de propriedade deste munic\u00edpio, sem reposi\u00e7\u00e3o de pe\u00e7as, como tamb\u00e9m presta\u00e7\u00e3o de servi\u00e7os de manuten\u00e7\u00e3o preventiva, corretiva e assist\u00eancia mec\u00e2nica para os ve\u00edculos pesados, de propriedade deste munic\u00edpio, sem a reposi\u00e7\u00e3o de pe\u00e7as.","orgao_id":1,"categoria_id":7,"slug":"pregao-eletronico-015-2021-republicacao-prefeitura","criado":"2021-04-06 12:59:41","alterado":"2021-04-06 12:59:41"}],"arquivos":[{"id":2632,"nome":"CONTRATO","arquivo":"contrato-179-2019_969b7f12fda6318d8d070114b4.pdf","link":"\/download\/contrato-179-2019_969b7f12fda6318d8d070114b4.pdf","mimetype":"application\/pdf","ext":"pdf","criado":"2019-10-09 11:29:59","alterado":"2019-10-09 11:29:59"},{"id":2633,"nome":"JUSTIFICATIVA","arquivo":"justificativa-038-2019_a4f3a2199e9ec71d750de6c72c40.pdf","link":"\/download\/justificativa-038-2019_a4f3a2199e9ec71d750de6c72c40.pdf","mimetype":"application\/pdf","ext":"pdf","criado":"2019-10-09 11:30:08","alterado":"2019-10-09 11:30:08"}]}