{"item":{"id":5990,"titulo":"DISPENSA","numero":"039\/2018","objeto":"loca\u00e7\u00e3o de 01 (um) im\u00f3vel situado na Trav. Manoel Vitor Vasconcelos n\u00ba 156 nesta cidade, que ser\u00e1 utilizada para o Senhor Carlos Alberto dos Santos tendo em vista que o mesmo sofreu um acidente e est\u00e1 impossibilitado de trabalhar vivendo da ajuda de familiares.\r\nCONTRATADO: MARIA JANE DA TRINDADE","orgao_id":1,"categoria_id":4,"slug":"dispensa","criado":"2018-09-21 09:09:32","alterado":"2018-09-21 09:09:32"},"outros":[{"id":6572,"titulo":"PREG\u00c3O ELETR\u00d4NICO 023\/2021 - PREFEITURA","objeto":"Aquisi\u00e7\u00e3o de sacolas pl\u00e1sticas transparente modelo boca reta 50x70x0,009 ad 100% virgem para uso de entrega de kits de alimenta\u00e7\u00e3o escolar.","orgao_id":1,"categoria_id":7,"slug":"pregao-eletronico-023-2021-prefeitura","criado":"2021-04-15 14:23:26","alterado":"2021-04-15 14:23:26"},{"id":6571,"titulo":"PREG\u00c3O ELETR\u00d4NICO 022\/2021 PREFEITURA","numero":"022\/2021","objeto":"contrata\u00e7\u00f5es de empresas para fornecimento parcelado de material de consumo (material de copa, cozinha, limpeza e outros) para este munic\u00edpio.","orgao_id":1,"categoria_id":7,"slug":"pregao-eletronico-022-2021-prefeitura","criado":"2021-04-15 14:23:26","alterado":"2021-04-15 14:23:26"},{"id":6570,"titulo":"PREG\u00c3O ELETR\u00d4NICO 015\/2021 - REPUBLICA\u00c7\u00c3O PREFEITURA","objeto":"Contrata\u00e7\u00e3o de empresa na presta\u00e7\u00e3o de servi\u00e7os de manuten\u00e7\u00e3o preventiva, corretiva e assist\u00eancia mec\u00e2nica para a Usina de Asfalto e Vibro Acabadora, de propriedade deste munic\u00edpio, sem reposi\u00e7\u00e3o de pe\u00e7as, como tamb\u00e9m presta\u00e7\u00e3o de servi\u00e7os de manuten\u00e7\u00e3o preventiva, corretiva e assist\u00eancia mec\u00e2nica para os ve\u00edculos pesados, de propriedade deste munic\u00edpio, sem a reposi\u00e7\u00e3o de pe\u00e7as.","orgao_id":1,"categoria_id":7,"slug":"pregao-eletronico-015-2021-republicacao-prefeitura","criado":"2021-04-06 12:59:41","alterado":"2021-04-06 12:59:41"}],"arquivos":[{"id":1643,"nome":"CONTRATO","arquivo":"contrato-38-maria-do-carmo_5e6afe1e50687f0fc8b95cc5db.pdf","link":"\/download\/contrato-38-maria-do-carmo_5e6afe1e50687f0fc8b95cc5db.pdf","mimetype":"application\/pdf","ext":"pdf","criado":"2018-09-21 09:10:20","alterado":"2018-09-21 09:10:20"}]}