{"item":{"id":5967,"titulo":"DISPENSA","numero":"016\/2018","objeto":"Loca\u00e7\u00e3o do im\u00f3vel situado no Pov. Dendezeiro deste munic\u00edpio que ser\u00e1 utilizado para funcionamento de salas de aula agregadas a Escola Municipal Prefeita Maria Vieira de Mendon\u00e7a.\r\nCONTRATADO: JO\u00c3O EVANGELISTA DO NASCIMENTO","orgao_id":1,"categoria_id":4,"slug":"dispensa","criado":"2018-09-21 08:18:59","alterado":"2018-09-21 08:18:59"},"outros":[{"id":6572,"titulo":"PREG\u00c3O ELETR\u00d4NICO 023\/2021 - PREFEITURA","objeto":"Aquisi\u00e7\u00e3o de sacolas pl\u00e1sticas transparente modelo boca reta 50x70x0,009 ad 100% virgem para uso de entrega de kits de alimenta\u00e7\u00e3o escolar.","orgao_id":1,"categoria_id":7,"slug":"pregao-eletronico-023-2021-prefeitura","criado":"2021-04-15 14:23:26","alterado":"2021-04-15 14:23:26"},{"id":6571,"titulo":"PREG\u00c3O ELETR\u00d4NICO 022\/2021 PREFEITURA","numero":"022\/2021","objeto":"contrata\u00e7\u00f5es de empresas para fornecimento parcelado de material de consumo (material de copa, cozinha, limpeza e outros) para este munic\u00edpio.","orgao_id":1,"categoria_id":7,"slug":"pregao-eletronico-022-2021-prefeitura","criado":"2021-04-15 14:23:26","alterado":"2021-04-15 14:23:26"},{"id":6570,"titulo":"PREG\u00c3O ELETR\u00d4NICO 015\/2021 - REPUBLICA\u00c7\u00c3O PREFEITURA","objeto":"Contrata\u00e7\u00e3o de empresa na presta\u00e7\u00e3o de servi\u00e7os de manuten\u00e7\u00e3o preventiva, corretiva e assist\u00eancia mec\u00e2nica para a Usina de Asfalto e Vibro Acabadora, de propriedade deste munic\u00edpio, sem reposi\u00e7\u00e3o de pe\u00e7as, como tamb\u00e9m presta\u00e7\u00e3o de servi\u00e7os de manuten\u00e7\u00e3o preventiva, corretiva e assist\u00eancia mec\u00e2nica para os ve\u00edculos pesados, de propriedade deste munic\u00edpio, sem a reposi\u00e7\u00e3o de pe\u00e7as.","orgao_id":1,"categoria_id":7,"slug":"pregao-eletronico-015-2021-republicacao-prefeitura","criado":"2021-04-06 12:59:41","alterado":"2021-04-06 12:59:41"}],"arquivos":[{"id":1621,"nome":"CONTRATO","arquivo":"contrato-16-joao-evangelista_4a1b1b655b9330814f5b0e497.pdf","link":"\/download\/contrato-16-joao-evangelista_4a1b1b655b9330814f5b0e497.pdf","mimetype":"application\/pdf","ext":"pdf","criado":"2018-09-21 08:19:19","alterado":"2018-09-21 08:19:19"}]}