{"item":{"id":6154,"titulo":"AVISO DE LICITA\u00c7\u00c3O PREG\u00c3O PRESENCIAL n\u00b0 026\/2019","numero":"026\/2019","abertura":"2019-05-13 00:00:00","objeto":"Aquisi\u00e7\u00e3o de mobili\u00e1rio, equipamentos padronizados e outros conforme Termo de Compromisso PAR n\u00ba 201601099 celebrado entre o FNDE e o Munic\u00edpio de Itabaiana\/Se para atender a creche do Povoado Carrilho e Creche do Bairro Miguel Teles Mendon\u00e7a deste munic\u00edpio.","orgao_id":1,"categoria_id":8,"slug":"aviso-de-licitacao-pregao-presencial-n0-026-2019","criado":"2019-05-02 10:22:41","alterado":"2019-05-02 10:22:41"},"outros":[{"id":6572,"titulo":"PREG\u00c3O ELETR\u00d4NICO 023\/2021 - PREFEITURA","objeto":"Aquisi\u00e7\u00e3o de sacolas pl\u00e1sticas transparente modelo boca reta 50x70x0,009 ad 100% virgem para uso de entrega de kits de alimenta\u00e7\u00e3o escolar.","orgao_id":1,"categoria_id":7,"slug":"pregao-eletronico-023-2021-prefeitura","criado":"2021-04-15 14:23:26","alterado":"2021-04-15 14:23:26"},{"id":6571,"titulo":"PREG\u00c3O ELETR\u00d4NICO 022\/2021 PREFEITURA","numero":"022\/2021","objeto":"contrata\u00e7\u00f5es de empresas para fornecimento parcelado de material de consumo (material de copa, cozinha, limpeza e outros) para este munic\u00edpio.","orgao_id":1,"categoria_id":7,"slug":"pregao-eletronico-022-2021-prefeitura","criado":"2021-04-15 14:23:26","alterado":"2021-04-15 14:23:26"},{"id":6570,"titulo":"PREG\u00c3O ELETR\u00d4NICO 015\/2021 - REPUBLICA\u00c7\u00c3O PREFEITURA","objeto":"Contrata\u00e7\u00e3o de empresa na presta\u00e7\u00e3o de servi\u00e7os de manuten\u00e7\u00e3o preventiva, corretiva e assist\u00eancia mec\u00e2nica para a Usina de Asfalto e Vibro Acabadora, de propriedade deste munic\u00edpio, sem reposi\u00e7\u00e3o de pe\u00e7as, como tamb\u00e9m presta\u00e7\u00e3o de servi\u00e7os de manuten\u00e7\u00e3o preventiva, corretiva e assist\u00eancia mec\u00e2nica para os ve\u00edculos pesados, de propriedade deste munic\u00edpio, sem a reposi\u00e7\u00e3o de pe\u00e7as.","orgao_id":1,"categoria_id":7,"slug":"pregao-eletronico-015-2021-republicacao-prefeitura","criado":"2021-04-06 12:59:41","alterado":"2021-04-06 12:59:41"}],"arquivos":[{"id":2279,"nome":"Edital","arquivo":"edital-pregao-026_b4fc6a5635bb8b5c94f2b54b.doc","link":"\/download\/edital-pregao-026_b4fc6a5635bb8b5c94f2b54b.doc","mimetype":"application\/msword","ext":"doc","criado":"2019-05-02 10:23:22","alterado":"2019-05-02 10:23:22"},{"id":2280,"nome":"Especifica\u00e7\u00f5es","arquivo":"especificacoes-itens-01-a-22_6afc717c77855e20e374ceec78.pdf","link":"\/download\/especificacoes-itens-01-a-22_6afc717c77855e20e374ceec78.pdf","mimetype":"application\/pdf","ext":"pdf","criado":"2019-05-02 10:23:44","alterado":"2019-05-02 10:23:44"},{"id":2281,"nome":"Especifica\u00e7\u00f5es","arquivo":"especificacoes-itens-23-a-43_ec9383632360619aad011b469262.pdf","link":"\/download\/especificacoes-itens-23-a-43_ec9383632360619aad011b469262.pdf","mimetype":"application\/pdf","ext":"pdf","criado":"2019-05-02 10:24:00","alterado":"2019-05-02 10:24:00"},{"id":2282,"nome":"Aviso","arquivo":"aviso-pregao-026_bb33b0d87d45aeaafc4792d.doc","link":"\/download\/aviso-pregao-026_bb33b0d87d45aeaafc4792d.doc","mimetype":"application\/msword","ext":"doc","criado":"2019-05-02 10:24:25","alterado":"2019-05-02 10:24:25"},{"id":2283,"nome":"ANEXO","arquivo":"anexo_95d0fed6955655ea407946.doc","link":"\/download\/anexo_95d0fed6955655ea407946.doc","mimetype":"application\/msword","ext":"doc","criado":"2019-05-02 10:24:41","alterado":"2019-05-02 10:24:41"},{"id":2311,"nome":"ATA DO DIA 15\/05","arquivo":"ata-15-05_9c80fff954abda66f5d4de6c.pdf","link":"\/download\/ata-15-05_9c80fff954abda66f5d4de6c.pdf","mimetype":"application\/pdf","ext":"pdf","criado":"2019-05-15 13:07:31","alterado":"2019-05-15 13:07:31"},{"id":2481,"nome":"CONTRATO","arquivo":"contrato-118-2019-amoedo_705e3643553160cdb0db541.pdf","link":"\/download\/contrato-118-2019-amoedo_705e3643553160cdb0db541.pdf","mimetype":"application\/pdf","ext":"pdf","criado":"2019-08-01 09:52:50","alterado":"2019-08-01 09:52:50"},{"id":2482,"nome":"CONTRATO","arquivo":"contrato-119-2019-tecmoveis_a03981b189c070cae1264c719.pdf","link":"\/download\/contrato-119-2019-tecmoveis_a03981b189c070cae1264c719.pdf","mimetype":"application\/pdf","ext":"pdf","criado":"2019-08-01 09:53:08","alterado":"2019-08-01 09:53:08"},{"id":2483,"nome":"CONTRATO","arquivo":"contrato-120-jorge-luiz_90eeddd71746bd7b06e788c53f6.pdf","link":"\/download\/contrato-120-jorge-luiz_90eeddd71746bd7b06e788c53f6.pdf","mimetype":"application\/pdf","ext":"pdf","criado":"2019-08-01 09:53:21","alterado":"2019-08-01 09:53:21"},{"id":2484,"nome":"CONTRATO","arquivo":"contrato-121-2019-comercio-eireli_7d4eb6cb597e992a91a014ce2.pdf","link":"\/download\/contrato-121-2019-comercio-eireli_7d4eb6cb597e992a91a014ce2.pdf","mimetype":"application\/pdf","ext":"pdf","criado":"2019-08-01 09:53:32","alterado":"2019-08-01 09:53:32"}]}