{"paginacao":{"atual":1,"proxima":0,"anterior":0,"total_registros":8,"total_paginas":1},"itens":[{"id":8,"titulo":"Terceiro dia do Carnaforr\u00f3 2026","slug":"terceiro-dia-do-carnaforro-2026","criado":"2026-04-27 11:49:32","alterado":"2026-04-27 11:49:32","foto":{"id":1027,"galeria_id":8,"foto":"img-1169-jpg_b95164d954b4d146e9e059dd7.jpeg","foto_link":"\/img\/galeria\/8\/img-1169-jpg_b95164d954b4d146e9e059dd7.jpeg,\/img\/galeria\/8\/media_img-1169-jpg_b95164d954b4d146e9e059dd7.jpeg,\/img\/galeria\/8\/thumb_img-1169-jpg_b95164d954b4d146e9e059dd7.jpeg,\/img\/galeria\/8\/thumb_fix_img-1169-jpg_b95164d954b4d146e9e059dd7.jpeg","criado":"2026-04-27 11:50:06","alterado":"2026-04-27 11:50:06"}},{"id":7,"titulo":"Segundo dia do Carnaforr\u00f3 2026","slug":"segundo-dia-do-carnaforro-2026","criado":"2026-04-26 20:36:55","alterado":"2026-04-28 17:01:27","foto":{"id":1008,"galeria_id":7,"foto":"whatsapp-image-2026-04-26-at-13-19-58_d8b07b0c97a5483cd259b.jpeg","foto_link":"\/img\/galeria\/7\/whatsapp-image-2026-04-26-at-13-19-58_d8b07b0c97a5483cd259b.jpeg,\/img\/galeria\/7\/media_whatsapp-image-2026-04-26-at-13-19-58_d8b07b0c97a5483cd259b.jpeg,\/img\/galeria\/7\/thumb_whatsapp-image-2026-04-26-at-13-19-58_d8b07b0c97a5483cd259b.jpeg,\/img\/galeria\/7\/thumb_fix_whatsapp-image-2026-04-26-at-13-19-58_d8b07b0c97a5483cd259b.jpeg","ordem":997,"criado":"2026-04-26 20:37:40","alterado":"2026-04-26 20:37:40"}},{"id":6,"titulo":"Primeira dia do Carnaforr\u00f3 2026","slug":"primeira-dia-do-carnaforro-2026","criado":"2026-04-25 15:08:48","alterado":"2026-04-25 15:08:48","foto":{"id":990,"galeria_id":6,"foto":"whatsapp-image-2026-04-25-at-14-19-53_9c39a0493ffa9c751b443618.jpeg","foto_link":"\/img\/galeria\/6\/whatsapp-image-2026-04-25-at-14-19-53_9c39a0493ffa9c751b443618.jpeg,\/img\/galeria\/6\/media_whatsapp-image-2026-04-25-at-14-19-53_9c39a0493ffa9c751b443618.jpeg,\/img\/galeria\/6\/thumb_whatsapp-image-2026-04-25-at-14-19-53_9c39a0493ffa9c751b443618.jpeg,\/img\/galeria\/6\/thumb_fix_whatsapp-image-2026-04-25-at-14-19-53_9c39a0493ffa9c751b443618.jpeg","ordem":979,"criado":"2026-04-25 15:10:01","alterado":"2026-04-25 15:10:01"}},{"id":5,"titulo":"Fotos do desfile do anivers\u00e1rio de 94 anos de Nossa Senhora da Gl\u00f3ria - Per\u00edodo tarde","slug":"fotos-do-desfile-do-aniversario-de-94-anos-de-nossa-senhora-da-gloria-periodo-tarde","criado":"2022-09-27 13:37:25","alterado":"2022-09-27 13:37:25","foto":{"id":702,"galeria_id":5,"foto":"img-2871_9ff1db23cc6953713e3532f.jpg","foto_link":"\/img\/galeria\/5\/img-2871_9ff1db23cc6953713e3532f.jpg,\/img\/galeria\/5\/media_img-2871_9ff1db23cc6953713e3532f.jpg,\/img\/galeria\/5\/thumb_img-2871_9ff1db23cc6953713e3532f.jpg,\/img\/galeria\/5\/thumb_fix_img-2871_9ff1db23cc6953713e3532f.jpg","ordem":691,"criado":"2022-09-27 13:41:54","alterado":"2022-09-27 13:41:54"}},{"id":4,"titulo":"Fotos do desfile do anivers\u00e1rio de 94 anos de Nossa Senhora da Gl\u00f3ria - Per\u00edodo manh\u00e3","slug":"fotos-do-desfile-do-aniversario-de-94-anos-de-nossa-senhora-da-gloria-periodo-manha","criado":"2022-09-26 14:31:55","alterado":"2022-09-26 14:31:55","foto":{"id":481,"galeria_id":4,"foto":"img-2250_42d72209d379d8abaaea0a39b.jpg","foto_link":"\/img\/galeria\/4\/img-2250_42d72209d379d8abaaea0a39b.jpg,\/img\/galeria\/4\/media_img-2250_42d72209d379d8abaaea0a39b.jpg,\/img\/galeria\/4\/thumb_img-2250_42d72209d379d8abaaea0a39b.jpg,\/img\/galeria\/4\/thumb_fix_img-2250_42d72209d379d8abaaea0a39b.jpg","ordem":470,"criado":"2022-09-26 14:37:33","alterado":"2022-09-26 14:37:33"}},{"id":3,"titulo":"Novo espa\u00e7o da Biblioteca Municipal e a Sala do Empreendedor s\u00e3o inaugurados com homenagens a seu Manuel Professor e ao Empres\u00e1rio Avelan Carlos Cruz","slug":"novo-espaco-da-biblioteca-municipal-e-a-sala-do-empreendedor-sao-inaugurados-com-homenagens-a-seu-manuel-professor-e-ao-empresario-avelan-carlos-cruz","criado":"2021-07-01 22:16:02","alterado":"2021-07-01 22:16:02","foto":{"id":29,"galeria_id":3,"foto":"photo-2021-07-01-18-11-17_64d982c8acfa3eb416b0f94100.jpg","foto_link":"\/img\/galeria\/3\/photo-2021-07-01-18-11-17_64d982c8acfa3eb416b0f94100.jpg,\/img\/galeria\/3\/media_photo-2021-07-01-18-11-17_64d982c8acfa3eb416b0f94100.jpg,\/img\/galeria\/3\/thumb_photo-2021-07-01-18-11-17_64d982c8acfa3eb416b0f94100.jpg,\/img\/galeria\/3\/thumb_fix_photo-2021-07-01-18-11-17_64d982c8acfa3eb416b0f94100.jpg","ordem":18,"criado":"2021-07-01 22:17:10","alterado":"2021-07-01 22:17:10"}},{"id":2,"titulo":"vacina","slug":"vacina","descricao":"covid-19","criado":"2021-06-07 11:08:53","alterado":"2021-06-07 11:08:53","foto":{"id":8,"galeria_id":2,"foto":"75f0e714-ad0b-49f3-8580-9984fff903b8_ed443b4df02a23b66002.jpg","foto_link":"\/img\/galeria\/2\/75f0e714-ad0b-49f3-8580-9984fff903b8_ed443b4df02a23b66002.jpg,\/img\/galeria\/2\/media_75f0e714-ad0b-49f3-8580-9984fff903b8_ed443b4df02a23b66002.jpg,\/img\/galeria\/2\/thumb_75f0e714-ad0b-49f3-8580-9984fff903b8_ed443b4df02a23b66002.jpg,\/img\/galeria\/2\/thumb_fix_75f0e714-ad0b-49f3-8580-9984fff903b8_ed443b4df02a23b66002.jpg","ordem":3,"criado":"2021-06-07 11:09:39","alterado":"2021-06-07 11:09:39"}},{"id":1,"titulo":"Teste","slug":"teste","criado":"2021-04-19 14:52:15","alterado":"2021-05-21 15:17:58","foto":{"id":5,"galeria_id":1,"foto":"itweb-quem-somos-1_ac2f8cf78df8ccdbf4a0f9.jpg","foto_link":"\/img\/galeria\/1\/itweb-quem-somos-1_ac2f8cf78df8ccdbf4a0f9.jpg,\/img\/galeria\/1\/media_itweb-quem-somos-1_ac2f8cf78df8ccdbf4a0f9.jpg,\/img\/galeria\/1\/thumb_itweb-quem-somos-1_ac2f8cf78df8ccdbf4a0f9.jpg,\/img\/galeria\/1\/thumb_fix_itweb-quem-somos-1_ac2f8cf78df8ccdbf4a0f9.jpg","criado":"2021-05-21 15:18:29","alterado":"2021-05-21 15:18:29"}}]}