{"item":{"id":1,"nomePrefeito":"LUANA MICHELE DE OLIVEIRA SILVA CACHO","fotoPrefeito":"01-luana_1a1b0223cf54072789dd3253d.jpg","foto_linkPrefeito":"\/img\/gabinete\/01-luana_1a1b0223cf54072789dd3253d.jpg,\/img\/gabinete\/thumb_01-luana_1a1b0223cf54072789dd3253d.jpg,\/img\/gabinete\/thumb_fix_01-luana_1a1b0223cf54072789dd3253d.jpg","emailPrefeito":"prefeitura@gloria.se.gov.br","telefonePrefeito":"(79) 3411-1713 \/ (79) 99965-8949","expediente":"Segunda a Sexta","atendimento":"7h \u00e0s 13h","cep":"49680000","endereco":"Pra\u00e7a Filemon Bezerra Lemos, 120","bairro":"Centro","cidade":"Nossa Senhora da Gl\u00f3ria","estado":"Se","nomeVice":"JOS\u00c9 ETELVAN OLIVEIRA MELO J\u00daNIOR","fotoVice":"01-junior-gazeta_c2c97f8135cd113b468e5c.jpg","foto_linkVice":"\/img\/gabinete\/01-junior-gazeta_c2c97f8135cd113b468e5c.jpg,\/img\/gabinete\/thumb_01-junior-gazeta_c2c97f8135cd113b468e5c.jpg,\/img\/gabinete\/thumb_fix_01-junior-gazeta_c2c97f8135cd113b468e5c.jpg","emailVice":"prefeitura@gloria.se.gov.br","telefoneVice":"(79) 3411-1713 \/ (79) 99965-8949","slug":"gabinete-do-prefeito","texto":"\u003Cp style=\u0022text-align: center;\u0022\u003E\u003Cstrong\u003EBiografia da prefeita Luana Oliveira\u003C\/strong\u003E\u003C\/p\u003E\r\n\u003Cp style=\u0022text-align: justify;\u0022\u003ELuana Michele de Oliveira Silva Cacho nasceu em 05 de outubro de 1979, em Aracaju, Sergipe. \u0026Eacute; filha do ex-prefeito Sebasti\u0026atilde;o Lopes da Silva e de Eluzia de Oliveira Silva. Possui dois irm\u0026atilde;os: S\u0026eacute;rgio Oliveira da Silva, ex-prefeito de Nossa Senhora da Gl\u0026oacute;ria por dois mandatos, e Hoscim\u0026aacute;rio Oliveira da Silva. \u0026Eacute; casada com Francisco de Assis Oliveira Cacho J\u0026uacute;nior e m\u0026atilde;e de tr\u0026ecirc;s filhos.\u003C\/p\u003E\r\n\u003Cp style=\u0022text-align: justify;\u0022\u003EIniciou sua forma\u0026ccedil;\u0026atilde;o educacional em Nossa Senhora da Gl\u0026oacute;ria, na Escola Professora Evangelina Azevedo. Cursou o ensino fundamental menor no Col\u0026eacute;gio Educar, no mesmo munic\u0026iacute;pio, e concluiu o ensino fundamental maior e o ensino m\u0026eacute;dio no Col\u0026eacute;gio Din\u0026acirc;mico, em Aracaju. Graduou-se em Servi\u0026ccedil;o Social pela Universidade Tiradentes (UNIT), tamb\u0026eacute;m na Capital Sergipana.\u003C\/p\u003E\r\n\u003Cp style=\u0022text-align: justify;\u0022\u003ESua atua\u0026ccedil;\u0026atilde;o na gest\u0026atilde;o p\u0026uacute;blica teve in\u0026iacute;cio como Secret\u0026aacute;ria Municipal de Assist\u0026ecirc;ncia Social do munic\u0026iacute;pio de Nossa Senhora Aparecidal, fun\u0026ccedil;\u0026atilde;o na qual desenvolveu a\u0026ccedil;\u0026otilde;es voltadas \u0026agrave; pol\u0026iacute;tica de assist\u0026ecirc;ncia social naquele munic\u0026iacute;pio.\u003C\/p\u003E\r\n\u003Cp style=\u0022text-align: justify;\u0022\u003EFoi eleita prefeita de Nossa Senhora da Gl\u0026oacute;ria por tr\u0026ecirc;s mandatos: 2009 a 2012, 2021 a 2024 e 2025 a 2028. \u0026Agrave; frente da administra\u0026ccedil;\u0026atilde;o municipal, tem direcionado sua gest\u0026atilde;o para o desenvolvimento sustent\u0026aacute;vel, com a\u0026ccedil;\u0026otilde;es voltadas ao crescimento econ\u0026ocirc;mico, \u0026agrave; inclus\u0026atilde;o social e \u0026agrave; organiza\u0026ccedil;\u0026atilde;o dos servi\u0026ccedil;os p\u0026uacute;blicos.\u003C\/p\u003E\r\n\u003Cp style=\u0022text-align: center;\u0022\u003E\u003Cstrong\u003EAtribui\u0026ccedil;\u0026otilde;es do Gabinete\u0026nbsp;\u003C\/strong\u003E\u003C\/p\u003E\r\n\u003Cp style=\u0022text-align: justify;\u0022\u003E(art. 15 da LC n\u0026ordm; 09.2009)\u003Cbr \/\u003EI - prover assist\u0026ecirc;ncia direta e imediata ao Prefeito na sua representa\u0026ccedil;\u0026atilde;o funcional e social;\u003Cbr \/\u003EII - cuidar de todo o expediente e atividades administrativas de apoio;\u003Cbr \/\u003EIII - agendar os compromissos do Prefeito;\u003Cbr \/\u003EIV - supervisionar e controlar a execu\u0026ccedil;\u0026atilde;o das atividades do Prefeito, especialmente as de participa\u0026ccedil;\u0026atilde;o em solenidades oficiais no Munic\u0026iacute;pio ou fora dele;\u003Cbr \/\u003EV - atender p\u0026uacute;blico interno e externo, que se dirige ao Gabinete;\u003Cbr \/\u003EVI - receber, fazer triagem e analisar os expedientes encaminhados ao Prefeito;\u003Cbr \/\u003EVII - acompanhar a tramita\u0026ccedil;\u0026atilde;o e o controle da execu\u0026ccedil;\u0026atilde;o das ordens emanadas do Prefeito;\u003Cbr \/\u003EVIII - registrar e controlar as audi\u0026ecirc;ncias p\u0026uacute;blicas do Prefeito;\u003Cbr \/\u003EIX - controlar o uso de ve\u0026iacute;culos a servi\u0026ccedil;o do Gabinete do Prefeito;\u003Cbr \/\u003EX - preparar documentos a serem despachados ou assinados pelo Prefeito, efetuando o controle dos prazos e promovendo a publica\u0026ccedil;\u0026atilde;o daqueles cuja legisla\u0026ccedil;\u0026atilde;o assim o exige;\u003Cbr \/\u003EXI - guardar e controlar, em arquivo especial, os documentos que interessam ao Prefeito, em especial, os que forem considerados confidenciais;\u003Cbr \/\u003EXII - arquivar os documentos oficiais (of\u0026iacute;cios e correspond\u0026ecirc;ncias) expedidos pelo Prefeito;\u003Cbr \/\u003EXIII - elaborar e apresentar ao Prefeito relat\u0026oacute;rio anual de atividades;\u003Cbr \/\u003EXIV - elaborar sua proposta or\u0026ccedil;ament\u0026aacute;ria parcial e remet\u0026ecirc;-la ao \u0026oacute;rg\u0026atilde;o competente para fins de estudo e inclus\u0026atilde;o no projeto de lei de or\u0026ccedil;amento do Munic\u0026iacute;pio;\u003Cbr \/\u003EXVI - expedir instru\u0026ccedil;\u0026otilde;es para garantir a boa execu\u0026ccedil;\u0026atilde;o das leis, decretos e regulamentos relacionados \u0026agrave;s suas atividades;\u003Cbr \/\u003EXVI - praticar os atos pertinentes \u0026agrave;s atribui\u0026ccedil;\u0026otilde;es descritas nesta Lei.\u003C\/p\u003E","criado":"2016-03-23 11:41:36","alterado":"2026-03-25 15:40:24"}}