{"item":{"id":18596,"titulo":"PLANO MUNICIPAL DE OPERACIONALIZA\u00c7\u00c3O DA VACINA\u00c7\u00c3O CONTRA A COVID-19","categoria_id":14,"slug":"plano-municipal-de-operacionalizacao-da-vacinacao-contra-a-covid-19","tags":"plano","criado":"2021-01-26 15:35:28","alterado":"2021-03-28 12:37:56"},"outros":[{"id":18601,"titulo":"RELA\u00c7\u00c3O DE PESSOAS VACINADAS - COVID 19","categoria_id":12,"slug":"relacao-de-pessoas-vacinadas-covid-19","tags":"Vacinados","criado":"2021-03-28 21:13:58","alterado":"2021-03-28 21:14:20"},{"id":18600,"titulo":"DECRETOS - COVID 19 - CR\u00c9DITO EXTRAORDIN\u00c1RIO","categoria_id":8,"slug":"decretos-covid-19-credito-extraordinario","tags":"Decretos","criado":"2021-03-25 22:50:30","alterado":"2021-03-28 12:35:07"},{"id":18599,"titulo":"DECRETOS - MEDIDAS PARA O ENFRENTAMENTO DA COVID 19","categoria_id":8,"slug":"decretos-medidas-para-o-enfrentamento-da-covid-19","tags":"decretos","criado":"2021-03-25 21:19:59","alterado":"2021-03-28 12:32:31"}],"arquivos":[{"id":268,"atos_id":18596,"nome":"Plano Municipal de Operacionaliza\u00e7\u00e3o da Vacina\u00e7\u00e3o Contra a Covid-19","arquivo":"plano-municipal-de-operacionalizacao-da-vacinacao-contra-a-covid-19_4a2a8d33c60951cd0d2f.pdf","link":"\/download\/plano-municipal-de-operacionalizacao-da-vacinacao-contra-a-covid-19_4a2a8d33c60951cd0d2f.pdf","mimetype":"application\/pdf","ext":"pdf","criado":"2021-01-26 15:36:16","alterado":"2021-01-26 15:36:16"},{"id":283,"atos_id":18596,"nome":"Plano Municipal de Operacionaliza\u00e7\u00e3o da Vacina\u00e7\u00e3o Contra a Covid-19 - 2\u00aa Edi\u00e7\u00e3o","arquivo":"plano-municipal-de-operacionalizacao-da-vacinacao-contra-a-covid-19-2a-edicao_329667568cc2109a9c9cfa.pdf","link":"\/download\/plano-municipal-de-operacionalizacao-da-vacinacao-contra-a-covid-19-2a-edicao_329667568cc2109a9c9cfa.pdf","mimetype":"application\/pdf","ext":"pdf","criado":"2021-02-18 09:28:27","alterado":"2021-02-18 09:28:27"}]}