{"item":{"id":18595,"titulo":"PREG\u00c3O ELETR\u00d4NICO N\u00ba. 025\/2020 - FMS - M\u00e1scaras de tecido, totens para \u00e1lcool em gel, \u00e1Lcool em gel e term\u00f4metros infravermelho - COVID-19","categoria_id":10,"slug":"pregao-eletronico-no-025-2020-fms-mascaras-de-tecido-totens-para-alcool-em-gel-alcool-em-gel-e-termometros-infravermelho-covid-19","criado":"2020-11-24 16:35:36","alterado":"2021-03-28 13:00:39"},"outros":[{"id":18601,"titulo":"RELA\u00c7\u00c3O DE PESSOAS VACINADAS - COVID 19","categoria_id":12,"slug":"relacao-de-pessoas-vacinadas-covid-19","tags":"Vacinados","criado":"2021-03-28 21:13:58","alterado":"2021-03-28 21:14:20"},{"id":18600,"titulo":"DECRETOS - COVID 19 - CR\u00c9DITO EXTRAORDIN\u00c1RIO","categoria_id":8,"slug":"decretos-covid-19-credito-extraordinario","tags":"Decretos","criado":"2021-03-25 22:50:30","alterado":"2021-03-28 12:35:07"},{"id":18599,"titulo":"DECRETOS - MEDIDAS PARA O ENFRENTAMENTO DA COVID 19","categoria_id":8,"slug":"decretos-medidas-para-o-enfrentamento-da-covid-19","tags":"decretos","criado":"2021-03-25 21:19:59","alterado":"2021-03-28 12:32:31"}],"arquivos":[]}