{"noticia":[{"id":835,"categoria_id":"17","categoria":{"id":17,"nome":"MEIO AMBIENTE"},"autor_id":"4","autor":{"id":4,"nome":"ASCOM","email":"secom@gloria.se.gov.br"},"titulo":"Prefeitura refor\u00e7a sinaliza\u00e7\u00e3o e co\u00edbe descarte irregular de lixo e entulho","slug":"prefeitura-reforca-sinalizacao-e-coibe-descarte-irregular-de-lixo-e-entulho","subtitulo":"Campanha educativa orienta popula\u00e7\u00e3o sobre hor\u00e1rios corretos para descarte","imagem":"\/img\/imagem\/06_fb8212787eaf85e2d8f838603.jpg,\/img\/imagem\/media_06_fb8212787eaf85e2d8f838603.jpg,\/img\/imagem\/thumb_06_fb8212787eaf85e2d8f838603.jpg,\/img\/imagem\/thumb_fix_06_fb8212787eaf85e2d8f838603.jpg","texto":"\u003Cp style=\u0022text-align: center;\u0022\u003E\u003Cimg src=\u0022https:\/\/gloria.se.gov.br\/img\/imagem\/media_06_fb8212787eaf85e2d8f838603.jpg\u0022 alt=\u002206_fb8212787eaf85e2d8f838603.jpg\u0022 width=\u0022600\u0022 height=\u0022400\u0022 \/\u003E\u003C\/p\u003E\r\n\u003Cp style=\u0022text-align: justify;\u0022\u003EA Prefeitura Municipal de Nossa Senhora da Gl\u0026oacute;ria intensificou as a\u0026ccedil;\u0026otilde;es de combate ao descarte irregular de lixo e entulho. A Secretaria Municipal de Meio Ambiente e Sustentabilidade e a Secretaria Municipal de Obras e Infraestrutura coordenam a nova etapa da campanha. Os \u0026oacute;rg\u0026atilde;os instalaram novas placas e refor\u0026ccedil;aram a sinaliza\u0026ccedil;\u0026atilde;o nos pontos cr\u0026iacute;ticos da cidade. Esses locais registraram uso inadequado para despejo de res\u0026iacute;duos. A iniciativa orienta a popula\u0026ccedil;\u0026atilde;o e preserva os espa\u0026ccedil;os p\u0026uacute;blicos. O objetivo principal garante uma cidade mais limpa, organizada e saud\u0026aacute;vel para todos.\u003C\/p\u003E\r\n\u003Cp style=\u0022text-align: justify;\u0022\u003EA Prefeitura estabeleceu hor\u0026aacute;rios espec\u0026iacute;ficos para a coloca\u0026ccedil;\u0026atilde;o do lixo. Esse procedimento assegura a efici\u0026ecirc;ncia do servi\u0026ccedil;o de coleta. Os moradores devem obedecer aos seguintes per\u0026iacute;odos: de segunda a sexta-feira, coloque o lixo para coleta a partir das 18h; aos s\u0026aacute;bados, coloque o lixo a partir das 14h. O descarte em locais inadequados ou fora do hor\u0026aacute;rio programado prejudica o servi\u0026ccedil;o de coleta. A pr\u0026aacute;tica compromete a limpeza urbana. Os infratores sofrem penalidades.\u003C\/p\u003E\r\n\u003Cp style=\u0022text-align: justify;\u0022\u003EA secret\u0026aacute;ria municipal de Meio Ambiente e Sustentabilidade, Natal\u0026iacute;cia Oliveira, fez um apelo \u0026agrave; popula\u0026ccedil;\u0026atilde;o: \u0022Manter Nossa Senhora da Gl\u0026oacute;ria limpa exige responsabilidade de todos. N\u0026oacute;s refor\u0026ccedil;amos a sinaliza\u0026ccedil;\u0026atilde;o para orientar e conscientizar a popula\u0026ccedil;\u0026atilde;o. Cada cidad\u0026atilde;o precisa fazer sua parte. O respeito aos hor\u0026aacute;rios da coleta e aos locais adequados evita preju\u0026iacute;zos ao meio ambiente, \u0026agrave; sa\u0026uacute;de p\u0026uacute;blica e \u0026agrave; beleza da nossa cidade. A colabora\u0026ccedil;\u0026atilde;o da popula\u0026ccedil;\u0026atilde;o faz a diferen\u0026ccedil;a\u0022, enfatizou.\u003C\/p\u003E\r\n\u003Cp style=\u0022text-align: justify;\u0022\u003EO secret\u0026aacute;rio municipal de Obras e Infraestrutura, Francisco de Assis Oliveira Chacho Junior, destacou a import\u0026acirc;ncia da iniciativa: \u0022N\u0026oacute;s atuamos para garantir o respeito aos espa\u0026ccedil;os p\u0026uacute;blicos e a preserva\u0026ccedil;\u0026atilde;o da limpeza urbana. O descarte irregular sobrecarrega os servi\u0026ccedil;os de limpeza e provoca entupimentos de galerias e outros problemas estruturais. A cidade oferece op\u0026ccedil;\u0026otilde;es adequadas para o descarte correto. Quem insiste em desrespeitar as normas paga multa. Uma cidade limpa nasce da atitude de cada um\u0022, afirmou.\u003C\/p\u003E\r\n\u003Cp style=\u0022text-align: justify;\u0022\u003EA Prefeitura Municipal de Nossa Senhora da Gl\u0026oacute;ria convida a popula\u0026ccedil;\u0026atilde;o para respeitar a sinaliza\u0026ccedil;\u0026atilde;o, cuidar dos espa\u0026ccedil;os p\u0026uacute;blicos e colaborar com a limpeza da cidade. Os cidad\u0026atilde;os podem encaminhar den\u0026uacute;ncias sobre descarte irregular aos canais oficiais de atendimento. Respeite a sinaliza\u0026ccedil;\u0026atilde;o e preserve os espa\u0026ccedil;os p\u0026uacute;blicos. Cuide da nossa cidade.\u003C\/p\u003E\r\n\u003Cp\u003E\u003Cem\u003E\u003Cstrong\u003EPor \u003C\/strong\u003EBruno Balbino Jornalista DRT 2039\/Se - Ascom Gl\u0026oacute;ria \/ \u003Cstrong\u003EFotos:\u003C\/strong\u003E Arquivo - Ascom Gl\u0026oacute;ria\u003C\/em\u003E\u003Cbr \/\u003E\u0026nbsp;\u003C\/p\u003E","tags":"Descarte do Lixo ,Meio Ambiente ,Cidade Limpa ,Sinaliza\u00e7\u00e3o ,onsci\u00eancia ,Educa\u00e7\u00e3o Ambiental","publicacao":"2026-08-26 15:00:00","criado":"2026-08-27 10:26:09","alterado":"2026-08-27 10:26:09"},{"id":825,"categoria_id":"10","categoria":{"id":10,"nome":"AGRICULTURA"},"autor_id":"4","autor":{"id":4,"nome":"ASCOM","email":"secom@gloria.se.gov.br"},"titulo":"Expo Gl\u00f3ria 2026 promete agitar o Estado de Sergipe","slug":"expo-gloria-2026-promete-agitar-o-estado-de-sergipe","subtitulo":"Evento acontece de 16 a 19 de setembro","imagem":"\/img\/imagem\/expogloria2_ed8ec7d088e1600e394e83d48d.jpg,\/img\/imagem\/media_expogloria2_ed8ec7d088e1600e394e83d48d.jpg,\/img\/imagem\/thumb_expogloria2_ed8ec7d088e1600e394e83d48d.jpg,\/img\/imagem\/thumb_fix_expogloria2_ed8ec7d088e1600e394e83d48d.jpg","texto":"\u003Cp style=\u0022text-align: center;\u0022\u003E\u003Cimg src=\u0022https:\/\/gloria.se.gov.br\/img\/imagem\/media_expogloria2_ed8ec7d088e1600e394e83d48d.jpg\u0022 alt=\u0022expogloria2_ed8ec7d088e1600e394e83d48d.jpg\u0022 width=\u0022600\u0022 height=\u0022400\u0022 \/\u003E\u003C\/p\u003E\r\n\u003Cp style=\u0022text-align: justify;\u0022\u003EFaltando pouco mais de 20 dias para o grande dia, a expectativa em Nossa Senhora da Gl\u0026oacute;ria j\u0026aacute; est\u0026aacute; a mil. A cidade se prepara para receber mais uma edi\u0026ccedil;\u0026atilde;o da Expo Gl\u0026oacute;ria, o evento que j\u0026aacute; se consolidou como um dos mais importantes do calend\u0026aacute;rio sertanejo, unindo o melhor do agroneg\u0026oacute;cio, da cultura e da m\u0026uacute;sica. A festa, que acontece de 16 a 19 de setembro, \u0026eacute; uma realiza\u0026ccedil;\u0026atilde;o da Prefeitura Municipal, em parceria com a Cooperativa Sertaneja do Agroneg\u0026oacute;cio (Coopsea).\u003C\/p\u003E\r\n\u003Cp style=\u0022text-align: justify;\u0022\u003EA programa\u0026ccedil;\u0026atilde;o da Expo Gl\u0026oacute;ria 2026 foi pensada para agradar a todos os p\u0026uacute;blicos, com uma grade de shows que promete fazer o p\u0026uacute;blico cantar e dan\u0026ccedil;ar. As atra\u0026ccedil;\u0026otilde;es musicais v\u0026atilde;o aquecer a cidade nos dias 18 e 19 de setembro, com nomes de peso da m\u0026uacute;sica nacional e regional.\u003C\/p\u003E\r\n\u003Cp style=\u0022text-align: justify;\u0022\u003ENo dia 18, o palco recebe a for\u0026ccedil;a da nova gera\u0026ccedil;\u0026atilde;o do forr\u0026oacute; com Ra\u0026iacute; Saia Rodada, a dupla Iguinho \u0026amp; Lulinha, e as apresenta\u0026ccedil;\u0026otilde;es de Danillo Arag\u0026atilde;o, Robson Lima, Tatah Santana e Vanessa Porto. J\u0026aacute; no dia 19, a noite ser\u0026aacute; dedicada ao sertanejo de raiz com as gigantes Maiara \u0026amp; Maraisa e Victor \u0026amp; L\u0026eacute;o, al\u0026eacute;m de Walfredo, Ramon \u0026amp; Randinho, Ana Cristina, Eraldo Alves e Anna Caroline.\u003C\/p\u003E\r\n\u003Cp style=\u0022text-align: justify;\u0022\u003EA prefeita Luana Oliveira destacou a import\u0026acirc;ncia do evento para o desenvolvimento econ\u0026ocirc;mico e social do munic\u0026iacute;pio. \u0022A Expo Gl\u0026oacute;ria \u0026eacute; um momento de celebrar a nossa gente, a nossa cultura e a for\u0026ccedil;a do nosso agroneg\u0026oacute;cio. Com a parceria da Coopsea, conseguimos montar uma programa\u0026ccedil;\u0026atilde;o grandiosa, que vai movimentar a economia local, gerar emprego e renda, e ainda proporcionar lazer e entretenimento de qualidade para a nossa popula\u0026ccedil;\u0026atilde;o e para todos que nos visitarem. \u0026Eacute; a nossa cidade mostrando sua for\u0026ccedil;a e sua capacidade de realizar grandes eventos\u0022, afirmou a gestora.\u003C\/p\u003E\r\n\u003Cp style=\u0022text-align: justify;\u0022\u003EPara o presidente da Coopsea, Marcelo Barreto, a uni\u0026atilde;o entre a cooperativa e o poder p\u0026uacute;blico \u0026eacute; fundamental para o sucesso da feira. \u0022A Expo Gl\u0026oacute;ria j\u0026aacute; \u0026eacute; uma tradi\u0026ccedil;\u0026atilde;o e, a cada ano, a gente busca superar as expectativas. A Coopsea tem um compromisso com o desenvolvimento da nossa regi\u0026atilde;o, e acreditamos que esse evento \u0026eacute; uma vitrine important\u0026iacute;ssima para os nossos produtores, para a gera\u0026ccedil;\u0026atilde;o de neg\u0026oacute;cios e para o fortalecimento do cooperativismo. Estamos muito felizes com a parceria com a Prefeitura e com a resposta positiva que a popula\u0026ccedil;\u0026atilde;o j\u0026aacute; est\u0026aacute; dando\u0022, comentou Barreto.\u003C\/p\u003E\r\n\u003Cp style=\u0022text-align: justify;\u0022\u003EA Expo Gl\u0026oacute;ria 2026 promete ser um marco para a cidade, que se prepara para receber visitantes de toda a regi\u0026atilde;o. A Prefeitura e a Coopsea est\u0026atilde;o trabalhando para garantir que o evento seja inesquec\u0026iacute;vel, com seguran\u0026ccedil;a, infraestrutura e uma programa\u0026ccedil;\u0026atilde;o que valoriza o que h\u0026aacute; de melhor em Nossa Senhora da Gl\u0026oacute;ria: sua gente, sua cultura e seu potencial para o agroneg\u0026oacute;cio.\u003C\/p\u003E\r\n\u003Cp style=\u0022text-align: justify;\u0022\u003E\u003Cem\u003E\u003Cstrong\u003EPor \u003C\/strong\u003EBruno Balbino Jornalista DRT 2039\/Se - Ascom Gl\u0026oacute;ria \/ \u003Cstrong\u003EFotos:\u003C\/strong\u003E Divulga\u0026ccedil;\u0026atilde;o - Ascom Gl\u0026oacute;ria\u003C\/em\u003E\u003C\/p\u003E","tags":"Expo Gl\u00f3ria ,Exposi\u00e7\u00e3o Agropecu\u00e1ria ,Agricultura ,Festa ,Cultura ,Coopsea,Parceria ,Atra\u00e7\u00f5es Musicais","publicacao":"2026-08-26 12:00:00","criado":"2026-08-27 08:10:31","alterado":"2026-08-27 08:10:31"},{"id":827,"categoria_id":"3","categoria":{"id":3,"nome":"SA\u00daDE"},"autor_id":"4","autor":{"id":4,"nome":"ASCOM","email":"secom@gloria.se.gov.br"},"titulo":"Secretaria de Sa\u00fade realiza a Corrida do Setembro Amarelo","slug":"secretaria-de-saude-realiza-a-corrida-do-setembro-amarelo","subtitulo":"Evento busca conscientizar sobre a valoriza\u00e7\u00e3o da vida","imagem":"\/img\/imagem\/05_f3a7767136029142b2033967.jpg,\/img\/imagem\/media_05_f3a7767136029142b2033967.jpg,\/img\/imagem\/thumb_05_f3a7767136029142b2033967.jpg,\/img\/imagem\/thumb_fix_05_f3a7767136029142b2033967.jpg","texto":"\u003Cp style=\u0022text-align: center;\u0022\u003E\u003Cimg src=\u0022https:\/\/gloria.se.gov.br\/img\/imagem\/media_05_f3a7767136029142b2033967.jpg\u0022 alt=\u002205_f3a7767136029142b2033967.jpg\u0022 width=\u0022600\u0022 height=\u0022400\u0022 \/\u003E\u003C\/p\u003E\r\n\u003Cp style=\u0022text-align: justify;\u0022\u003EA Prefeitura de Nossa Senhora da Gl\u0026oacute;ria, por meio da Secretaria Municipal de Sa\u0026uacute;de em parceria com a eMulti, realiza no pr\u0026oacute;ximo dia 06 de setembro a 2\u0026ordf; Corrida Setembro Amarelo \u0026ndash; Todos Correm pela Vida!. O evento, que acontece \u0026agrave;s 6h da manh\u0026atilde; com largada na Pra\u0026ccedil;a de Eventos, tem como objetivo promover a conscientiza\u0026ccedil;\u0026atilde;o sobre a sa\u0026uacute;de mental e a preven\u0026ccedil;\u0026atilde;o ao suic\u0026iacute;dio, al\u0026eacute;m de incentivar a pr\u0026aacute;tica esportiva como aliada do bem-estar.\u003C\/p\u003E\r\n\u003Cp style=\u0022text-align: justify;\u0022\u003EA corrida \u0026eacute; uma das a\u0026ccedil;\u0026otilde;es da campanha Setembro Amarelo no munic\u0026iacute;pio e refor\u0026ccedil;a a import\u0026acirc;ncia de falar abertamente sobre os desafios emocionais, quebrando tabus e estimulando o acolhimento. A iniciativa tamb\u0026eacute;m destaca que a atividade f\u0026iacute;sica regular contribui para a redu\u0026ccedil;\u0026atilde;o do estresse, melhora do humor e fortalecimento da autoestima, fatores essenciais para a sa\u0026uacute;de mental.\u003C\/p\u003E\r\n\u003Cp style=\u0022text-align: justify;\u0022\u003EA organiza\u0026ccedil;\u0026atilde;o do evento preparou uma estrutura para receber os participantes com conforto e incentivo. As 500 primeiras pessoas que se inscreveram v\u0026atilde;o ganhar a camisa oficial da corrida. Os demais participantes receber\u0026atilde;o o n\u0026uacute;mero de peito, garantindo a identifica\u0026ccedil;\u0026atilde;o e a integra\u0026ccedil;\u0026atilde;o de todos no percurso.\u003C\/p\u003E\r\n\u003Cp style=\u0022text-align: justify;\u0022\u003EA secret\u0026aacute;ria municipal de Sa\u0026uacute;de, Samara Arag\u0026atilde;o, destacou a relev\u0026acirc;ncia da a\u0026ccedil;\u0026atilde;o para a pol\u0026iacute;tica de sa\u0026uacute;de do munic\u0026iacute;pio. \u0022A 2\u0026ordf; Corrida Setembro Amarelo \u0026ndash; Todos Correm pela Vida! \u0026eacute; mais do que um evento esportivo, \u0026eacute; um movimento de esperan\u0026ccedil;a e cuidado com nossa gente. Estamos unindo esporte, sa\u0026uacute;de e conscientiza\u0026ccedil;\u0026atilde;o para lembrar que a vida \u0026eacute; valiosa e que falar sobre sa\u0026uacute;de mental \u0026eacute; um ato de coragem e amor. Convidamos toda a popula\u0026ccedil;\u0026atilde;o a participar e fazer parte dessa corrente pela vida\u0022, afirmou.\u003C\/p\u003E\r\n\u003Cp style=\u0022text-align: justify;\u0022\u003EA iniciativa integra o compromisso da administra\u0026ccedil;\u0026atilde;o municipal em desenvolver pol\u0026iacute;ticas p\u0026uacute;blicas que promovam a sa\u0026uacute;de integral da popula\u0026ccedil;\u0026atilde;o, valorizando tanto o cuidado f\u0026iacute;sico quanto o emocional. A expectativa \u0026eacute; de que a corrida re\u0026uacute;na centenas de participantes de todas as idades, fortalecendo a mensagem de que ningu\u0026eacute;m est\u0026aacute; sozinho e que sempre h\u0026aacute; um caminho de apoio e esperan\u0026ccedil;a.\u003C\/p\u003E\r\n\u003Cp\u003E\u003Cem\u003E\u003Cstrong\u003EPor \u003C\/strong\u003EBruno Balbino Jornalista DRT 2039\/Se - Ascom Gl\u0026oacute;ria \/ \u003Cstrong\u003EFotos:\u003C\/strong\u003E Arquivo - Ascom Gl\u0026oacute;ria\u003C\/em\u003E\u003C\/p\u003E","tags":"Corrida ,Setembro Amarelo ,Todos Correm Pela Vida ,Sa\u00fade ,Consci\u00eancia ,Campanha","publicacao":"2026-08-26 11:00:00","criado":"2026-08-27 08:30:47","alterado":"2026-08-27 08:30:47"},{"id":834,"categoria_id":"3","categoria":{"id":3,"nome":"SA\u00daDE"},"autor_id":"4","autor":{"id":4,"nome":"ASCOM","email":"secom@gloria.se.gov.br"},"titulo":"Dia D de Multivacina\u00e7\u00e3o mobiliza unidades de sa\u00fade de Gl\u00f3ria","slug":"dia-d-de-multivacinacao-mobiliza-unidades-de-saude-de-gloria","subtitulo":"A\u00e7\u00e3o visa atualizar a caderneta vacinal de crian\u00e7as e adolescentes","imagem":"\/img\/imagem\/05_e4d3d08615ab23f77f12c8ba.jpg,\/img\/imagem\/media_05_e4d3d08615ab23f77f12c8ba.jpg,\/img\/imagem\/thumb_05_e4d3d08615ab23f77f12c8ba.jpg,\/img\/imagem\/thumb_fix_05_e4d3d08615ab23f77f12c8ba.jpg","texto":"\u003Cp style=\u0022text-align: center;\u0022\u003E\u003Cimg src=\u0022https:\/\/gloria.se.gov.br\/img\/imagem\/media_05_e4d3d08615ab23f77f12c8ba.jpg\u0022 alt=\u002205_e4d3d08615ab23f77f12c8ba.jpg\u0022 width=\u0022600\u0022 height=\u0022400\u0022 \/\u003E\u003C\/p\u003E\r\n\u003Cp style=\u0022text-align: justify;\u0022\u003EA Prefeitura de Nossa Senhora da Gl\u0026oacute;ria, por meio da Secretaria Municipal de Sa\u0026uacute;de, realiza neste s\u0026aacute;bado, 22, o Dia D da Campanha Nacional de Multivacina\u0026ccedil;\u0026atilde;o. A a\u0026ccedil;\u0026atilde;o aconteceu em todas as Unidades B\u0026aacute;sicas de Sa\u0026uacute;de do munic\u0026iacute;pio, com o objetivo de atualizar a caderneta de vacina\u0026ccedil;\u0026atilde;o de crian\u0026ccedil;as e adolescentes menores de 15 anos e ampliar a cobertura vacinal contra diversas doen\u0026ccedil;as imunopreven\u0026iacute;veis.\u003C\/p\u003E\r\n\u003Cp style=\u0022text-align: justify;\u0022\u003EA campanha de multivacina\u0026ccedil;\u0026atilde;o, que segue at\u0026eacute; o in\u0026iacute;cio de setembro, disponibiliza 20 imunizantes previstos no Calend\u0026aacute;rio Nacional de Vacina\u0026ccedil;\u0026atilde;o, entre eles as vacinas contra poliomielite, febre amarela, sarampo, caxumba, rub\u0026eacute;ola, hepatite, meningites e HPV. Pais e respons\u0026aacute;veis devem levar a caderneta de vacina\u0026ccedil;\u0026atilde;o das crian\u0026ccedil;as e adolescentes aos postos para que as equipes de sa\u0026uacute;de avaliem quais doses precisam ser aplicadas conforme a idade e o hist\u0026oacute;rico vacinal.\u003C\/p\u003E\r\n\u003Cp style=\u0022text-align: justify;\u0022\u003EA secret\u0026aacute;ria municipal de Sa\u0026uacute;de, Samara Arag\u0026atilde;o, refor\u0026ccedil;ou a import\u0026acirc;ncia da mobiliza\u0026ccedil;\u0026atilde;o para a prote\u0026ccedil;\u0026atilde;o da popula\u0026ccedil;\u0026atilde;o infantojuvenil. \u0022O Dia D de Multivacina\u0026ccedil;\u0026atilde;o \u0026eacute; uma oportunidade fundamental para colocarmos em dia a caderneta de vacina\u0026ccedil;\u0026atilde;o das nossas crian\u0026ccedil;as e adolescentes. Doen\u0026ccedil;as que podem ser evitadas por vacinas n\u0026atilde;o podem voltar a circular por falta de prote\u0026ccedil;\u0026atilde;o. A gest\u0026atilde;o da prefeita Luana Oliveira est\u0026aacute; empenhada em garantir que todas as fam\u0026iacute;lias gloriense tenham acesso a esse direito b\u0026aacute;sico. Por isso, convidamos a todos para comparecerem \u0026agrave;s unidades de sa\u0026uacute;de neste s\u0026aacute;bado\u0022, afirmou.\u003C\/p\u003E\r\n\u003Cp style=\u0022text-align: justify;\u0022\u003EA coordenadora de imuniza\u0026ccedil;\u0026atilde;o do munic\u0026iacute;pio, Raiane Freitas, destacou que as equipes est\u0026atilde;o preparadas para atender a demanda e orientar os respons\u0026aacute;veis sobre a conduta adequada para cada caso. \u0022A atualiza\u0026ccedil;\u0026atilde;o da caderneta \u0026eacute; um cuidado essencial que come\u0026ccedil;a na primeira inf\u0026acirc;ncia e se estende ao longo da vida. Trazer seu filho ou adolescente \u0026agrave; unidade de sa\u0026uacute;de \u0026eacute; um gesto de amor e responsabilidade. Nossas equipes est\u0026atilde;o capacitadas para avaliar cada situa\u0026ccedil;\u0026atilde;o e garantir que todos estejam protegidos\u0022, explicou.\u003C\/p\u003E\r\n\u003Cp style=\u0022text-align: justify;\u0022\u003EA Secretaria Municipal de Sa\u0026uacute;de orienta os pais e respons\u0026aacute;veis a procurarem a unidade de sa\u0026uacute;de mais pr\u0026oacute;xima de sua resid\u0026ecirc;ncia, munidos da caderneta de vacina\u0026ccedil;\u0026atilde;o, do cart\u0026atilde;o do SUS e de documento oficial.\u0026nbsp;\u003C\/p\u003E\r\n\u003Cp\u003E\u003Cem\u003E\u003Cstrong\u003EPor \u003C\/strong\u003EBruno Balbino Jornalista DRT 2039\/Se - Ascom Gl\u0026oacute;ria \/ \u003Cstrong\u003EFotos:\u003C\/strong\u003E Arquivo - Ascom Gl\u0026oacute;ria\u003C\/em\u003E\u003C\/p\u003E","tags":"Dia de Multivacina\u00e7\u00e3o ,Imuniza\u00e7\u00e3o ,Campanha Nacional ,Sa\u00fade","publicacao":"2026-08-22 10:00:00","criado":"2026-08-27 10:19:58","alterado":"2026-08-27 10:19:58"},{"id":833,"categoria_id":"10","categoria":{"id":10,"nome":"AGRICULTURA"},"autor_id":"4","autor":{"id":4,"nome":"ASCOM","email":"secom@gloria.se.gov.br"},"titulo":"Gest\u00e3o em Campo leva atendimento veterin\u00e1rio a povoados","slug":"gestao-em-campo-leva-atendimento-veterinario-a-povoados","subtitulo":"Programa ofereceu cuidados com o rebanho e assist\u00eancia t\u00e9cnica","imagem":"\/img\/imagem\/02_6fbc132873630321f38f61207d5.jpg,\/img\/imagem\/media_02_6fbc132873630321f38f61207d5.jpg,\/img\/imagem\/thumb_02_6fbc132873630321f38f61207d5.jpg,\/img\/imagem\/thumb_fix_02_6fbc132873630321f38f61207d5.jpg","texto":"\u003Cp style=\u0022text-align: center;\u0022\u003E\u003Cimg src=\u0022https:\/\/gloria.se.gov.br\/img\/imagem\/media_02_6fbc132873630321f38f61207d5.jpg\u0022 alt=\u002202_6fbc132873630321f38f61207d5.jpg\u0022 width=\u0022600\u0022 height=\u0022400\u0022 \/\u003E\u003C\/p\u003E\r\n\u003Cp style=\u0022text-align: justify;\u0022\u003EA Secretaria Municipal de Agricultura e Pecu\u0026aacute;ria, realizou mais uma edi\u0026ccedil;\u0026atilde;o do programa Gest\u0026atilde;o em Campo na semana de 17 a 21 de agosto. Desta vez, a a\u0026ccedil;\u0026atilde;o itinerante percorreu as comunidades de Lagoa do Chocalho e Po\u0026ccedil;o Verde, levando atendimentos veterin\u0026aacute;rios e assist\u0026ecirc;ncia t\u0026eacute;cnica especializada diretamente aos produtores rurais.\u003C\/p\u003E\r\n\u003Cp style=\u0022text-align: justify;\u0022\u003EO programa, que j\u0026aacute; \u0026eacute; uma refer\u0026ecirc;ncia no apoio ao homem do campo, tem como objetivo aproximar o poder p\u0026uacute;blico da realidade dos agricultores e pecuaristas, oferecendo servi\u0026ccedil;os de qualidade que contribuem para a sanidade animal, o aumento da produtividade e a melhoria da qualidade de vida no campo. Durante as visitas, as equipes t\u0026eacute;cnicas realizaram uma s\u0026eacute;rie de procedimentos essenciais, como consultas cl\u0026iacute;nicas, diagn\u0026oacute;sticos por imagem e orienta\u0026ccedil;\u0026otilde;es sobre manejo adequado dos rebanhos .\u003C\/p\u003E\r\n\u003Cp style=\u0022text-align: justify;\u0022\u003EEntre os servi\u0026ccedil;os ofertados est\u0026atilde;o o toque animal, ultrassonografia para diagn\u0026oacute;stico de gesta\u0026ccedil;\u0026atilde;o e monitoramento reprodutivo, al\u0026eacute;m de assist\u0026ecirc;ncia veterin\u0026aacute;ria completa . A iniciativa refor\u0026ccedil;a a pol\u0026iacute;tica da administra\u0026ccedil;\u0026atilde;o municipal de descentralizar o atendimento e garantir que os produtores de todas as localidades tenham acesso aos servi\u0026ccedil;os essenciais para o desenvolvimento da atividade agropecu\u0026aacute;ria.\u003C\/p\u003E\r\n\u003Cp style=\u0022text-align: justify;\u0022\u003EO secret\u0026aacute;rio municipal de Agricultura e Pecu\u0026aacute;ria, Diego da Gra\u0026ccedil;a, que assumiu recentemente a pasta, acompanhou as atividades nas comunidades e destacou a import\u0026acirc;ncia do programa para o fortalecimento do setor agropecu\u0026aacute;rio local. \u0022O Gest\u0026atilde;o em Campo \u0026eacute; a materializa\u0026ccedil;\u0026atilde;o do nosso compromisso com os produtores rurais. Levar assist\u0026ecirc;ncia veterin\u0026aacute;ria e orienta\u0026ccedil;\u0026atilde;o t\u0026eacute;cnica at\u0026eacute; Lagoa do Chocalho e Po\u0026ccedil;o Verde \u0026eacute; garantir que o trabalho no campo seja feito com mais seguran\u0026ccedil;a, efici\u0026ecirc;ncia e qualidade. Nossa Senhora da Gl\u0026oacute;ria \u0026eacute; a Capital do Leite, e cuidar da sa\u0026uacute;de dos animais \u0026eacute; cuidar da economia de todo o munic\u0026iacute;pio\u0022, afirmou .\u003C\/p\u003E\r\n\u003Cp style=\u0022text-align: justify;\u0022\u003EA a\u0026ccedil;\u0026atilde;o itinerante refor\u0026ccedil;a a pol\u0026iacute;tica p\u0026uacute;blica da gest\u0026atilde;o municipal de descentralizar o atendimento e garantir que os produtores de todas as localidades tenham acesso aos servi\u0026ccedil;os essenciais para o desenvolvimento da atividade agropecu\u0026aacute;ria.\u003C\/p\u003E\r\n\u003Cp\u003E\u003Cem\u003E\u003Cstrong\u003EPor \u003C\/strong\u003EBruno Balbino Jornalista DRT 2039\/Se - Ascom Gl\u0026oacute;ria \/ \u003Cstrong\u003EFotos:\u003C\/strong\u003E Arquivo - Ascom Gl\u0026oacute;ria\u003C\/em\u003E\u003Cbr \/\u003E\u003Cimg src=\u0022https:\/\/gloria.se.gov.br\/img\/imagem\/thumb_01_5e80db1692a218d7279396.jpg\u0022 alt=\u002201_5e80db1692a218d7279396.jpg\u0022 width=\u0022300\u0022 height=\u0022200\u0022 \/\u003E\u003Cimg src=\u0022https:\/\/gloria.se.gov.br\/img\/imagem\/thumb_03_73797a84d6af17bebc31.jpg\u0022 alt=\u002203_73797a84d6af17bebc31.jpg\u0022 width=\u0022300\u0022 height=\u0022200\u0022 \/\u003E\u003Cimg src=\u0022https:\/\/gloria.se.gov.br\/img\/imagem\/thumb_04_dddb12d0c900f7c787965719d34.jpg\u0022 alt=\u002204_dddb12d0c900f7c787965719d34.jpg\u0022 width=\u0022300\u0022 height=\u0022200\u0022 \/\u003E\u003C\/p\u003E","tags":"Gest\u00e3o em Campo ,Agricultura ,Pecu\u00e1ria ,Sa\u00fade Animal","publicacao":"2026-08-22 06:00:00","criado":"2026-08-27 10:11:17","alterado":"2026-08-27 10:11:17"},{"id":832,"categoria_id":"3","categoria":{"id":3,"nome":"SA\u00daDE"},"autor_id":"4","autor":{"id":4,"nome":"ASCOM","email":"secom@gloria.se.gov.br"},"titulo":"Gl\u00f3ria implanta Programa das Ovitrampas para monitoramento do Aedes aegypti","slug":"gloria-implanta-programa-das-ovitrampas-para-monitoramento-do-aedes-aegypti","subtitulo":"Nova ferramenta permitir\u00e1 identificar \u00e1reas de risco com mais rapidez e precis\u00e3o","imagem":"\/img\/imagem\/02_81d81e1bc5ab4bc54dbc28.jpg,\/img\/imagem\/media_02_81d81e1bc5ab4bc54dbc28.jpg,\/img\/imagem\/thumb_02_81d81e1bc5ab4bc54dbc28.jpg,\/img\/imagem\/thumb_fix_02_81d81e1bc5ab4bc54dbc28.jpg","texto":"\u003Cp style=\u0022text-align: center;\u0022\u003E\u003Cimg src=\u0022https:\/\/gloria.se.gov.br\/img\/imagem\/media_02_81d81e1bc5ab4bc54dbc28.jpg\u0022 alt=\u002202_81d81e1bc5ab4bc54dbc28.jpg\u0022 width=\u0022600\u0022 height=\u0022400\u0022 \/\u003E\u003C\/p\u003E\r\n\u003Cp style=\u0022text-align: justify;\u0022\u003EA Secretaria Municipal de Sa\u0026uacute;de de Nossa Senhora da Gl\u0026oacute;ria deu um importante passo no fortalecimento da vigil\u0026acirc;ncia contra arboviroses. No dia 19 de agosto, foi implantado o Programa das Ovitrampas, em parceria com a Secretaria de Estado da Sa\u0026uacute;de e seguindo as recomenda\u0026ccedil;\u0026otilde;es do Minist\u0026eacute;rio da Sa\u0026uacute;de.\u003C\/p\u003E\r\n\u003Cp style=\u0022text-align: justify;\u0022\u003EAs ovitrampas s\u0026atilde;o armadilhas estrat\u0026eacute;gicas utilizadas para monitorar a presen\u0026ccedil;a dos mosquitos Aedes aegypti e Aedes albopictus, transmissores de doen\u0026ccedil;as como dengue, zika e chikungunya. A nova ferramenta permite identificar com mais rapidez e precis\u0026atilde;o as \u0026aacute;reas com maior risco de infesta\u0026ccedil;\u0026atilde;o, fortalecendo o trabalho dos agentes de endemias e contribuindo para a\u0026ccedil;\u0026otilde;es de preven\u0026ccedil;\u0026atilde;o e controle mais direcionadas .\u003C\/p\u003E\r\n\u003Cp style=\u0022text-align: justify;\u0022\u003EO funcionamento das armadilhas \u0026eacute; simples e eficaz. Elas consistem em um recipiente escuro com \u0026aacute;gua e uma palheta de madeira, que simula o ambiente ideal para a reprodu\u0026ccedil;\u0026atilde;o do mosquito. A f\u0026ecirc;mea do Aedes \u0026eacute; atra\u0026iacute;da e deposita seus ovos na palheta, que \u0026eacute; recolhida pela equipe t\u0026eacute;cnica para an\u0026aacute;lise laboratorial .\u003C\/p\u003E\r\n\u003Cp style=\u0022text-align: justify;\u0022\u003EA secret\u0026aacute;ria municipal de Sa\u0026uacute;de, Samara Arag\u0026atilde;o, destacou a import\u0026acirc;ncia da iniciativa para a sa\u0026uacute;de p\u0026uacute;blica do munic\u0026iacute;pio. \u0022A implanta\u0026ccedil;\u0026atilde;o das ovitrampas representa um avan\u0026ccedil;o significativo na nossa pol\u0026iacute;tica de vigil\u0026acirc;ncia em sa\u0026uacute;de. Com essa tecnologia, poderemos atuar de forma mais proativa e assertiva, identificando os focos do mosquito antes mesmo que eles se tornem um problema maior. \u0026Eacute; mais um passo da gest\u0026atilde;o da prefeita Luana Oliveira para proteger a nossa popula\u0026ccedil;\u0026atilde;o\u0022, afirmou a gestora.\u003C\/p\u003E\r\n\u003Cp style=\u0022text-align: justify;\u0022\u003EA coordenadora de Vigil\u0026acirc;ncia Epidemiol\u0026oacute;gica, Norma de Lima, explicou como a ferramenta contribuir\u0026aacute; para o dia a dia das equipes de campo. \u0022Diferente de outras metodologias, as ovitrampas permitem um monitoramento cont\u0026iacute;nuo e com maior abrang\u0026ecirc;ncia territorial. Com os dados coletados, conseguimos gerar mapas de calor, indicando com precis\u0026atilde;o os bairros com maior risco . Isso nos ajuda a direcionar as a\u0026ccedil;\u0026otilde;es de combate e a intensificar o trabalho das equipes nos locais onde realmente h\u0026aacute; necessidade\u0022, detalhou a coordenadora.\u003C\/p\u003E\r\n\u003Cp style=\u0022text-align: justify;\u0022\u003EAl\u0026eacute;m da instala\u0026ccedil;\u0026atilde;o, a nova metodologia envolve a capacita\u0026ccedil;\u0026atilde;o dos agentes de combate \u0026agrave;s endemias, que receber\u0026atilde;o orienta\u0026ccedil;\u0026otilde;es sobre a instala\u0026ccedil;\u0026atilde;o correta das armadilhas e a an\u0026aacute;lise dos dados coletados . A estrat\u0026eacute;gia \u0026eacute; considerada de baixo custo, alta sensibilidade e fundamental para a detec\u0026ccedil;\u0026atilde;o precoce do vetor, mesmo em \u0026aacute;reas com baixa infesta\u0026ccedil;\u0026atilde;o .\u003C\/p\u003E\r\n\u003Cp style=\u0022text-align: justify;\u0022\u003EA Prefeitura de Nossa Senhora da Gl\u0026oacute;ria refor\u0026ccedil;a que a participa\u0026ccedil;\u0026atilde;o da popula\u0026ccedil;\u0026atilde;o \u0026eacute; essencial para o sucesso do programa. Os moradores que receberem os agentes de endemias em suas resid\u0026ecirc;ncias para instala\u0026ccedil;\u0026atilde;o das ovitrampas devem colaborar, permitindo o acesso e o cuidado com as armadilhas. Al\u0026eacute;m disso, a elimina\u0026ccedil;\u0026atilde;o de recipientes que acumulam \u0026aacute;gua parada continua sendo a principal forma de preven\u0026ccedil;\u0026atilde;o contra o Aedes aegypti .\u003C\/p\u003E\r\n\u003Cp style=\u0022text-align: justify;\u0022\u003E\u003Cem\u003E\u003Cstrong\u003EPor \u003C\/strong\u003EBruno Balbino Jornalista DRT 2039\/Se - Ascom Gl\u0026oacute;ria \/ \u003Cstrong\u003EFotos:\u003C\/strong\u003E Arquivo - Ascom Gl\u0026oacute;ria\u003C\/em\u003E\u003Cbr \/\u003E\u0026nbsp;\u003C\/p\u003E","tags":"Arboviroses,Ovitrampas,Aedes Aegipty,Sa\u00fade ,Dengue ,Chicungunha ,Zika","publicacao":"2026-08-21 10:00:00","criado":"2026-08-27 09:59:43","alterado":"2026-08-27 09:59:43"},{"id":831,"categoria_id":"8","categoria":{"id":8,"nome":"A\u00c7\u00c3O SOCIAL"},"autor_id":"4","autor":{"id":4,"nome":"ASCOM","email":"secom@gloria.se.gov.br"},"titulo":"Assist\u00eancia Social celebra o Agosto pela Primeira Inf\u00e2ncia","slug":"assistencia-social-celebra-o-agosto-pela-primeira-infancia","subtitulo":"Evento reuniu brincadeiras, oficina, pintura e muita comida","imagem":"\/img\/imagem\/03_3eb26652ec19d6f4379fe14f2.jpg,\/img\/imagem\/media_03_3eb26652ec19d6f4379fe14f2.jpg,\/img\/imagem\/thumb_03_3eb26652ec19d6f4379fe14f2.jpg,\/img\/imagem\/thumb_fix_03_3eb26652ec19d6f4379fe14f2.jpg","texto":"\u003Cp\u003E\u003Cimg style=\u0022display: block; margin-left: auto; margin-right: auto;\u0022 src=\u0022https:\/\/gloria.se.gov.br\/img\/imagem\/media_03_3eb26652ec19d6f4379fe14f2.jpg\u0022 alt=\u002203_3eb26652ec19d6f4379fe14f2.jpg\u0022 width=\u0022600\u0022 height=\u0022400\u0022 \/\u003E\u003C\/p\u003E\r\n\u003Cp style=\u0022text-align: justify;\u0022\u003EA Prefeitura de Nossa Senhora da Gl\u0026oacute;ria, por meio da Secretaria Municipal de Assist\u0026ecirc;ncia Social, Inclus\u0026atilde;o e Cidadania (Smasic), promoveu nesta sexta-feira, 21, uma tarde especial em celebra\u0026ccedil;\u0026atilde;o ao Agosto pela Primeira Inf\u0026acirc;ncia. O evento reuniu crian\u0026ccedil;as, fam\u0026iacute;lias e cuidadores em um ambiente de muita divers\u0026atilde;o, carinho e atividades pensadas para valorizar essa fase t\u0026atilde;o importante da vida.\u003C\/p\u003E\r\n\u003Cp style=\u0022text-align: justify;\u0022\u003EA programa\u0026ccedil;\u0026atilde;o contou com diversas brincadeiras que estimulam a intera\u0026ccedil;\u0026atilde;o e o desenvolvimento dos pequenos, oficina de confec\u0026ccedil;\u0026atilde;o de brinquedos para m\u0026atilde;es e cuidadores, pintura e um delicioso lanche coletivo, criando um momento de conviv\u0026ecirc;ncia e afeto entre as fam\u0026iacute;lias atendidas pelos servi\u0026ccedil;os socioassistenciais do munic\u0026iacute;pio.\u003C\/p\u003E\r\n\u003Cp style=\u0022text-align: justify;\u0022\u003EA a\u0026ccedil;\u0026atilde;o, executada pelo programa Crian\u0026ccedil;a Feliz, refor\u0026ccedil;a o compromisso da gest\u0026atilde;o municipal com a prote\u0026ccedil;\u0026atilde;o e o desenvolvimento integral das crian\u0026ccedil;as na primeira inf\u0026acirc;ncia, per\u0026iacute;odo que compreende os primeiros seis anos de vida e \u0026eacute; considerado uma \u0022janela de oportunidades\u0022 para o desenvolvimento cognitivo, motor e s\u0026oacute;cio emocional.\u003C\/p\u003E\r\n\u003Cp style=\u0022text-align: justify;\u0022\u003EA secret\u0026aacute;ria municipal de Assist\u0026ecirc;ncia Social, Inclus\u0026atilde;o e Cidadania, Annikaren de Oliveira Gomes Pinheiro, destacou a relev\u0026acirc;ncia de iniciativas como esta para o fortalecimento dos v\u0026iacute;nculos familiares e comunit\u0026aacute;rios. \u0022O brincar \u0026eacute; a principal atividade da primeira inf\u0026acirc;ncia, \u0026eacute; atrav\u0026eacute;s dele que a crian\u0026ccedil;a explora o mundo, desenvolve suas habilidades socioemocionais e constr\u0026oacute;i rela\u0026ccedil;\u0026otilde;es. Esta a\u0026ccedil;\u0026atilde;o refor\u0026ccedil;a o compromisso da nossa gest\u0026atilde;o em garantir os direitos das nossas crian\u0026ccedil;as e em oferecer um ambiente seguro e estimulante para que elas cres\u0026ccedil;am felizes e plenas. Investir na primeira inf\u0026acirc;ncia \u0026eacute; investir no futuro da nossa Gl\u0026oacute;ria\u0022, afirmou.\u003C\/p\u003E\r\n\u003Cp style=\u0022text-align: justify;\u0022\u003EO programa Crian\u0026ccedil;a Feliz atua diretamente no acompanhamento do desenvolvimento infantil na fase mais crucial da vida, integrando a\u0026ccedil;\u0026otilde;es nas \u0026aacute;reas de sa\u0026uacute;de, educa\u0026ccedil;\u0026atilde;o, cultura e direitos humanos. Eventos como o Agosto pela Primeira Inf\u0026acirc;ncia ampliam o alcance do programa, fortalecendo os v\u0026iacute;nculos familiares e comunit\u0026aacute;rios e promovendo a conscientiza\u0026ccedil;\u0026atilde;o sobre a import\u0026acirc;ncia do cuidado integral desde os primeiros anos de vida.\u003C\/p\u003E\r\n\u003Cp style=\u0022text-align: justify;\u0022\u003E\u003Cem\u003E\u003Cstrong\u003EPor \u003C\/strong\u003EBruno Balbino Jornalista DRT 2039\/Se - Ascom Gl\u0026oacute;ria \/ \u003Cstrong\u003EFotos:\u003C\/strong\u003E Arquivo - Ascom Gl\u0026oacute;ria\u003C\/em\u003E\u003Cbr \/\u003E\u003Cimg src=\u0022https:\/\/gloria.se.gov.br\/img\/imagem\/thumb_06_c759de4892d64304f1806336e4f4.jpg\u0022 alt=\u002206_c759de4892d64304f1806336e4f4.jpg\u0022 width=\u0022300\u0022 height=\u0022200\u0022 \/\u003E\u003Cimg src=\u0022https:\/\/gloria.se.gov.br\/img\/imagem\/thumb_02_92ad4780ee220d29b9953b5da.jpg\u0022 alt=\u002202_92ad4780ee220d29b9953b5da.jpg\u0022 width=\u0022300\u0022 height=\u0022200\u0022 \/\u003E\u003Cimg src=\u0022https:\/\/gloria.se.gov.br\/img\/imagem\/thumb_01_b2acea3c1ad6825ed80952b0.jpg\u0022 alt=\u002201_b2acea3c1ad6825ed80952b0.jpg\u0022 width=\u0022300\u0022 height=\u0022200\u0022 \/\u003E\u003Cimg src=\u0022https:\/\/gloria.se.gov.br\/img\/imagem\/thumb_05_205a7dfac1b1f12c34645.jpg\u0022 alt=\u002205_205a7dfac1b1f12c34645.jpg\u0022 width=\u0022300\u0022 height=\u0022200\u0022 \/\u003E\u003Cimg src=\u0022https:\/\/gloria.se.gov.br\/img\/imagem\/thumb_04_fd92d708c6d5aaa5c42d8c.jpg\u0022 alt=\u002204_fd92d708c6d5aaa5c42d8c.jpg\u0022 width=\u0022300\u0022 height=\u0022200\u0022 \/\u003E\u003Cimg src=\u0022https:\/\/gloria.se.gov.br\/img\/imagem\/thumb_03_3eb26652ec19d6f4379fe14f2.jpg\u0022 alt=\u002203_3eb26652ec19d6f4379fe14f2.jpg\u0022 width=\u0022300\u0022 height=\u0022200\u0022 \/\u003E\u003C\/p\u003E","tags":"Primeira Inf\u00e2ncia ,Assist\u00eancia Social ,Brincadeiras ,Oficinas ,Divers\u00e3o ,Carinho ,brinquedos","publicacao":"2026-08-21 05:00:00","criado":"2026-08-27 09:50:58","alterado":"2026-08-27 09:50:58"},{"id":830,"categoria_id":"13","categoria":{"id":13,"nome":"ADMINISTRA\u00c7\u00c3O"},"autor_id":"4","autor":{"id":4,"nome":"ASCOM","email":"secom@gloria.se.gov.br"},"titulo":"Gl\u00f3ria recebe unidades habitacionais do Minha Casa, Minha Vida","slug":"gloria-recebe-unidades-habitacionais-do-minha-casa-minha-vida","subtitulo":"Programa beneficia fam\u00edlias com renda bruta mensal de at\u00e9 R$ 3.200,00","imagem":"\/img\/imagem\/10-1_735d9b636944c1f6e3da4a2.jpg,\/img\/imagem\/media_10-1_735d9b636944c1f6e3da4a2.jpg,\/img\/imagem\/thumb_10-1_735d9b636944c1f6e3da4a2.jpg,\/img\/imagem\/thumb_fix_10-1_735d9b636944c1f6e3da4a2.jpg","texto":"\u003Cp style=\u0022text-align: center;\u0022\u003E\u003Cimg src=\u0022https:\/\/gloria.se.gov.br\/img\/imagem\/media_10-1_735d9b636944c1f6e3da4a2.jpg\u0022 alt=\u002210-1_735d9b636944c1f6e3da4a2.jpg\u0022 width=\u0022600\u0022 height=\u0022400\u0022 \/\u003E\u003C\/p\u003E\r\n\u003Cp style=\u0022text-align: justify;\u0022\u003EA Prefeitura de Nossa Senhora da Gl\u0026oacute;ria informa que est\u0026atilde;o abertas as inscri\u0026ccedil;\u0026otilde;es para o Programa Minha Casa, Minha Vida (PMCMV), destinado \u0026agrave; sele\u0026ccedil;\u0026atilde;o de fam\u0026iacute;lias que ir\u0026atilde;o concorrer \u0026agrave;s unidades habitacionais do munic\u0026iacute;pio. O per\u0026iacute;odo de inscri\u0026ccedil;\u0026atilde;o teve in\u0026iacute;cio no dia 21 de agosto e segue at\u0026eacute; o dia 3 de setembro.\u003C\/p\u003E\r\n\u003Cp style=\u0022text-align: justify;\u0022\u003EPodem participar do processo seletivo as fam\u0026iacute;lias que atendam aos crit\u0026eacute;rios estabelecidos no Edital e estejam inscritas no Cadastro \u0026Uacute;nico para Programas Sociais do Governo Federal (Cad\u0026Uacute;nico). A renda bruta familiar mensal admitida \u0026eacute; de at\u0026eacute; R$ 3.200,00,valor que caracteriza a Faixa Urbano 1, conforme o art.1\u0026ordm; da Portaria MCID n\u0026ordm;333, de 30 de mar\u0026ccedil;o de 2026.\u0026nbsp;\u003C\/p\u003E\r\n\u003Cp style=\u0022text-align: justify;\u0022\u003EOs interessados que atendem aos pr\u0026eacute;-requisitos do programa devem procurar a Secretaria Municipal de Assist\u0026ecirc;ncia Social, Inclus\u0026atilde;o e Cidadania (Smasic), localizada na Rua Francisco Barbosa de Souza, n\u0026ordm; 426 \u0026mdash; bairro Nova Esperan\u0026ccedil;a. O atendimento ocorre em dias \u0026uacute;teis, das 8h \u0026agrave;s 17h. Para mais informa\u0026ccedil;\u0026otilde;es, a popula\u0026ccedil;\u0026atilde;o tamb\u0026eacute;m pode entrar em contato pelo telefone (79) 98118-1834.\u003C\/p\u003E\r\n\u003Cp style=\u0022text-align: justify;\u0022\u003EO secret\u0026aacute;rio municipal de Administra\u0026ccedil;\u0026atilde;o, Thiago Souza, refor\u0026ccedil;ou a import\u0026acirc;ncia da iniciativa para as fam\u0026iacute;lias gloriense. \u0022O Minha Casa, Minha Vida \u0026eacute; uma pol\u0026iacute;tica p\u0026uacute;blica essencial que transforma vidas, garantindo moradia digna a quem mais precisa. A gest\u0026atilde;o municipal de Gl\u0026oacute;ria est\u0026aacute; empenhada em viabilizar esse acesso, e \u0026eacute; fundamental que as fam\u0026iacute;lias que se enquadram nos crit\u0026eacute;rios fiquem atentas ao prazo e procurem a Secretaria de Assist\u0026ecirc;ncia Social para realizar a inscri\u0026ccedil;\u0026atilde;o\u0022, destacou.\u003C\/p\u003E\r\n\u003Cp style=\u0022text-align: justify;\u0022\u003EA Secretaria de Assist\u0026ecirc;ncia Social orienta os interessados a reunirem toda a documenta\u0026ccedil;\u0026atilde;o necess\u0026aacute;ria e ficarem atentos aos crit\u0026eacute;rios estabelecidos no Edital, que detalha as condi\u0026ccedil;\u0026otilde;es de participa\u0026ccedil;\u0026atilde;o, os documentos exigidos e os crit\u0026eacute;rios de classifica\u0026ccedil;\u0026atilde;o das fam\u0026iacute;lias. O cadastro \u0026eacute; gratuito e n\u0026atilde;o h\u0026aacute; cobran\u0026ccedil;a de qualquer taxa para inscri\u0026ccedil;\u0026atilde;o.\u003C\/p\u003E\r\n\u003Cp\u003E\u003Cem\u003E\u003Cstrong\u003EPor \u003C\/strong\u003EBruno Balbino Jornalista DRT 2039\/Se - Ascom Gl\u0026oacute;ria \/\u003Cstrong\u003E Fotos:\u003C\/strong\u003E Divulga\u0026ccedil;\u0026atilde;o - Ascom Gl\u0026oacute;ria\u003C\/em\u003E\u003Cbr \/\u003E\u0026nbsp;\u003C\/p\u003E","tags":"Minha casa,Minha Vida,Casas Populares,Habita\u00e7\u00e3o","publicacao":"2026-08-21 02:00:00","criado":"2026-08-27 09:35:59","alterado":"2026-08-27 09:35:59"},{"id":829,"categoria_id":"8","categoria":{"id":8,"nome":"A\u00c7\u00c3O SOCIAL"},"autor_id":"4","autor":{"id":4,"nome":"ASCOM","email":"secom@gloria.se.gov.br"},"titulo":"Assist\u00eancia Social promove Dia de Parque com Crian\u00e7as dos equipamentos sociais","slug":"assistencia-social-promove-dia-de-parque-com-criancas-dos-equipamentos-sociais","subtitulo":"Evento reuniu usu\u00e1rios do CRAS, Crian\u00e7a Feliz e Casa Lar","imagem":"\/img\/imagem\/09_219f712348a28ac72b3f40da5.jpg,\/img\/imagem\/media_09_219f712348a28ac72b3f40da5.jpg,\/img\/imagem\/thumb_09_219f712348a28ac72b3f40da5.jpg,\/img\/imagem\/thumb_fix_09_219f712348a28ac72b3f40da5.jpg","texto":"\u003Cp\u003E\u003Cimg style=\u0022display: block; margin-left: auto; margin-right: auto;\u0022 src=\u0022https:\/\/gloria.se.gov.br\/img\/imagem\/media_09_219f712348a28ac72b3f40da5.jpg\u0022 alt=\u002209_219f712348a28ac72b3f40da5.jpg\u0022 width=\u0022600\u0022 height=\u0022400\u0022 \/\u003E\u003C\/p\u003E\r\n\u003Cp style=\u0022text-align: justify;\u0022\u003EA Prefeitura de Nossa Senhora da Gl\u0026oacute;ria, por meio da Secretaria Municipal de Assist\u0026ecirc;ncia Social, Inclus\u0026atilde;o e Cidadania (Smasic), promoveu nesta quarta-feira, 19, o \u0022Dia de Parque\u0022 \u0026ndash; uma a\u0026ccedil;\u0026atilde;o voltada especialmente para as crian\u0026ccedil;as e adolescentes atendidos pelos servi\u0026ccedil;os socioassistenciais do munic\u0026iacute;pio. A iniciativa proporcionou uma tarde repleta de brincadeiras, alegria, intera\u0026ccedil;\u0026atilde;o e fortalecimento dos v\u0026iacute;nculos comunit\u0026aacute;rios.\u003C\/p\u003E\r\n\u003Cp style=\u0022text-align: justify;\u0022\u003EO evento contou com a participa\u0026ccedil;\u0026atilde;o de crian\u0026ccedil;as e adolescentes dos servi\u0026ccedil;os do CRAS (Centro de Refer\u0026ecirc;ncia da Assist\u0026ecirc;ncia Social), do Programa Crian\u0026ccedil;a Feliz e da Casa Lar, que puderam desfrutar de um momento l\u0026uacute;dico e educativo em um ambiente ao ar livre. A programa\u0026ccedil;\u0026atilde;o incluiu atividades recreativas, din\u0026acirc;micas de grupo, jogos e momentos de descontra\u0026ccedil;\u0026atilde;o, com o objetivo de estimular o desenvolvimento social e emocional dos participantes.\u003C\/p\u003E\r\n\u003Cp style=\u0022text-align: justify;\u0022\u003EA a\u0026ccedil;\u0026atilde;o refor\u0026ccedil;a o compromisso da gest\u0026atilde;o municipal em promover pol\u0026iacute;ticas p\u0026uacute;blicas que garantam os direitos da inf\u0026acirc;ncia e da juventude, oferecendo espa\u0026ccedil;os de conviv\u0026ecirc;ncia e lazer que contribuam para a forma\u0026ccedil;\u0026atilde;o cidad\u0026atilde; e o bem-estar das fam\u0026iacute;lias atendidas pela rede de assist\u0026ecirc;ncia social.\u003C\/p\u003E\r\n\u003Cp style=\u0022text-align: justify;\u0022\u003EA secret\u0026aacute;ria municipal de Assist\u0026ecirc;ncia Social, Inclus\u0026atilde;o e Cidadania, Annikaren de Oliveira Gomes Pinheiro, destacou a import\u0026acirc;ncia de iniciativas como essa para o fortalecimento do trabalho social no munic\u0026iacute;pio. \u0022O Dia de Parque \u0026eacute; uma oportunidade de levar alegria e afeto para as nossas crian\u0026ccedil;as e adolescentes, que muitas vezes n\u0026atilde;o t\u0026ecirc;m acesso a momentos de lazer como esse. \u0026Eacute; uma forma de dizer que eles s\u0026atilde;o prioridade na nossa gest\u0026atilde;o e que a assist\u0026ecirc;ncia social vai al\u0026eacute;m do atendimento b\u0026aacute;sico \u0026ndash; ela constr\u0026oacute;i pontes, promove sorrisos e fortalece v\u0026iacute;nculos. Ver a felicidade estampada no rosto de cada um deles \u0026eacute; a maior recompensa do nosso trabalho\u0022, afirmou a gestora.\u003C\/p\u003E\r\n\u003Cp style=\u0022text-align: justify;\u0022\u003EA iniciativa tamb\u0026eacute;m contou com o apoio das equipes t\u0026eacute;cnicas da Smasic, que acompanharam os grupos durante toda a atividade, garantindo seguran\u0026ccedil;a, acolhimento e muita anima\u0026ccedil;\u0026atilde;o. Para as crian\u0026ccedil;as e adolescentes atendidos pelos servi\u0026ccedil;os, a tarde ficou marcada como um momento especial de cuidado e valoriza\u0026ccedil;\u0026atilde;o.\u003C\/p\u003E\r\n\u003Cp style=\u0022text-align: justify;\u0022\u003EO \u0022Dia de Parque\u0022 refor\u0026ccedil;a a pol\u0026iacute;tica de assist\u0026ecirc;ncia social do munic\u0026iacute;pio, que busca n\u0026atilde;o apenas atender \u0026agrave;s necessidades b\u0026aacute;sicas, mas tamb\u0026eacute;m promover a inclus\u0026atilde;o, a cidadania e a qualidade de vida das fam\u0026iacute;lias gloriense, com especial aten\u0026ccedil;\u0026atilde;o \u0026agrave; primeira inf\u0026acirc;ncia e \u0026agrave; juventude.\u003C\/p\u003E\r\n\u003Cp\u003E\u003Cem\u003E\u003Cstrong\u003EPor \u003C\/strong\u003EBruno Balbino Jornalista DRT 2039\/Se - Ascom Gl\u0026oacute;ria \/ \u003Cstrong\u003EFotos:\u003C\/strong\u003E Divulga\u0026ccedil;\u0026atilde;o - Ascom Gl\u0026oacute;ria\u003C\/em\u003E\u003Cbr \/\u003E\u003Cimg src=\u0022https:\/\/gloria.se.gov.br\/img\/imagem\/thumb_08_bb40eaabc73fa38b564e53c4d91.jpg\u0022 alt=\u002208_bb40eaabc73fa38b564e53c4d91.jpg\u0022 width=\u0022300\u0022 height=\u0022200\u0022 \/\u003E\u003Cimg src=\u0022https:\/\/gloria.se.gov.br\/img\/imagem\/thumb_10_506900fdeab94c4e8ba041f562f37.jpg\u0022 alt=\u002210_506900fdeab94c4e8ba041f562f37.jpg\u0022 width=\u0022300\u0022 height=\u0022200\u0022 \/\u003E\u003Cimg src=\u0022https:\/\/gloria.se.gov.br\/img\/imagem\/thumb_07_73681ce5375d85f44a09c7f1.jpg\u0022 alt=\u002207_73681ce5375d85f44a09c7f1.jpg\u0022 width=\u0022300\u0022 height=\u0022200\u0022 \/\u003E\u003C\/p\u003E","tags":"Dia de Parque ,CRAS ,CREAS ,Crian\u00e7a Feliz ,Assist\u00eancia Social ,Equipamentos Sociais ,Crian\u00e7as ,Adolescentes","publicacao":"2026-08-19 05:00:00","criado":"2026-08-27 09:21:33","alterado":"2026-08-27 09:21:33"},{"id":828,"categoria_id":"17","categoria":{"id":17,"nome":"MEIO AMBIENTE"},"autor_id":"4","autor":{"id":4,"nome":"ASCOM","email":"secom@gloria.se.gov.br"},"titulo":"Prefeitura de Gl\u00f3ria promove a\u00e7\u00e3o do programa Lixo Zera nas Escolas","slug":"prefeitura-de-gloria-promove-acao-do-programa-lixo-zera-nas-escolas","subtitulo":"Iniciativa visa despertar nas crian\u00e7as e jovens a consci\u00eancia ambiental","imagem":"\/img\/imagem\/06_3249f4c2f8bbce5aeb2e99af0.jpg,\/img\/imagem\/media_06_3249f4c2f8bbce5aeb2e99af0.jpg,\/img\/imagem\/thumb_06_3249f4c2f8bbce5aeb2e99af0.jpg,\/img\/imagem\/thumb_fix_06_3249f4c2f8bbce5aeb2e99af0.jpg","texto":"\u003Cp style=\u0022text-align: center;\u0022\u003E\u003Cimg src=\u0022https:\/\/gloria.se.gov.br\/img\/imagem\/media_06_3249f4c2f8bbce5aeb2e99af0.jpg\u0022 alt=\u002206_3249f4c2f8bbce5aeb2e99af0.jpg\u0022 width=\u0022600\u0022 height=\u0022400\u0022 \/\u003E\u003C\/p\u003E\r\n\u003Cp style=\u0022text-align: justify;\u0022\u003EA Prefeitura de Nossa Senhora da Gl\u0026oacute;ria, por meio das Secretarias Municipais de Meio Ambiente e Sustentabilidade e de Educa\u0026ccedil;\u0026atilde;o e Cultura, segue fortalecendo as a\u0026ccedil;\u0026otilde;es do programa Lixo Zero nas escolas da rede municipal. A iniciativa, que tem como objetivo despertar nas crian\u0026ccedil;as e jovens a consci\u0026ecirc;ncia ambiental desde cedo, incentiva a ado\u0026ccedil;\u0026atilde;o de pr\u0026aacute;ticas sustent\u0026aacute;veis no ambiente escolar e a separa\u0026ccedil;\u0026atilde;o correta dos res\u0026iacute;duos recicl\u0026aacute;veis.\u003C\/p\u003E\r\n\u003Cp style=\u0022text-align: justify;\u0022\u003EUma unidade de ensino se destacou entre todas as participantes, a Escola Municipal Jos\u0026eacute; Augusto Barreto, que recolheu a maior quantidade de materiais recicl\u0026aacute;veis durante a a\u0026ccedil;\u0026atilde;o. Como reconhecimento pelo empenho e pela expressiva contribui\u0026ccedil;\u0026atilde;o \u0026agrave; sustentabilidade do munic\u0026iacute;pio, o liceu recebeu um trof\u0026eacute;u, um certificado de participa\u0026ccedil;\u0026atilde;o e um kit com material esportivo, incluindo um tot\u0026oacute;, que ser\u0026aacute; utilizado como ferramenta de lazer e integra\u0026ccedil;\u0026atilde;o entre os alunos, incentivando ainda mais o engajamento da comunidade escolar.\u003C\/p\u003E\r\n\u003Cp style=\u0022text-align: justify;\u0022\u003ETodas as escolas participantes tamb\u0026eacute;m foram agraciadas com certificados, valorizando o esfor\u0026ccedil;o coletivo e o compromisso de cada unidade com o futuro do planeta.\u003C\/p\u003E\r\n\u003Cp style=\u0022text-align: justify;\u0022\u003EA secret\u0026aacute;ria municipal de Meio Ambiente e Sustentabilidade, Natal\u0026iacute;cia Oliveira, destacou a import\u0026acirc;ncia da parceria entre as pastas e o envolvimento das escolas. \u0022O programa Lixo Zero \u0026eacute; uma ferramenta poderosa de transforma\u0026ccedil;\u0026atilde;o social. Quando levamos essa discuss\u0026atilde;o para dentro das escolas, estamos formando cidad\u0026atilde;os mais conscientes e preparados para cuidar do nosso meio ambiente\u0022, afirmou.\u003C\/p\u003E\r\n\u003Cp style=\u0022text-align: justify;\u0022\u003EO secret\u0026aacute;rio municipal de Educa\u0026ccedil;\u0026atilde;o e Cultura, Willams Santana Messias, refor\u0026ccedil;ou o papel da educa\u0026ccedil;\u0026atilde;o na forma\u0026ccedil;\u0026atilde;o de uma cultura sustent\u0026aacute;vel. \u0022A educa\u0026ccedil;\u0026atilde;o ambiental \u0026eacute; um dos pilares da nossa gest\u0026atilde;o. Ver as escolas abra\u0026ccedil;arem o programa Lixo Zero com tanto entusiasmo nos enche de orgulho. A premia\u0026ccedil;\u0026atilde;o da Escola Jos\u0026eacute; Augusto Barreto \u0026eacute; o reconhecimento de um trabalho que vai al\u0026eacute;m da coleta de recicl\u0026aacute;veis, \u0026eacute; a constru\u0026ccedil;\u0026atilde;o de valores que levar\u0026atilde;o para a vida toda\u0022, declarou.\u003C\/p\u003E\r\n\u003Cp style=\u0022text-align: justify;\u0022\u003EA diretora da Escola Municipal Jos\u0026eacute; Augusto Barreto, Liliane Feitosa, atribuiu o sucesso ao esfor\u0026ccedil;o coletivo da comunidade escolar. \u0022Esse reconhecimento \u0026eacute; fruto do trabalho de todos, alunos, professores, funcion\u0026aacute;rios e pais. Abra\u0026ccedil;amos a causa do Lixo Zero com muita seriedade, e ver esse resultado \u0026eacute; a prova de que, quando todos se unem em prol de um objetivo comum, os frutos v\u0026ecirc;m. O trof\u0026eacute;u e o material esportivo s\u0026atilde;o um est\u0026iacute;mulo para continuarmos avan\u0026ccedil;ando nessa jornada pela sustentabilidade\u0022, comemorou.\u003C\/p\u003E\r\n\u003Cp style=\u0022text-align: justify;\u0022\u003E\u003Cem\u003E\u003Cstrong\u003EPor\u003C\/strong\u003E\u0026nbsp;Bruno Balbino Jornalista DRT 2039\/Se - Ascom Gl\u0026oacute;ria \/ \u003Cstrong\u003EFotos:\u003C\/strong\u003E Arquivo - Ascom\u003C\/em\u003E\u003C\/p\u003E","tags":"Meio Ambiente ,Descarta de residuos ,Camapanha ,Sinaliza\u00e7\u00e3o","publicacao":"2026-08-18 05:00:00","criado":"2026-08-27 08:44:40","alterado":"2026-08-27 08:44:40"}],"video":[{"id":11,"titulo":"Orgulho Local: Produto de Nossa Senhora da Gl\u00f3ria com o Primeiro Selo de Inspe\u00e7\u00e3o Municipal \u00e9 Premiado na SEALBA SHOW e vence concurso de queijos!","thumb":"http:\/\/i.ytimg.com\/vi\/jP07MR7HJfE\/default.jpg,http:\/\/i.ytimg.com\/vi\/jP07MR7HJfE\/mqdefault.jpg,http:\/\/i.ytimg.com\/vi\/jP07MR7HJfE\/hqdefault.jpg,http:\/\/i.ytimg.com\/vi\/jP07MR7HJfE\/sddefault.jpg,http:\/\/i.ytimg.com\/vi\/jP07MR7HJfE\/maxresdefault.jpg","embed":"https:\/\/www.youtube.com\/embed\/jP07MR7HJfE","embedauto":"https:\/\/www.youtube.com\/embed\/jP07MR7HJfE?autoplay=1;mute=1","slug":"orgulho-local-produto-de-nossa-senhora-da-gloria-com-o-primeiro-selo-de-inspecao-municipal-e-premiado-na-sealba-show-e-vence-concurso-de-queijos","descricao":"Um Dia para a Hist\u00f3ria: No dia 02\/02, na cidade de Itabaiana, o Produto Local de Nossa Senhora da Gl\u00f3ria, ostentando o Primeiro Selo de Inspe\u00e7\u00e3o Municipal, alcan\u00e7ou novos patamares. Foi um evento marcante que contou com a participa\u00e7\u00e3o dos estados de Sergipe, Alagoas e Bahia, al\u00e9m da presen\u00e7a ilustre de produtores e figuras p\u00fablicas. O produto foi n\u00e3o s\u00f3 premiado na SEALBA SHOW, mas tamb\u00e9m dominou o Concurso de Queijos, trazendo orgulho e reconhecimento para a nossa regi\u00e3o!","codigo":"jP07MR7HJfE","local":"youtube","tags":"sim,agricultura,pecu\u00e1ria,sealba","foto":"regina_628dbdc6756951b3572cef9.png","foto_link":"\/img\/video\/regina_628dbdc6756951b3572cef9.png,\/img\/video\/media_regina_628dbdc6756951b3572cef9.png,\/img\/video\/thumb_regina_628dbdc6756951b3572cef9.png,\/img\/video\/thumb_fix_regina_628dbdc6756951b3572cef9.png","criado":"2024-02-09 11:34:18","alterado":"2024-02-09 11:34:18"},{"id":8,"titulo":"Pague seu IPTU em dia e contribua para o crescimento da Capital Sergipana do Leite","thumb":"GuAo_E4Nx-Y","embed":"https:\/\/www.facebook.com\/plugins\/video.php?href=GuAo_E4Nx-Y\u0026show_text=false\u0026width=734\u0026height=411\u0026appId","embedauto":"https:\/\/www.facebook.com\/plugins\/video.php?href=GuAo_E4Nx-Y\u0026show_text=false\u0026width=734\u0026height=411\u0026appId\u0026autoplay=1","slug":"pague-seu-iptu-em-dia-e-contribua-para-o-crescimento-da-capital-sergipana-do-leite","descricao":"Com seu IPTU o munic\u00edpio cresce, desenvolve e cria as bases para a prosperidade da nossa gente.\r\n\r\nN\u00e3o perca tempo, se ainda n\u00e3o pagou o tributo, corra e contribua para que sua cidade fique cada vez mais linda! \r\n\r\nObs: Para as pessoas que n\u00e3o receberam o boleto em sua resid\u00eancia, dirija-se ao setor de tributos, localizado no pr\u00e9dio da Prefeitura Municipal.\r\n\r\nPrefeitura Municipal de Nossa Senhora da Gl\u00f3ria\r\nConstruindo o Futuro da Nossa Gente!","codigo":"GuAo_E4Nx-Y","local":"facebook","tags":"IPTU","foto":"estudanteemauel111111_1250e0f2956e1798139c31.jpg","foto_link":"\/img\/video\/estudanteemauel111111_1250e0f2956e1798139c31.jpg,\/img\/video\/media_estudanteemauel111111_1250e0f2956e1798139c31.jpg,\/img\/video\/thumb_estudanteemauel111111_1250e0f2956e1798139c31.jpg,\/img\/video\/thumb_fix_estudanteemauel111111_1250e0f2956e1798139c31.jpg","criado":"2022-11-07 10:13:07","alterado":"2022-11-07 10:15:20"},{"id":7,"titulo":"1\u00aa Edi\u00e7\u00e3o SEALBA Agroshow","thumb":"http:\/\/i.ytimg.com\/vi\/Qq43c57V7nc\/default.jpg,http:\/\/i.ytimg.com\/vi\/Qq43c57V7nc\/mqdefault.jpg,http:\/\/i.ytimg.com\/vi\/Qq43c57V7nc\/hqdefault.jpg,http:\/\/i.ytimg.com\/vi\/Qq43c57V7nc\/sddefault.jpg,http:\/\/i.ytimg.com\/vi\/Qq43c57V7nc\/maxresdefault.jpg","embed":"https:\/\/www.youtube.com\/embed\/Qq43c57V7nc","embedauto":"https:\/\/www.youtube.com\/embed\/Qq43c57V7nc?autoplay=1;mute=1","slug":"1a-edicao-sealba-agroshow","descricao":"A Capital do Leite foi destaque durante a realiza\u00e7\u00e3o da SEALBA Agroshow, realizada de 10 a 12 de fevereiro em Itabaiana. O evento ocorreu no Parque Cunha Menezes e recebeu visitantes e expositores de todos os cantos e em tr\u00eas dias, mais de 50 milh\u00f5es foram movimentados em neg\u00f3cios, comercializa\u00e7\u00e3o de produtos e muito mais.\r\n\r\nO munic\u00edpio de Nossa Senhora da Gl\u00f3ria se fez presente neste grande evento com um grande volume de neg\u00f3cios, com a exposi\u00e7\u00e3o em um estande montado pela gest\u00e3o \u201cConstruindo o Futuro da Nossa Gente\u201d com elementos da cultura gloriense e do potencial econ\u00f4mico do munic\u00edpio, o Ouro Branco, o leite.\r\n\r\nO SEALBA Agroshow \u00e9 uma realiza\u00e7\u00e3o da Federa\u00e7\u00e3o de Agricultura e Pecu\u00e1ria de Sergipe (Faese), junto com o Servi\u00e7o Nacional de Aprendizagem Rural, o Senar\/Sergipe. O evento conta com o apoio do Governo do Estado de Sergipe, atrav\u00e9s da Secretaria de Estado da Agricultura, Desenvolvimento Agr\u00e1rio e da Pesca (Seagri).\r\n\r\nPrefeitura Municipal de Nossa Senhora da Gl\u00f3ria\r\nConstruindo o Futuro da Nossa Gente!","codigo":"Qq43c57V7nc","local":"youtube","tags":"#SealbaAgroshow","foto":"luana-sealba001_eade1b2908561c6be40151e.jpg","foto_link":"\/img\/video\/luana-sealba001_eade1b2908561c6be40151e.jpg,\/img\/video\/media_luana-sealba001_eade1b2908561c6be40151e.jpg,\/img\/video\/thumb_luana-sealba001_eade1b2908561c6be40151e.jpg,\/img\/video\/thumb_fix_luana-sealba001_eade1b2908561c6be40151e.jpg","criado":"2022-02-22 09:42:10","alterado":"2022-02-22 09:42:10"},{"id":6,"titulo":"Belezas art\u00edsticas, culturais e naturais da Capital do Sert\u00e3o","thumb":"http:\/\/i.ytimg.com\/vi\/v_VD4dYJHLE\/default.jpg,http:\/\/i.ytimg.com\/vi\/v_VD4dYJHLE\/mqdefault.jpg,http:\/\/i.ytimg.com\/vi\/v_VD4dYJHLE\/hqdefault.jpg,http:\/\/i.ytimg.com\/vi\/v_VD4dYJHLE\/sddefault.jpg,http:\/\/i.ytimg.com\/vi\/v_VD4dYJHLE\/maxresdefault.jpg","embed":"https:\/\/www.youtube.com\/embed\/v_VD4dYJHLE","embedauto":"https:\/\/www.youtube.com\/embed\/v_VD4dYJHLE?autoplay=1;mute=1","slug":"belezas-artisticas-culturais-e-naturais-da-capital-do-sertao","descricao":"Nossas riquezas, nossa terra tem o melhor para ser visto. Nossa cultura e turismo cresce a cada dia.","codigo":"v_VD4dYJHLE","local":"youtube","tags":"Cultura,Artesanato,Turismo,Belezas Naturais","foto":"0001_e38b2f4e212fa8f2bc1c9b.jpg","foto_link":"\/img\/video\/0001_e38b2f4e212fa8f2bc1c9b.jpg,\/img\/video\/media_0001_e38b2f4e212fa8f2bc1c9b.jpg,\/img\/video\/thumb_0001_e38b2f4e212fa8f2bc1c9b.jpg,\/img\/video\/thumb_fix_0001_e38b2f4e212fa8f2bc1c9b.jpg","criado":"2021-08-10 10:11:35","alterado":"2021-08-10 10:11:35"},{"id":5,"titulo":"Belezas art\u00edsticas, culturais e naturais da Capital do Sert\u00e3o","thumb":"http:\/\/i.ytimg.com\/vi\/v_VD4dYJHLE\/default.jpg,http:\/\/i.ytimg.com\/vi\/v_VD4dYJHLE\/mqdefault.jpg,http:\/\/i.ytimg.com\/vi\/v_VD4dYJHLE\/hqdefault.jpg,http:\/\/i.ytimg.com\/vi\/v_VD4dYJHLE\/sddefault.jpg,http:\/\/i.ytimg.com\/vi\/v_VD4dYJHLE\/maxresdefault.jpg","embed":"https:\/\/www.youtube.com\/embed\/v_VD4dYJHLE","embedauto":"https:\/\/www.youtube.com\/embed\/v_VD4dYJHLE?autoplay=1;mute=1","slug":"belezas-artisticas-culturais-e-naturais-da-capital-do-sertao","descricao":"Nossas riquezas, nossa terra tem o melhor para ser visto. Nossa cultura e turismo cresce a cada dia.","codigo":"v_VD4dYJHLE","local":"youtube","tags":"Cultura,Artesanato,Turismo,Belezas Naturais","foto":"0001_bd755e607712308e13de56.jpg","foto_link":"\/img\/video\/0001_bd755e607712308e13de56.jpg,\/img\/video\/media_0001_bd755e607712308e13de56.jpg,\/img\/video\/thumb_0001_bd755e607712308e13de56.jpg,\/img\/video\/thumb_fix_0001_bd755e607712308e13de56.jpg","criado":"2021-08-10 10:11:34","alterado":"2021-08-10 10:11:34"}],"slide":[{"id":2,"titulo":"Sala do empreendedor","imagem":"banner-pref-gloria_328e09663ab0d8aa5623.jpg","imagem_link":"\/img\/slide\/banner-pref-gloria_328e09663ab0d8aa5623.jpg,\/img\/slide\/thumb_banner-pref-gloria_328e09663ab0d8aa5623.jpg","url":"\/empreendedor","ordem":1,"criado":"2022-01-25 14:07:09","alterado":"2022-01-25 16:01:33"}],"secretarias":[{"id":38,"nome":"CENTRO DE ATENDIMENTO AO CONTRIBUINTE - SETOR DE TRIBUTOS","is_secretaria":1,"responsavel":"T\u00c1SSIA LUANA ALVES ANDRADE SILVA","foto":"whatsapp-image-2025-05-16-at-13-36-21_a2312403f3f0f0e5e31953509c68.jpeg","foto_link":"\/img\/gabinete\/whatsapp-image-2025-05-16-at-13-36-21_a2312403f3f0f0e5e31953509c68.jpeg,\/img\/gabinete\/thumb_whatsapp-image-2025-05-16-at-13-36-21_a2312403f3f0f0e5e31953509c68.jpeg,\/img\/gabinete\/thumb_fix_whatsapp-image-2025-05-16-at-13-36-21_a2312403f3f0f0e5e31953509c68.jpeg","email":"ceac.gloria.se@gmail.com","telefone":"79 99641-9762","expediente":"Das 08:00 \u00e0s 13:00h e das 15:00 \u00e0s 17:30 de segunda a quinta - sexta-feira das 08:00 \u00e0s 13:00h","atendimento":"Das 08:00 \u00e0s 13:00h e das 15:00 \u00e0s 17:30 de segunda a quinta - sexta-feira das 08:00 \u00e0s 13:00h","cep":"49680000","endereco":"Avenida Lourival Batista, 420 - Shopping Avelan - terceiro piso","bairro":"Centro","cidade":"Nossa Senhora da Gl\u00f3ria","estado":"Se","slug":"centro-de-atendimento-ao-contribuinte-setor-de-tributos","texto":"\u003Cul\u003E\r\n\u003Cli\u003EAuxiliar o Secret\u0026aacute;rio na organiza\u0026ccedil;\u0026atilde;o, orienta\u0026ccedil;\u0026atilde;o, coordena\u0026ccedil;\u0026atilde;o e controle das atividades administrativas, t\u0026eacute;cnicas e operacionais da secretaria; \u0026bull; Assist\u0026ecirc;ncia ao secretario na \u0026aacute;rea tribut\u0026aacute;ria;\u003C\/li\u003E\r\n\u003Cli\u003EExercer atividades delegadas pelo Secret\u0026aacute;rio.\u003C\/li\u003E\r\n\u003Cli\u003EGest\u0026atilde;o e c\u0026aacute;lculo de tributos de compet\u0026ecirc;ncia municipal, como o Imposto sobre Servi\u0026ccedil;os (ISS), o Imposto Predial e Territorial Urbano (IPTU) e o Imposto sobre Transmiss\u0026atilde;o de Bens Im\u0026oacute;veis (ITBI).\u003C\/li\u003E\r\n\u003Cli\u003ECadastro Imobili\u0026aacute;rio e Mobili\u0026aacute;rio: Atualiza\u0026ccedil;\u0026atilde;o de cadastros de contribuintes, empresas, prestadores de servi\u0026ccedil;o e im\u0026oacute;veis localizados no munic\u0026iacute;pio.\u003C\/li\u003E\r\n\u003Cli\u003EEmiss\u0026atilde;o de Documentos e Certid\u0026otilde;es: Libera\u0026ccedil;\u0026atilde;o de certid\u0026otilde;es negativas de d\u0026eacute;bitos, alvar\u0026aacute;s de localiza\u0026ccedil;\u0026atilde;o e funcionamento, e documentos de habite-se ou desmembramento de im\u0026oacute;veis.\u003C\/li\u003E\r\n\u003Cli\u003EGest\u0026atilde;o da D\u0026iacute;vida Ativa: Controle e cobran\u0026ccedil;a de impostos e taxas em atraso, visando diminuir a inadimpl\u0026ecirc;ncia e recuperar cr\u0026eacute;ditos do munic\u0026iacute;pio.\u003C\/li\u003E\r\n\u003Cli\u003EAtendimento ao Contribuinte: Canal direto para esclarecer d\u0026uacute;vidas sobre legisla\u0026ccedil;\u0026otilde;es tribut\u0026aacute;rias, solicitar isen\u0026ccedil;\u0026otilde;es ou descontos e emitir guias de pagamento.\u003C\/li\u003E\r\n\u003C\/ul\u003E","criado":"2025-05-16 13:42:07","alterado":"2026-05-26 11:26:38"},{"id":35,"nome":"CHEFIA DO GABINETE DA PREFEITA","is_secretaria":1,"responsavel":"LUANE BARBOSA DOS SANTOS","foto":"sem-titulo-2_fcc510867dffb66aba1ca9.jpg","foto_link":"\/img\/gabinete\/sem-titulo-2_fcc510867dffb66aba1ca9.jpg,\/img\/gabinete\/thumb_sem-titulo-2_fcc510867dffb66aba1ca9.jpg,\/img\/gabinete\/thumb_fix_sem-titulo-2_fcc510867dffb66aba1ca9.jpg","email":"luanebs@hotmail.com","telefone":"(79) 99864-2814","expediente":"Segunda a Sexta das 08:00 \u00c0S 13:00","atendimento":"08:00 \u00c0S 13:00","cep":"49680-000","endereco":"Avenida Ant\u00f4nio Alves Feitosa, 311","bairro":"Centro","cidade":"Nossa Senhora da Gl\u00f3ria","estado":"Se","slug":"chefia-do-gabinete-da-prefeita","texto":"\u003Cul\u003E\r\n\u003Cli\u003ERepresenta e assessorar de forma direta e imediata o Secret\u0026aacute;rio Municipal coordenando todo o funcionamento do Gabinete.\u003C\/li\u003E\r\n\u003Cli\u003EPromover o interc\u0026acirc;mbio entre a secretaria e as demais secretarias municipais, associa\u0026ccedil;\u0026otilde;es de classe, entidades p\u0026uacute;blicas e privadas e \u0026oacute;rg\u0026atilde;os das esferas estadual e federal;\u003C\/li\u003E\r\n\u003Cli\u003EAssessorar o secret\u0026aacute;rio no cumprimento das decis\u0026otilde;es administrativas;\u0026rsquo;\u003C\/li\u003E\r\n\u003Cli\u003EExpedir correspond\u0026ecirc;ncias, organizar agendas e audi\u0026ecirc;ncias da secretaria;\u003C\/li\u003E\r\n\u003Cli\u003EPreparar e encaminhar o expediente a ser despachado pelo secret\u0026aacute;rio;\u003C\/li\u003E\r\n\u003Cli\u003EAtendimento ao p\u0026uacute;blico;\u003C\/li\u003E\r\n\u003Cli\u003EExecutar outros servi\u0026ccedil;os t\u0026eacute;cnicos que forem determinados pelo Secret\u0026aacute;rio.\u0026nbsp;\u003C\/li\u003E\r\n\u003C\/ul\u003E","criado":"2025-05-03 11:42:27","alterado":"2026-05-26 11:27:05"},{"id":30,"nome":"CONTROLADORIA GERAL DO MUNIC\u00cdPIO","is_secretaria":1,"responsavel":"VIN\u00cdCIUS BRITO DE ALMEIRA","foto":"vinicius-brito-de-almeida-controlador-geral-do-municipio_04921284463d5a99c1f8e.jpeg","foto_link":"\/img\/gabinete\/vinicius-brito-de-almeida-controlador-geral-do-municipio_04921284463d5a99c1f8e.jpeg,\/img\/gabinete\/thumb_vinicius-brito-de-almeida-controlador-geral-do-municipio_04921284463d5a99c1f8e.jpeg,\/img\/gabinete\/thumb_fix_vinicius-brito-de-almeida-controlador-geral-do-municipio_04921284463d5a99c1f8e.jpeg","email":"cgm@gloria.se.gov.br","telefone":"(79) 99864-2814","expediente":"Segunda a Sexta das 08:00h \u00c0S 13:00h","atendimento":"8:00 \u00e0s 13:00","cep":"49680-000","endereco":"Avenida Ant\u00f4nio Alves Feitosa, 311","bairro":"Centro","cidade":"Nossa Senhora da Gl\u00f3ria","estado":"SE","slug":"controladoria-geral-do-municipio","texto":"\u003Cp\u003EI - manter as atividades da Secretaria objetivando o apoio e a orienta\u0026ccedil;\u0026atilde;o \u0026agrave;s demais \u0026aacute;reas; II - realizar a\u0026ccedil;\u0026otilde;es de inspe\u0026ccedil;\u0026atilde;o e orienta\u0026ccedil;\u0026otilde;es nos locais de trabalho sobre medidas preventivas e uso de equipamentos de prote\u0026ccedil;\u0026atilde;o individual visando \u0026agrave; preven\u0026ccedil;\u0026atilde;o de acidentes de trabalho; III - realizar Concurso P\u0026uacute;blico, de acordo com as necessidades administrativas e as normas e condi\u0026ccedil;\u0026otilde;es legais; IV - operacionalizar as atividades da divis\u0026atilde;o de folha de pagamento, registro, cadastro, censo funcional e pesquisas no \u0026acirc;mbito da secretaria; V - gerir o Plano de Cargos, Carreiras e Vencimentos dos Servidores; VI - administrar e controlar o patrim\u0026ocirc;nio mobili\u0026aacute;rio e imobili\u0026aacute;rio pertencentes ao Munic\u0026iacute;pio; VII - administrar e controlar os processos de compras, em conformidade com a legisla\u0026ccedil;\u0026atilde;o vigente;\u003C\/p\u003E","criado":"2021-05-10 17:09:53","alterado":"2025-05-27 10:14:22"},{"id":23,"nome":"DIRETORIA DA DEFESA CIVIL","is_secretaria":1,"responsavel":"LENALDO LEITE","foto":"hnet-com-image-20_26034cf7dfc2449e21d221c92952.jpg","foto_link":"\/img\/gabinete\/hnet-com-image-20_26034cf7dfc2449e21d221c92952.jpg,\/img\/gabinete\/thumb_hnet-com-image-20_26034cf7dfc2449e21d221c92952.jpg,\/img\/gabinete\/thumb_fix_hnet-com-image-20_26034cf7dfc2449e21d221c92952.jpg","email":"prefeituragloria.se@gmail.com","telefone":"(79) 9932-3190","expediente":"Segunda a Sexta das 08:00h as 13:00h","atendimento":"08 \u00e0s 13h","cep":"49500000","endereco":"Av Manoel Venancio da Cunha, 466","bairro":"centro","cidade":"Nossa Senhora da Gl\u00f3ria","estado":"Se","slug":"diretoria-da-defesa-civil","texto":"\u003Cp\u003E- Planejar, organizar e direcionar os servi\u0026ccedil;os da Institui\u0026ccedil;\u0026atilde;o, prestando atendimentos aos munic\u0026iacute;pios e cidad\u0026atilde;os;\u003C\/p\u003E\r\n\u003Cp\u003E- Gerenciar e administrar as a\u0026ccedil;\u0026otilde;es de Defesa Civil conforme as determina\u0026ccedil;\u0026otilde;es legais e miss\u0026atilde;o da Defesa Civil.\u003C\/p\u003E\r\n\u003Cp\u003E- Trabalhar com o objetivo de reduzir os riscos de desastres;\u003C\/p\u003E\r\n\u003Cp\u003E- Planejar a\u0026ccedil;\u0026otilde;es de preven\u0026ccedil;\u0026atilde;o, mitiga\u0026ccedil;\u0026atilde;o, prepara\u0026ccedil;\u0026atilde;o, resposta e recupera\u0026ccedil;\u0026atilde;o.\u003C\/p\u003E","criado":"2021-05-07 20:25:03","alterado":"2025-05-27 10:15:38"},{"id":37,"nome":"DIRETORIA DE CULTURA","is_secretaria":1,"responsavel":"MIRIAM AMARAL PEREIRA","foto":"sem-titulo-8_ff6684ee570efee1c69bd0.jpg","foto_link":"\/img\/gabinete\/sem-titulo-8_ff6684ee570efee1c69bd0.jpg,\/img\/gabinete\/thumb_sem-titulo-8_ff6684ee570efee1c69bd0.jpg,\/img\/gabinete\/thumb_fix_sem-titulo-8_ff6684ee570efee1c69bd0.jpg","email":"miriamamaral2865@gmail.com","telefone":"(79) 99873-7989","expediente":"Segunda a sexta das 08:00 \u00e0s 13:00h","atendimento":"08:00 \u00c0S 13:00","cep":"49680-000","endereco":"Pra\u00e7a Filemon Bezerra Lemos - no pr\u00e9dio da Biblioteca Municipal","bairro":"Centro","cidade":"Nossa Senhora da Gl\u00f3ria","estado":"SE","slug":"diretoria-de-cultura","criado":"2025-05-05 12:16:53","alterado":"2025-05-27 10:11:32"},{"id":22,"nome":"DIRETORIA DE POLITICAS PARA MULHERES","is_secretaria":1,"responsavel":"CONCEI\u00c7\u00c3O FERREIRA","foto":"whatsapp-image-2023-09-19-at-08-56-43-1_13a260b1d55935ce37b0de7.jpeg","foto_link":"\/img\/gabinete\/whatsapp-image-2023-09-19-at-08-56-43-1_13a260b1d55935ce37b0de7.jpeg,\/img\/gabinete\/thumb_whatsapp-image-2023-09-19-at-08-56-43-1_13a260b1d55935ce37b0de7.jpeg,\/img\/gabinete\/thumb_fix_whatsapp-image-2023-09-19-at-08-56-43-1_13a260b1d55935ce37b0de7.jpeg","email":"cmppmgloria@gmail.com","telefone":"(79) 99937-7342","expediente":"Segunda a Sexta das 08:00h \u00e0s 13:00h","atendimento":"8:00 \u00e0s 13:00","cep":"49680-000","endereco":"Av Lourival Batista 198","bairro":"centro","cidade":"Nossa Senhora da Gl\u00f3ria","estado":"SE","slug":"diretoria-de-politicas-para-mulheres","texto":"\u003Cp\u003EI - Planejar, organizar, implementar e monitorar os planos, programas, projetos e a\u0026ccedil;\u0026otilde;es que visem a promo\u0026ccedil;\u0026atilde;o e defesa dos direitos das mulheres, de forma articulada com as demais secretarias e \u0026oacute;rg\u0026atilde;os afins.\u003C\/p\u003E\r\n\u003Cp\u003EAssistente Social, especialista em Gest\u0026atilde;o de Pol\u0026iacute;ticas P\u0026uacute;blicas com foco em g\u0026ecirc;nero e ra\u0026ccedil;a pela Universidade Federal de Sergipe.\u003Cbr \/\u003E\u003Cbr \/\u003E\u003Cbr \/\u003E\u003Cbr \/\u003E\u003C\/p\u003E","criado":"2021-05-07 20:19:34","alterado":"2025-05-27 10:15:52"},{"id":36,"nome":"PROCURADORIA DO MUNIC\u00cdPIO","is_secretaria":1,"responsavel":"MARAYSA SILVA DANTAS","foto":"whatsapp-image-2025-05-03-at-12-28-341_6ed4a2225649b6959156707.jpeg","foto_link":"\/img\/gabinete\/whatsapp-image-2025-05-03-at-12-28-341_6ed4a2225649b6959156707.jpeg,\/img\/gabinete\/thumb_whatsapp-image-2025-05-03-at-12-28-341_6ed4a2225649b6959156707.jpeg,\/img\/gabinete\/thumb_fix_whatsapp-image-2025-05-03-at-12-28-341_6ed4a2225649b6959156707.jpeg","email":"maraysasdantas@gmail.com","telefone":"(79) 99864-2814","expediente":"Segunda a Sexta das 07:00 \u00e0s 13:00","atendimento":"07:00 \u00e0s 13:00","cep":"49680-000","endereco":"Avenida Ant\u00f4nio Alves Feitosa, 311","bairro":"Centro","cidade":"Nossa Senhora da Gl\u00f3ria","estado":"SE","slug":"procuradoria-do-municipio","texto":"\u003Cp style=\u0022text-align: justify;\u0022\u003EDefesa dos Interesses Municipais: A procuradoria \u0026eacute; respons\u0026aacute;vel por defender os interesses do munic\u0026iacute;pio e da popula\u0026ccedil;\u0026atilde;o, atuando em \u0026aacute;reas como direito administrativo, tribut\u0026aacute;rio e ambiental1.\u003Cbr \/\u003EAssessoria Jur\u0026iacute;dica: Ela fornece assessoria jur\u0026iacute;dica preventiva e consultiva, garantindo que as decis\u0026otilde;es da administra\u0026ccedil;\u0026atilde;o estejam em conformidade com a legisla\u0026ccedil;\u0026atilde;o vigente3.\u003Cbr \/\u003ERepresenta\u0026ccedil;\u0026atilde;o Judicial: A procuradoria representa o munic\u0026iacute;pio em processos judiciais, buscando solu\u0026ccedil;\u0026otilde;es que protejam os direitos da municipalidade e dos cidad\u0026atilde;os4.\u003Cbr \/\u003EAutonomia e Organiza\u0026ccedil;\u0026atilde;o: A procuradoria deve ser organizada em carreira, com ingresso por concurso p\u0026uacute;blico, e deve ter autonomia t\u0026eacute;cnica e administrativa para exercer suas fun\u0026ccedil;\u0026otilde;es de forma imparcial e eficiente5.\u003C\/p\u003E","criado":"2025-05-05 09:03:45","alterado":"2025-05-27 10:11:58"},{"id":24,"nome":"SECRETARIA DE ADMINISTRA\u00c7\u00c3O, PLANEJAMENTO E DESENVOLVIMENTO ECON\u00d4MICO","is_secretaria":1,"responsavel":"TIAGO SOUZA GOIS","foto":"sem-titulo-3_63f9a9a45208c9f8b0af41a04da.jpg","foto_link":"\/img\/gabinete\/sem-titulo-3_63f9a9a45208c9f8b0af41a04da.jpg,\/img\/gabinete\/thumb_sem-titulo-3_63f9a9a45208c9f8b0af41a04da.jpg,\/img\/gabinete\/thumb_fix_sem-titulo-3_63f9a9a45208c9f8b0af41a04da.jpg","email":"tiagosouza@gloria.se.gov.br","telefone":"(79) 99864-2814","expediente":"Segunda a Sexta das 08:00h as 13:00h","atendimento":"08 \u00e0s 13h","cep":"49680-000","endereco":"Avenida Ant\u00f4nio Alves Feitosa, 311","bairro":"Centro","cidade":"Nossa Senhora da Gl\u00f3ria","estado":"SE","slug":"secretaria-de-administracao-planejamento-e-desenvolvimento-economico","texto":"\u003Cp\u003EI-Planejamento operacional e a execu\u0026ccedil;\u0026atilde;o da politica administrativa no que compreende prover os \u0026oacute;rg\u0026atilde;os da Administra\u0026ccedil;\u0026atilde;o Direta de suporte administrativo nas \u0026aacute;reas de planejamento, servi\u0026ccedil;os gerais, organiza\u0026ccedil;\u0026atilde;o e m\u0026eacute;todos, inform\u0026aacute;tica, tecnologia da informa\u0026ccedil;\u0026atilde;o, manuten\u0026ccedil;\u0026atilde;o e suprimentos para o desenvolvimento das atividades administrativas e gerenciais; II - Realizar a\u0026ccedil;\u0026otilde;es de inspe\u0026ccedil;\u0026atilde;o e orienta\u0026ccedil;\u0026otilde;es nos locais de trabalho sobre medidas preventivas e uso de equipamentos de prote\u0026ccedil;\u0026atilde;o individual visando a preven\u0026ccedil;\u0026atilde;o de acidentes de trabalho; III - Planejar e executar programas de treinamentos, avalia\u0026ccedil;\u0026atilde;o de desempenho e gerenciamento do quadro de vagas; IV -Coordenar as atividades da Ouvidoria Municipal; V - Realizar planejamento operacional e a execu\u0026ccedil;\u0026atilde;o da politica de desenvolvimento econ\u0026ocirc;mico; VI - Zelar pelo patrim\u0026ocirc;nio publico municipal, devendo adotar medidas de controle e fiscaliza\u0026ccedil;\u0026atilde;o; VII - Gerenciar o sistema de elabora\u0026ccedil;\u0026atilde;o de atos p\u0026uacute;blicos, tais como conv\u0026ecirc;nios, contratos, projetos de leis diversas e controlar o sistema de arquivo p\u0026uacute;blico e emiss\u0026atilde;o de of\u0026iacute;cios e demais atos administrativos;\u003C\/p\u003E","criado":"2021-05-07 20:30:12","alterado":"2025-05-27 10:15:31"},{"id":25,"nome":"SECRETARIA MUNICIPAL DE AGRICULTURA E PECU\u00c1RIA","is_secretaria":1,"responsavel":"DIEGO SILVA DA GRA\u00c7A","foto":"whatsapp-image-2026-08-03-at-09-52-24_645f7f4c79632bc5c5781465c.jpeg","foto_link":"\/img\/gabinete\/whatsapp-image-2026-08-03-at-09-52-24_645f7f4c79632bc5c5781465c.jpeg,\/img\/gabinete\/thumb_whatsapp-image-2026-08-03-at-09-52-24_645f7f4c79632bc5c5781465c.jpeg,\/img\/gabinete\/thumb_fix_whatsapp-image-2026-08-03-at-09-52-24_645f7f4c79632bc5c5781465c.jpeg","email":"diegovet.se@outlook.com","telefone":"(79) 99926-1773","expediente":"Segunda a Sexta das 08:00h as 13:00h","atendimento":"8:00 \u00e0s 13:00","cep":"49680-000","endereco":"Av Manoel Venancio da Cunha 384","bairro":"Bairro Novo Horizonte","cidade":"Nossa Senhora da Gl\u00f3ria","estado":"SE","slug":"secretaria-municipal-de-agricultura-e-pecuaria","texto":"\u003Cp\u003EI - Formular, coordenar, executar e fazer executar a politica do meio ambiente e a preserva\u0026ccedil;\u0026atilde;o, conserva\u0026ccedil;\u0026atilde;o e uso racional, fiscaliza\u0026ccedil;\u0026atilde;o, controle, coleta dos res\u0026iacute;duos s\u0026oacute;lidos; II - Planejar e operacionalizar a politica de desenvolvimento agr\u0026aacute;rio no \u0026acirc;mbito municipal;\u003C\/p\u003E","criado":"2021-05-10 16:49:11","alterado":"2026-08-03 15:00:22"},{"id":33,"nome":"SECRETARIA MUNICIPAL DE ASSIST\u00caNCIA SOCIAL","is_secretaria":1,"responsavel":"ANNIKAREN DE OLIVEIRA GOMES PINHEIRO","foto":"whatsapp-image-2025-05-03-at-12-28-34_b25099ed3355e7aa95a8b0f.jpeg","foto_link":"\/img\/gabinete\/whatsapp-image-2025-05-03-at-12-28-34_b25099ed3355e7aa95a8b0f.jpeg,\/img\/gabinete\/thumb_whatsapp-image-2025-05-03-at-12-28-34_b25099ed3355e7aa95a8b0f.jpeg,\/img\/gabinete\/thumb_fix_whatsapp-image-2025-05-03-at-12-28-34_b25099ed3355e7aa95a8b0f.jpeg","email":"annikareen.gomes@gmail.com","telefone":"79 9 9824-3038","expediente":"Segunda a Sexta das 08:00h as 13:00h","atendimento":"8:00 \u00e0s 13:00","cep":"49680000","endereco":"AVENIDA LOURIVAL BATISTA 198","bairro":"CENTRO","cidade":"NOSSA SENHOR DA GL\u00d3RIA","estado":"SE","slug":"secretaria-municipal-de-assistencia-social","texto":"\u003Cp\u003E- Formula\u0026ccedil;\u0026atilde;o da pol\u0026iacute;tica de assist\u0026ecirc;ncia social e cumprimento das normas relativas a Pol\u0026iacute;tica Nacional da Assist\u0026ecirc;ncia Social; \u0026bull; Coordena\u0026ccedil;\u0026atilde;o e Gest\u0026atilde;o do Fundo Municipal de Assist\u0026ecirc;ncia Social; \u0026bull; Aplica\u0026ccedil;\u0026atilde;o, mediante atua\u0026ccedil;\u0026atilde;o conjunta com os conselhos municipais, dos recursos municipais, estaduais e federais destinados as a\u0026ccedil;\u0026otilde;es de Assist\u0026ecirc;ncia Social realizadas pelo Munic\u0026iacute;pio; \u0026bull; Atendimento as demandas sociais locais atrav\u0026eacute;s da realiza\u0026ccedil;\u0026atilde;o de programas pr\u0026oacute;prios destinados aos diversos segmentos legalmente institu\u0026iacute;dos pela Pol\u0026iacute;tica Nacional da Assist\u0026ecirc;ncia Social; \u0026bull; Garantir atua\u0026ccedil;\u0026atilde;o sempre pautada nos conceitos de promo\u0026ccedil;\u0026atilde;o da cidadania e na valoriza\u0026ccedil;\u0026atilde;o do ser humano; \u0026bull; Gerenciar os conselhos sociais do munic\u0026iacute;pio; \u0026bull; Desempenhar outras atribui\u0026ccedil;\u0026otilde;es que lhes forem expressamente cometidas pelo munic\u0026iacute;pio.\u003C\/p\u003E","criado":"2021-07-12 09:00:13","alterado":"2025-05-27 10:13:37"},{"id":26,"nome":"SECRETARIA MUNICIPAL DE EDUCA\u00c7\u00c3O E CULTURA","is_secretaria":1,"responsavel":"WILLAMS SANTANA MESSIAS","foto":"siteprefwillamssantana_da4e7c54f85956734cf900114cfaa.jpg","foto_link":"\/img\/gabinete\/siteprefwillamssantana_da4e7c54f85956734cf900114cfaa.jpg,\/img\/gabinete\/thumb_siteprefwillamssantana_da4e7c54f85956734cf900114cfaa.jpg,\/img\/gabinete\/thumb_fix_siteprefwillamssantana_da4e7c54f85956734cf900114cfaa.jpg","email":"semecgloria@gmail.com","telefone":"(79) 99954-8506","expediente":"Segunda a Sexta das 08:00h as 13:00h","atendimento":"08:00 \u00e0s 13:00","cep":"49680-000","endereco":"Avenida Simpl\u00edcio Francisco de Sousa, 61","bairro":"Centro","cidade":"Nossa Senhora da Gl\u00f3ria","estado":"SE","slug":"secretaria-municipal-de-educacao-e-cultura","texto":"\u003Cp\u003EI - Planejar e executar as politicas de Educa\u0026ccedil;\u0026atilde;o do Munic\u0026iacute;pio; II - Realizar o planejamento operacional e o desenvolvimento de a\u0026ccedil;\u0026otilde;es relacionadas as \u0026aacute;reas de assist\u0026ecirc;ncia social;\u003C\/p\u003E\r\n\u003Cp\u003E\u0026nbsp;\u003C\/p\u003E\r\n\u003Cp\u003E\u0026nbsp;\u003C\/p\u003E","criado":"2021-05-10 16:52:33","alterado":"2026-06-08 14:51:45"},{"id":29,"nome":"SECRETARIA MUNICIPAL DE ESPORTE E LAZER","is_secretaria":1,"responsavel":"VICTOR GABRIEL SANTANA ANDRADE","foto":"sem-titulo-5_eb67699e3fc4146b8a1ecaefa1.jpg","foto_link":"\/img\/gabinete\/sem-titulo-5_eb67699e3fc4146b8a1ecaefa1.jpg,\/img\/gabinete\/thumb_sem-titulo-5_eb67699e3fc4146b8a1ecaefa1.jpg,\/img\/gabinete\/thumb_fix_sem-titulo-5_eb67699e3fc4146b8a1ecaefa1.jpg","email":"victorsecretarioesportes2025@gmail.com","telefone":"99987-9781","expediente":"Segunda a Sexta das 08:00h as 13:00h","atendimento":"8:00 \u00e0s 13:00","cep":"49680000","endereco":"Pra\u00e7a da Juventude","bairro":"Nova Esperan\u00e7a","cidade":"Nossa Senhora da Gl\u00f3ria","estado":"SE","slug":"secretaria-municipal-de-esporte-e-lazer","texto":"\u003Cp\u003EI - Promover o desenvolvimento do esporte municipal;\u003C\/p\u003E\r\n\u003Cp\u003EII -Desenvolver e propor \u0026agrave; Administra\u0026ccedil;\u0026atilde;o medidas de difus\u0026atilde;o e amparo ao turismo local e regional;\u003C\/p\u003E\r\n\u003Cp\u003EIII - Promover pol\u0026iacute;ticas p\u0026uacute;blicas para o esporte.\u003C\/p\u003E","criado":"2021-05-10 17:06:28","alterado":"2025-05-27 10:14:35"},{"id":28,"nome":"SECRETARIA MUNICIPAL DE FINAN\u00c7AS","is_secretaria":1,"responsavel":"BEATRIZ SOUSA OLIVEIRA","foto":"sem-titulo-4_f6ff108d1156394a48a6a.jpg","foto_link":"\/img\/gabinete\/sem-titulo-4_f6ff108d1156394a48a6a.jpg,\/img\/gabinete\/thumb_sem-titulo-4_f6ff108d1156394a48a6a.jpg,\/img\/gabinete\/thumb_fix_sem-titulo-4_f6ff108d1156394a48a6a.jpg","email":"hbeatriz_silva@outlook.com","telefone":"(79) 99864-2814","expediente":"Segunda a Sexta das 08:00h \u00c0S 13:00h","atendimento":"08:00 \u00e0s 13:00","cep":"49680000","endereco":"Avenida Ant\u00f4nio Alves Feitosa, 311","bairro":"CENTRO","cidade":"Nossa Senhora da Gl\u00f3ria","estado":"SE","slug":"secretaria-municipal-de-financas","texto":"\u003Cp\u003EI. Formular, executar e avaliar as pol\u0026iacute;ticas e diretrizes para a moderniza\u0026ccedil;\u0026atilde;o e opera\u0026ccedil;\u0026atilde;o do\u003Cbr \/\u003Esistema de gest\u0026atilde;o financeira da Prefeitura Municipal;\u003Cbr \/\u003EII. Apurar a liquidez e certeza da divida ativa de natureza tributaria do Munic\u0026iacute;pio, inscrevendo-a para fins de cobran\u0026ccedil;a amig\u0026aacute;vel ou judicial;\u003Cbr \/\u003EIII. Fiscalizar e fazer a tomada de contas dos \u0026oacute;rg\u0026atilde;os de administra\u0026ccedil;\u0026atilde;o centralizada que tenham\u003Cbr \/\u003Ecompet\u0026ecirc;ncias de arrecada\u0026ccedil;\u0026atilde;o de taxas, multas, contribui\u0026ccedil;\u0026otilde;es, direitos e de outras receitas ou\u003Cbr \/\u003Erendas pertencentes ou confiadas \u0026agrave; Fazenda Municipal;\u003Cbr \/\u003EIV. Executar as atividades de classifica\u0026ccedil;\u0026atilde;o, registro e controle, em todos os seus aspectos, da\u003Cbr \/\u003Edivida p\u0026uacute;blica municipal, incluindo os servi\u0026ccedil;os da divida, resultantes ou independentes da\u003Cbr \/\u003Eexecu\u0026ccedil;\u0026atilde;o do or\u0026ccedil;amento;\u003Cbr \/\u003EV. Zelar pelo cumprimento da legisla\u0026ccedil;\u0026atilde;o sobre responsabilidade fiscal, articulando-se com os\u003Cbr \/\u003E\u0026oacute;rg\u0026atilde;os da administra\u0026ccedil;\u0026atilde;o direta e indireta do Munic\u0026iacute;pio, com o apoio do setor Jur\u0026iacute;dico;\u003C\/p\u003E","criado":"2021-05-10 17:02:21","alterado":"2025-05-27 10:14:49"},{"id":31,"nome":"SECRETARIA MUNICIPAL DE GOVERNO","is_secretaria":1,"responsavel":"JOSE ETELVAN OLIVEIRA MELO JUNIOR","foto":"siteprefjunirogazeta_1a43c88745c617bfa889d.jpg","foto_link":"\/img\/gabinete\/siteprefjunirogazeta_1a43c88745c617bfa889d.jpg,\/img\/gabinete\/thumb_siteprefjunirogazeta_1a43c88745c617bfa889d.jpg,\/img\/gabinete\/thumb_fix_siteprefjunirogazeta_1a43c88745c617bfa889d.jpg","email":"jrgazeta@yahoo.com.br","telefone":"(79) 99959-0014","expediente":"Segunda a Sexta das 07:00h \u00e0s 13:00h","atendimento":"7:00 \u00e0s 13:00.","cep":"49680-000","endereco":"Avenida Ant\u00f4nio Alves Feitosa, 311","bairro":"Nova Esperan\u00e7a","cidade":"Nossa Senhora da Gl\u00f3ria","estado":"SE","slug":"secretaria-municipal-de-governo","texto":"\u003Cp\u003EA Secretaria Municipal de Governo \u0026eacute; o \u0026oacute;rg\u0026atilde;o da estrutura organizacional da Prefeitura incumbido de prestar assist\u0026ecirc;ncia direta ao Prefeito Municipal em suas rela\u0026ccedil;\u0026otilde;es administrativas com pessoas, \u0026oacute;rg\u0026atilde;os e entidades, internos ou externos, no cumprimento de suas atribui\u0026ccedil;\u0026otilde;es. Chefe do Poder Executivo\u003C\/p\u003E","criado":"2021-05-10 17:13:02","alterado":"2026-01-28 12:51:22"},{"id":34,"nome":"SECRETARIA MUNICIPAL DE MEIO AMBIENTE E TURISMO","is_secretaria":1,"responsavel":"MARIA NATAL\u00cdCIA OLIVEIRA SILVA","foto":"sem-titulo-6_c7c02b968c4b6c971329b1b4bec3d.jpg","foto_link":"\/img\/gabinete\/sem-titulo-6_c7c02b968c4b6c971329b1b4bec3d.jpg,\/img\/gabinete\/thumb_sem-titulo-6_c7c02b968c4b6c971329b1b4bec3d.jpg,\/img\/gabinete\/thumb_fix_sem-titulo-6_c7c02b968c4b6c971329b1b4bec3d.jpg","email":"smma@gloria.se.gov.br","telefone":"7999862-4205","expediente":"Segunda a Sexta, das 07h as 13h","atendimento":"7:00 \u00e0s 13:00","cep":"49680-000","endereco":"AVENIDA MANOEL VEN\u00c2NCIO DA CUNHA","bairro":"NOVO HORIZONTE","cidade":"NOSSA SENHOR DA GL\u00d3RIA","estado":"SE","slug":"secretaria-municipal-de-meio-ambiente-e-turismo","texto":"\u003Cp\u003ESecretaria de Meio Ambiente. \u0026Oacute;rg\u0026atilde;o governamental, que pode ser estadual ou municipal, tem uma s\u0026eacute;rie de atribui\u0026ccedil;\u0026otilde;es essenciais para a constru\u0026ccedil;\u0026atilde;o de um modelo de progresso econ\u0026ocirc;mico mais sustent\u0026aacute;vel.\u003C\/p\u003E\r\n\u003Cp\u003E- A Secretaria de Meio Ambiente \u0026eacute; um dos \u0026oacute;rg\u0026atilde;os que consta na estrutura administrativa de estados e munic\u0026iacute;pios. Uma das suas principais atribui\u0026ccedil;\u0026otilde;es \u0026eacute; a elabora\u0026ccedil;\u0026atilde;o de pol\u0026iacute;ticas p\u0026uacute;blicas, a n\u0026iacute;vel regional, que tenham como maior objetivo a preserva\u0026ccedil;\u0026atilde;o do meio ambiente e os recursos naturais de determinado territ\u0026oacute;rio. Mas, al\u0026eacute;m de construir estas pol\u0026iacute;ticas p\u0026uacute;blicas, estes \u0026oacute;rg\u0026atilde;os precisam acompanhar o desempenho delas e verificar se elas se mostram efetivas.\u003C\/p\u003E\r\n\u003Cp\u003EA Secretaria de Meio Ambiente ainda coordena todas as atividades e a\u0026ccedil;\u0026otilde;es que s\u0026atilde;o empreendidas na esfera estadual ou municipal em prol do desenvolvimento sustent\u0026aacute;vel. \u0026Eacute; de sua compet\u0026ecirc;ncia tamb\u0026eacute;m a elabora\u0026ccedil;\u0026atilde;o de medidas educativas para conscientiza\u0026ccedil;\u0026atilde;o da popula\u0026ccedil;\u0026atilde;o a respeito da import\u0026acirc;ncia de preservar a natureza e o incentivo a h\u0026aacute;bitos ecologicamente corretos como o descarte certo do lixo, a n\u0026atilde;o polui\u0026ccedil;\u0026atilde;o de rios e mares, o uso de materiais biodegrad\u0026aacute;veis, entre outros.\u003C\/p\u003E","criado":"2022-03-04 10:16:51","alterado":"2025-05-05 11:42:02"},{"id":27,"nome":"SECRETARIA MUNICIPAL DE OBRAS E INFRAESTRUTURA","is_secretaria":1,"responsavel":"FRANCISCO DE ASSIS OLIVEIRA CACHO JUNIOR","foto":"siteprefchicocacho_2d67c7680f5bf68e0db003a.jpg","foto_link":"\/img\/gabinete\/siteprefchicocacho_2d67c7680f5bf68e0db003a.jpg,\/img\/gabinete\/thumb_siteprefchicocacho_2d67c7680f5bf68e0db003a.jpg,\/img\/gabinete\/thumb_fix_siteprefchicocacho_2d67c7680f5bf68e0db003a.jpg","email":"dep.eng.fisc.pmg@gmail.com","telefone":"79 99840-7815","expediente":"Segunda a Sexta das 08:00h as 13:00h","atendimento":"7:00 \u00e0s 13:00","cep":"49680-000","endereco":"Rua Dom Pedro II","bairro":"Centro","cidade":"Nossa Senhora da Gl\u00f3ria","estado":"SE","slug":"secretaria-municipal-de-obras-e-infraestrutura","texto":"\u003Cp\u003EA miss\u0026atilde;o da Secretaria de Obras e Infraestrutura \u0026eacute; elaborar projetos, executar e fiscalizar obras que resultem na melhoria da qualidade de vida dos cidad\u0026atilde;os. Ser um \u0026oacute;rg\u0026atilde;o de refer\u0026ecirc;ncia na gest\u0026atilde;o de projetos e execu\u0026ccedil;\u0026atilde;o de obras p\u0026uacute;blicas, conforme os princ\u0026iacute;pios da sustentabilidade, economicidade, efici\u0026ecirc;ncia e efic\u0026aacute;cia.\u003C\/p\u003E","criado":"2021-05-10 16:56:06","alterado":"2026-01-28 10:42:06"},{"id":21,"nome":"SECRETARIA MUNICIPAL DE SA\u00daDE","is_secretaria":1,"responsavel":"SAMARA ARAG\u00c3O ANDRADE","foto":"samara-aragao-andrade-secretaria-municipal-de-saude_0de17a3ea2b5d7fdbb8d41c.jpeg","foto_link":"\/img\/gabinete\/samara-aragao-andrade-secretaria-municipal-de-saude_0de17a3ea2b5d7fdbb8d41c.jpeg,\/img\/gabinete\/thumb_samara-aragao-andrade-secretaria-municipal-de-saude_0de17a3ea2b5d7fdbb8d41c.jpeg,\/img\/gabinete\/thumb_fix_samara-aragao-andrade-secretaria-municipal-de-saude_0de17a3ea2b5d7fdbb8d41c.jpeg","email":"Samara2713andrade@hotmail.com","telefone":"7999914-0892","expediente":"Segunda a Sexta das 08:00h as 13:00h","atendimento":"08 \u00e0s 13h","cep":"49680-000","endereco":"RUA ANT\u00d4NIO FRANCISCO DE SOUZA","bairro":"Centro","cidade":"Nossa Senhora da Gl\u00f3ria","estado":"SE","slug":"secretaria-municipal-de-saude","texto":"\u003Cul\u003E\r\n\u003Cli\u003EA Secretaria Municipal de Sa\u0026uacute;de tem como atribui\u0026ccedil;\u0026otilde;es planejar, desenvolver, orientar, coordenar e executar a pol\u0026iacute;tica de sa\u0026uacute;de do munic\u0026iacute;pio, compreendendo tanto o cuidado ambulatorial quanto o hospitalar; \u0026eacute; de sua responsabilidade tamb\u0026eacute;m planejar, desenvolver e executar as a\u0026ccedil;\u0026otilde;es de vigil\u0026acirc;ncia sanit\u0026aacute;ria e epidemiol\u0026oacute;gica afetas \u0026agrave; sua compet\u0026ecirc;ncia.\u003Cbr \/\u003E\u0026nbsp;\u003C\/li\u003E\r\n\u003Cli\u003EPrevenir e controlar doen\u0026ccedil;as, outros agravos e riscos \u0026agrave; sa\u0026uacute;de da popula\u0026ccedil;\u0026atilde;o;\u0026nbsp;\u003Cbr \/\u003E- Reduzir os riscos e agravos \u0026agrave; sa\u0026uacute;de da popula\u0026ccedil;\u0026atilde;o, por meio das a\u0026ccedil;\u0026otilde;es de promo\u0026ccedil;\u0026atilde;o e vigil\u0026acirc;ncia em sa\u0026uacute;de.\u003C\/li\u003E\r\n\u003Cli\u003E\u0026nbsp;\u003C\/li\u003E\r\n\u003C\/ul\u003E","criado":"2021-01-07 09:26:06","alterado":"2025-05-27 10:15:59"},{"id":32,"nome":"SUPERINTEND\u00caNCIA MUNICIPAL DE TRANSITO E TRANSPORTES - SMTT","is_secretaria":1,"responsavel":"ELTON JUNIOR ARAG\u00c3O DA GRA\u00c7A","foto":"whatsapp-image-2025-05-03-at-12-28-33_8e26a83879abcf23ba2c03.jpeg","foto_link":"\/img\/gabinete\/whatsapp-image-2025-05-03-at-12-28-33_8e26a83879abcf23ba2c03.jpeg,\/img\/gabinete\/thumb_whatsapp-image-2025-05-03-at-12-28-33_8e26a83879abcf23ba2c03.jpeg,\/img\/gabinete\/thumb_fix_whatsapp-image-2025-05-03-at-12-28-33_8e26a83879abcf23ba2c03.jpeg","email":"smtt.gloria.se@hotmail.com","telefone":"(79) 9941-6915 \/ 9 9888-6711","expediente":"Segunda a Sexta das 07:00h \u00e0s 13:00h","atendimento":"07h \u00e1s 13h","cep":"49680-000","endereco":"Av. Ex.Ver. Manoel Ven\u00e2ncio da Cunha, 465","bairro":"Novo Horizonte","cidade":"Nossa Senhora da Gl\u00f3ria","estado":"SE","slug":"superintendencia-municipal-de-transito-e-transportes-smtt","texto":"\u003Cp\u003EI - Promover a politica de tr\u0026acirc;nsito no \u0026acirc;mbito do Munic\u0026iacute;pio; II - Coordenar, controlas e fiscalizar;\u003C\/p\u003E","criado":"2021-05-10 17:15:44","alterado":"2025-05-27 10:13:51"}],"departamentos":[],"informacoes":[{"id":84,"titulo":"Portal do Contribuinte","slug":"portal-do-contribuinte","icone":"far fa-address-book","url":"https:\/\/gestor.tributosmunicipais.com.br\/redesim\/prefeitura\/nsgloria\/views\/publico\/portaldocontribuinte\/index.xhtml","criado":"2021-05-25 11:34:28","alterado":"2022-09-29 11:48:46"},{"id":85,"titulo":"Sistema de Gest\u00e3o Interna","slug":"sistema-de-gestao-interna","icone":"far fa-window-restore","url":"https:\/\/prefeituradegloria.clientes.net.br\/","criado":"2021-06-01 09:09:47","alterado":"2022-06-28 09:45:33"},{"id":82,"titulo":"Licita\u00e7\u00f5es","slug":"licitacoes","icone":"fas fa-gavel","url":"https:\/\/gloria.se.gov.br\/texto\/20\/licitacoes","criado":"2021-05-11 17:09:05","alterado":"2022-07-20 08:46:27"},{"id":66,"titulo":"Di\u00e1rio Oficial","slug":"diario-oficial","descricao":"teste","icone":"far fa-calendar-check","url":"https:\/\/www.municipioonline.com.br\/se\/prefeitura\/nossasenhoradagloria\/cidadao\/diariooficial","destino":"1","criado":"2021-05-07 18:21:26","alterado":"2022-02-10 16:02:30"},{"id":91,"titulo":"Dispensa e Inexigibilidade","slug":"dispensa-e-inexigibilidade","icone":"far fa-file-alt","url":"https:\/\/www.municipioonline.com.br\/se\/prefeitura\/nossasenhoradagloria\/cidadao\/publicacaodispensainex","destino":"1","criado":"2022-02-10 16:24:35","alterado":"2022-02-10 16:24:35"},{"id":95,"titulo":"Elei\u00e7\u00f5es Conselho Tutelar 2023","slug":"eleicoes-conselho-tutelar-2023","icone":"fas fa-vote-yea","url":"https:\/\/gloria.se.gov.br\/texto\/27\/eleicao-conselho-tutelar","criado":"2023-06-20 16:36:10","alterado":"2023-06-20 16:37:05"},{"id":57,"titulo":"Combate ao COVID-19","slug":"combate-ao-covid-19","descricao":"Teste","icone":"fas fa-comment-medical","url":"https:\/\/www.municipioonline.com.br\/se\/prefeitura\/nossasenhoradagloria\/covid-19","destino":"1","criado":"2021-05-07 18:09:32","alterado":"2022-06-27 16:54:21"},{"id":61,"titulo":"RECURSOS HUMANOS","slug":"recursos-humanos","descricao":"teste","icone":"fas fa-user-check","url":"https:\/\/gloria.se.gov.br\/texto\/17\/rh","criado":"2021-05-07 18:14:26","alterado":"2024-04-30 11:52:55"},{"id":54,"titulo":"e-OUV","slug":"e-ouv","descricao":"Teste","icone":"fas fa-phone-volume","url":"https:\/\/www.municipioonline.com.br\/se\/prefeitura\/nossasenhoradagloria\/cidadao\/ouvidoria","destino":"1","criado":"2021-05-07 18:03:15","alterado":"2022-06-27 12:04:24"},{"id":60,"titulo":"Legisla\u00e7\u00e3o","slug":"legislacao","descricao":"Teste","icone":"fas fa-balance-scale","url":"https:\/\/www.municipioonline.com.br\/se\/prefeitura\/nossasenhoradagloria\/cidadao\/legislacao\/AtosNormativos","destino":"1","criado":"2021-05-07 18:13:01","alterado":"2024-07-24 09:32:47"},{"id":59,"titulo":"Estrutura Administrativa","slug":"estrutura-administrativa","descricao":"Teste","icone":"fas fa-sitemap","url":"https:\/\/portal.sitesagapesistemas.com.br\/agape2\/upload\/arquivos\/73\/arq_bb423bf5ebf0a6ccdceb637ec38348fd-20-08-2019.pdf","destino":"1","criado":"2021-05-07 18:12:05","alterado":"2022-06-27 16:56:37"},{"id":65,"titulo":"Contratos","slug":"contratos","descricao":"Texto","icone":"fas fa-signature","url":"https:\/\/www.municipioonline.com.br\/se\/prefeitura\/nossasenhoradagloria\/cidadao\/publicacaocontrato","destino":"1","criado":"2021-05-07 18:20:19","alterado":"2022-02-10 16:21:43"},{"id":71,"titulo":"Receita","slug":"receita","descricao":"Teste","icone":"fas fa-search-dollar","url":"https:\/\/www.municipioonline.com.br\/se\/prefeitura\/nossasenhoradagloria\/cidadao\/receita","destino":"1","criado":"2021-05-07 18:33:12","alterado":"2026-05-29 10:44:21"},{"id":72,"titulo":"Regimento Interno","slug":"regimento-interno","descricao":"teste","icone":"fas fa-list-ul","url":"https:\/\/portal.sitesagapesistemas.com.br\/agape2\/upload\/arquivos\/73\/arq_bb423bf5ebf0a6ccdceb637ec38348fd-20-08-2019.pdf","destino":"1","criado":"2021-05-07 18:34:04","alterado":"2022-06-27 16:58:24"},{"id":79,"titulo":"e-SIC","slug":"e-sic","descricao":"teste","icone":"fab fa-rocketchat","url":"https:\/\/gloria.se.gov.br\/esic","criado":"2021-05-11 17:01:07","alterado":"2025-05-26 14:47:26"},{"id":81,"titulo":"Despesa","slug":"despesa","descricao":"Teste","icone":"fas fa-coins","url":"https:\/\/www.municipioonline.com.br\/se\/prefeitura\/nossasenhoradagloria\/cidadao\/despesa","destino":"1","criado":"2021-05-11 17:06:17","alterado":"2025-05-19 10:47:42"}],"servicos":[{"id":57,"titulo":"Combate ao COVID-19","slug":"combate-ao-covid-19","descricao":"Teste","icone":"fas fa-comment-medical","url":"https:\/\/www.municipioonline.com.br\/se\/prefeitura\/nossasenhoradagloria\/covid-19","destino":"1","criado":"2021-05-07 18:09:32","alterado":"2022-06-27 16:54:21"},{"id":93,"titulo":"Concursos e Processos Seletivos","slug":"concursos-e-processos-seletivos","icone":"fas fa-laptop","url":"https:\/\/gloria.se.gov.br\/concurso\/","criado":"2022-05-24 11:51:52","alterado":"2026-05-30 20:33:07"},{"id":65,"titulo":"Contratos","slug":"contratos","descricao":"Texto","icone":"fas fa-signature","url":"https:\/\/www.municipioonline.com.br\/se\/prefeitura\/nossasenhoradagloria\/cidadao\/publicacaocontrato","destino":"1","criado":"2021-05-07 18:20:19","alterado":"2022-02-10 16:21:43"},{"id":83,"titulo":"Di\u00e1rias","slug":"diarias","descricao":"Teste","icone":"fas fa-clipboard-list","url":"https:\/\/gloria.se.gov.br\/texto\/60\/diarias","criado":"2021-05-11 17:10:49","alterado":"2025-05-28 13:32:32"},{"id":66,"titulo":"Di\u00e1rio Oficial","slug":"diario-oficial","descricao":"teste","icone":"far fa-calendar-check","url":"https:\/\/www.municipioonline.com.br\/se\/prefeitura\/nossasenhoradagloria\/cidadao\/diariooficial","destino":"1","criado":"2021-05-07 18:21:26","alterado":"2022-02-10 16:02:30"},{"id":91,"titulo":"Dispensa e Inexigibilidade","slug":"dispensa-e-inexigibilidade","icone":"far fa-file-alt","url":"https:\/\/www.municipioonline.com.br\/se\/prefeitura\/nossasenhoradagloria\/cidadao\/publicacaodispensainex","destino":"1","criado":"2022-02-10 16:24:35","alterado":"2022-02-10 16:24:35"},{"id":111,"titulo":"D\u00edvida Ativa","slug":"divida-ativa","icone":"fas fa-dollar-sign","url":"https:\/\/gloria.se.gov.br\/texto\/63\/divida-ativa","criado":"2024-08-08 17:42:17","alterado":"2024-08-08 17:42:28"},{"id":54,"titulo":"e-OUV","slug":"e-ouv","descricao":"Teste","icone":"fas fa-phone-volume","url":"https:\/\/www.municipioonline.com.br\/se\/prefeitura\/nossasenhoradagloria\/cidadao\/ouvidoria","destino":"1","criado":"2021-05-07 18:03:15","alterado":"2022-06-27 12:04:24"},{"id":109,"titulo":"Educa\u00e7\u00e3o e Assist\u00eancia Social","slug":"educacao-e-assistencia-social","icone":"fas fa-book-reader","url":"https:\/\/gloria.se.gov.br\/texto\/46\/educacao-e-assistencia-social","criado":"2024-05-20 15:23:52","alterado":"2026-05-27 08:58:45"},{"id":59,"titulo":"Estrutura Administrativa","slug":"estrutura-administrativa","descricao":"Teste","icone":"fas fa-sitemap","url":"https:\/\/portal.sitesagapesistemas.com.br\/agape2\/upload\/arquivos\/73\/arq_bb423bf5ebf0a6ccdceb637ec38348fd-20-08-2019.pdf","destino":"1","criado":"2021-05-07 18:12:05","alterado":"2022-06-27 16:56:37"},{"id":60,"titulo":"Legisla\u00e7\u00e3o","slug":"legislacao","descricao":"Teste","icone":"fas fa-balance-scale","url":"https:\/\/www.municipioonline.com.br\/se\/prefeitura\/nossasenhoradagloria\/cidadao\/legislacao\/AtosNormativos","destino":"1","criado":"2021-05-07 18:13:01","alterado":"2024-07-24 09:32:47"},{"id":102,"titulo":"Lei Geral de Prote\u00e7\u00e3o de Dados(LGPD)","slug":"lei-geral-de-protecao-de-dados-lgpd","icone":"fas fa-user-shield","url":"https:\/\/gloria.se.gov.br\/lgpd","criado":"2024-04-30 14:01:45","alterado":"2024-04-30 14:01:45"},{"id":82,"titulo":"Licita\u00e7\u00f5es","slug":"licitacoes","icone":"fas fa-gavel","url":"https:\/\/gloria.se.gov.br\/texto\/20\/licitacoes","criado":"2021-05-11 17:09:05","alterado":"2022-07-20 08:46:27"},{"id":97,"titulo":"Obras","slug":"obras","icone":"fas fa-hammer","url":"https:\/\/gloria.se.gov.br\/texto\/77\/obras","criado":"2024-04-23 09:57:47","alterado":"2025-05-27 17:16:12"},{"id":108,"titulo":"Pesquisa de Satisfa\u00e7\u00e3o","slug":"pesquisa-de-satisfacao","icone":"fas fa-search","url":"https:\/\/gloria.se.gov.br\/texto\/98\/pesquisa-de-satisfacao","criado":"2024-05-09 10:12:04","alterado":"2026-05-29 11:07:46"},{"id":110,"titulo":"Radar das Transpar\u00eancia","slug":"radar-das-transparencia","icone":"fas fa-satellite-dish","url":"https:\/\/radardatransparencia.atricon.org.br\/","destino":"1","criado":"2024-06-14 14:56:32","alterado":"2026-05-18 11:18:33"},{"id":71,"titulo":"Receita","slug":"receita","descricao":"Teste","icone":"fas fa-search-dollar","url":"https:\/\/www.municipioonline.com.br\/se\/prefeitura\/nossasenhoradagloria\/cidadao\/receita","destino":"1","criado":"2021-05-07 18:33:12","alterado":"2026-05-29 10:44:21"},{"id":61,"titulo":"RECURSOS HUMANOS","slug":"recursos-humanos","descricao":"teste","icone":"fas fa-user-check","url":"https:\/\/gloria.se.gov.br\/texto\/17\/rh","criado":"2021-05-07 18:14:26","alterado":"2024-04-30 11:52:55"},{"id":72,"titulo":"Regimento Interno","slug":"regimento-interno","descricao":"teste","icone":"fas fa-list-ul","url":"https:\/\/portal.sitesagapesistemas.com.br\/agape2\/upload\/arquivos\/73\/arq_bb423bf5ebf0a6ccdceb637ec38348fd-20-08-2019.pdf","destino":"1","criado":"2021-05-07 18:34:04","alterado":"2022-06-27 16:58:24"},{"id":117,"titulo":"Renuncia de Receita","slug":"renuncia-de-receita","icone":"fas fa-file-invoice-dollar","url":"https:\/\/gloria.se.gov.br\/texto\/96\/renuncia-de-receita-publicacoes","criado":"2026-05-29 10:42:22","alterado":"2026-05-29 10:44:57"},{"id":100,"titulo":"SA\u00daDE","slug":"saude","icone":"fas fa-clinic-medical","url":"https:\/\/gloria.se.gov.br\/texto\/32\/saude","criado":"2024-04-30 10:25:30","alterado":"2024-04-30 10:25:30"},{"id":94,"titulo":"SIM Servi\u00e7o de Inspe\u00e7\u00e3o Municipal","slug":"sim-servico-de-inspecao-municipal","icone":"fas fa-user-check","url":"https:\/\/gloria.se.gov.br\/sim","criado":"2022-07-06 16:33:28","alterado":"2022-10-21 10:38:26"},{"id":85,"titulo":"Sistema de Gest\u00e3o Interna","slug":"sistema-de-gestao-interna","icone":"far fa-window-restore","url":"https:\/\/prefeituradegloria.clientes.net.br\/","criado":"2021-06-01 09:09:47","alterado":"2022-06-28 09:45:33"},{"id":112,"titulo":"Transpar\u00eancia na Execu\u00e7\u00e3o dos Recursos da Outorga da Deso","slug":"transparencia-na-execucao-dos-recursos-da-outorga-da-deso","icone":"fas fa-water","url":"https:\/\/gloria.se.gov.br","criado":"2025-02-07 09:17:41","alterado":"2025-02-07 09:36:48"}],"transparencias":[{"id":103,"titulo":"ATOS NORMATIVOS","slug":"atos-normativos","icone":"fas fa-align-left","url":"https:\/\/gloria.se.gov.br\/texto\/78\/atos-normativos","criado":"2024-04-30 14:27:31","alterado":"2025-05-29 10:52:11"},{"id":115,"titulo":"Carta de Servi\u00e7os","slug":"carta-de-servicos","icone":"fas fa-envelope-open-text","url":"https:\/\/gloria.se.gov.br\/texto\/carta-de-servicos\/75","criado":"2025-05-26 15:49:47","alterado":"2025-05-26 15:49:47"},{"id":57,"titulo":"Combate ao COVID-19","slug":"combate-ao-covid-19","descricao":"Teste","icone":"fas fa-comment-medical","url":"https:\/\/www.municipioonline.com.br\/se\/prefeitura\/nossasenhoradagloria\/covid-19","destino":"1","criado":"2021-05-07 18:09:32","alterado":"2022-06-27 16:54:21"},{"id":93,"titulo":"Concursos e Processos Seletivos","slug":"concursos-e-processos-seletivos","icone":"fas fa-laptop","url":"https:\/\/gloria.se.gov.br\/concurso\/","criado":"2022-05-24 11:51:52","alterado":"2026-05-30 20:33:07"},{"id":65,"titulo":"Contratos","slug":"contratos","descricao":"Texto","icone":"fas fa-signature","url":"https:\/\/www.municipioonline.com.br\/se\/prefeitura\/nossasenhoradagloria\/cidadao\/publicacaocontrato","destino":"1","criado":"2021-05-07 18:20:19","alterado":"2022-02-10 16:21:43"},{"id":107,"titulo":"CONV\u00caNIOS E TRANSFER\u00caNCIAS","slug":"convenios-e-transferencias","icone":"far fa-handshake","url":"https:\/\/gloria.se.gov.br\/texto\/41\/convenios-e-transferencias","criado":"2024-04-30 16:01:29","alterado":"2024-04-30 16:01:57"},{"id":81,"titulo":"Despesa","slug":"despesa","descricao":"Teste","icone":"fas fa-coins","url":"https:\/\/www.municipioonline.com.br\/se\/prefeitura\/nossasenhoradagloria\/cidadao\/despesa","destino":"1","criado":"2021-05-11 17:06:17","alterado":"2025-05-19 10:47:42"},{"id":83,"titulo":"Di\u00e1rias","slug":"diarias","descricao":"Teste","icone":"fas fa-clipboard-list","url":"https:\/\/gloria.se.gov.br\/texto\/60\/diarias","criado":"2021-05-11 17:10:49","alterado":"2025-05-28 13:32:32"},{"id":66,"titulo":"Di\u00e1rio Oficial","slug":"diario-oficial","descricao":"teste","icone":"far fa-calendar-check","url":"https:\/\/www.municipioonline.com.br\/se\/prefeitura\/nossasenhoradagloria\/cidadao\/diariooficial","destino":"1","criado":"2021-05-07 18:21:26","alterado":"2022-02-10 16:02:30"},{"id":91,"titulo":"Dispensa e Inexigibilidade","slug":"dispensa-e-inexigibilidade","icone":"far fa-file-alt","url":"https:\/\/www.municipioonline.com.br\/se\/prefeitura\/nossasenhoradagloria\/cidadao\/publicacaodispensainex","destino":"1","criado":"2022-02-10 16:24:35","alterado":"2022-02-10 16:24:35"},{"id":111,"titulo":"D\u00edvida Ativa","slug":"divida-ativa","icone":"fas fa-dollar-sign","url":"https:\/\/gloria.se.gov.br\/texto\/63\/divida-ativa","criado":"2024-08-08 17:42:17","alterado":"2024-08-08 17:42:28"},{"id":54,"titulo":"e-OUV","slug":"e-ouv","descricao":"Teste","icone":"fas fa-phone-volume","url":"https:\/\/www.municipioonline.com.br\/se\/prefeitura\/nossasenhoradagloria\/cidadao\/ouvidoria","destino":"1","criado":"2021-05-07 18:03:15","alterado":"2022-06-27 12:04:24"},{"id":109,"titulo":"Educa\u00e7\u00e3o e Assist\u00eancia Social","slug":"educacao-e-assistencia-social","icone":"fas fa-book-reader","url":"https:\/\/gloria.se.gov.br\/texto\/46\/educacao-e-assistencia-social","criado":"2024-05-20 15:23:52","alterado":"2026-05-27 08:58:45"},{"id":95,"titulo":"Elei\u00e7\u00f5es Conselho Tutelar 2023","slug":"eleicoes-conselho-tutelar-2023","icone":"fas fa-vote-yea","url":"https:\/\/gloria.se.gov.br\/texto\/27\/eleicao-conselho-tutelar","criado":"2023-06-20 16:36:10","alterado":"2023-06-20 16:37:05"},{"id":105,"titulo":"EMENDAS PARLAMENTARES","slug":"emendas-parlamentares","icone":"far fa-file-alt","url":"https:\/\/gloria.se.gov.br\/texto\/emendas-parlamentares\/39","criado":"2024-04-30 15:01:01","alterado":"2024-04-30 15:01:01"},{"id":59,"titulo":"Estrutura Administrativa","slug":"estrutura-administrativa","descricao":"Teste","icone":"fas fa-sitemap","url":"https:\/\/portal.sitesagapesistemas.com.br\/agape2\/upload\/arquivos\/73\/arq_bb423bf5ebf0a6ccdceb637ec38348fd-20-08-2019.pdf","destino":"1","criado":"2021-05-07 18:12:05","alterado":"2022-06-27 16:56:37"},{"id":99,"titulo":"Estrutura Organizacional","slug":"estrutura-organizacional","icone":"fas fa-network-wired","url":"https:\/\/gloria.se.gov.br\/texto\/31\/estrutura-organizacional","criado":"2024-04-26 13:17:38","alterado":"2024-04-26 13:17:38"},{"id":101,"titulo":"LAI - Lei de Acesso \u00e0 Informa\u00e7\u00e3o","slug":"lai-lei-de-acesso-a-informacao","icone":"fas fa-info","url":"https:\/\/gloria.se.gov.br\/texto\/50\/lai-lei-de-acesso-a-informacao","criado":"2024-04-30 11:48:58","alterado":"2024-06-14 15:31:13"},{"id":60,"titulo":"Legisla\u00e7\u00e3o","slug":"legislacao","descricao":"Teste","icone":"fas fa-balance-scale","url":"https:\/\/www.municipioonline.com.br\/se\/prefeitura\/nossasenhoradagloria\/cidadao\/legislacao\/AtosNormativos","destino":"1","criado":"2021-05-07 18:13:01","alterado":"2024-07-24 09:32:47"},{"id":102,"titulo":"Lei Geral de Prote\u00e7\u00e3o de Dados(LGPD)","slug":"lei-geral-de-protecao-de-dados-lgpd","icone":"fas fa-user-shield","url":"https:\/\/gloria.se.gov.br\/lgpd","criado":"2024-04-30 14:01:45","alterado":"2024-04-30 14:01:45"},{"id":82,"titulo":"Licita\u00e7\u00f5es","slug":"licitacoes","icone":"fas fa-gavel","url":"https:\/\/gloria.se.gov.br\/texto\/20\/licitacoes","criado":"2021-05-11 17:09:05","alterado":"2022-07-20 08:46:27"},{"id":114,"titulo":"Mapa do site","slug":"mapa-do-site","icone":"fas fa-map-marked","url":"https:\/\/gloria.se.gov.br\/mapa","criado":"2025-05-21 14:45:51","alterado":"2025-05-21 14:45:51"},{"id":97,"titulo":"Obras","slug":"obras","icone":"fas fa-hammer","url":"https:\/\/gloria.se.gov.br\/texto\/77\/obras","criado":"2024-04-23 09:57:47","alterado":"2025-05-27 17:16:12"},{"id":104,"titulo":"PERGUNTAS FREQUENTES","slug":"perguntas-frequentes","icone":"fas fa-search","url":"https:\/\/gloria.se.gov.br\/pergunta\/","criado":"2024-04-30 14:32:26","alterado":"2024-04-30 14:32:26"},{"id":108,"titulo":"Pesquisa de Satisfa\u00e7\u00e3o","slug":"pesquisa-de-satisfacao","icone":"fas fa-search","url":"https:\/\/gloria.se.gov.br\/texto\/98\/pesquisa-de-satisfacao","criado":"2024-05-09 10:12:04","alterado":"2026-05-29 11:07:46"},{"id":106,"titulo":"PLANEJAMENTO E PRESTA\u00c7\u00d5ES DE CONTA","slug":"planejamento-e-prestacoes-de-conta","icone":"fas fa-file-invoice-dollar","url":"https:\/\/gloria.se.gov.br\/texto\/40\/planejamento-e-prestacoes-de-conta","criado":"2024-04-30 15:48:01","alterado":"2024-04-30 15:48:01"},{"id":110,"titulo":"Radar das Transpar\u00eancia","slug":"radar-das-transparencia","icone":"fas fa-satellite-dish","url":"https:\/\/radardatransparencia.atricon.org.br\/","destino":"1","criado":"2024-06-14 14:56:32","alterado":"2026-05-18 11:18:33"},{"id":71,"titulo":"Receita","slug":"receita","descricao":"Teste","icone":"fas fa-search-dollar","url":"https:\/\/www.municipioonline.com.br\/se\/prefeitura\/nossasenhoradagloria\/cidadao\/receita","destino":"1","criado":"2021-05-07 18:33:12","alterado":"2026-05-29 10:44:21"},{"id":61,"titulo":"RECURSOS HUMANOS","slug":"recursos-humanos","descricao":"teste","icone":"fas fa-user-check","url":"https:\/\/gloria.se.gov.br\/texto\/17\/rh","criado":"2021-05-07 18:14:26","alterado":"2024-04-30 11:52:55"},{"id":72,"titulo":"Regimento Interno","slug":"regimento-interno","descricao":"teste","icone":"fas fa-list-ul","url":"https:\/\/portal.sitesagapesistemas.com.br\/agape2\/upload\/arquivos\/73\/arq_bb423bf5ebf0a6ccdceb637ec38348fd-20-08-2019.pdf","destino":"1","criado":"2021-05-07 18:34:04","alterado":"2022-06-27 16:58:24"},{"id":117,"titulo":"Renuncia de Receita","slug":"renuncia-de-receita","icone":"fas fa-file-invoice-dollar","url":"https:\/\/gloria.se.gov.br\/texto\/96\/renuncia-de-receita-publicacoes","criado":"2026-05-29 10:42:22","alterado":"2026-05-29 10:44:57"},{"id":96,"titulo":"RESOLU\u00c7\u00c3O CMDCAD N\u00ba18 HOMOLOGA CANDIDATURAS FINAIS","slug":"resolucao-cmdcad-no18-homologa-candidaturas-finais","icone":"far fa-file-pdf","url":"https:\/\/gloria.se.gov.br\/download\/resolucao-cmdcad-no18-homologa-candidaturas-finais_d6646e700f123881545f61f.pdf","destino":"1","criado":"2023-08-01 17:55:52","alterado":"2023-08-01 17:55:52"},{"id":100,"titulo":"SA\u00daDE","slug":"saude","icone":"fas fa-clinic-medical","url":"https:\/\/gloria.se.gov.br\/texto\/32\/saude","criado":"2024-04-30 10:25:30","alterado":"2024-04-30 10:25:30"},{"id":94,"titulo":"SIM Servi\u00e7o de Inspe\u00e7\u00e3o Municipal","slug":"sim-servico-de-inspecao-municipal","icone":"fas fa-user-check","url":"https:\/\/gloria.se.gov.br\/sim","criado":"2022-07-06 16:33:28","alterado":"2022-10-21 10:38:26"},{"id":85,"titulo":"Sistema de Gest\u00e3o Interna","slug":"sistema-de-gestao-interna","icone":"far fa-window-restore","url":"https:\/\/prefeituradegloria.clientes.net.br\/","criado":"2021-06-01 09:09:47","alterado":"2022-06-28 09:45:33"},{"id":112,"titulo":"Transpar\u00eancia na Execu\u00e7\u00e3o dos Recursos da Outorga da Deso","slug":"transparencia-na-execucao-dos-recursos-da-outorga-da-deso","icone":"fas fa-water","url":"https:\/\/gloria.se.gov.br","criado":"2025-02-07 09:17:41","alterado":"2025-02-07 09:36:48"}]}